{"id":197,"date":"2016-02-16T00:55:34","date_gmt":"2016-02-16T00:55:34","guid":{"rendered":"http:\/\/50.22.11.12\/~grietaor\/?p=197"},"modified":"2016-02-28T01:01:25","modified_gmt":"2016-02-28T01:01:25","slug":"el-stauo-miente-sobre-corrupcion-en-el-sice-afirman-maestros-de-escuela-de-ciencias","status":"publish","type":"post","link":"http:\/\/www.grieta.org.mx\/index.php\/2016\/02\/16\/el-stauo-miente-sobre-corrupcion-en-el-sice-afirman-maestros-de-escuela-de-ciencias\/","title":{"rendered":"\u2018El STAUO miente sobre corrupci\u00f3n en el SICE\u2019, afirman maestros de Escuela de Ciencias"},"content":{"rendered":"<p>Andrea Mayoral, Oaxaca<\/p>\n<p>Docentes de la Escuela de Ciencias ofrecieron una conferencia de prensa para exigir la intervenci\u00f3n de autoridades judiciales para que detengan las acciones que da\u00f1an a la universidad encabezadas por el Sindicato de Trabajadores Acad\u00e9micos de la Universidad Aut\u00f3noma \u201cBenito Ju\u00e1rez\u201d de Oaxaca (STAUO).<\/p>\n<p>Los docentes quienes exigen la normalizaci\u00f3n de las actividades acad\u00e9micas y administrativas en Ciudad Universitaria, se\u00f1alaron que mantienen tomadas las instalaciones de la Escuela de Ciencias que se encuentra al interior de C.U. desde hace m\u00e1s de una semana, para exigir la destituci\u00f3n inmediata del director Ra\u00fal Contreras Medina.<\/p>\n<p>Declararon que la Escuela de Ciencias entr\u00f3 en paro desconociendo a Contreras Medina como director, por la solicitud de los mismos estudiantes quienes hartos de la situaci\u00f3n escolar les pidieron apoyo, lo que caus\u00f3 que a los maestros que mostraron su solidaridad con los j\u00f3venes recibieran de castigo la disminuci\u00f3n de su carga acad\u00e9mica e incluso la desaparici\u00f3n total de sus horas.<\/p>\n<p>Debido a que estos dos d\u00edas el STAUO mantiene tomada Ciudad Universitaria, por la supuesta corrupci\u00f3n en el Sistema de Control Escolar, los maestros de Ciencias temen sufrir actos porriles por parte de ese sindicato, ya que el Dr. Contreras Medina pertenece al grupo del Amilcar Sosa.<\/p>\n<p>\u2018Los del STAUO quieren desviar la atenci\u00f3n de la situaci\u00f3n que se vive en la Escuela de Ciencias al inventar que el SICE se puede manipular; la realidad es que Ra\u00fal Contreras quiere tener el control de los estudiantes mediante el llenado de hojitas. Si a nosotros los maestros nos pierden los papeles de carrera, que pasar\u00e1 si quitan el sistema \u2019.<\/p>\n<p>Para finalizar, los docentes pidieron al Consejo T\u00e9cnico de la Escuela de Ciencias que est\u00e1 conformado por maestros y alumnos, resolver pronto la destituci\u00f3n del director, quien ha roto el dialogo al levantarse de la mesa e irse con su equipo de trabajo.<\/p>\n<p><a href=\"http:\/\/www.estado20.com\/mientrastantoen\/oaxaca\/11229-2016-02-16-17-20-59.html\" target=\"_blank\">www.estado20.com\/mientrastantoen\/oaxaca\/11229-2016-02-16-17-20-59.html<\/a><\/p>\n","protected":false},"excerpt":{"rendered":"<p>Andrea Mayoral, Oaxaca Docentes de la Escuela de Ciencias ofrecieron una conferencia de prensa para exigir la intervenci\u00f3n de autoridades judiciales para que detengan las acciones que da\u00f1an a la &hellip; <a href=\"http:\/\/www.grieta.org.mx\/index.php\/2016\/02\/16\/el-stauo-miente-sobre-corrupcion-en-el-sice-afirman-maestros-de-escuela-de-ciencias\/\" class=\"more-link\">Leer m\u00e1s<\/a><\/p>\n","protected":false},"author":2,"featured_media":21928,"comment_status":"closed","ping_status":"open","sticky":false,"template":"","format":"standard","meta":{"ngg_post_thumbnail":0,"_jetpack_newsletter_access":"","_jetpack_dont_email_post_to_subs":false,"_jetpack_newsletter_tier_id":0,"_jetpack_memberships_contains_paywalled_content":false,"_jetpack_memberships_contains_paid_content":false,"footnotes":""},"categories":[80],"tags":[105,93],"class_list":["post-197","post","type-post","status-publish","format-standard","has-post-thumbnail","hentry","category-cintillo","tag-derechos-laborales","tag-oaxaca","entry"],"jetpack_featured_media_url":"http:\/\/www.grieta.org.mx\/wp-content\/uploads\/2018\/03\/14524434_1106112876131411_958039263622046936_o.jpg","jetpack_sharing_enabled":true,"jetpack_shortlink":"https:\/\/wp.me\/p7ZJR4-3b","jetpack_likes_enabled":false,"jetpack-related-posts":[{"id":199,"url":"http:\/\/www.grieta.org.mx\/index.php\/2016\/02\/15\/muestran-evidencias-de-corrupcion-en-el-manejo-de-calificaciones-en-la-uabjo\/","url_meta":{"origin":197,"position":0},"title":"Muestran evidencias de corrupci\u00f3n en el manejo de calificaciones en la UABJO","author":"grieta","date":"15 febrero, 2016","format":false,"excerpt":"Francisco Cruz, Oaxaca Esta ma\u00f1ana, integrantes del Sindicato de Trabajadores Acad\u00e9micos de la Universidad Aut\u00f3noma \u201cBenito Ju\u00e1rez\u201d de Oaxaca (STAUO) y catedr\u00e1ticos de la Escuela de Ciencias, tomaron las instalaciones de Ciudad Universitaria. Durante la protesta mostraron evidencias de presunta corrupci\u00f3n en la Direcci\u00f3n de Redes de la UABJO en\u2026","rel":"","context":"En &quot;CINTILLO&quot;","block_context":{"text":"CINTILLO","link":"http:\/\/www.grieta.org.mx\/index.php\/category\/cintillo\/"},"img":{"alt_text":"","src":"https:\/\/i0.wp.com\/www.grieta.org.mx\/wp-content\/uploads\/2018\/03\/14524434_1106112876131411_958039263622046936_o.jpg?resize=350%2C200","width":350,"height":200,"srcset":"https:\/\/i0.wp.com\/www.grieta.org.mx\/wp-content\/uploads\/2018\/03\/14524434_1106112876131411_958039263622046936_o.jpg?resize=350%2C200 1x, https:\/\/i0.wp.com\/www.grieta.org.mx\/wp-content\/uploads\/2018\/03\/14524434_1106112876131411_958039263622046936_o.jpg?resize=525%2C300 1.5x, https:\/\/i0.wp.com\/www.grieta.org.mx\/wp-content\/uploads\/2018\/03\/14524434_1106112876131411_958039263622046936_o.jpg?resize=700%2C400 2x"},"classes":[]},{"id":65467,"url":"http:\/\/www.grieta.org.mx\/index.php\/2022\/10\/09\/familiares-madres-de-desaparecidas-amigos-y-colectivo-marchan-en-oaxaca-para-exigir-regreso-de-nina-de-12-anos-desaparecida\/","url_meta":{"origin":197,"position":1},"title":"Familiares, madres de desaparecidas, amigos y colectivo marchan en Oaxaca para exigir regreso de ni\u00f1a de 12 a\u00f1os desaparecida","author":"grieta","date":"9 octubre, 2022","format":false,"excerpt":"imagen: NVINoticias Lesli Aguilar \/ NVINoticias Huajuapan de Le\u00f3n. Familiar y amigos de Alinne Andrea Rend\u00f3n Espinoza, marcharon por las principales calles de Huajuapan para exigir a la Fiscal\u00eda de de Oaxaca que ubique el paradero de la menor que fue reportada como desaparecida desde el 5 de octubre a\u2026","rel":"","context":"En &quot;CINTILLO&quot;","block_context":{"text":"CINTILLO","link":"http:\/\/www.grieta.org.mx\/index.php\/category\/cintillo\/"},"img":{"alt_text":"","src":"https:\/\/i0.wp.com\/www.grieta.org.mx\/wp-content\/uploads\/2022\/10\/marcha_en_huajuapan.webp?resize=350%2C200","width":350,"height":200,"srcset":"https:\/\/i0.wp.com\/www.grieta.org.mx\/wp-content\/uploads\/2022\/10\/marcha_en_huajuapan.webp?resize=350%2C200 1x, https:\/\/i0.wp.com\/www.grieta.org.mx\/wp-content\/uploads\/2022\/10\/marcha_en_huajuapan.webp?resize=525%2C300 1.5x, https:\/\/i0.wp.com\/www.grieta.org.mx\/wp-content\/uploads\/2022\/10\/marcha_en_huajuapan.webp?resize=700%2C400 2x, https:\/\/i0.wp.com\/www.grieta.org.mx\/wp-content\/uploads\/2022\/10\/marcha_en_huajuapan.webp?resize=1050%2C600 3x"},"classes":[]},{"id":43654,"url":"http:\/\/www.grieta.org.mx\/index.php\/2020\/01\/28\/ahora-en-el-ipn-se-van-a-paro-tres-escuelas-ciudad-de-mexico\/","url_meta":{"origin":197,"position":2},"title":"Ahora en el IPN se van a paro tres escuelas (Ciudad de M\u00e9xico)","author":"grieta","date":"28 enero, 2020","format":false,"excerpt":"Foto: Especial. Los estudiantes del Polit\u00e9cnico que exigen la creaci\u00f3n de m\u00e1s grupos en las carreras Alejandro Granados \/ 24 Horas La Unidad Profesional Interdisciplinaria de Ingenier\u00eda y Ciencias Sociales y Administrativas (UPIICSA); la Escuela Superior de C\u00f3mputo (ESCOM); la Escuela Nacional de Ciencias Biol\u00f3gicas (ENCB) realizan asambleas discutiendo si\u2026","rel":"","context":"En &quot;CINTILLO&quot;","block_context":{"text":"CINTILLO","link":"http:\/\/www.grieta.org.mx\/index.php\/category\/cintillo\/"},"img":{"alt_text":"","src":"https:\/\/i0.wp.com\/www.grieta.org.mx\/wp-content\/uploads\/2020\/01\/Ahora-en-el-IPN-se-van-a-paro-tres-escuelas-cdmx-ene.jpg?resize=350%2C200","width":350,"height":200,"srcset":"https:\/\/i0.wp.com\/www.grieta.org.mx\/wp-content\/uploads\/2020\/01\/Ahora-en-el-IPN-se-van-a-paro-tres-escuelas-cdmx-ene.jpg?resize=350%2C200 1x, https:\/\/i0.wp.com\/www.grieta.org.mx\/wp-content\/uploads\/2020\/01\/Ahora-en-el-IPN-se-van-a-paro-tres-escuelas-cdmx-ene.jpg?resize=525%2C300 1.5x, https:\/\/i0.wp.com\/www.grieta.org.mx\/wp-content\/uploads\/2020\/01\/Ahora-en-el-IPN-se-van-a-paro-tres-escuelas-cdmx-ene.jpg?resize=700%2C400 2x"},"classes":[]},{"id":606,"url":"http:\/\/www.grieta.org.mx\/index.php\/2015\/11\/13\/toman-docentes-ciencias-biologicas-uaz\/","url_meta":{"origin":197,"position":3},"title":"Toman docentes Ciencias Biol\u00f3gicas-UAZ","author":"grieta","date":"13 noviembre, 2015","format":false,"excerpt":"Viernes, 13 de noviembre de 2015 ABIGAIL SALINAS | NTRZACATECAS.COM Zacatecas.- Desde este jueves, la Unidad Acad\u00e9mica de Ciencias Biol\u00f3gicas de la Universidad Aut\u00f3noma de Zacatecas (UAZ) fue tomada por docentes, quienes est\u00e1n inconformes por el atraso en la entrega de cargas laborales por parte del director del plantel, Hugo\u2026","rel":"","context":"En &quot;CINTILLO&quot;","block_context":{"text":"CINTILLO","link":"http:\/\/www.grieta.org.mx\/index.php\/category\/cintillo\/"},"img":{"alt_text":"","src":"https:\/\/i0.wp.com\/www.grieta.org.mx\/wp-content\/uploads\/2018\/03\/14524434_1106112876131411_958039263622046936_o.jpg?resize=350%2C200","width":350,"height":200,"srcset":"https:\/\/i0.wp.com\/www.grieta.org.mx\/wp-content\/uploads\/2018\/03\/14524434_1106112876131411_958039263622046936_o.jpg?resize=350%2C200 1x, https:\/\/i0.wp.com\/www.grieta.org.mx\/wp-content\/uploads\/2018\/03\/14524434_1106112876131411_958039263622046936_o.jpg?resize=525%2C300 1.5x, https:\/\/i0.wp.com\/www.grieta.org.mx\/wp-content\/uploads\/2018\/03\/14524434_1106112876131411_958039263622046936_o.jpg?resize=700%2C400 2x"},"classes":[]},{"id":15021,"url":"http:\/\/www.grieta.org.mx\/index.php\/2016\/06\/22\/toman-escuela-en-chihuahua-en-protesta-por-reforma-educativa\/","url_meta":{"origin":197,"position":4},"title":"Toman escuela en Chihuahua en protesta por Reforma Educativa","author":"grieta","date":"22 junio, 2016","format":false,"excerpt":"El Diario Chihuahua Directivos, docentes, algunos alumnos y padres de familia cancelaron las clases y se plantaron frente a la Secundaria Federal 7, con el fin de mostrar su rechazo a la Reforma Educativa y su apoyo a los compa\u00f1eros docentes del estado de Oaxaca. A la entrada de la\u2026","rel":"","context":"En &quot;chihuahua&quot;","block_context":{"text":"chihuahua","link":"http:\/\/www.grieta.org.mx\/index.php\/category\/chihuahua\/"},"img":{"alt_text":"","src":"https:\/\/i0.wp.com\/www.grieta.org.mx\/wp-content\/uploads\/2018\/03\/14524434_1106112876131411_958039263622046936_o.jpg?resize=350%2C200","width":350,"height":200,"srcset":"https:\/\/i0.wp.com\/www.grieta.org.mx\/wp-content\/uploads\/2018\/03\/14524434_1106112876131411_958039263622046936_o.jpg?resize=350%2C200 1x, https:\/\/i0.wp.com\/www.grieta.org.mx\/wp-content\/uploads\/2018\/03\/14524434_1106112876131411_958039263622046936_o.jpg?resize=525%2C300 1.5x, https:\/\/i0.wp.com\/www.grieta.org.mx\/wp-content\/uploads\/2018\/03\/14524434_1106112876131411_958039263622046936_o.jpg?resize=700%2C400 2x"},"classes":[]},{"id":1933,"url":"http:\/\/www.grieta.org.mx\/index.php\/2015\/12\/09\/normalistas-foraneos-toman-el-creno\/","url_meta":{"origin":197,"position":5},"title":"Normalistas for\u00e1neos toman el CRENO","author":"grieta","date":"9 diciembre, 2015","format":false,"excerpt":"Noticias. Iv\u00e1n Flores Noriega, Oaxaca de Ju\u00e1rez.- Cientos de estudiantes de la Coordinadora Estudiantil Normalista del Estado de Oaxaca (CENEO) se reunieron afuera de las instalaciones del Centro Regional de Educaci\u00f3n Normal de Oaxaca (CRENO), donde suspendieron clases la ma\u00f1ana de este mi\u00e9rcoles. Desde las primeras horas del d\u00eda, los\u2026","rel":"","context":"En &quot;CINTILLO&quot;","block_context":{"text":"CINTILLO","link":"http:\/\/www.grieta.org.mx\/index.php\/category\/cintillo\/"},"img":{"alt_text":"","src":"https:\/\/i0.wp.com\/www.grieta.org.mx\/wp-content\/uploads\/2018\/03\/14524434_1106112876131411_958039263622046936_o.jpg?resize=350%2C200","width":350,"height":200,"srcset":"https:\/\/i0.wp.com\/www.grieta.org.mx\/wp-content\/uploads\/2018\/03\/14524434_1106112876131411_958039263622046936_o.jpg?resize=350%2C200 1x, https:\/\/i0.wp.com\/www.grieta.org.mx\/wp-content\/uploads\/2018\/03\/14524434_1106112876131411_958039263622046936_o.jpg?resize=525%2C300 1.5x, https:\/\/i0.wp.com\/www.grieta.org.mx\/wp-content\/uploads\/2018\/03\/14524434_1106112876131411_958039263622046936_o.jpg?resize=700%2C400 2x"},"classes":[]}],"_links":{"self":[{"href":"http:\/\/www.grieta.org.mx\/index.php\/wp-json\/wp\/v2\/posts\/197","targetHints":{"allow":["GET"]}}],"collection":[{"href":"http:\/\/www.grieta.org.mx\/index.php\/wp-json\/wp\/v2\/posts"}],"about":[{"href":"http:\/\/www.grieta.org.mx\/index.php\/wp-json\/wp\/v2\/types\/post"}],"author":[{"embeddable":true,"href":"http:\/\/www.grieta.org.mx\/index.php\/wp-json\/wp\/v2\/users\/2"}],"replies":[{"embeddable":true,"href":"http:\/\/www.grieta.org.mx\/index.php\/wp-json\/wp\/v2\/comments?post=197"}],"version-history":[{"count":1,"href":"http:\/\/www.grieta.org.mx\/index.php\/wp-json\/wp\/v2\/posts\/197\/revisions"}],"predecessor-version":[{"id":198,"href":"http:\/\/www.grieta.org.mx\/index.php\/wp-json\/wp\/v2\/posts\/197\/revisions\/198"}],"wp:featuredmedia":[{"embeddable":true,"href":"http:\/\/www.grieta.org.mx\/index.php\/wp-json\/wp\/v2\/media\/21928"}],"wp:attachment":[{"href":"http:\/\/www.grieta.org.mx\/index.php\/wp-json\/wp\/v2\/media?parent=197"}],"wp:term":[{"taxonomy":"category","embeddable":true,"href":"http:\/\/www.grieta.org.mx\/index.php\/wp-json\/wp\/v2\/categories?post=197"},{"taxonomy":"post_tag","embeddable":true,"href":"http:\/\/www.grieta.org.mx\/index.php\/wp-json\/wp\/v2\/tags?post=197"}],"curies":[{"name":"wp","href":"https:\/\/api.w.org\/{rel}","templated":true}]}}