{"id":19680,"date":"2016-08-14T16:30:23","date_gmt":"2016-08-14T21:30:23","guid":{"rendered":"http:\/\/www.grieta.org.mx\/?p=19680"},"modified":"2016-08-15T16:38:36","modified_gmt":"2016-08-15T21:38:36","slug":"terrenos-de-marisma-el-botin-sinaloa","status":"publish","type":"post","link":"http:\/\/www.grieta.org.mx\/index.php\/2016\/08\/14\/terrenos-de-marisma-el-botin-sinaloa\/","title":{"rendered":"Terrenos de marisma, el bot\u00edn  (Sinaloa)"},"content":{"rendered":"<p>Precaristas porte\u00f1os llamaron a la movilizaci\u00f3n social para detener la rapi\u00f1a oficial y empresarial de los recursos naturales de la bah\u00eda de Topolobampo, antes de que el gobernador Mario L\u00f3pez Valdez, y el alcalde de Ahome, Arturo Duarte Garc\u00eda, terminen endosando con patente de corso los terrenos de marisma a inversionistas extranjeros amafiados con empresarios regionales.<\/p>\n<p>Gorgonio Silva Gualizapa, dirigente de Comit\u00e9 \u00danico de Vivienda de Topolobampo dijo que en el norte del estado, el \u201ca\u00f1o de Hidalgo\u201dcierra fuerte. Y por ello, agreg\u00f3, la movilizaci\u00f3n social es la \u00fanica defensa, y \u00e9sta comenzar\u00e1 en Topolobampo por ser \u201clos olvidados del gobierno\u201d.<\/p>\n<p>Silva Gualizapa sostuvo que el bot\u00edn principal del gobierno de Mario L\u00f3pez Valdez son los terrenos adjuntos al puerto de Topolobampo.<\/p>\n<p>\u201cTodos los d\u00edas nos despertamos con una sorpresa\u201d, manifest\u00f3.<\/p>\n<p>Y en esta ocasi\u00f3n, fue un anuncio espectacular que ofertaba terrenos que en principio estaban destinados a lotes para precaristas y la construcci\u00f3n de viviendas con servicios progresivos, pero que de la noche a la ma\u00f1ana fue cambiada la vocaci\u00f3n del terreno a uso de industria pesada.<\/p>\n<p>El espectacular oferta 360 hect\u00e1reas de terrenos ubicados entre la planta de Petr\u00f3leos Mexicanos y el gasoducto, y entre la carretera Los Mochis-Topolobampo y las v\u00edas del ferrocarril.<\/p>\n<p>En el lugar no hay indicaci\u00f3n f\u00edsica del predio.<\/p>\n<p>El anuncio lo firma la empresa Sinaloaindustrial.com. De gancho lleva impreso el logo de Desarrollo Econ\u00f3mico de Sinaloa. No tiene ning\u00fan logotipo oficial. Tambi\u00e9n anuncia tel\u00e9fonos de contacto de Culiac\u00e1n.<\/p>\n<p>La publicidad web de Sinaloindustrial promueve parques industriales en otros puertos del estado, pero no en Topolobampo.<\/p>\n<p>El l\u00edder precarista dijo que tras notar el letrero y hacer las primeras indagaciones, \u00e9ste fue retirado.<\/p>\n<p>\u201cEso es lo extra\u00f1o, y las movidas que se avienta este gobierno, como para tantear la oposici\u00f3n de la gente. Si no hay respuesta, lanzan otro, e inesperadamente los terrenos aparecen con nuevos  due\u00f1os, y la poblaci\u00f3n a merced de esos intereses.<\/p>\n<p>Record\u00f3 que desde 1993 han estado luchando por un predio en donde edificar casas para precaristas, y su movimiento s\u00f3lo ha sido gancho para enga\u00f1os oficiales.<\/p>\n<p>\u201cEl ex diputado federal, Gerardo Vargas Landeros, y el ex senador, Mario L\u00f3pez Valdez, deben de recordar aquellos movimientos en donde ellos gestionaron esos predios, pero finalmente, una vez que llegaron al poder estatal, estos torcieron su rumbo, cambiaron su inter\u00e9s y de la noche a la ma\u00f1ana nos dieron patada en el trasero y entregaron lo gestionado a inversionistas extranjeros. A nosotros nos comen los jejenes y a ellos ni el sudor les pica. Nosotros estamos como siempre, viviendo en la inmundicia y ellos se hincharon las bolsas de billetes. Ambos son la muestra del peor pol\u00edtico, los buitres, la rapi\u00f1a, del advenedizo que lleg\u00f3 s\u00f3lo para salir de su propia ruina, de su quiebra\u201d.<\/p>\n<p>M\u00e1s cr\u00edticas<\/p>\n<p>Don Mart\u00edn Estrada Ussher, empresario afectado con la doble venta de un predio en el ejido Miguel Hidalgo, consider\u00f3 que el enga\u00f1o que se vive en Sinaloa con la venta de terrenos a extranjeros constituye un megafraude a empresarios que no tuvieron el tino en indagar la legalidad de los lotes en donde edificar\u00edan un predio a futuro, como en Plaza Sendero.<\/p>\n<p>En esa artima\u00f1a, el Gobierno del Estado fue crucial. M\u00e1s el gobernador, Mario L\u00f3pez Valdez, cuyo visto bueno a la tranza debi\u00f3 ser incondicional.<\/p>\n<p>Record\u00f3 que en 1993 adquiri\u00f3 el terreno de Inmobiliaria Ahomense S.A. DE C.V., pero no le fue escriturado porque no hab\u00eda apoderado legal. En 1984, Eduardo Mcgregor Beltr\u00e1n es designado como tal, siendo director de Az\u00facar S.A. DE C.V., empresa paraestatal. \u00c9l fue cesado en 1988 por motivos pol\u00edticos, pero a\u00f1os despu\u00e9s aparece otorgando poderes de compa\u00f1\u00edas de las que hab\u00eda salido de forma vergonzosa, triangul\u00e1ndolos con notar\u00edas p\u00fablicas del Estado de M\u00e9xico.<\/p>\n<p>\u201cLa finca que se trata de despojar la reescrituraron como propiedad de Compa\u00f1\u00eda Agr\u00edcola de Los Mochis, mediante una sustituci\u00f3n de poderes al licenciado Juan Jos\u00e9 Paullada Figueroa, operaci\u00f3n falsa porque se amparan en escritura p\u00fablica ap\u00f3crifa. Ahora, el terreno fue cedido mediante fideicomiso con banco extranjero sin que exista aprobaci\u00f3n p\u00fablica de la Secretar\u00eda de Relaciones Exteriores, acto insalvable si se pretende tener certeza jur\u00eddica de la operaci\u00f3n. Ante ello, el \u00fanico que podr\u00eda obviar esas irregularidades es el gobernador, Mario L\u00f3pez Valdez\u201d, dijo.<\/p>\n<p>Investigaci\u00f3n y castigo<\/p>\n<p>\u201cTodas las operaciones irregulares, carentes de fondo legal, opacas y con visos de ilegalidad en las que el Gobierno del Estado incurra deben ser denunciadas ante instancia superior, investigadas y sancionadas, porque no se puede fomentar el empleo con ilegalidades. La inversi\u00f3n extranjera no es la soluci\u00f3n\u201d, consider\u00f3 Roberto Rams\u00e9s Cruz, quien fungir\u00e1 como diputado local en la siguiente legislatura del Congreso de Sinaloa.<\/p>\n<p><a href=\"http:\/\/riodoce.mx\/noticias\/terrenos-de-marisma-el-botin\" target=\"_blank\">http:\/\/riodoce.mx\/noticias\/terrenos-de-marisma-el-botin<\/a><\/p>\n","protected":false},"excerpt":{"rendered":"<p>Precaristas porte\u00f1os llamaron a la movilizaci\u00f3n social para detener la rapi\u00f1a oficial y empresarial de los recursos naturales de la bah\u00eda de Topolobampo, antes de que el gobernador Mario L\u00f3pez &hellip; <a href=\"http:\/\/www.grieta.org.mx\/index.php\/2016\/08\/14\/terrenos-de-marisma-el-botin-sinaloa\/\" class=\"more-link\">Leer m\u00e1s<\/a><\/p>\n","protected":false},"author":2,"featured_media":21928,"comment_status":"closed","ping_status":"closed","sticky":false,"template":"","format":"standard","meta":{"ngg_post_thumbnail":0,"_jetpack_newsletter_access":"","_jetpack_dont_email_post_to_subs":false,"_jetpack_newsletter_tier_id":0,"_jetpack_memberships_contains_paywalled_content":false,"_jetpack_memberships_contains_paid_content":false,"footnotes":""},"categories":[80],"tags":[184],"class_list":["post-19680","post","type-post","status-publish","format-standard","has-post-thumbnail","hentry","category-cintillo","tag-despojo","entry"],"jetpack_featured_media_url":"http:\/\/www.grieta.org.mx\/wp-content\/uploads\/2018\/03\/14524434_1106112876131411_958039263622046936_o.jpg","jetpack_sharing_enabled":true,"jetpack_shortlink":"https:\/\/wp.me\/p7ZJR4-57q","jetpack_likes_enabled":false,"jetpack-related-posts":[{"id":25524,"url":"http:\/\/www.grieta.org.mx\/index.php\/2018\/08\/12\/policias-desalojan-a-grupo-que-protestaba-en-el-gasoducto-encino-topolobampo-en-chihuahua\/","url_meta":{"origin":19680,"position":0},"title":"Polic\u00edas desalojan a grupo que protestaba en el gasoducto Encino-Topolobampo en Chihuahua","author":"grieta","date":"12 agosto, 2018","format":false,"excerpt":"Patricia Mayorga\/Proceso CIUDAD DE MEXICO (proceso.com.mx).- Agentes estatales desalojaron con violencia a la comunidad ind\u00edgena de La Laguna, en el municipio de Bocoyna, que se manifestaba en contra de una empresa que opera el gasoducto Encino-Topolobampo. La Red en Defensa de Territorios Ind\u00edgenas de la Sierra Tarahumara conden\u00f3 el desalojo\u2026","rel":"","context":"En &quot;Chihuahua&quot;","block_context":{"text":"Chihuahua","link":"http:\/\/www.grieta.org.mx\/index.php\/category\/noticias-nacionales\/chihuahua\/"},"img":{"alt_text":"","src":"https:\/\/i0.wp.com\/www.grieta.org.mx\/wp-content\/uploads\/2018\/03\/14524434_1106112876131411_958039263622046936_o.jpg?resize=350%2C200","width":350,"height":200,"srcset":"https:\/\/i0.wp.com\/www.grieta.org.mx\/wp-content\/uploads\/2018\/03\/14524434_1106112876131411_958039263622046936_o.jpg?resize=350%2C200 1x, https:\/\/i0.wp.com\/www.grieta.org.mx\/wp-content\/uploads\/2018\/03\/14524434_1106112876131411_958039263622046936_o.jpg?resize=525%2C300 1.5x, https:\/\/i0.wp.com\/www.grieta.org.mx\/wp-content\/uploads\/2018\/03\/14524434_1106112876131411_958039263622046936_o.jpg?resize=700%2C400 2x"},"classes":[]},{"id":21616,"url":"http:\/\/www.grieta.org.mx\/index.php\/2016\/09\/05\/resistencia-y-despojo-por-gasoducto-el-encino-topolobampo\/","url_meta":{"origin":19680,"position":1},"title":"Resistencia y despojo por gasoducto El Encino-Topolobampo","author":"grieta","date":"5 septiembre, 2016","format":false,"excerpt":"05\/09\/16. Denuncian enga\u00f1o por gasoducto en tierras ind\u00edgenasEl Diario","rel":"","context":"En &quot;Chihuahua&quot;","block_context":{"text":"Chihuahua","link":"http:\/\/www.grieta.org.mx\/index.php\/category\/noticias-nacionales\/chihuahua\/"},"img":{"alt_text":"","src":"https:\/\/i0.wp.com\/www.grieta.org.mx\/wp-content\/uploads\/2018\/03\/14524434_1106112876131411_958039263622046936_o.jpg?resize=350%2C200","width":350,"height":200,"srcset":"https:\/\/i0.wp.com\/www.grieta.org.mx\/wp-content\/uploads\/2018\/03\/14524434_1106112876131411_958039263622046936_o.jpg?resize=350%2C200 1x, https:\/\/i0.wp.com\/www.grieta.org.mx\/wp-content\/uploads\/2018\/03\/14524434_1106112876131411_958039263622046936_o.jpg?resize=525%2C300 1.5x, https:\/\/i0.wp.com\/www.grieta.org.mx\/wp-content\/uploads\/2018\/03\/14524434_1106112876131411_958039263622046936_o.jpg?resize=700%2C400 2x"},"classes":[]},{"id":54723,"url":"http:\/\/www.grieta.org.mx\/index.php\/2020\/11\/03\/pescadores-de-altamar-se-manifiestan-ante-posible-cierre-del-muelle-en-topolobampo-sinaloa\/","url_meta":{"origin":19680,"position":2},"title":"Pescadores de altamar se manifiestan ante posible cierre del muelle en Topolobampo, Sinaloa","author":"grieta","date":"3 noviembre, 2020","format":false,"excerpt":"Adri\u00e1n L\u00f3pez\/Debate Foto: Debate Los Mochis, Sinaloa.- Los\u00a0pescadores de altamar\u00a0denunciaron\u00a0un posible\u00a0cierre del muelle\u00a0pesquero en\u00a0Topolobampo,\u00a0Ahome, por parte de la\u00a0API\u00a0y se\u00a0manifestaron\u00a0en contra de que esto suceda. Dirigentes de cooperativas pesqueras manifestaron que no est\u00e1n de acuerdo que el\u00a0muelle de Topolobampo\u00a0se cierre y que se les quiera cobrar por la estad\u00eda de los\u2026","rel":"","context":"En &quot;Conflictos por agua en Sinaloa&quot;","block_context":{"text":"Conflictos por agua en Sinaloa","link":"http:\/\/www.grieta.org.mx\/index.php\/category\/noticias-nacionales\/sinaloa\/conflictos-por-agua-en-sinaloa\/"},"img":{"alt_text":"","src":"https:\/\/i0.wp.com\/www.grieta.org.mx\/wp-content\/uploads\/2020\/11\/Foto-1.jpg?resize=350%2C200","width":350,"height":200,"srcset":"https:\/\/i0.wp.com\/www.grieta.org.mx\/wp-content\/uploads\/2020\/11\/Foto-1.jpg?resize=350%2C200 1x, https:\/\/i0.wp.com\/www.grieta.org.mx\/wp-content\/uploads\/2020\/11\/Foto-1.jpg?resize=525%2C300 1.5x, https:\/\/i0.wp.com\/www.grieta.org.mx\/wp-content\/uploads\/2020\/11\/Foto-1.jpg?resize=700%2C400 2x, https:\/\/i0.wp.com\/www.grieta.org.mx\/wp-content\/uploads\/2020\/11\/Foto-1.jpg?resize=1050%2C600 3x"},"classes":[]},{"id":54170,"url":"http:\/\/www.grieta.org.mx\/index.php\/2020\/10\/13\/se-manifiestan-indigenas-de-sinaloa-y-sonora-contra-planta-de-amoniaco-en-topolobampo\/","url_meta":{"origin":19680,"position":3},"title":"Se manifiestan ind\u00edgenas de Sinaloa y Sonora contra planta de amoniaco en Topolobampo","author":"grieta","date":"13 octubre, 2020","format":false,"excerpt":"Noroeste\/Carlos Boj\u00f3rquez Foto: Noroeste En el marco del D\u00eda de la Raza, ind\u00edgenas del norte de Sinaloa y sur de Sonora se manifestaron en contra de la planta de amoniaco que se pretende construir en Topolobampo. La manifestaci\u00f3n, a la que se sumaron integrantes del Colectivo 'Aqu\u00ed no', inici\u00f3 con\u2026","rel":"","context":"En &quot;CINTILLO&quot;","block_context":{"text":"CINTILLO","link":"http:\/\/www.grieta.org.mx\/index.php\/category\/cintillo\/"},"img":{"alt_text":"","src":"https:\/\/i0.wp.com\/www.grieta.org.mx\/wp-content\/uploads\/2020\/10\/980114b5_e60a_492a_bbc7_53bba4bbd793-319722-1.jpg?resize=350%2C200","width":350,"height":200,"srcset":"https:\/\/i0.wp.com\/www.grieta.org.mx\/wp-content\/uploads\/2020\/10\/980114b5_e60a_492a_bbc7_53bba4bbd793-319722-1.jpg?resize=350%2C200 1x, https:\/\/i0.wp.com\/www.grieta.org.mx\/wp-content\/uploads\/2020\/10\/980114b5_e60a_492a_bbc7_53bba4bbd793-319722-1.jpg?resize=525%2C300 1.5x, https:\/\/i0.wp.com\/www.grieta.org.mx\/wp-content\/uploads\/2020\/10\/980114b5_e60a_492a_bbc7_53bba4bbd793-319722-1.jpg?resize=700%2C400 2x, https:\/\/i0.wp.com\/www.grieta.org.mx\/wp-content\/uploads\/2020\/10\/980114b5_e60a_492a_bbc7_53bba4bbd793-319722-1.jpg?resize=1050%2C600 3x, https:\/\/i0.wp.com\/www.grieta.org.mx\/wp-content\/uploads\/2020\/10\/980114b5_e60a_492a_bbc7_53bba4bbd793-319722-1.jpg?resize=1400%2C800 4x"},"classes":[]},{"id":6971,"url":"http:\/\/www.grieta.org.mx\/index.php\/2016\/08\/14\/6971\/","url_meta":{"origin":19680,"position":4},"title":"Conflictos agrarios y despojo en Sinaloa","author":"grieta","date":"14 agosto, 2016","format":false,"excerpt":"14\/08\/16. Terrenos de marisma, el bot\u00edn (Sinaloa) Riodoce 29\/11\/15. Se recrudece crisis en El Pochotal Riodoce 24\/11\/15. Campesinos de El Pochotal son due\u00f1os de tierras que reclaman L\u00ednea Directa 23\/11\/15. Ejidatarios de El Pochotal se manifiestan en la subprocuradur\u00eda L\u00ednea Directa","rel":"","context":"En &quot;NOTICIAS NACIONALES&quot;","block_context":{"text":"NOTICIAS NACIONALES","link":"http:\/\/www.grieta.org.mx\/index.php\/category\/noticias-nacionales\/"},"img":{"alt_text":"","src":"https:\/\/i0.wp.com\/www.grieta.org.mx\/wp-content\/uploads\/2018\/03\/14524434_1106112876131411_958039263622046936_o.jpg?resize=350%2C200","width":350,"height":200,"srcset":"https:\/\/i0.wp.com\/www.grieta.org.mx\/wp-content\/uploads\/2018\/03\/14524434_1106112876131411_958039263622046936_o.jpg?resize=350%2C200 1x, https:\/\/i0.wp.com\/www.grieta.org.mx\/wp-content\/uploads\/2018\/03\/14524434_1106112876131411_958039263622046936_o.jpg?resize=525%2C300 1.5x, https:\/\/i0.wp.com\/www.grieta.org.mx\/wp-content\/uploads\/2018\/03\/14524434_1106112876131411_958039263622046936_o.jpg?resize=700%2C400 2x"},"classes":[]},{"id":33966,"url":"http:\/\/www.grieta.org.mx\/index.php\/2019\/03\/15\/se-manifiestan-trabajadores-de-pemex-en-base-topolobampo-sinaloa\/","url_meta":{"origin":19680,"position":5},"title":"Se manifiestan trabajadores de Pemex en base Topolobampo (Sinaloa)","author":"grieta","date":"15 marzo, 2019","format":false,"excerpt":"Trabajan bajo protesta por falta de los servicios m\u00e9dicos; solicitan una soluci\u00f3n inmediata Adrian L\u00f3pez \/ El debate Los Mochis, Sinaloa.- Los trabajadores de Pemex de la base Topolobampo se manifestaron\u00a0de manera pac\u00edfica por la falta de servicios m\u00e9dicos. Los inconformes expusieron que desde hace 15 d\u00edas les suspendieron el\u2026","rel":"","context":"En &quot;CINTILLO&quot;","block_context":{"text":"CINTILLO","link":"http:\/\/www.grieta.org.mx\/index.php\/category\/cintillo\/"},"img":{"alt_text":"","src":"https:\/\/i0.wp.com\/www.grieta.org.mx\/wp-content\/uploads\/2019\/05\/imagen_imagen_protesta_pacifica_de_trabajadores_de_pemex_topolobampo.jpg_219914347.jpg?resize=350%2C200","width":350,"height":200,"srcset":"https:\/\/i0.wp.com\/www.grieta.org.mx\/wp-content\/uploads\/2019\/05\/imagen_imagen_protesta_pacifica_de_trabajadores_de_pemex_topolobampo.jpg_219914347.jpg?resize=350%2C200 1x, https:\/\/i0.wp.com\/www.grieta.org.mx\/wp-content\/uploads\/2019\/05\/imagen_imagen_protesta_pacifica_de_trabajadores_de_pemex_topolobampo.jpg_219914347.jpg?resize=525%2C300 1.5x, https:\/\/i0.wp.com\/www.grieta.org.mx\/wp-content\/uploads\/2019\/05\/imagen_imagen_protesta_pacifica_de_trabajadores_de_pemex_topolobampo.jpg_219914347.jpg?resize=700%2C400 2x"},"classes":[]}],"_links":{"self":[{"href":"http:\/\/www.grieta.org.mx\/index.php\/wp-json\/wp\/v2\/posts\/19680","targetHints":{"allow":["GET"]}}],"collection":[{"href":"http:\/\/www.grieta.org.mx\/index.php\/wp-json\/wp\/v2\/posts"}],"about":[{"href":"http:\/\/www.grieta.org.mx\/index.php\/wp-json\/wp\/v2\/types\/post"}],"author":[{"embeddable":true,"href":"http:\/\/www.grieta.org.mx\/index.php\/wp-json\/wp\/v2\/users\/2"}],"replies":[{"embeddable":true,"href":"http:\/\/www.grieta.org.mx\/index.php\/wp-json\/wp\/v2\/comments?post=19680"}],"version-history":[{"count":1,"href":"http:\/\/www.grieta.org.mx\/index.php\/wp-json\/wp\/v2\/posts\/19680\/revisions"}],"predecessor-version":[{"id":19681,"href":"http:\/\/www.grieta.org.mx\/index.php\/wp-json\/wp\/v2\/posts\/19680\/revisions\/19681"}],"wp:featuredmedia":[{"embeddable":true,"href":"http:\/\/www.grieta.org.mx\/index.php\/wp-json\/wp\/v2\/media\/21928"}],"wp:attachment":[{"href":"http:\/\/www.grieta.org.mx\/index.php\/wp-json\/wp\/v2\/media?parent=19680"}],"wp:term":[{"taxonomy":"category","embeddable":true,"href":"http:\/\/www.grieta.org.mx\/index.php\/wp-json\/wp\/v2\/categories?post=19680"},{"taxonomy":"post_tag","embeddable":true,"href":"http:\/\/www.grieta.org.mx\/index.php\/wp-json\/wp\/v2\/tags?post=19680"}],"curies":[{"name":"wp","href":"https:\/\/api.w.org\/{rel}","templated":true}]}}