{"id":19675,"date":"2016-08-14T15:52:57","date_gmt":"2016-08-14T20:52:57","guid":{"rendered":"http:\/\/www.grieta.org.mx\/?p=19675"},"modified":"2016-08-15T16:15:40","modified_gmt":"2016-08-15T21:15:40","slug":"sindicato-de-jumapag-espera-resolucion-a-favor-sinaloa","status":"publish","type":"post","link":"http:\/\/www.grieta.org.mx\/index.php\/2016\/08\/14\/sindicato-de-jumapag-espera-resolucion-a-favor-sinaloa\/","title":{"rendered":"Sindicato de Jumapag espera resoluci\u00f3n a favor (Sinaloa)"},"content":{"rendered":"<p>Desde hace meses la administraci\u00f3n de la paramunicipal promovi\u00f3 una demanda colectiva econ\u00f3mica que ha mantenido frenada la intenci\u00f3n de lograr el emplazamiento a huelga del organismo<br \/>\nGuasave, Sin.- El Sindicato de la Jumapag est\u00e1 esperando que el juez de distrito d\u00e9 una resoluci\u00f3n a su favor del amparo que promovieron donde solicitaron la suspensi\u00f3n definitiva de la demanda que la Jumapag interpuso en contra de los trabajadores.<br \/>\nRoberto Acosta Quevedo, l\u00edder del Sindicato, dijo que una vez obtenido este fallo podr\u00e1n proceder legalmente como corresponde al emplazamiento a huelga que buscan concretar y que para ello est\u00e1n haciendo las promociones necesarias ante el juez de distrito.<\/p>\n<p>Contexto<br \/>\nAunque el Sindicato promovi\u00f3 una demanda y esperaba emplazar a huelga la administraci\u00f3n de la Jumapag interpuso una demanda colectiva econ\u00f3mica en contra de ellos y ha sido lo que no ha permitido que se avance.<br \/>\n\u201cDespu\u00e9s de no cumplir con las obligaciones que les corresponde todav\u00eda demandan para bajar o disminuir el contrato colectivo a las garant\u00edas m\u00ednimas y nosotros ante esa serie de ataques de parte de la Junta de no cumplir nosotros jur\u00eddicamente nos hemos estado defendiendo y hemos estado interponiendo amparos ante esa manera artera todav\u00eda de atacarnos\u201d, expres\u00f3.<br \/>\nAunque hay un emplazamiento no se ha podido avanzar por dicha demanda.<br \/>\n\u201cNo tenemos fecha a\u00fan del emplazamiento por la misma situaci\u00f3n que prevalece jur\u00eddicamente, pero estamos al pendiente.\u201d<\/p>\n<p>Sigue adeudo<br \/>\nA la fecha los trabajadores sindicalizados siguen sin cobrar tres quincenas que, sumadas a retenciones y aguinaldo suman un adeudo de alrededor de 17 millones de pesos. \u201cNo se ha logrado avanzar porque pr\u00e1cticamente lo que ha venido cayendo es lo que nos han venido abonando, seg\u00fan es lo que argumentan\u201d, expuso.<br \/>\nAun cuando han buscado apoyo en el Congreso del Estado en dos ocasiones no ha habido resultados.<br \/>\n\u201cAhorita los diputados locales ya se van, llegan los nuevos y habr\u00eda que ver qu\u00e9 es lo que va suceder porque tambi\u00e9n el presidente municipal pr\u00e1cticamente tiene que estar preparando su salida y las responsabilidades que tiene de aguinaldo, fondo de ahorro y lo que viene de cierre de a\u00f1o qui\u00e9n sabe c\u00f3mo vaya salir el presidente\u201d, expuso.<\/p>\n<p>Incertidumbre<br \/>\nAnte esta situaci\u00f3n de no pago y de crisis financiera de parte del gobierno dijo que hay mucha incertidumbre y desconfianza por parte de la estructura, pues aun cuando han \u201cpisado\u201d todos los escenarios, incluyendo el Congreso local, ha resultado insuficiente.<br \/>\nConsider\u00f3 como in\u00e9dito todo lo que est\u00e1 ocurriendo en el municipio y lo que ha llegado a hacer el Sindicato, pues nunca hab\u00edan visto la necesidad de mantener esta lucha para obtener tan siquiera el pago de quincenas.<\/p>\n<p><a href=\"http:\/\/www.debate.com.mx\/guasave\/Sindicato-de-Jumapag-espera-resolucion-a-favor-20160814-0151.html\" target=\"_blank\">http:\/\/www.debate.com.mx\/guasave\/Sindicato-de-Jumapag-espera-resolucion-a-favor-20160814-0151.html<\/a><\/p>\n","protected":false},"excerpt":{"rendered":"<p>Desde hace meses la administraci\u00f3n de la paramunicipal promovi\u00f3 una demanda colectiva econ\u00f3mica que ha mantenido frenada la intenci\u00f3n de lograr el emplazamiento a huelga del organismo Guasave, Sin.- El &hellip; <a href=\"http:\/\/www.grieta.org.mx\/index.php\/2016\/08\/14\/sindicato-de-jumapag-espera-resolucion-a-favor-sinaloa\/\" class=\"more-link\">Leer m\u00e1s<\/a><\/p>\n","protected":false},"author":2,"featured_media":21928,"comment_status":"closed","ping_status":"closed","sticky":false,"template":"","format":"standard","meta":{"ngg_post_thumbnail":0,"_jetpack_newsletter_access":"","_jetpack_dont_email_post_to_subs":false,"_jetpack_newsletter_tier_id":0,"_jetpack_memberships_contains_paywalled_content":false,"_jetpack_memberships_contains_paid_content":false,"footnotes":""},"categories":[80],"tags":[113,105],"class_list":["post-19675","post","type-post","status-publish","format-standard","has-post-thumbnail","hentry","category-cintillo","tag-conflictos-laborales","tag-derechos-laborales","entry"],"jetpack_featured_media_url":"http:\/\/www.grieta.org.mx\/wp-content\/uploads\/2018\/03\/14524434_1106112876131411_958039263622046936_o.jpg","jetpack_sharing_enabled":true,"jetpack_shortlink":"https:\/\/wp.me\/p7ZJR4-57l","jetpack_likes_enabled":false,"jetpack-related-posts":[{"id":1000,"url":"http:\/\/www.grieta.org.mx\/index.php\/2016\/09\/05\/conflictos-laborales-en-sinaloa\/","url_meta":{"origin":19675,"position":0},"title":"Conflictos laborales en Sinaloa","author":"grieta","date":"5 septiembre, 2016","format":false,"excerpt":"05\/09\/16. Jubilados exigen sus ahorros a Afore XXI (Sinaloa) El Debate 04\/09\/16. Maestros de la UPES paran labores (Sinaloa) El Debate 14\/08\/16. Sindicato de Jumapag espera resoluci\u00f3n a favor (Sinaloa) El Debate 10\/08\/16. Empleados sin salario, en Escuinapa. \u2018Cuando el hambre entra, s\u00ed da coraje\u2019 (Sinaloa) Noroeste 02\/06\/16. ASE auditar\u00e1\u2026","rel":"","context":"En &quot;NOTICIAS NACIONALES&quot;","block_context":{"text":"NOTICIAS NACIONALES","link":"http:\/\/www.grieta.org.mx\/index.php\/category\/noticias-nacionales\/"},"img":{"alt_text":"","src":"https:\/\/i0.wp.com\/www.grieta.org.mx\/wp-content\/uploads\/2018\/03\/14524434_1106112876131411_958039263622046936_o.jpg?resize=350%2C200","width":350,"height":200,"srcset":"https:\/\/i0.wp.com\/www.grieta.org.mx\/wp-content\/uploads\/2018\/03\/14524434_1106112876131411_958039263622046936_o.jpg?resize=350%2C200 1x, https:\/\/i0.wp.com\/www.grieta.org.mx\/wp-content\/uploads\/2018\/03\/14524434_1106112876131411_958039263622046936_o.jpg?resize=525%2C300 1.5x, https:\/\/i0.wp.com\/www.grieta.org.mx\/wp-content\/uploads\/2018\/03\/14524434_1106112876131411_958039263622046936_o.jpg?resize=700%2C400 2x"},"classes":[]},{"id":34722,"url":"http:\/\/www.grieta.org.mx\/index.php\/2019\/06\/04\/jubilados-de-jumapag-inician-huelga-de-hambre-sinaloa\/","url_meta":{"origin":19675,"position":1},"title":"Jubilados de Jumapag inician huelga de hambre (Sinaloa)","author":"grieta","date":"4 junio, 2019","format":false,"excerpt":"Roberto Acosta, l\u00edder sindical, asegur\u00f3 que no se mover\u00e1n hasta que se les paguen las nueve quincenas pendientes y otras prestaciones Fernanda Ruiz \/ El Debate Guasave, Sinaloa.- Ayer a las 08:30 horas, un total de 14 trabajadores jubilados de la Junta Municipal de Agua Potable y Alcantarillado de Guasave,\u2026","rel":"","context":"En &quot;CINTILLO&quot;","block_context":{"text":"CINTILLO","link":"http:\/\/www.grieta.org.mx\/index.php\/category\/cintillo\/"},"img":{"alt_text":"","src":"https:\/\/i0.wp.com\/www.grieta.org.mx\/wp-content\/uploads\/2019\/06\/jubilados-de-jumapag-inician-huelga-de-hambre_crop1559576573620.jpg_219914347.jpg?resize=350%2C200","width":350,"height":200,"srcset":"https:\/\/i0.wp.com\/www.grieta.org.mx\/wp-content\/uploads\/2019\/06\/jubilados-de-jumapag-inician-huelga-de-hambre_crop1559576573620.jpg_219914347.jpg?resize=350%2C200 1x, https:\/\/i0.wp.com\/www.grieta.org.mx\/wp-content\/uploads\/2019\/06\/jubilados-de-jumapag-inician-huelga-de-hambre_crop1559576573620.jpg_219914347.jpg?resize=525%2C300 1.5x, https:\/\/i0.wp.com\/www.grieta.org.mx\/wp-content\/uploads\/2019\/06\/jubilados-de-jumapag-inician-huelga-de-hambre_crop1559576573620.jpg_219914347.jpg?resize=700%2C400 2x"},"classes":[]},{"id":64087,"url":"http:\/\/www.grieta.org.mx\/index.php\/2022\/04\/20\/sinttia-nuevo-sindicato-de-general-motors-en-silao-emplazara-a-huelga\/","url_meta":{"origin":19675,"position":2},"title":"SINTTIA, nuevo sindicato de General Motors en Silao emplazar\u00e1 a Huelga","author":"grieta","date":"20 abril, 2022","format":false,"excerpt":"Con informaci\u00f3n de El Debate, 20 de abril de 2022 Le\u00f3n, Guanajuato.- La relaci\u00f3n entre General Motors en Silao, Guanajuato y el Sindicato Independiente Nacional de Trabajadores y Trabajadoras de la Industria Automotriz (SINTTIA) sigue dando de qu\u00e9 hablar, ambas organizaciones sostuvieron hoy una reuni\u00f3n frente a un juez para\u2026","rel":"","context":"En &quot;CINTILLO&quot;","block_context":{"text":"CINTILLO","link":"http:\/\/www.grieta.org.mx\/index.php\/category\/cintillo\/"},"img":{"alt_text":"","src":"https:\/\/i0.wp.com\/www.grieta.org.mx\/wp-content\/uploads\/2022\/04\/https-_www.debate.com_.mx___export_1650472510148_sites_debate_img_2022_04_20_gm.jpg_346753400.jpg?resize=350%2C200","width":350,"height":200},"classes":[]},{"id":11837,"url":"http:\/\/www.grieta.org.mx\/index.php\/2016\/04\/22\/de-nuevo-pide-sindicato-emplazamiento-a-huelga\/","url_meta":{"origin":19675,"position":3},"title":"De nuevo, pide sindicato emplazamiento a huelga","author":"grieta","date":"22 abril, 2016","format":false,"excerpt":"Cecilia Conde\/AM Quer\u00e9taro Celestino Berm\u00fadez puntualiz\u00f3 que ya se ingres\u00f3 nuevamente el documentop ara emplazar a huelga a Conciliaci\u00f3n y Arbitraje El Sindicato de Trabajadores del municipio de Quer\u00e9taro ingres\u00f3 nuevamente una solicitud para emplazar a huelga con la documentaci\u00f3n que acredita que esta fue aprobada por las dos terceras\u2026","rel":"","context":"En &quot;CINTILLO&quot;","block_context":{"text":"CINTILLO","link":"http:\/\/www.grieta.org.mx\/index.php\/category\/cintillo\/"},"img":{"alt_text":"","src":"https:\/\/i0.wp.com\/www.grieta.org.mx\/wp-content\/uploads\/2018\/03\/14524434_1106112876131411_958039263622046936_o.jpg?resize=350%2C200","width":350,"height":200,"srcset":"https:\/\/i0.wp.com\/www.grieta.org.mx\/wp-content\/uploads\/2018\/03\/14524434_1106112876131411_958039263622046936_o.jpg?resize=350%2C200 1x, https:\/\/i0.wp.com\/www.grieta.org.mx\/wp-content\/uploads\/2018\/03\/14524434_1106112876131411_958039263622046936_o.jpg?resize=525%2C300 1.5x, https:\/\/i0.wp.com\/www.grieta.org.mx\/wp-content\/uploads\/2018\/03\/14524434_1106112876131411_958039263622046936_o.jpg?resize=700%2C400 2x"},"classes":[]},{"id":12341,"url":"http:\/\/www.grieta.org.mx\/index.php\/2016\/05\/13\/emplazan-a-huelga-a-evya-viola-contrato-campeche\/","url_meta":{"origin":19675,"position":4},"title":"Emplazan a huelga a Evya; viola contrato  (Campeche)","author":"grieta","date":"13 mayo, 2016","format":false,"excerpt":"Carmen,Campeche Por no cumplir el contrato colectivo de trabajo y como medida de presi\u00f3n para que les sean respetadas las cl\u00e1usulas firmadas en 2011, integrantes del Sindicato de Trabajadores de Soldadura y Estructuras emplazaron a huelga a Evya. Los inconformes llegaron a las 10 de la ma\u00f1ana a la calle\u2026","rel":"","context":"En &quot;Campeche&quot;","block_context":{"text":"Campeche","link":"http:\/\/www.grieta.org.mx\/index.php\/category\/noticias-nacionales\/campeche\/"},"img":{"alt_text":"","src":"https:\/\/i0.wp.com\/www.grieta.org.mx\/wp-content\/uploads\/2018\/03\/14524434_1106112876131411_958039263622046936_o.jpg?resize=350%2C200","width":350,"height":200,"srcset":"https:\/\/i0.wp.com\/www.grieta.org.mx\/wp-content\/uploads\/2018\/03\/14524434_1106112876131411_958039263622046936_o.jpg?resize=350%2C200 1x, https:\/\/i0.wp.com\/www.grieta.org.mx\/wp-content\/uploads\/2018\/03\/14524434_1106112876131411_958039263622046936_o.jpg?resize=525%2C300 1.5x, https:\/\/i0.wp.com\/www.grieta.org.mx\/wp-content\/uploads\/2018\/03\/14524434_1106112876131411_958039263622046936_o.jpg?resize=700%2C400 2x"},"classes":[]},{"id":609,"url":"http:\/\/www.grieta.org.mx\/index.php\/2015\/11\/12\/entrega-spauaz-emplazamiento-a-huelga-a-jlca\/","url_meta":{"origin":19675,"position":5},"title":"Entrega SPAUAZ emplazamiento a huelga a JLCA","author":"grieta","date":"12 noviembre, 2015","format":false,"excerpt":"ABIGAIL SALINAS | NTRZACATECAS.COM Jueves, 12 de noviembre de 2015 Zacatecas.- Este jueves, el Sindicato de Personal Acad\u00e9mico de la Universidad Aut\u00f3noma de Zacatecas (SPAUAZ) entreg\u00f3 a la Junta Local de Conciliaci\u00f3n y Arbitraje (JLCA) un emplazamiento a huelga, programado para el 18 de febrero de 2016. El secretario general\u2026","rel":"","context":"En &quot;CINTILLO&quot;","block_context":{"text":"CINTILLO","link":"http:\/\/www.grieta.org.mx\/index.php\/category\/cintillo\/"},"img":{"alt_text":"","src":"https:\/\/i0.wp.com\/www.grieta.org.mx\/wp-content\/uploads\/2018\/03\/14524434_1106112876131411_958039263622046936_o.jpg?resize=350%2C200","width":350,"height":200,"srcset":"https:\/\/i0.wp.com\/www.grieta.org.mx\/wp-content\/uploads\/2018\/03\/14524434_1106112876131411_958039263622046936_o.jpg?resize=350%2C200 1x, https:\/\/i0.wp.com\/www.grieta.org.mx\/wp-content\/uploads\/2018\/03\/14524434_1106112876131411_958039263622046936_o.jpg?resize=525%2C300 1.5x, https:\/\/i0.wp.com\/www.grieta.org.mx\/wp-content\/uploads\/2018\/03\/14524434_1106112876131411_958039263622046936_o.jpg?resize=700%2C400 2x"},"classes":[]}],"_links":{"self":[{"href":"http:\/\/www.grieta.org.mx\/index.php\/wp-json\/wp\/v2\/posts\/19675","targetHints":{"allow":["GET"]}}],"collection":[{"href":"http:\/\/www.grieta.org.mx\/index.php\/wp-json\/wp\/v2\/posts"}],"about":[{"href":"http:\/\/www.grieta.org.mx\/index.php\/wp-json\/wp\/v2\/types\/post"}],"author":[{"embeddable":true,"href":"http:\/\/www.grieta.org.mx\/index.php\/wp-json\/wp\/v2\/users\/2"}],"replies":[{"embeddable":true,"href":"http:\/\/www.grieta.org.mx\/index.php\/wp-json\/wp\/v2\/comments?post=19675"}],"version-history":[{"count":1,"href":"http:\/\/www.grieta.org.mx\/index.php\/wp-json\/wp\/v2\/posts\/19675\/revisions"}],"predecessor-version":[{"id":19677,"href":"http:\/\/www.grieta.org.mx\/index.php\/wp-json\/wp\/v2\/posts\/19675\/revisions\/19677"}],"wp:featuredmedia":[{"embeddable":true,"href":"http:\/\/www.grieta.org.mx\/index.php\/wp-json\/wp\/v2\/media\/21928"}],"wp:attachment":[{"href":"http:\/\/www.grieta.org.mx\/index.php\/wp-json\/wp\/v2\/media?parent=19675"}],"wp:term":[{"taxonomy":"category","embeddable":true,"href":"http:\/\/www.grieta.org.mx\/index.php\/wp-json\/wp\/v2\/categories?post=19675"},{"taxonomy":"post_tag","embeddable":true,"href":"http:\/\/www.grieta.org.mx\/index.php\/wp-json\/wp\/v2\/tags?post=19675"}],"curies":[{"name":"wp","href":"https:\/\/api.w.org\/{rel}","templated":true}]}}