{"id":19405,"date":"2016-08-12T10:26:36","date_gmt":"2016-08-12T15:26:36","guid":{"rendered":"http:\/\/www.grieta.org.mx\/?p=19405"},"modified":"2018-04-11T12:17:36","modified_gmt":"2018-04-11T17:17:36","slug":"plantean-demandas-empleados-del-inah-campeche","status":"publish","type":"post","link":"http:\/\/www.grieta.org.mx\/index.php\/2016\/08\/12\/plantean-demandas-empleados-del-inah-campeche\/","title":{"rendered":"Plantean demandas empleados del INAH (Campeche)"},"content":{"rendered":"<p><img loading=\"lazy\" decoding=\"async\" data-attachment-id=\"19407\" data-permalink=\"http:\/\/www.grieta.org.mx\/index.php\/2016\/08\/12\/plantean-demandas-empleados-del-inah-campeche\/inah-4editada\/\" data-orig-file=\"http:\/\/www.grieta.org.mx\/wp-content\/uploads\/2016\/08\/INAH-4EDITADA.jpg\" data-orig-size=\"1200,800\" data-comments-opened=\"0\" data-image-meta=\"{&quot;aperture&quot;:&quot;3.5&quot;,&quot;credit&quot;:&quot;&quot;,&quot;camera&quot;:&quot;NIKON D7100&quot;,&quot;caption&quot;:&quot;&quot;,&quot;created_timestamp&quot;:&quot;1470917615&quot;,&quot;copyright&quot;:&quot;&quot;,&quot;focal_length&quot;:&quot;18&quot;,&quot;iso&quot;:&quot;200&quot;,&quot;shutter_speed&quot;:&quot;0.01&quot;,&quot;title&quot;:&quot;&quot;,&quot;orientation&quot;:&quot;1&quot;}\" data-image-title=\"INAH-4EDITADA\" data-image-description=\"\" data-image-caption=\"\" data-medium-file=\"http:\/\/www.grieta.org.mx\/wp-content\/uploads\/2016\/08\/INAH-4EDITADA-300x200.jpg\" data-large-file=\"http:\/\/www.grieta.org.mx\/wp-content\/uploads\/2016\/08\/INAH-4EDITADA-1024x683.jpg\" src=\"http:\/\/www.grieta.org.mx\/wp-content\/uploads\/2016\/08\/INAH-4EDITADA-300x200.jpg\" alt=\"INAH-4EDITADA\" width=\"600\" height=\"400\" class=\"aligncenter size-medium wp-image-19407\" srcset=\"http:\/\/www.grieta.org.mx\/wp-content\/uploads\/2016\/08\/INAH-4EDITADA-300x200.jpg 300w, http:\/\/www.grieta.org.mx\/wp-content\/uploads\/2016\/08\/INAH-4EDITADA-768x512.jpg 768w, http:\/\/www.grieta.org.mx\/wp-content\/uploads\/2016\/08\/INAH-4EDITADA-1024x683.jpg 1024w, http:\/\/www.grieta.org.mx\/wp-content\/uploads\/2016\/08\/INAH-4EDITADA.jpg 1200w\" sizes=\"auto, (max-width: 600px) 100vw, 600px\" \/><\/p>\n<p>Como muestra de apoyo que a nivel nacional exige se respeten los derechos de los agremiados al Sindicato Nacional Democr\u00e1tico de Trabajadores de la Secretar\u00eda de Cultura (SNDTSC), algunos empleados se manifestaron pac\u00edficamente en las puertas del Instituto Nacional de Antropolog\u00eda e Historia (INAH), donde pidieron la regularizaci\u00f3n de promociones por grado acad\u00e9mico.<\/p>\n<p>El secretario general de la SNDTSC, Fernando Alexander Eu\u00e1n Coll\u00ed, inform\u00f3 que los trabajadores que se encontraban en la Secretar\u00eda de Educaci\u00f3n P\u00fablica (SEP), ten\u00edan prestaciones no reconocidas, por lo que al trasladarlos a la Secretar\u00eda de Cultura las perdieron.<\/p>\n<p>Se\u00f1al\u00f3 que aunque se involucran varias dependencias de cultura, pues en la entidad son 80 trabajadores de base, no quisieron que todos dejaran de realizar sus labores.<\/p>\n<p>Una de las peticiones es sobre las promociones por grado acad\u00e9mico, es decir, que los que tienen cierto nivel escolar sean colocados en un cargo mejor con m\u00e1s paga, pero no se est\u00e1 cumpliendo.<\/p>\n<p>Eu\u00e1n Coll\u00ed dijo que los carteles permanecer\u00e1n hasta hoy viernes.<\/p>\n<p><a href=\"http:\/\/tribunacampeche.com\/local\/2016\/08\/12\/plantean-demandas-empleados-del-inah\/\" target=\"_blank\">http:\/\/tribunacampeche.com\/local\/2016\/08\/12\/plantean-demandas-empleados-del-inah\/<\/a><\/p>\n","protected":false},"excerpt":{"rendered":"<p>Como muestra de apoyo que a nivel nacional exige se respeten los derechos de los agremiados al Sindicato Nacional Democr\u00e1tico de Trabajadores de la Secretar\u00eda de Cultura (SNDTSC), algunos empleados &hellip; <a href=\"http:\/\/www.grieta.org.mx\/index.php\/2016\/08\/12\/plantean-demandas-empleados-del-inah-campeche\/\" class=\"more-link\">Leer m\u00e1s<\/a><\/p>\n","protected":false},"author":2,"featured_media":21928,"comment_status":"closed","ping_status":"closed","sticky":false,"template":"","format":"standard","meta":{"ngg_post_thumbnail":0,"_jetpack_newsletter_access":"","_jetpack_dont_email_post_to_subs":false,"_jetpack_newsletter_tier_id":0,"_jetpack_memberships_contains_paywalled_content":false,"_jetpack_memberships_contains_paid_content":false,"footnotes":""},"categories":[123,11,80,1040],"tags":[105],"class_list":{"0":"post-19405","1":"post","2":"type-post","3":"status-publish","4":"format-standard","5":"has-post-thumbnail","6":"hentry","7":"category-campeche","9":"category-cintillo","10":"category-conflictos-laborales-en-campeche","11":"tag-derechos-laborales","12":"entry"},"jetpack_featured_media_url":"http:\/\/www.grieta.org.mx\/wp-content\/uploads\/2018\/03\/14524434_1106112876131411_958039263622046936_o.jpg","jetpack_sharing_enabled":true,"jetpack_shortlink":"https:\/\/wp.me\/p7ZJR4-52Z","jetpack_likes_enabled":false,"jetpack-related-posts":[{"id":22167,"url":"http:\/\/www.grieta.org.mx\/index.php\/2018\/03\/14\/amenazan-con-paro-laboral-durante-asueto-campeche\/","url_meta":{"origin":19405,"position":0},"title":"Amenazan con paro laboral durante asueto (Campeche)","author":"grieta","date":"14 marzo, 2018","format":false,"excerpt":"Para unirse a los paros escalonados en la zona sur del pa\u00eds, la delegaci\u00f3n del Instituto Nacional de Antropolog\u00eda e Historia (INAH) se manifest\u00f3 afuera del Palacio Municipal. Trabajadores amenazan que en caso que la Direcci\u00f3n General no respete sus derechos, dejar\u00e1n de laborar en el periodo vacacional. Desde muy\u2026","rel":"","context":"En &quot;Campeche&quot;","block_context":{"text":"Campeche","link":"http:\/\/www.grieta.org.mx\/index.php\/category\/noticias-nacionales\/campeche\/"},"img":{"alt_text":"","src":"https:\/\/i0.wp.com\/www.grieta.org.mx\/wp-content\/uploads\/2018\/03\/InahProtesta.png?resize=350%2C200","width":350,"height":200,"srcset":"https:\/\/i0.wp.com\/www.grieta.org.mx\/wp-content\/uploads\/2018\/03\/InahProtesta.png?resize=350%2C200 1x, https:\/\/i0.wp.com\/www.grieta.org.mx\/wp-content\/uploads\/2018\/03\/InahProtesta.png?resize=525%2C300 1.5x, https:\/\/i0.wp.com\/www.grieta.org.mx\/wp-content\/uploads\/2018\/03\/InahProtesta.png?resize=700%2C400 2x"},"classes":[]},{"id":33450,"url":"http:\/\/www.grieta.org.mx\/index.php\/2019\/05\/14\/planton-de-trabajadores-del-inah-campeche\/","url_meta":{"origin":19405,"position":1},"title":"Plant\u00f3n de trabajadores del INAH Campeche","author":"grieta","date":"14 mayo, 2019","format":false,"excerpt":"https:\/\/youtu.be\/Ros0GzLEyYg Francelly Amayrani Pat Le\u00f3n\/Canal 10 Campeche.- Con pancartas y consignas verbales los trabajadores sindicalizados del Instituto Nacional de Antropolog\u00eda e Historia de Campeche realizaron un plant\u00f3n como parte de las acciones del plan de acci\u00f3n de su dirigencia sindical nacional para exigir el cumplimiento de su pliego de peticiones.\u2026","rel":"","context":"En &quot;Campeche&quot;","block_context":{"text":"Campeche","link":"http:\/\/www.grieta.org.mx\/index.php\/category\/noticias-nacionales\/campeche\/"},"img":{"alt_text":"","src":"https:\/\/i0.wp.com\/www.grieta.org.mx\/wp-content\/uploads\/2019\/05\/PlantonInah.png?resize=350%2C200","width":350,"height":200},"classes":[]},{"id":34825,"url":"http:\/\/www.grieta.org.mx\/index.php\/2019\/06\/13\/sindicatos-de-cultura-amenazan-con-sumar-mas-instituciones-a-paro-ciudad-de-mexico\/","url_meta":{"origin":19405,"position":2},"title":"Sindicatos de Cultura amenazan con sumar m\u00e1s instituciones a paro (Ciudad de M\u00e9xico)","author":"grieta","date":"13 junio, 2019","format":false,"excerpt":"Yanet Aguilar Sosa y Alida Pi\u00f1\u00f3n\/El Universal Por vez primera, los trabajadores del sector central, del INAH y el INBA, congregados en el SNDTSC, trabajan con bases comunes y han logrado paralizar parte de la Secretar\u00eda de Cultura Por tres d\u00edas, integrantes del Sindicato Nacional Democr\u00e1tico de Trabajadores de la\u2026","rel":"","context":"En &quot;CINTILLO&quot;","block_context":{"text":"CINTILLO","link":"http:\/\/www.grieta.org.mx\/index.php\/category\/cintillo\/"},"img":{"alt_text":"","src":"https:\/\/i0.wp.com\/www.grieta.org.mx\/wp-content\/uploads\/2018\/03\/14524434_1106112876131411_958039263622046936_o.jpg?resize=350%2C200","width":350,"height":200,"srcset":"https:\/\/i0.wp.com\/www.grieta.org.mx\/wp-content\/uploads\/2018\/03\/14524434_1106112876131411_958039263622046936_o.jpg?resize=350%2C200 1x, https:\/\/i0.wp.com\/www.grieta.org.mx\/wp-content\/uploads\/2018\/03\/14524434_1106112876131411_958039263622046936_o.jpg?resize=525%2C300 1.5x, https:\/\/i0.wp.com\/www.grieta.org.mx\/wp-content\/uploads\/2018\/03\/14524434_1106112876131411_958039263622046936_o.jpg?resize=700%2C400 2x"},"classes":[]},{"id":65118,"url":"http:\/\/www.grieta.org.mx\/index.php\/2022\/09\/09\/sindicalizados-del-inah-campeche-se-suman-a-paro-nacional-cerrarian-zonas-arqueologicas\/","url_meta":{"origin":19405,"position":3},"title":"Sindicalizados del INAH Campeche se suman a paro nacional; cerrar\u00edan zonas arqueol\u00f3gicas","author":"grieta","date":"9 septiembre, 2022","format":false,"excerpt":"Por Esto! Los 82 sindicalizados del Instituto Nacional de Antropolog\u00eda e Historia (INAH) en Campeche pararon labores en apoyo a la manifestaci\u00f3n nacional, por lo que no habr\u00e1 atenci\u00f3n al p\u00fablico hasta el lunes; por su parte el Secretario General, Pedro Samuel Dzul Moo, advirti\u00f3 que de no haber acuerdos\u2026","rel":"","context":"En &quot;Campeche&quot;","block_context":{"text":"Campeche","link":"http:\/\/www.grieta.org.mx\/index.php\/category\/noticias-nacionales\/campeche\/"},"img":{"alt_text":"","src":"https:\/\/i0.wp.com\/www.grieta.org.mx\/wp-content\/uploads\/2022\/09\/TrabajadoresINAH-e1662744398783.jpeg?resize=350%2C200","width":350,"height":200,"srcset":"https:\/\/i0.wp.com\/www.grieta.org.mx\/wp-content\/uploads\/2022\/09\/TrabajadoresINAH-e1662744398783.jpeg?resize=350%2C200 1x, https:\/\/i0.wp.com\/www.grieta.org.mx\/wp-content\/uploads\/2022\/09\/TrabajadoresINAH-e1662744398783.jpeg?resize=525%2C300 1.5x, https:\/\/i0.wp.com\/www.grieta.org.mx\/wp-content\/uploads\/2022\/09\/TrabajadoresINAH-e1662744398783.jpeg?resize=700%2C400 2x"},"classes":[]},{"id":19802,"url":"http:\/\/www.grieta.org.mx\/index.php\/2016\/08\/12\/se-manifiestan-trabajadores-del-inah-colima\/","url_meta":{"origin":19405,"position":4},"title":"Se manifiestan trabajadores del INAH Colima","author":"grieta","date":"12 agosto, 2016","format":false,"excerpt":"Redacci\u00f3n Perriodismo Trabajadores del Instituto Nacional de Antropolog\u00eda e Historia (INAH) en Colima protestaron ayer a las afueras de las oficinas de dicha dependencia para exigir que se respeten sus derechos laborales. Francisco Centeno Ram\u00edrez, secretario general del sindicato del INAH, explic\u00f3 que la transici\u00f3n del Consejo Nacional para la\u2026","rel":"","context":"En &quot;CINTILLO&quot;","block_context":{"text":"CINTILLO","link":"http:\/\/www.grieta.org.mx\/index.php\/category\/cintillo\/"},"img":{"alt_text":"","src":"https:\/\/i0.wp.com\/www.grieta.org.mx\/wp-content\/uploads\/2018\/03\/14524434_1106112876131411_958039263622046936_o.jpg?resize=350%2C200","width":350,"height":200,"srcset":"https:\/\/i0.wp.com\/www.grieta.org.mx\/wp-content\/uploads\/2018\/03\/14524434_1106112876131411_958039263622046936_o.jpg?resize=350%2C200 1x, https:\/\/i0.wp.com\/www.grieta.org.mx\/wp-content\/uploads\/2018\/03\/14524434_1106112876131411_958039263622046936_o.jpg?resize=525%2C300 1.5x, https:\/\/i0.wp.com\/www.grieta.org.mx\/wp-content\/uploads\/2018\/03\/14524434_1106112876131411_958039263622046936_o.jpg?resize=700%2C400 2x"},"classes":[]},{"id":55714,"url":"http:\/\/www.grieta.org.mx\/index.php\/2020\/12\/04\/cierran-museos-y-zonas-arqueologicas-de-yucatan-por-paro-de-labores-de-trabajadores-del-inah-exigen-pago-de-prestaciones\/","url_meta":{"origin":19405,"position":5},"title":"Cierran museos y zonas arqueol\u00f3gicas de Yucat\u00e1n por paro de labores de trabajadores del INAH; exigen pago de prestaciones","author":"grieta","date":"4 diciembre, 2020","format":false,"excerpt":"Itzel Chan \/ Noticaribe M\u00c9RIDA, MX.- Desde hace dos d\u00edas, circul\u00f3 la informaci\u00f3n relacionada con que trabajadores detendr\u00edan labores en museos y zonas arqueol\u00f3gicas de Yucat\u00e1n, debido a la falta de pago de prestaciones que por ley les corresponden y hoy pararon actividades por dos horas aproximadamente, pues el Instituto\u2026","rel":"","context":"En &quot;CINTILLO&quot;","block_context":{"text":"CINTILLO","link":"http:\/\/www.grieta.org.mx\/index.php\/category\/cintillo\/"},"img":{"alt_text":"","src":"https:\/\/i0.wp.com\/www.grieta.org.mx\/wp-content\/uploads\/2020\/12\/InahParo.png?resize=350%2C200","width":350,"height":200,"srcset":"https:\/\/i0.wp.com\/www.grieta.org.mx\/wp-content\/uploads\/2020\/12\/InahParo.png?resize=350%2C200 1x, https:\/\/i0.wp.com\/www.grieta.org.mx\/wp-content\/uploads\/2020\/12\/InahParo.png?resize=525%2C300 1.5x"},"classes":[]}],"_links":{"self":[{"href":"http:\/\/www.grieta.org.mx\/index.php\/wp-json\/wp\/v2\/posts\/19405","targetHints":{"allow":["GET"]}}],"collection":[{"href":"http:\/\/www.grieta.org.mx\/index.php\/wp-json\/wp\/v2\/posts"}],"about":[{"href":"http:\/\/www.grieta.org.mx\/index.php\/wp-json\/wp\/v2\/types\/post"}],"author":[{"embeddable":true,"href":"http:\/\/www.grieta.org.mx\/index.php\/wp-json\/wp\/v2\/users\/2"}],"replies":[{"embeddable":true,"href":"http:\/\/www.grieta.org.mx\/index.php\/wp-json\/wp\/v2\/comments?post=19405"}],"version-history":[{"count":1,"href":"http:\/\/www.grieta.org.mx\/index.php\/wp-json\/wp\/v2\/posts\/19405\/revisions"}],"predecessor-version":[{"id":19409,"href":"http:\/\/www.grieta.org.mx\/index.php\/wp-json\/wp\/v2\/posts\/19405\/revisions\/19409"}],"wp:featuredmedia":[{"embeddable":true,"href":"http:\/\/www.grieta.org.mx\/index.php\/wp-json\/wp\/v2\/media\/21928"}],"wp:attachment":[{"href":"http:\/\/www.grieta.org.mx\/index.php\/wp-json\/wp\/v2\/media?parent=19405"}],"wp:term":[{"taxonomy":"category","embeddable":true,"href":"http:\/\/www.grieta.org.mx\/index.php\/wp-json\/wp\/v2\/categories?post=19405"},{"taxonomy":"post_tag","embeddable":true,"href":"http:\/\/www.grieta.org.mx\/index.php\/wp-json\/wp\/v2\/tags?post=19405"}],"curies":[{"name":"wp","href":"https:\/\/api.w.org\/{rel}","templated":true}]}}