{"id":19373,"date":"2016-08-12T10:13:39","date_gmt":"2016-08-12T15:13:39","guid":{"rendered":"http:\/\/www.grieta.org.mx\/?p=19373"},"modified":"2016-08-12T10:13:39","modified_gmt":"2016-08-12T15:13:39","slug":"habitantes-de-xbacab-claman-justicia-juridica-campeche","status":"publish","type":"post","link":"http:\/\/www.grieta.org.mx\/index.php\/2016\/08\/12\/habitantes-de-xbacab-claman-justicia-juridica-campeche\/","title":{"rendered":"Habitantes de Xbacab claman justicia jur\u00eddica (Campeche)"},"content":{"rendered":"<p><img loading=\"lazy\" decoding=\"async\" data-attachment-id=\"19396\" data-permalink=\"http:\/\/www.grieta.org.mx\/index.php\/2016\/08\/12\/habitantes-de-xbacab-claman-justicia-juridica-campeche\/xbacab-2-sostuvieron-una-mesa-de-dialogo-con-autoridades-locales-y-estatales-para-que-se-solucione-la-situacion-juridica-de-los-cuatro-pobladoeditada\/\" data-orig-file=\"http:\/\/www.grieta.org.mx\/wp-content\/uploads\/2016\/08\/XBACAB-2-Sostuvieron-una-mesa-de-dia?logo-con-autoridades-locales-y-estatales-para-que-se-solucione-la-situacio?n-juri?dica-de-los-cuatro-pobladoEDITADA.jpg\" data-orig-size=\"\" data-comments-opened=\"0\" data-image-meta=\"[]\" data-image-title=\"XBACAB-2-Sostuvieron-una-mesa-de-dia?logo-con-autoridades-locales-y-estatales-para-que-se-solucione-la-situacio?n-juri?dica-de-los-cuatro-pobladoEDITADA\" data-image-description=\"\" data-image-caption=\"\" data-medium-file=\"http:\/\/www.grieta.org.mx\/wp-content\/uploads\/2016\/08\/XBACAB-2-Sostuvieron-una-mesa-de-dia?logo-con-autoridades-locales-y-estatales-para-que-se-solucione-la-situacio?n-juri?dica-de-los-cuatro-pobladoEDITADA.jpg\" data-large-file=\"http:\/\/www.grieta.org.mx\/wp-content\/uploads\/2016\/08\/XBACAB-2-Sostuvieron-una-mesa-de-dia?logo-con-autoridades-locales-y-estatales-para-que-se-solucione-la-situacio?n-juri?dica-de-los-cuatro-pobladoEDITADA.jpg\" src=\"http:\/\/www.grieta.org.mx\/wp-content\/uploads\/2016\/08\/XBACAB-2-Sostuvieron-una-mesa-de-dia?logo-con-autoridades-locales-y-estatales-para-que-se-solucione-la-situacio?n-juri?dica-de-los-cuatro-pobladoEDITADA.jpg\" alt=\"XBACAB-2-Sostuvieron-una-mesa-de-dia?logo-con-autoridades-locales-y-estatales-para-que-se-solucione-la-situacio?n-juri?dica-de-los-cuatro-pobladoEDITADA\" width=\"637\" height=\"424\" class=\"aligncenter size-full wp-image-19396\" \/><\/p>\n<p>CHAMPOT\u00d3N.- Habitantes del poblado Xbacab se conglomeraron en los bajos del Palacio Municipal, para clamar justicia sobre la situaci\u00f3n jur\u00eddica de cuatro de sus compa\u00f1eros que fueron detenidos tras los hechos delictivos que se registraron en d\u00edas pasados en la localidad.<\/p>\n<p>Fue al filo de las 10 de la ma\u00f1ana cuando poco m\u00e1s de 70 pobladores con pancartas en mano comenzaron a arribar al Palacio.<\/p>\n<p>En el lugar de los hechos, un grupo de manifestantes es el caso de Fernando Uc\u00e1n Canch\u00e9, Ricardo Dom\u00ednguez y Reinaldo Chi, solicitaron el apoyo de las autoridades municipales para que funcionen como intermediarios y se solucione la situaci\u00f3n jur\u00eddica de sus compa\u00f1eros.<\/p>\n<p>Detallaron que de las cuatro personas aseguradas, a criterio de los declarantes, de manera injusta, tres se encuentran en prisi\u00f3n preventiva en el penal de San Francisco Kob\u00e9n, siendo: F.H.P., M.A.V.E. y P.D.S.M.<\/p>\n<p>En tanto, A.L.H.P., comentaron los entrevistados, permanece  internado en el Hospital General de la capital del Estado luego de haber recibido una herida de bala por un agente municipal.<\/p>\n<p>\u201cSi bien es cierto que todos ellos presentan cargos, queremos que se haga justicia porque son inocentes, no son delincuentes\u201d.<\/p>\n<p>Y resaltaron: \u201cXbacab es un pueblo de gente de trabajo y todo mundo sabe que el mayor potencial para el sustento de nuestras familias es precisamente la elaboraci\u00f3n de muebles de madera\u201d.<\/p>\n<p>DI\u00c1LOGO<\/p>\n<p>Al filo de las 11:00 horas, un grupo de pobladores, entre ellos, Marco Antonio Hern\u00e1ndez Cu, comisario municipal; Carlos Cahuich Contreras, comisario ejidal y familiares de los cuatro detenidos, sostuvieron una reuni\u00f3n de di\u00e1logo en presencia del secretario de la Comuna, Noel Ju\u00e1rez Castellanos y con el titular de la Subsecretar\u00eda de Vinculaci\u00f3n Interinstitucional, Fernando Antonio Sleme Lavadores.<\/p>\n<p>Trascendi\u00f3 que hubo otra reuni\u00f3n, pero a puertas cerradas y sin la presencia de medios de comunicaci\u00f3n, con el edil Ra\u00fal Uribe Haydar.<\/p>\n<p>Cahuich Contreras dijo a los medios que solo les dar\u00e1n apoyo jur\u00eddico. La gente decidir\u00e1 que m\u00e1s va a realizar, \u201cellos son siempre los que deciden\u201d, as\u00ed expreso la autoridad ejidal al salir y todos se fueron a bordo de<br \/>\ncamionetas.<\/p>\n<p><a href=\"http:\/\/tribunacampeche.com\/municipios\/2016\/08\/12\/habitantes-xbacab-claman-justicia-juridica\/\" target=\"_blank\">http:\/\/tribunacampeche.com\/municipios\/2016\/08\/12\/habitantes-xbacab-claman-justicia-juridica\/<\/a> <\/p>\n","protected":false},"excerpt":{"rendered":"<p>CHAMPOT\u00d3N.- Habitantes del poblado Xbacab se conglomeraron en los bajos del Palacio Municipal, para clamar justicia sobre la situaci\u00f3n jur\u00eddica de cuatro de sus compa\u00f1eros que fueron detenidos tras los &hellip; <a href=\"http:\/\/www.grieta.org.mx\/index.php\/2016\/08\/12\/habitantes-de-xbacab-claman-justicia-juridica-campeche\/\" class=\"more-link\">Leer m\u00e1s<\/a><\/p>\n","protected":false},"author":2,"featured_media":21928,"comment_status":"closed","ping_status":"closed","sticky":false,"template":"","format":"standard","meta":{"ngg_post_thumbnail":0,"_jetpack_newsletter_access":"","_jetpack_dont_email_post_to_subs":false,"_jetpack_newsletter_tier_id":0,"_jetpack_memberships_contains_paywalled_content":false,"_jetpack_memberships_contains_paid_content":false,"footnotes":""},"categories":[123,80],"tags":[199],"class_list":["post-19373","post","type-post","status-publish","format-standard","has-post-thumbnail","hentry","category-campeche","category-cintillo","tag-abuso-policiaco","entry"],"jetpack_featured_media_url":"http:\/\/www.grieta.org.mx\/wp-content\/uploads\/2018\/03\/14524434_1106112876131411_958039263622046936_o.jpg","jetpack_sharing_enabled":true,"jetpack_shortlink":"https:\/\/wp.me\/p7ZJR4-52t","jetpack_likes_enabled":false,"jetpack-related-posts":[{"id":19178,"url":"http:\/\/www.grieta.org.mx\/index.php\/2016\/08\/12\/enfrentamiento-entre-policias-y-pobladores-de-xbacab-campeche\/","url_meta":{"origin":19373,"position":0},"title":"Enfrentamiento entre polic\u00edas y pobladores de Xbacab (Campeche)","author":"grieta","date":"12 agosto, 2016","format":false,"excerpt":"12\/08\/16. Habitantes de Xbacab claman justicia jur\u00eddica (Campeche) Tribuna 11\/08\/16. Protestan pobladores de Xbacab en Palacio Municipal de Champot\u00f3n (Campeche) P\u00e1gin@bierta 11\/08\/16. Arbitrariedades en detenciones de acusados de secuestro (Campeche) P\u00e1gin@bierta 10\/08\/16. Acto de corrupci\u00f3n policiaca provoc\u00f3 brutal represi\u00f3n en Xbacab P\u00e1gin@bierta 10\/08\/16. Exigen liberar a detenidos de la comunidad\u2026","rel":"","context":"En &quot;Campeche&quot;","block_context":{"text":"Campeche","link":"http:\/\/www.grieta.org.mx\/index.php\/category\/noticias-nacionales\/campeche\/"},"img":{"alt_text":"","src":"https:\/\/i0.wp.com\/www.grieta.org.mx\/wp-content\/uploads\/2018\/03\/14524434_1106112876131411_958039263622046936_o.jpg?resize=350%2C200","width":350,"height":200,"srcset":"https:\/\/i0.wp.com\/www.grieta.org.mx\/wp-content\/uploads\/2018\/03\/14524434_1106112876131411_958039263622046936_o.jpg?resize=350%2C200 1x, https:\/\/i0.wp.com\/www.grieta.org.mx\/wp-content\/uploads\/2018\/03\/14524434_1106112876131411_958039263622046936_o.jpg?resize=525%2C300 1.5x, https:\/\/i0.wp.com\/www.grieta.org.mx\/wp-content\/uploads\/2018\/03\/14524434_1106112876131411_958039263622046936_o.jpg?resize=700%2C400 2x"},"classes":[]},{"id":19318,"url":"http:\/\/www.grieta.org.mx\/index.php\/2016\/08\/10\/exigen-liberar-a-detenidos-de-la-comunidad-xbacab-campeche\/","url_meta":{"origin":19373,"position":1},"title":"Exigen liberar a detenidos de la comunidad Xbacab (Campeche).","author":"grieta","date":"10 agosto, 2016","format":false,"excerpt":"Al acusar que los dos polic\u00edas municipales adscritos a la comunidad de Xbacab se dedicaban a extorsionar a estudiantes, campesinos y cualquier habitante, pobladores exigieron la liberaci\u00f3n de los cuatro detenidos, incluyendo una persona que recibi\u00f3 impactos de bala. Advirtieron que podr\u00edan volver a cerrar la carretera federal a la\u2026","rel":"","context":"En &quot;campeche&quot;","block_context":{"text":"campeche","link":"http:\/\/www.grieta.org.mx\/index.php\/category\/campeche\/"},"img":{"alt_text":"","src":"https:\/\/i0.wp.com\/www.grieta.org.mx\/wp-content\/uploads\/2018\/03\/14524434_1106112876131411_958039263622046936_o.jpg?resize=350%2C200","width":350,"height":200,"srcset":"https:\/\/i0.wp.com\/www.grieta.org.mx\/wp-content\/uploads\/2018\/03\/14524434_1106112876131411_958039263622046936_o.jpg?resize=350%2C200 1x, https:\/\/i0.wp.com\/www.grieta.org.mx\/wp-content\/uploads\/2018\/03\/14524434_1106112876131411_958039263622046936_o.jpg?resize=525%2C300 1.5x, https:\/\/i0.wp.com\/www.grieta.org.mx\/wp-content\/uploads\/2018\/03\/14524434_1106112876131411_958039263622046936_o.jpg?resize=700%2C400 2x"},"classes":[]},{"id":19469,"url":"http:\/\/www.grieta.org.mx\/index.php\/2016\/08\/11\/protestan-pobladores-de-xbacab-en-palacio-municipal-de-champoton-campeche\/","url_meta":{"origin":19373,"position":2},"title":"Protestan pobladores de Xbacab en Palacio Municipal de Champot\u00f3n (Campeche)","author":"grieta","date":"11 agosto, 2016","format":false,"excerpt":"Por Ronny Aguilar CHAMPOTON, Cam. 11 de agosto del 2016.- Pobladores de Xbacab se manifestaron en el Palacio Municipal de Champot\u00f3n y dialogaron con el alcalde Ra\u00fal Uribe Haydar, quien se comprometi\u00f3 a brindar asesor\u00eda legal para los cuatro detenidos. Este viernes, se realiza la audiencia de apertura a juicio\u2026","rel":"","context":"En &quot;campeche&quot;","block_context":{"text":"campeche","link":"http:\/\/www.grieta.org.mx\/index.php\/category\/campeche\/"},"img":{"alt_text":"","src":"https:\/\/i0.wp.com\/www.grieta.org.mx\/wp-content\/uploads\/2018\/03\/14524434_1106112876131411_958039263622046936_o.jpg?resize=350%2C200","width":350,"height":200,"srcset":"https:\/\/i0.wp.com\/www.grieta.org.mx\/wp-content\/uploads\/2018\/03\/14524434_1106112876131411_958039263622046936_o.jpg?resize=350%2C200 1x, https:\/\/i0.wp.com\/www.grieta.org.mx\/wp-content\/uploads\/2018\/03\/14524434_1106112876131411_958039263622046936_o.jpg?resize=525%2C300 1.5x, https:\/\/i0.wp.com\/www.grieta.org.mx\/wp-content\/uploads\/2018\/03\/14524434_1106112876131411_958039263622046936_o.jpg?resize=700%2C400 2x"},"classes":[]},{"id":19180,"url":"http:\/\/www.grieta.org.mx\/index.php\/2016\/08\/08\/policias-sitian-poblado-de-xbacab-campeche\/","url_meta":{"origin":19373,"position":3},"title":"Polic\u00edas sitian poblado de Xbacab (Campeche)","author":"grieta","date":"8 agosto, 2016","format":false,"excerpt":"CHAMPOT\u00d3N.\u2013 El poblado de Xbacab amaneci\u00f3 ayer sitiado por elementos de las polic\u00edas Estatal Preventiva, de la Federal y personal de la Marina ante la amenaza de nuevo bloqueo de la carretera Champot\u00f3n Esc\u00e1rcega, tras el enfrentamiento la noche del s\u00e1bado entre los habitantes y agentes municipales y ministeriales, derivado\u2026","rel":"","context":"En &quot;campeche&quot;","block_context":{"text":"campeche","link":"http:\/\/www.grieta.org.mx\/index.php\/category\/campeche\/"},"img":{"alt_text":"","src":"https:\/\/i0.wp.com\/www.grieta.org.mx\/wp-content\/uploads\/2018\/03\/14524434_1106112876131411_958039263622046936_o.jpg?resize=350%2C200","width":350,"height":200,"srcset":"https:\/\/i0.wp.com\/www.grieta.org.mx\/wp-content\/uploads\/2018\/03\/14524434_1106112876131411_958039263622046936_o.jpg?resize=350%2C200 1x, https:\/\/i0.wp.com\/www.grieta.org.mx\/wp-content\/uploads\/2018\/03\/14524434_1106112876131411_958039263622046936_o.jpg?resize=525%2C300 1.5x, https:\/\/i0.wp.com\/www.grieta.org.mx\/wp-content\/uploads\/2018\/03\/14524434_1106112876131411_958039263622046936_o.jpg?resize=700%2C400 2x"},"classes":[]},{"id":19175,"url":"http:\/\/www.grieta.org.mx\/index.php\/2016\/08\/07\/bloquean-la-champoton-escarcega-campeche\/","url_meta":{"origin":19373,"position":4},"title":"Bloquean la Champot\u00f3n-Esc\u00e1rcega (Campeche)","author":"grieta","date":"7 agosto, 2016","format":false,"excerpt":"XBACAB, Champot\u00f3n.\u2013 Unos 200 habitantes de esta comunidad bloquearon la carretera federal Champot\u00f3n-Esc\u00e1rcega en protesta porque agentes municipales dispararon e hirieron a dos campesinos que fueron detenidos transportando madera de manera ilegal; los enardecidos pobladores tambi\u00e9n incendiaron una motocicleta y un veh\u00edculo oficial. Hasta el cierre de esta edici\u00f3n continuaba\u2026","rel":"","context":"En &quot;campeche&quot;","block_context":{"text":"campeche","link":"http:\/\/www.grieta.org.mx\/index.php\/category\/campeche\/"},"img":{"alt_text":"","src":"https:\/\/i0.wp.com\/www.grieta.org.mx\/wp-content\/uploads\/2018\/03\/14524434_1106112876131411_958039263622046936_o.jpg?resize=350%2C200","width":350,"height":200,"srcset":"https:\/\/i0.wp.com\/www.grieta.org.mx\/wp-content\/uploads\/2018\/03\/14524434_1106112876131411_958039263622046936_o.jpg?resize=350%2C200 1x, https:\/\/i0.wp.com\/www.grieta.org.mx\/wp-content\/uploads\/2018\/03\/14524434_1106112876131411_958039263622046936_o.jpg?resize=525%2C300 1.5x, https:\/\/i0.wp.com\/www.grieta.org.mx\/wp-content\/uploads\/2018\/03\/14524434_1106112876131411_958039263622046936_o.jpg?resize=700%2C400 2x"},"classes":[]},{"id":55389,"url":"http:\/\/www.grieta.org.mx\/index.php\/2020\/11\/19\/habitantes-de-campeche-bloquean-obras-del-tren-maya\/","url_meta":{"origin":19373,"position":5},"title":"Habitantes de Campeche bloquean obras del Tren Maya","author":"grieta","date":"19 noviembre, 2020","format":false,"excerpt":"Obras del Tren Maya. Foto:Facebook @TrenMayaOficial Rosa Santana \/ Proceso CHAMPOT\u00d3N, Camp. (apro).- Pobladores de las comunidades Xbacab, Miguel Colorado, 5 de febrero y Pixoyal bloquearon el paso a veh\u00edculos y maquinaria utilizada en la construcci\u00f3n del Tren Maya, en protesta por la destrucci\u00f3n de sus caminos de acceso. El\u2026","rel":"","context":"En &quot;Campeche&quot;","block_context":{"text":"Campeche","link":"http:\/\/www.grieta.org.mx\/index.php\/category\/noticias-nacionales\/campeche\/"},"img":{"alt_text":"","src":"https:\/\/i0.wp.com\/www.grieta.org.mx\/wp-content\/uploads\/2020\/11\/f800x450-125136_176582_5050.jpg?resize=350%2C200","width":350,"height":200,"srcset":"https:\/\/i0.wp.com\/www.grieta.org.mx\/wp-content\/uploads\/2020\/11\/f800x450-125136_176582_5050.jpg?resize=350%2C200 1x, https:\/\/i0.wp.com\/www.grieta.org.mx\/wp-content\/uploads\/2020\/11\/f800x450-125136_176582_5050.jpg?resize=525%2C300 1.5x, https:\/\/i0.wp.com\/www.grieta.org.mx\/wp-content\/uploads\/2020\/11\/f800x450-125136_176582_5050.jpg?resize=700%2C400 2x"},"classes":[]}],"_links":{"self":[{"href":"http:\/\/www.grieta.org.mx\/index.php\/wp-json\/wp\/v2\/posts\/19373","targetHints":{"allow":["GET"]}}],"collection":[{"href":"http:\/\/www.grieta.org.mx\/index.php\/wp-json\/wp\/v2\/posts"}],"about":[{"href":"http:\/\/www.grieta.org.mx\/index.php\/wp-json\/wp\/v2\/types\/post"}],"author":[{"embeddable":true,"href":"http:\/\/www.grieta.org.mx\/index.php\/wp-json\/wp\/v2\/users\/2"}],"replies":[{"embeddable":true,"href":"http:\/\/www.grieta.org.mx\/index.php\/wp-json\/wp\/v2\/comments?post=19373"}],"version-history":[{"count":1,"href":"http:\/\/www.grieta.org.mx\/index.php\/wp-json\/wp\/v2\/posts\/19373\/revisions"}],"predecessor-version":[{"id":19399,"href":"http:\/\/www.grieta.org.mx\/index.php\/wp-json\/wp\/v2\/posts\/19373\/revisions\/19399"}],"wp:featuredmedia":[{"embeddable":true,"href":"http:\/\/www.grieta.org.mx\/index.php\/wp-json\/wp\/v2\/media\/21928"}],"wp:attachment":[{"href":"http:\/\/www.grieta.org.mx\/index.php\/wp-json\/wp\/v2\/media?parent=19373"}],"wp:term":[{"taxonomy":"category","embeddable":true,"href":"http:\/\/www.grieta.org.mx\/index.php\/wp-json\/wp\/v2\/categories?post=19373"},{"taxonomy":"post_tag","embeddable":true,"href":"http:\/\/www.grieta.org.mx\/index.php\/wp-json\/wp\/v2\/tags?post=19373"}],"curies":[{"name":"wp","href":"https:\/\/api.w.org\/{rel}","templated":true}]}}