{"id":19197,"date":"2016-08-03T12:50:34","date_gmt":"2016-08-03T17:50:34","guid":{"rendered":"http:\/\/www.grieta.org.mx\/?p=19197"},"modified":"2016-09-07T14:46:23","modified_gmt":"2016-09-07T19:46:23","slug":"tras-amenaza-de-despojo-familia-esta-secuestrada-sin-comida-dentro-de-su-predio-en-la-paz","status":"publish","type":"post","link":"http:\/\/www.grieta.org.mx\/index.php\/2016\/08\/03\/tras-amenaza-de-despojo-familia-esta-secuestrada-sin-comida-dentro-de-su-predio-en-la-paz\/","title":{"rendered":"Tras amenaza de despojo familia est\u00e1 secuestrada, sin comida, dentro de su predio en La Paz"},"content":{"rendered":"<p><img loading=\"lazy\" decoding=\"async\" data-attachment-id=\"19198\" data-permalink=\"http:\/\/www.grieta.org.mx\/index.php\/2016\/08\/03\/tras-amenaza-de-despojo-familia-esta-secuestrada-sin-comida-dentro-de-su-predio-en-la-paz\/familia-benton-campamento-990x660\/\" data-orig-file=\"http:\/\/www.grieta.org.mx\/wp-content\/uploads\/2016\/08\/familia-benton-campamento-990x660.jpg\" data-orig-size=\"990,660\" data-comments-opened=\"0\" data-image-meta=\"{&quot;aperture&quot;:&quot;0&quot;,&quot;credit&quot;:&quot;&quot;,&quot;camera&quot;:&quot;&quot;,&quot;caption&quot;:&quot;&quot;,&quot;created_timestamp&quot;:&quot;0&quot;,&quot;copyright&quot;:&quot;&quot;,&quot;focal_length&quot;:&quot;0&quot;,&quot;iso&quot;:&quot;0&quot;,&quot;shutter_speed&quot;:&quot;0&quot;,&quot;title&quot;:&quot;&quot;,&quot;orientation&quot;:&quot;0&quot;}\" data-image-title=\"familia-benton-campamento-990&amp;#215;660\" data-image-description=\"\" data-image-caption=\"\" data-medium-file=\"http:\/\/www.grieta.org.mx\/wp-content\/uploads\/2016\/08\/familia-benton-campamento-990x660-300x200.jpg\" data-large-file=\"http:\/\/www.grieta.org.mx\/wp-content\/uploads\/2016\/08\/familia-benton-campamento-990x660.jpg\" src=\"http:\/\/www.grieta.org.mx\/wp-content\/uploads\/2016\/08\/familia-benton-campamento-990x660.jpg\" alt=\"familia-benton-campamento-990x660\" width=\"990\" height=\"660\" class=\"aligncenter size-medium wp-image-19198\" srcset=\"http:\/\/www.grieta.org.mx\/wp-content\/uploads\/2016\/08\/familia-benton-campamento-990x660.jpg 990w, http:\/\/www.grieta.org.mx\/wp-content\/uploads\/2016\/08\/familia-benton-campamento-990x660-300x200.jpg 300w, http:\/\/www.grieta.org.mx\/wp-content\/uploads\/2016\/08\/familia-benton-campamento-990x660-768x512.jpg 768w\" sizes=\"auto, (max-width: 990px) 100vw, 990px\" \/><\/p>\n<p>La Paz, Baja California Sur (BCS). Tras el caso de la familia Benton, quien ten\u00eda un litigio contra Inmobiliaria Tur\u00edstica Salvatierra S.A. de C.V., por un predio de 202 hect\u00e1reas frente en la zona de Pichilingue en La Paz, y en el cual la Suprema Corte de Justicia de la Naci\u00f3n (SCJN) fall\u00f3 a favor de la empresa el pasado 14 de julio, \u00e9sta cerr\u00f3 el acceso a los familiares, quedando afuera la se\u00f1ora Irma Yolanda Benton Fiol, hijos y otras personas; y dentro, otros 9 m\u00e1s, quienes, al no poder entrar ni salir, se est\u00e1n quedando sin alimento para ellos y para el ganado, adem\u00e1s de medicamentos que requieren.<\/p>\n<p>\u201cNos destruyeron la casa, eso ya tiene a\u00f1os; pero, ahorita, nos tumbaron el acceso, pusieron vigilancia, los da\u00f1os son de que no nos dejan meter alimento para los animales, tenemos ganado, est\u00e1 mi familia, est\u00e1 mi madre [\u2026] No nos dejan entrar ni los dejan salir, ni acercarnos [\u2026] Ustedes saben que en los ranchos se compra por costales o despensas, y ah\u00ed las \u00edbamos guardando y as\u00ed, ellos est\u00e1n tomando agua de un pozo, a gotas, la comida de los animales se est\u00e1 racionando\u201d, platic\u00f3 Irma Yolanda, quien acampa fuera de la propiedad y a la orilla de la carretera a Pichilingue.<\/p>\n<p><img loading=\"lazy\" decoding=\"async\" data-attachment-id=\"19199\" data-permalink=\"http:\/\/www.grieta.org.mx\/index.php\/2016\/08\/03\/tras-amenaza-de-despojo-familia-esta-secuestrada-sin-comida-dentro-de-su-predio-en-la-paz\/familia-benton-2\/\" data-orig-file=\"http:\/\/www.grieta.org.mx\/wp-content\/uploads\/2016\/08\/familia-benton-2.jpg\" data-orig-size=\"1500,1000\" data-comments-opened=\"0\" data-image-meta=\"{&quot;aperture&quot;:&quot;5.6&quot;,&quot;credit&quot;:&quot;&quot;,&quot;camera&quot;:&quot;NIKON D3300&quot;,&quot;caption&quot;:&quot;&quot;,&quot;created_timestamp&quot;:&quot;1470144049&quot;,&quot;copyright&quot;:&quot;&quot;,&quot;focal_length&quot;:&quot;200&quot;,&quot;iso&quot;:&quot;360&quot;,&quot;shutter_speed&quot;:&quot;0.0005&quot;,&quot;title&quot;:&quot;&quot;,&quot;orientation&quot;:&quot;0&quot;}\" data-image-title=\"familia-benton-2\" data-image-description=\"\" data-image-caption=\"\" data-medium-file=\"http:\/\/www.grieta.org.mx\/wp-content\/uploads\/2016\/08\/familia-benton-2-300x200.jpg\" data-large-file=\"http:\/\/www.grieta.org.mx\/wp-content\/uploads\/2016\/08\/familia-benton-2-1024x683.jpg\" src=\"http:\/\/www.grieta.org.mx\/wp-content\/uploads\/2016\/08\/familia-benton-2-1024x683.jpg\" alt=\"familia-benton-2\" width=\"1024\" height=\"683\" class=\"aligncenter size-medium wp-image-19199\" srcset=\"http:\/\/www.grieta.org.mx\/wp-content\/uploads\/2016\/08\/familia-benton-2-1024x683.jpg 1024w, http:\/\/www.grieta.org.mx\/wp-content\/uploads\/2016\/08\/familia-benton-2-300x200.jpg 300w, http:\/\/www.grieta.org.mx\/wp-content\/uploads\/2016\/08\/familia-benton-2-768x512.jpg 768w, http:\/\/www.grieta.org.mx\/wp-content\/uploads\/2016\/08\/familia-benton-2.jpg 1500w\" sizes=\"auto, (max-width: 1024px) 100vw, 1024px\" \/><\/p>\n<p><img loading=\"lazy\" decoding=\"async\" data-attachment-id=\"19200\" data-permalink=\"http:\/\/www.grieta.org.mx\/index.php\/2016\/08\/03\/tras-amenaza-de-despojo-familia-esta-secuestrada-sin-comida-dentro-de-su-predio-en-la-paz\/familia-benton-campamento-2\/\" data-orig-file=\"http:\/\/www.grieta.org.mx\/wp-content\/uploads\/2016\/08\/familia-benton-campamento-2.jpg\" data-orig-size=\"1500,1000\" data-comments-opened=\"0\" data-image-meta=\"{&quot;aperture&quot;:&quot;11&quot;,&quot;credit&quot;:&quot;&quot;,&quot;camera&quot;:&quot;NIKON D3300&quot;,&quot;caption&quot;:&quot;&quot;,&quot;created_timestamp&quot;:&quot;1470144041&quot;,&quot;copyright&quot;:&quot;&quot;,&quot;focal_length&quot;:&quot;55&quot;,&quot;iso&quot;:&quot;200&quot;,&quot;shutter_speed&quot;:&quot;0.002&quot;,&quot;title&quot;:&quot;&quot;,&quot;orientation&quot;:&quot;0&quot;}\" data-image-title=\"familia-benton-campamento-2\" data-image-description=\"\" data-image-caption=\"\" data-medium-file=\"http:\/\/www.grieta.org.mx\/wp-content\/uploads\/2016\/08\/familia-benton-campamento-2-300x200.jpg\" data-large-file=\"http:\/\/www.grieta.org.mx\/wp-content\/uploads\/2016\/08\/familia-benton-campamento-2-1024x683.jpg\" src=\"http:\/\/www.grieta.org.mx\/wp-content\/uploads\/2016\/08\/familia-benton-campamento-2-1024x683.jpg\" alt=\"familia-benton-campamento-2\" width=\"1024\" height=\"683\" class=\"aligncenter size-medium wp-image-19200\" srcset=\"http:\/\/www.grieta.org.mx\/wp-content\/uploads\/2016\/08\/familia-benton-campamento-2-1024x683.jpg 1024w, http:\/\/www.grieta.org.mx\/wp-content\/uploads\/2016\/08\/familia-benton-campamento-2-300x200.jpg 300w, http:\/\/www.grieta.org.mx\/wp-content\/uploads\/2016\/08\/familia-benton-campamento-2-768x512.jpg 768w, http:\/\/www.grieta.org.mx\/wp-content\/uploads\/2016\/08\/familia-benton-campamento-2.jpg 1500w\" sizes=\"auto, (max-width: 1024px) 100vw, 1024px\" \/><\/p>\n<p>Por su parte, Mar\u00eda Elena Benton Fiol, quien est\u00e1 en la casa, al interior de la propiedad, cont\u00f3 c\u00f3mo est\u00e1 la situaci\u00f3n dentro de \u00e9sta. Confirm\u00f3 que hay 8 adultos y un menor de edad, y que la comida que tienen, por lo menos podr\u00eda durarle una semana m\u00e1s; mientras que de agua se abastecen de un pozo que hay en el lugar.<\/p>\n<p>\u201cHay una ni\u00f1a, somos 4 mujeres adultas y 4 hombres adultos [\u2026] Cuando mucho, el alimento nos durar\u00e1 una semana, con frijol y sopa; ya hemos pensado en matar a las gallinas y empezar a comerlas; por lo pronto hemos comido frijol, arroz, at\u00fan, sopas [\u2026] Hay un pozo, pero est\u00e1 salubre el agua y de ah\u00ed hemos estado sacando para tomar\u201d.<\/p>\n<p>\u201cMi mam\u00e1 es la que ocupa medicamento, tiene diabetes, presi\u00f3n y epilepsia; no les importa, no les importa, cuando esto sucedi\u00f3, afortunadamente acababa de ir al doctor y tiene su medicamento, pero se van a agotar o se est\u00e1n agotando\u201d, narr\u00f3 Irma Yolanda.<\/p>\n<p>Mientras que Mar\u00eda Elena, agreg\u00f3: \u201cEl medicamento de mi madre es tambi\u00e9n como para una semana, algunos; hay otros que durar\u00e1n m\u00e1s; y si se acaba, pues, tendr\u00eda que salir alguien de nosotros por los cerros para ir por medicamento cuando menos, pero de alguna manera buscaremos; ella no puede salir porque ya no la dejar\u00edan entrar, pero estamos dispuestos a hacer lo que sea\u201d.<\/p>\n<p>\u201cS\u00ed, hay ganado, vacas, burros, caballos, puercos, gallinas, unos pavos, conejos [\u2026] Las vacas, pues con lo que pueden comer en el monte, las gallinas tambi\u00e9n las soltamos para ver qu\u00e9 pueden comer ah\u00ed\u201d, detall\u00f3 la se\u00f1ora al interior de la casa.<\/p>\n<p><img loading=\"lazy\" decoding=\"async\" data-attachment-id=\"19201\" data-permalink=\"http:\/\/www.grieta.org.mx\/index.php\/2016\/08\/03\/tras-amenaza-de-despojo-familia-esta-secuestrada-sin-comida-dentro-de-su-predio-en-la-paz\/familia-benton-maquinas\/\" data-orig-file=\"http:\/\/www.grieta.org.mx\/wp-content\/uploads\/2016\/08\/familia-benton-maquinas.jpg\" data-orig-size=\"1500,1000\" data-comments-opened=\"0\" data-image-meta=\"{&quot;aperture&quot;:&quot;5.6&quot;,&quot;credit&quot;:&quot;&quot;,&quot;camera&quot;:&quot;NIKON D3300&quot;,&quot;caption&quot;:&quot;&quot;,&quot;created_timestamp&quot;:&quot;1470144145&quot;,&quot;copyright&quot;:&quot;&quot;,&quot;focal_length&quot;:&quot;200&quot;,&quot;iso&quot;:&quot;320&quot;,&quot;shutter_speed&quot;:&quot;0.0005&quot;,&quot;title&quot;:&quot;&quot;,&quot;orientation&quot;:&quot;0&quot;}\" data-image-title=\"familia-benton-maquinas\" data-image-description=\"\" data-image-caption=\"\" data-medium-file=\"http:\/\/www.grieta.org.mx\/wp-content\/uploads\/2016\/08\/familia-benton-maquinas-300x200.jpg\" data-large-file=\"http:\/\/www.grieta.org.mx\/wp-content\/uploads\/2016\/08\/familia-benton-maquinas-1024x683.jpg\" src=\"http:\/\/www.grieta.org.mx\/wp-content\/uploads\/2016\/08\/familia-benton-maquinas-1024x683.jpg\" alt=\"familia-benton-maquinas\" width=\"1024\" height=\"683\" class=\"aligncenter size-medium wp-image-19201\" srcset=\"http:\/\/www.grieta.org.mx\/wp-content\/uploads\/2016\/08\/familia-benton-maquinas-1024x683.jpg 1024w, http:\/\/www.grieta.org.mx\/wp-content\/uploads\/2016\/08\/familia-benton-maquinas-300x200.jpg 300w, http:\/\/www.grieta.org.mx\/wp-content\/uploads\/2016\/08\/familia-benton-maquinas-768x512.jpg 768w, http:\/\/www.grieta.org.mx\/wp-content\/uploads\/2016\/08\/familia-benton-maquinas.jpg 1500w\" sizes=\"auto, (max-width: 1024px) 100vw, 1024px\" \/><\/p>\n<p><img loading=\"lazy\" decoding=\"async\" data-attachment-id=\"19202\" data-permalink=\"http:\/\/www.grieta.org.mx\/index.php\/2016\/08\/03\/tras-amenaza-de-despojo-familia-esta-secuestrada-sin-comida-dentro-de-su-predio-en-la-paz\/familia-benton\/\" data-orig-file=\"http:\/\/www.grieta.org.mx\/wp-content\/uploads\/2016\/08\/familia-benton.jpg\" data-orig-size=\"1500,1000\" data-comments-opened=\"0\" data-image-meta=\"{&quot;aperture&quot;:&quot;8&quot;,&quot;credit&quot;:&quot;&quot;,&quot;camera&quot;:&quot;NIKON D3300&quot;,&quot;caption&quot;:&quot;&quot;,&quot;created_timestamp&quot;:&quot;1470143978&quot;,&quot;copyright&quot;:&quot;&quot;,&quot;focal_length&quot;:&quot;80&quot;,&quot;iso&quot;:&quot;200&quot;,&quot;shutter_speed&quot;:&quot;0.001&quot;,&quot;title&quot;:&quot;&quot;,&quot;orientation&quot;:&quot;0&quot;}\" data-image-title=\"familia-benton\" data-image-description=\"\" data-image-caption=\"\" data-medium-file=\"http:\/\/www.grieta.org.mx\/wp-content\/uploads\/2016\/08\/familia-benton-300x200.jpg\" data-large-file=\"http:\/\/www.grieta.org.mx\/wp-content\/uploads\/2016\/08\/familia-benton-1024x683.jpg\" src=\"http:\/\/www.grieta.org.mx\/wp-content\/uploads\/2016\/08\/familia-benton-1024x683.jpg\" alt=\"familia-benton\" width=\"1024\" height=\"683\" class=\"aligncenter size-medium wp-image-19202\" srcset=\"http:\/\/www.grieta.org.mx\/wp-content\/uploads\/2016\/08\/familia-benton-1024x683.jpg 1024w, http:\/\/www.grieta.org.mx\/wp-content\/uploads\/2016\/08\/familia-benton-300x200.jpg 300w, http:\/\/www.grieta.org.mx\/wp-content\/uploads\/2016\/08\/familia-benton-768x512.jpg 768w, http:\/\/www.grieta.org.mx\/wp-content\/uploads\/2016\/08\/familia-benton.jpg 1500w\" sizes=\"auto, (max-width: 1024px) 100vw, 1024px\" \/><\/p>\n<p>El lugar est\u00e1 siendo vigilado en diferentes puntos de las entradas de la propiedad, con por lo menos 5 carpas; cada una, tiene, m\u00ednimo, a 2 personas que no permiten la entrada ni salida. Irma Yolanda coment\u00f3 que, al d\u00eda, son 15 a 20 j\u00f3venes quienes realizan esa actividad, sin uniforme, y que se ponen a gritar cosas en las noches.<\/p>\n<p>\u201cNos pusieron vigilancia por todos lados, no somos delincuentes, ni matones ni rateros, nos est\u00e1n cuidando como si fu\u00e9ramos criminales, ojos por donde quieran [\u2026] Diario han de traer de 15 a 20 personas, y jovencitos, sin uniforme, gritando \u2018queremos mota, queremos marihuana\u2019, as\u00ed se escucha en las noches los de vigilancia\u201d.<\/p>\n<p><img loading=\"lazy\" decoding=\"async\" data-attachment-id=\"19203\" data-permalink=\"http:\/\/www.grieta.org.mx\/index.php\/2016\/08\/03\/tras-amenaza-de-despojo-familia-esta-secuestrada-sin-comida-dentro-de-su-predio-en-la-paz\/familia-benton-vigilancia\/\" data-orig-file=\"http:\/\/www.grieta.org.mx\/wp-content\/uploads\/2016\/08\/familia-benton-vigilancia.jpg\" data-orig-size=\"1500,1000\" data-comments-opened=\"0\" data-image-meta=\"{&quot;aperture&quot;:&quot;5.6&quot;,&quot;credit&quot;:&quot;&quot;,&quot;camera&quot;:&quot;NIKON D3300&quot;,&quot;caption&quot;:&quot;&quot;,&quot;created_timestamp&quot;:&quot;1470144057&quot;,&quot;copyright&quot;:&quot;&quot;,&quot;focal_length&quot;:&quot;200&quot;,&quot;iso&quot;:&quot;220&quot;,&quot;shutter_speed&quot;:&quot;0.0005&quot;,&quot;title&quot;:&quot;&quot;,&quot;orientation&quot;:&quot;0&quot;}\" data-image-title=\"familia-benton-vigilancia\" data-image-description=\"\" data-image-caption=\"\" data-medium-file=\"http:\/\/www.grieta.org.mx\/wp-content\/uploads\/2016\/08\/familia-benton-vigilancia-300x200.jpg\" data-large-file=\"http:\/\/www.grieta.org.mx\/wp-content\/uploads\/2016\/08\/familia-benton-vigilancia-1024x683.jpg\" src=\"http:\/\/www.grieta.org.mx\/wp-content\/uploads\/2016\/08\/familia-benton-vigilancia-1024x683.jpg\" alt=\"familia-benton-vigilancia\" width=\"1024\" height=\"683\" class=\"aligncenter size-medium wp-image-19203\" srcset=\"http:\/\/www.grieta.org.mx\/wp-content\/uploads\/2016\/08\/familia-benton-vigilancia-1024x683.jpg 1024w, http:\/\/www.grieta.org.mx\/wp-content\/uploads\/2016\/08\/familia-benton-vigilancia-300x200.jpg 300w, http:\/\/www.grieta.org.mx\/wp-content\/uploads\/2016\/08\/familia-benton-vigilancia-768x512.jpg 768w, http:\/\/www.grieta.org.mx\/wp-content\/uploads\/2016\/08\/familia-benton-vigilancia.jpg 1500w\" sizes=\"auto, (max-width: 1024px) 100vw, 1024px\" \/><\/p>\n<p><img loading=\"lazy\" decoding=\"async\" data-attachment-id=\"19204\" data-permalink=\"http:\/\/www.grieta.org.mx\/index.php\/2016\/08\/03\/tras-amenaza-de-despojo-familia-esta-secuestrada-sin-comida-dentro-de-su-predio-en-la-paz\/familia-benton-vigilancia-5-1024x683\/\" data-orig-file=\"http:\/\/www.grieta.org.mx\/wp-content\/uploads\/2016\/08\/familia-benton-vigilancia-5-1024x683.jpg\" data-orig-size=\"1024,683\" data-comments-opened=\"0\" data-image-meta=\"{&quot;aperture&quot;:&quot;0&quot;,&quot;credit&quot;:&quot;&quot;,&quot;camera&quot;:&quot;&quot;,&quot;caption&quot;:&quot;&quot;,&quot;created_timestamp&quot;:&quot;0&quot;,&quot;copyright&quot;:&quot;&quot;,&quot;focal_length&quot;:&quot;0&quot;,&quot;iso&quot;:&quot;0&quot;,&quot;shutter_speed&quot;:&quot;0&quot;,&quot;title&quot;:&quot;&quot;,&quot;orientation&quot;:&quot;0&quot;}\" data-image-title=\"familia-benton-vigilancia-5-1024&amp;#215;683\" data-image-description=\"\" data-image-caption=\"\" data-medium-file=\"http:\/\/www.grieta.org.mx\/wp-content\/uploads\/2016\/08\/familia-benton-vigilancia-5-1024x683-300x200.jpg\" data-large-file=\"http:\/\/www.grieta.org.mx\/wp-content\/uploads\/2016\/08\/familia-benton-vigilancia-5-1024x683-1024x683.jpg\" src=\"http:\/\/www.grieta.org.mx\/wp-content\/uploads\/2016\/08\/familia-benton-vigilancia-5-1024x683-1024x683.jpg\" alt=\"familia-benton-vigilancia-5-1024x683\" width=\"1024\" height=\"683\" class=\"aligncenter size-medium wp-image-19204\" srcset=\"http:\/\/www.grieta.org.mx\/wp-content\/uploads\/2016\/08\/familia-benton-vigilancia-5-1024x683.jpg 1024w, http:\/\/www.grieta.org.mx\/wp-content\/uploads\/2016\/08\/familia-benton-vigilancia-5-1024x683-300x200.jpg 300w, http:\/\/www.grieta.org.mx\/wp-content\/uploads\/2016\/08\/familia-benton-vigilancia-5-1024x683-768x512.jpg 768w\" sizes=\"auto, (max-width: 1024px) 100vw, 1024px\" \/><\/p>\n<p>Irma Yolanda explic\u00f3 que el problema con la empresa est\u00e1 desde el 2012, quienes, dice, les quieren quitar la propiedad que les pertenece desde hace m\u00e1s de 60 a\u00f1os; argumenta que llegaron a desalojarlos sin papeles ni orden donde que demostraran que son due\u00f1os del lugar.<\/p>\n<p>\u201cDesde el 2012 tenemos problema con esta gente, que se dicen ser due\u00f1os de esta propiedad, la cual nosotros tenemos m\u00e1s de 60 a\u00f1os, la familia Benton, y sin papeles, sin mostrarnos una orden de desalojo, sin mostrarnos de que pueden entrar, meterse y sacarnos a la fuerza, con permiso de las autoridades, pues sencillamente nos sacaron.<\/p>\n<p>\u201cMi pap\u00e1 era ganadero, ten\u00eda carnicer\u00eda, solicit\u00f3 terreno, aqu\u00ed hizo su rancho [\u2026] Pero ellos dicen ser su due\u00f1o, si el Gobierno se pone a investigar, va a descubrir que tenemos la raz\u00f3n, y si seguimos aqu\u00ed es porque tenemos la raz\u00f3n, as\u00ed de f\u00e1cil; si ellos vienen y nos dicen, de verdad es de ellos, pues no tendr\u00edamos necesidad de estar batallando\u201d, narr\u00f3.<\/p>\n<p><img loading=\"lazy\" decoding=\"async\" data-attachment-id=\"19205\" data-permalink=\"http:\/\/www.grieta.org.mx\/index.php\/2016\/08\/03\/tras-amenaza-de-despojo-familia-esta-secuestrada-sin-comida-dentro-de-su-predio-en-la-paz\/familia-benton-vigilancia-2\/\" data-orig-file=\"http:\/\/www.grieta.org.mx\/wp-content\/uploads\/2016\/08\/familia-benton-vigilancia-2.jpg\" data-orig-size=\"1500,1000\" data-comments-opened=\"0\" data-image-meta=\"{&quot;aperture&quot;:&quot;6.3&quot;,&quot;credit&quot;:&quot;&quot;,&quot;camera&quot;:&quot;NIKON D3300&quot;,&quot;caption&quot;:&quot;&quot;,&quot;created_timestamp&quot;:&quot;1470144134&quot;,&quot;copyright&quot;:&quot;&quot;,&quot;focal_length&quot;:&quot;200&quot;,&quot;iso&quot;:&quot;200&quot;,&quot;shutter_speed&quot;:&quot;0.0004&quot;,&quot;title&quot;:&quot;&quot;,&quot;orientation&quot;:&quot;0&quot;}\" data-image-title=\"familia-benton-vigilancia-2\" data-image-description=\"\" data-image-caption=\"\" data-medium-file=\"http:\/\/www.grieta.org.mx\/wp-content\/uploads\/2016\/08\/familia-benton-vigilancia-2-300x200.jpg\" data-large-file=\"http:\/\/www.grieta.org.mx\/wp-content\/uploads\/2016\/08\/familia-benton-vigilancia-2-1024x683.jpg\" src=\"http:\/\/www.grieta.org.mx\/wp-content\/uploads\/2016\/08\/familia-benton-vigilancia-2-1024x683.jpg\" alt=\"familia-benton-vigilancia-2\" width=\"1024\" height=\"683\" class=\"aligncenter size-medium wp-image-19205\" srcset=\"http:\/\/www.grieta.org.mx\/wp-content\/uploads\/2016\/08\/familia-benton-vigilancia-2-1024x683.jpg 1024w, http:\/\/www.grieta.org.mx\/wp-content\/uploads\/2016\/08\/familia-benton-vigilancia-2-300x200.jpg 300w, http:\/\/www.grieta.org.mx\/wp-content\/uploads\/2016\/08\/familia-benton-vigilancia-2-768x512.jpg 768w, http:\/\/www.grieta.org.mx\/wp-content\/uploads\/2016\/08\/familia-benton-vigilancia-2.jpg 1500w\" sizes=\"auto, (max-width: 1024px) 100vw, 1024px\" \/><\/p>\n<p><img loading=\"lazy\" decoding=\"async\" data-attachment-id=\"19206\" data-permalink=\"http:\/\/www.grieta.org.mx\/index.php\/2016\/08\/03\/tras-amenaza-de-despojo-familia-esta-secuestrada-sin-comida-dentro-de-su-predio-en-la-paz\/familia-benton-vigilancia-6\/\" data-orig-file=\"http:\/\/www.grieta.org.mx\/wp-content\/uploads\/2016\/08\/familia-benton-vigilancia-6.jpg\" data-orig-size=\"1500,1000\" data-comments-opened=\"0\" data-image-meta=\"{&quot;aperture&quot;:&quot;5.6&quot;,&quot;credit&quot;:&quot;&quot;,&quot;camera&quot;:&quot;NIKON D3300&quot;,&quot;caption&quot;:&quot;&quot;,&quot;created_timestamp&quot;:&quot;1470144222&quot;,&quot;copyright&quot;:&quot;&quot;,&quot;focal_length&quot;:&quot;200&quot;,&quot;iso&quot;:&quot;280&quot;,&quot;shutter_speed&quot;:&quot;0.0005&quot;,&quot;title&quot;:&quot;&quot;,&quot;orientation&quot;:&quot;0&quot;}\" data-image-title=\"familia-benton-vigilancia-6\" data-image-description=\"\" data-image-caption=\"\" data-medium-file=\"http:\/\/www.grieta.org.mx\/wp-content\/uploads\/2016\/08\/familia-benton-vigilancia-6-300x200.jpg\" data-large-file=\"http:\/\/www.grieta.org.mx\/wp-content\/uploads\/2016\/08\/familia-benton-vigilancia-6-1024x683.jpg\" src=\"http:\/\/www.grieta.org.mx\/wp-content\/uploads\/2016\/08\/familia-benton-vigilancia-6-1024x683.jpg\" alt=\"familia-benton-vigilancia-6\" width=\"1024\" height=\"683\" class=\"aligncenter size-medium wp-image-19206\" srcset=\"http:\/\/www.grieta.org.mx\/wp-content\/uploads\/2016\/08\/familia-benton-vigilancia-6-1024x683.jpg 1024w, http:\/\/www.grieta.org.mx\/wp-content\/uploads\/2016\/08\/familia-benton-vigilancia-6-300x200.jpg 300w, http:\/\/www.grieta.org.mx\/wp-content\/uploads\/2016\/08\/familia-benton-vigilancia-6-768x512.jpg 768w, http:\/\/www.grieta.org.mx\/wp-content\/uploads\/2016\/08\/familia-benton-vigilancia-6.jpg 1500w\" sizes=\"auto, (max-width: 1024px) 100vw, 1024px\" \/><\/p>\n<p>Ambas hermanas Benton Fiol, aseguraron que no se dejar\u00e1n ni abandonar\u00e1n el lugar, y que, adem\u00e1s, tienen la raz\u00f3n de ser los leg\u00edtimos due\u00f1os de la propiedad; pues, dicen, lo \u00fanico que quiere la empresa es \u201cfregarnos y quitarnos lo nuestro\u201d, para construir proyectos en la zona.<\/p>\n<p>\u201cYa son a\u00f1os viviendo con esta pesadilla horrible, que no nos dejamos, no nos vamos a dejar, esto es nuestro; yo s\u00e9 que existe la justicia divina, yo ya no creo que dicen que nos protegen, yo creo en que hay que tener fe, y que se tiene que demostrar que tenemos la raz\u00f3n, porque s\u00ed la tenemos, y tenemos c\u00f3mo comprobarlo.<\/p>\n<p>\u201cEl inter\u00e9s de ellos es fregarnos y quitarnos lo nuestro, y hacer a futuro, para el turismo, casas, edificios, marina, hay muchos proyectos de ellos, se llama Inmobiliaria Tur\u00edstica Salvatierra SA de CV\u201d.<\/p>\n<p>En ese mismo sentido, Mar\u00eda Elena dijo: \u201cNo s\u00e9, yo creo que volvernos locos, lo que quieren es que nos salgamos, pero no lo vamos a hacer, vamos a aguantar y luchar hasta donde podamos; tan simple y sencillo es que, si fueran tan due\u00f1os, desde el primer momento no estuvi\u00e9ramos aqu\u00ed, luchamos porque sabemos que tenemos la raz\u00f3n y este es nuestro hogar\u201d.<\/p>\n<p><img loading=\"lazy\" decoding=\"async\" data-attachment-id=\"19207\" data-permalink=\"http:\/\/www.grieta.org.mx\/index.php\/2016\/08\/03\/tras-amenaza-de-despojo-familia-esta-secuestrada-sin-comida-dentro-de-su-predio-en-la-paz\/familia-benton-vigilancia-3\/\" data-orig-file=\"http:\/\/www.grieta.org.mx\/wp-content\/uploads\/2016\/08\/familia-benton-vigilancia-3.jpg\" data-orig-size=\"1500,1000\" data-comments-opened=\"0\" data-image-meta=\"{&quot;aperture&quot;:&quot;5.6&quot;,&quot;credit&quot;:&quot;&quot;,&quot;camera&quot;:&quot;NIKON D3300&quot;,&quot;caption&quot;:&quot;&quot;,&quot;created_timestamp&quot;:&quot;1470144198&quot;,&quot;copyright&quot;:&quot;&quot;,&quot;focal_length&quot;:&quot;200&quot;,&quot;iso&quot;:&quot;220&quot;,&quot;shutter_speed&quot;:&quot;0.0005&quot;,&quot;title&quot;:&quot;&quot;,&quot;orientation&quot;:&quot;0&quot;}\" data-image-title=\"familia-benton-vigilancia-3\" data-image-description=\"\" data-image-caption=\"\" data-medium-file=\"http:\/\/www.grieta.org.mx\/wp-content\/uploads\/2016\/08\/familia-benton-vigilancia-3-300x200.jpg\" data-large-file=\"http:\/\/www.grieta.org.mx\/wp-content\/uploads\/2016\/08\/familia-benton-vigilancia-3-1024x683.jpg\" src=\"http:\/\/www.grieta.org.mx\/wp-content\/uploads\/2016\/08\/familia-benton-vigilancia-3-1024x683.jpg\" alt=\"familia-benton-vigilancia-3\" width=\"1024\" height=\"683\" class=\"aligncenter size-medium wp-image-19207\" srcset=\"http:\/\/www.grieta.org.mx\/wp-content\/uploads\/2016\/08\/familia-benton-vigilancia-3-1024x683.jpg 1024w, http:\/\/www.grieta.org.mx\/wp-content\/uploads\/2016\/08\/familia-benton-vigilancia-3-300x200.jpg 300w, http:\/\/www.grieta.org.mx\/wp-content\/uploads\/2016\/08\/familia-benton-vigilancia-3-768x512.jpg 768w, http:\/\/www.grieta.org.mx\/wp-content\/uploads\/2016\/08\/familia-benton-vigilancia-3.jpg 1500w\" sizes=\"auto, (max-width: 1024px) 100vw, 1024px\" \/><\/p>\n<p><img loading=\"lazy\" decoding=\"async\" data-attachment-id=\"19208\" data-permalink=\"http:\/\/www.grieta.org.mx\/index.php\/2016\/08\/03\/tras-amenaza-de-despojo-familia-esta-secuestrada-sin-comida-dentro-de-su-predio-en-la-paz\/familia-benton-vigilancia-4\/\" data-orig-file=\"http:\/\/www.grieta.org.mx\/wp-content\/uploads\/2016\/08\/familia-benton-vigilancia-4.jpg\" data-orig-size=\"1500,1000\" data-comments-opened=\"0\" data-image-meta=\"{&quot;aperture&quot;:&quot;5.6&quot;,&quot;credit&quot;:&quot;&quot;,&quot;camera&quot;:&quot;NIKON D3300&quot;,&quot;caption&quot;:&quot;&quot;,&quot;created_timestamp&quot;:&quot;1470144201&quot;,&quot;copyright&quot;:&quot;&quot;,&quot;focal_length&quot;:&quot;200&quot;,&quot;iso&quot;:&quot;200&quot;,&quot;shutter_speed&quot;:&quot;0.0005&quot;,&quot;title&quot;:&quot;&quot;,&quot;orientation&quot;:&quot;0&quot;}\" data-image-title=\"familia-benton-vigilancia-4\" data-image-description=\"\" data-image-caption=\"\" data-medium-file=\"http:\/\/www.grieta.org.mx\/wp-content\/uploads\/2016\/08\/familia-benton-vigilancia-4-300x200.jpg\" data-large-file=\"http:\/\/www.grieta.org.mx\/wp-content\/uploads\/2016\/08\/familia-benton-vigilancia-4-1024x683.jpg\" src=\"http:\/\/www.grieta.org.mx\/wp-content\/uploads\/2016\/08\/familia-benton-vigilancia-4-1024x683.jpg\" alt=\"familia-benton-vigilancia-4\" width=\"1024\" height=\"683\" class=\"aligncenter size-medium wp-image-19208\" srcset=\"http:\/\/www.grieta.org.mx\/wp-content\/uploads\/2016\/08\/familia-benton-vigilancia-4-1024x683.jpg 1024w, http:\/\/www.grieta.org.mx\/wp-content\/uploads\/2016\/08\/familia-benton-vigilancia-4-300x200.jpg 300w, http:\/\/www.grieta.org.mx\/wp-content\/uploads\/2016\/08\/familia-benton-vigilancia-4-768x512.jpg 768w, http:\/\/www.grieta.org.mx\/wp-content\/uploads\/2016\/08\/familia-benton-vigilancia-4.jpg 1500w\" sizes=\"auto, (max-width: 1024px) 100vw, 1024px\" \/><\/p>\n<p>Finalmente, Irma Yolanda manifest\u00f3 que la familia no ha sido apoyada por ninguna autoridad estatal. Tambi\u00e9n, denunciaron la desforestaci\u00f3n de \u00e1rboles dentro de la zona, pero ninguna dependencia se ha acercado.<\/p>\n<p>\u201cEl Gobierno Estatal nada nos est\u00e1 ayudando, absolutamente nada; les hemos dicho que nos est\u00e1n tumbando los \u00e1rboles, a nosotros no nos dejan ni agarrar un palo seco, y esta gente est\u00e1 destruyendo, d\u00f3nde est\u00e1 la protecci\u00f3n del ambiente, d\u00f3nde est\u00e1 protecci\u00f3n civil\u201d.<\/p>\n<p>\u201cNo s\u00e9 la ambici\u00f3n de estas personas, apoyados por muchas autoridades, y la verdad no veo ning\u00fan tipo de ayuda para este lado, s\u00f3lo hacia aquel lado\u201d, agreg\u00f3 Mar\u00eda Elena.<\/p>\n<p>\u201cEn el Congreso, que no sab\u00edan nada, que no conoc\u00edan, pero no vaya a haber una votaci\u00f3n porque s\u00ed te encuentran, y saben d\u00f3nde est\u00e1n los Benton, y s\u00ed te encuentran porque te encuentran, y ahorita no existe el rancho Estela, pero te invitan a las casillas y saben perfectamente d\u00f3nde est\u00e1s\u201d, asever\u00f3 y concluy\u00f3 Irma Yolanda.<\/p>\n<p><img loading=\"lazy\" decoding=\"async\" data-attachment-id=\"19209\" data-permalink=\"http:\/\/www.grieta.org.mx\/index.php\/2016\/08\/03\/tras-amenaza-de-despojo-familia-esta-secuestrada-sin-comida-dentro-de-su-predio-en-la-paz\/familia-benton-campamento-3\/\" data-orig-file=\"http:\/\/www.grieta.org.mx\/wp-content\/uploads\/2016\/08\/familia-benton-campamento-3.jpg\" data-orig-size=\"1500,1000\" data-comments-opened=\"0\" data-image-meta=\"{&quot;aperture&quot;:&quot;6.3&quot;,&quot;credit&quot;:&quot;&quot;,&quot;camera&quot;:&quot;NIKON D3300&quot;,&quot;caption&quot;:&quot;&quot;,&quot;created_timestamp&quot;:&quot;1470144071&quot;,&quot;copyright&quot;:&quot;&quot;,&quot;focal_length&quot;:&quot;155&quot;,&quot;iso&quot;:&quot;200&quot;,&quot;shutter_speed&quot;:&quot;0.0004&quot;,&quot;title&quot;:&quot;&quot;,&quot;orientation&quot;:&quot;0&quot;}\" data-image-title=\"familia-benton-campamento-3\" data-image-description=\"\" data-image-caption=\"\" data-medium-file=\"http:\/\/www.grieta.org.mx\/wp-content\/uploads\/2016\/08\/familia-benton-campamento-3-300x200.jpg\" data-large-file=\"http:\/\/www.grieta.org.mx\/wp-content\/uploads\/2016\/08\/familia-benton-campamento-3-1024x683.jpg\" src=\"http:\/\/www.grieta.org.mx\/wp-content\/uploads\/2016\/08\/familia-benton-campamento-3-1024x683.jpg\" alt=\"familia-benton-campamento-3\" width=\"1024\" height=\"683\" class=\"aligncenter size-medium wp-image-19209\" srcset=\"http:\/\/www.grieta.org.mx\/wp-content\/uploads\/2016\/08\/familia-benton-campamento-3-1024x683.jpg 1024w, http:\/\/www.grieta.org.mx\/wp-content\/uploads\/2016\/08\/familia-benton-campamento-3-300x200.jpg 300w, http:\/\/www.grieta.org.mx\/wp-content\/uploads\/2016\/08\/familia-benton-campamento-3-768x512.jpg 768w, http:\/\/www.grieta.org.mx\/wp-content\/uploads\/2016\/08\/familia-benton-campamento-3.jpg 1500w\" sizes=\"auto, (max-width: 1024px) 100vw, 1024px\" \/><\/p>\n<p><img loading=\"lazy\" decoding=\"async\" data-attachment-id=\"19210\" data-permalink=\"http:\/\/www.grieta.org.mx\/index.php\/2016\/08\/03\/tras-amenaza-de-despojo-familia-esta-secuestrada-sin-comida-dentro-de-su-predio-en-la-paz\/irma-yolanda-benton-fiol\/\" data-orig-file=\"http:\/\/www.grieta.org.mx\/wp-content\/uploads\/2016\/08\/irma-yolanda-benton-fiol.jpg\" data-orig-size=\"1500,1000\" data-comments-opened=\"0\" data-image-meta=\"{&quot;aperture&quot;:&quot;8&quot;,&quot;credit&quot;:&quot;&quot;,&quot;camera&quot;:&quot;NIKON D3300&quot;,&quot;caption&quot;:&quot;&quot;,&quot;created_timestamp&quot;:&quot;1470143062&quot;,&quot;copyright&quot;:&quot;&quot;,&quot;focal_length&quot;:&quot;62&quot;,&quot;iso&quot;:&quot;100&quot;,&quot;shutter_speed&quot;:&quot;0.005&quot;,&quot;title&quot;:&quot;&quot;,&quot;orientation&quot;:&quot;0&quot;}\" data-image-title=\"irma-yolanda-benton-fiol\" data-image-description=\"\" data-image-caption=\"\" data-medium-file=\"http:\/\/www.grieta.org.mx\/wp-content\/uploads\/2016\/08\/irma-yolanda-benton-fiol-300x200.jpg\" data-large-file=\"http:\/\/www.grieta.org.mx\/wp-content\/uploads\/2016\/08\/irma-yolanda-benton-fiol-1024x683.jpg\" src=\"http:\/\/www.grieta.org.mx\/wp-content\/uploads\/2016\/08\/irma-yolanda-benton-fiol-1024x683.jpg\" alt=\"irma-yolanda-benton-fiol\" width=\"1024\" height=\"683\" class=\"aligncenter size-medium wp-image-19210\" srcset=\"http:\/\/www.grieta.org.mx\/wp-content\/uploads\/2016\/08\/irma-yolanda-benton-fiol-1024x683.jpg 1024w, http:\/\/www.grieta.org.mx\/wp-content\/uploads\/2016\/08\/irma-yolanda-benton-fiol-300x200.jpg 300w, http:\/\/www.grieta.org.mx\/wp-content\/uploads\/2016\/08\/irma-yolanda-benton-fiol-768x512.jpg 768w, http:\/\/www.grieta.org.mx\/wp-content\/uploads\/2016\/08\/irma-yolanda-benton-fiol.jpg 1500w\" sizes=\"auto, (max-width: 1024px) 100vw, 1024px\" \/><\/p>\n<p>El pasado 14 de julio, tras un litigio de 10 a\u00f1os, en el que se agotaron las instancias desde la civil hasta la SCJN, se llev\u00f3 a cabo la restituci\u00f3n de derechos de la extensi\u00f3n de tierra en la zona de Pichilingue, en La Paz; la SCJN resolvi\u00f3 a favor, como \u00fanica propietaria del terreno, a la Inmobiliaria Tur\u00edstica Salvatierra.<\/p>\n<p>Despu\u00e9s de desahogar pruebas en las diferentes instancias de justicia \u201cy ante el desacato de la autoridad por parte de Carlos Benton Cota, quien se denominaba propietario de 202 hect\u00e1reas de dicho predio, la inmobiliaria solicit\u00f3 un recurso de restituci\u00f3n del predio a la Procuradur\u00eda General de Justicia de Estado\u201d.<\/p>\n<p><a href=\"http:\/\/www.bcsnoticias.mx\/tras-amenaza-de-despojo-familia-esta-secuestrada-sin-comida-dentro-de-su-predio-en-la-paz\/\" target=\"_blank\">http:\/\/www.bcsnoticias.mx\/tras-amenaza-de-despojo-familia-esta-secuestrada-sin-comida-dentro-de-su-predio-en-la-paz\/<\/a><\/p>\n","protected":false},"excerpt":{"rendered":"<p>La Paz, Baja California Sur (BCS). Tras el caso de la familia Benton, quien ten\u00eda un litigio contra Inmobiliaria Tur\u00edstica Salvatierra S.A. de C.V., por un predio de 202 hect\u00e1reas &hellip; <a href=\"http:\/\/www.grieta.org.mx\/index.php\/2016\/08\/03\/tras-amenaza-de-despojo-familia-esta-secuestrada-sin-comida-dentro-de-su-predio-en-la-paz\/\" class=\"more-link\">Leer m\u00e1s<\/a><\/p>\n","protected":false},"author":2,"featured_media":21928,"comment_status":"closed","ping_status":"closed","sticky":false,"template":"","format":"standard","meta":{"ngg_post_thumbnail":0,"_jetpack_newsletter_access":"","_jetpack_dont_email_post_to_subs":false,"_jetpack_newsletter_tier_id":0,"_jetpack_memberships_contains_paywalled_content":false,"_jetpack_memberships_contains_paid_content":false,"footnotes":""},"categories":[80],"tags":[],"class_list":["post-19197","post","type-post","status-publish","format-standard","has-post-thumbnail","hentry","category-cintillo","entry"],"jetpack_featured_media_url":"http:\/\/www.grieta.org.mx\/wp-content\/uploads\/2018\/03\/14524434_1106112876131411_958039263622046936_o.jpg","jetpack_sharing_enabled":true,"jetpack_shortlink":"https:\/\/wp.me\/p7ZJR4-4ZD","jetpack_likes_enabled":false,"jetpack-related-posts":[{"id":21160,"url":"http:\/\/www.grieta.org.mx\/index.php\/2016\/08\/23\/por-segunda-vez-se-manifiesta-familia-benton-en-el-congreso-de-bcs-por-supuesto-despojo\/","url_meta":{"origin":19197,"position":0},"title":"Por segunda vez, se manifiesta familia Benton en el Congreso de BCS por supuesto despojo","author":"grieta","date":"23 agosto, 2016","format":false,"excerpt":"Por segunda vez, m\u00e1s de 20 personas de la familia Benton se manifestaron en el Congreso del Estado, para exigir que no se les despoje del predio ubicado en la carretera a Pichilingue en La Paz, del cual se\u00f1alan que es de su propiedad y no de la inmobiliaria La\u2026","rel":"","context":"En &quot;CINTILLO&quot;","block_context":{"text":"CINTILLO","link":"http:\/\/www.grieta.org.mx\/index.php\/category\/cintillo\/"},"img":{"alt_text":"","src":"https:\/\/i0.wp.com\/www.grieta.org.mx\/wp-content\/uploads\/2018\/03\/14524434_1106112876131411_958039263622046936_o.jpg?resize=350%2C200","width":350,"height":200,"srcset":"https:\/\/i0.wp.com\/www.grieta.org.mx\/wp-content\/uploads\/2018\/03\/14524434_1106112876131411_958039263622046936_o.jpg?resize=350%2C200 1x, https:\/\/i0.wp.com\/www.grieta.org.mx\/wp-content\/uploads\/2018\/03\/14524434_1106112876131411_958039263622046936_o.jpg?resize=525%2C300 1.5x, https:\/\/i0.wp.com\/www.grieta.org.mx\/wp-content\/uploads\/2018\/03\/14524434_1106112876131411_958039263622046936_o.jpg?resize=700%2C400 2x"},"classes":[]},{"id":19212,"url":"http:\/\/www.grieta.org.mx\/index.php\/2016\/08\/23\/inmobiliaria-turistica-despoja-rancho-a-familia-con-aval-de-suprema-corte-en-baja-california-sur\/","url_meta":{"origin":19197,"position":1},"title":"Inmobiliaria tur\u00edstica despoja rancho a familia con aval de Suprema Corte en Baja California Sur","author":"grieta","date":"23 agosto, 2016","format":false,"excerpt":"23\/08\/16. Por segunda vez, se manifiesta familia Benton en el Congreso de BCS por supuesto despojo BCS Noticias 11\/08\/16. Caso Benton en La Paz, ya est\u00e1 resuelto; terreno pertenece a inmobiliaria: Gobierno de BCS (VIDEO) BCS Noticias 04\/08\/16. \u00bfD\u00f3nde est\u00e1 la justicia? (VIDEO) Pen\u00ednsula Digital 03\/08\/16. Tras amenaza de despojo\u2026","rel":"","context":"En &quot;Baja California Sur&quot;","block_context":{"text":"Baja California Sur","link":"http:\/\/www.grieta.org.mx\/index.php\/category\/noticias-nacionales\/baja-california-sur\/"},"img":{"alt_text":"","src":"https:\/\/i0.wp.com\/www.grieta.org.mx\/wp-content\/uploads\/2018\/03\/14524434_1106112876131411_958039263622046936_o.jpg?resize=350%2C200","width":350,"height":200,"srcset":"https:\/\/i0.wp.com\/www.grieta.org.mx\/wp-content\/uploads\/2018\/03\/14524434_1106112876131411_958039263622046936_o.jpg?resize=350%2C200 1x, https:\/\/i0.wp.com\/www.grieta.org.mx\/wp-content\/uploads\/2018\/03\/14524434_1106112876131411_958039263622046936_o.jpg?resize=525%2C300 1.5x, https:\/\/i0.wp.com\/www.grieta.org.mx\/wp-content\/uploads\/2018\/03\/14524434_1106112876131411_958039263622046936_o.jpg?resize=700%2C400 2x"},"classes":[]},{"id":19253,"url":"http:\/\/www.grieta.org.mx\/index.php\/2016\/08\/04\/donde-esta-la-justicia\/","url_meta":{"origin":19197,"position":2},"title":"\u00bfD\u00f3nde est\u00e1 la justicia?","author":"grieta","date":"4 agosto, 2016","format":false,"excerpt":"Hugo Daniel Alvarez 04\/08\/2016 La Paz, Baja California Sur. \u2013Entre l\u00e1grimas y visiblemente desesperada, la se\u00f1ora Irma Yolanda Benton Fiol, narra c\u00f3mo de un d\u00eda para otro su familia se vio despojada de su patrimonio, su integridad f\u00edsica amenazada y con su madre atrapada por la empresa \u201cInmobiliaria Tur\u00edstica Salvatierra\u2026","rel":"","context":"En &quot;CINTILLO&quot;","block_context":{"text":"CINTILLO","link":"http:\/\/www.grieta.org.mx\/index.php\/category\/cintillo\/"},"img":{"alt_text":"","src":"https:\/\/i0.wp.com\/www.grieta.org.mx\/wp-content\/uploads\/2018\/03\/14524434_1106112876131411_958039263622046936_o.jpg?resize=350%2C200","width":350,"height":200,"srcset":"https:\/\/i0.wp.com\/www.grieta.org.mx\/wp-content\/uploads\/2018\/03\/14524434_1106112876131411_958039263622046936_o.jpg?resize=350%2C200 1x, https:\/\/i0.wp.com\/www.grieta.org.mx\/wp-content\/uploads\/2018\/03\/14524434_1106112876131411_958039263622046936_o.jpg?resize=525%2C300 1.5x, https:\/\/i0.wp.com\/www.grieta.org.mx\/wp-content\/uploads\/2018\/03\/14524434_1106112876131411_958039263622046936_o.jpg?resize=700%2C400 2x"},"classes":[]},{"id":19638,"url":"http:\/\/www.grieta.org.mx\/index.php\/2016\/08\/11\/caso-benton-en-la-paz-ya-esta-resuelto-terreno-pertenece-a-inmobiliaria-gobierno-de-bcs\/","url_meta":{"origin":19197,"position":3},"title":"Caso Benton en La Paz, ya est\u00e1 resuelto; terreno pertenece a inmobiliaria: Gobierno de BCS","author":"grieta","date":"11 agosto, 2016","format":false,"excerpt":"a Paz, Baja California Sur (BCS). El Secretario General de Gobierno, \u00c1lvaro de la Pe\u00f1a Angulo coment\u00f3 que , fungiendo el Gobierno del Estado de Baja California Sur como garante de las leyes, el caso de la familia Benton contra la inmobiliaria Tur\u00edstica Salvatierra fue cerrado y resuelto desde el\u2026","rel":"","context":"En &quot;CINTILLO&quot;","block_context":{"text":"CINTILLO","link":"http:\/\/www.grieta.org.mx\/index.php\/category\/cintillo\/"},"img":{"alt_text":"","src":"https:\/\/i0.wp.com\/www.grieta.org.mx\/wp-content\/uploads\/2018\/03\/14524434_1106112876131411_958039263622046936_o.jpg?resize=350%2C200","width":350,"height":200,"srcset":"https:\/\/i0.wp.com\/www.grieta.org.mx\/wp-content\/uploads\/2018\/03\/14524434_1106112876131411_958039263622046936_o.jpg?resize=350%2C200 1x, https:\/\/i0.wp.com\/www.grieta.org.mx\/wp-content\/uploads\/2018\/03\/14524434_1106112876131411_958039263622046936_o.jpg?resize=525%2C300 1.5x, https:\/\/i0.wp.com\/www.grieta.org.mx\/wp-content\/uploads\/2018\/03\/14524434_1106112876131411_958039263622046936_o.jpg?resize=700%2C400 2x"},"classes":[]},{"id":19218,"url":"http:\/\/www.grieta.org.mx\/index.php\/2016\/07\/14\/familia-se-defiende-de-guardias-por-un-terreno-en-donde-vivio-mas-de-50-anos-video\/","url_meta":{"origin":19197,"position":4},"title":"Familia se defiende de guardias por un terreno en donde vivi\u00f3 m\u00e1s de 50 a\u00f1os (VIDEO)","author":"grieta","date":"14 julio, 2016","format":false,"excerpt":"Con picos y palas hicieron frente a los uniformados que trabajan para la empresa Fraccionaria Tur\u00edstica Salvatierra en La Paz, BCS; alegan despojo. La Paz, BCS. A pesar de que el proceso judicial para determinar qui\u00e9n es el due\u00f1o de un terreno, la empresa Fraccionaria Tur\u00edstica Salvatierra volvi\u00f3 a hostigar\u2026","rel":"","context":"En &quot;CINTILLO&quot;","block_context":{"text":"CINTILLO","link":"http:\/\/www.grieta.org.mx\/index.php\/category\/cintillo\/"},"img":{"alt_text":"","src":"https:\/\/i0.wp.com\/www.grieta.org.mx\/wp-content\/uploads\/2018\/03\/14524434_1106112876131411_958039263622046936_o.jpg?resize=350%2C200","width":350,"height":200,"srcset":"https:\/\/i0.wp.com\/www.grieta.org.mx\/wp-content\/uploads\/2018\/03\/14524434_1106112876131411_958039263622046936_o.jpg?resize=350%2C200 1x, https:\/\/i0.wp.com\/www.grieta.org.mx\/wp-content\/uploads\/2018\/03\/14524434_1106112876131411_958039263622046936_o.jpg?resize=525%2C300 1.5x, https:\/\/i0.wp.com\/www.grieta.org.mx\/wp-content\/uploads\/2018\/03\/14524434_1106112876131411_958039263622046936_o.jpg?resize=700%2C400 2x"},"classes":[]},{"id":21144,"url":"http:\/\/www.grieta.org.mx\/index.php\/2016\/08\/26\/veda-en-golfo-de-ulloa-es-para-establecer-minera-submarina-don-diego-asegura-victor-castro\/","url_meta":{"origin":19197,"position":5},"title":"Veda en golfo de Ulloa es para establecer minera submarina Don Diego, asegura V\u00edctor Castro","author":"grieta","date":"26 agosto, 2016","format":false,"excerpt":"a Paz, Baja California Sur (BCS). El coordinador de Comit\u00e9s Municipales del Movimiento de Regeneraci\u00f3n Nacional (Morena) en Baja California Sur, V\u00edctor Castro Cos\u00edo, asever\u00f3 que el \u00fanico inter\u00e9s de imponer la veda a los pescadores del Golfo de Ulloa es el establecimiento de la minera submarina \u2018Don Diego\u2019. \u201cQuiero\u2026","rel":"","context":"En &quot;CINTILLO&quot;","block_context":{"text":"CINTILLO","link":"http:\/\/www.grieta.org.mx\/index.php\/category\/cintillo\/"},"img":{"alt_text":"","src":"https:\/\/i0.wp.com\/www.grieta.org.mx\/wp-content\/uploads\/2018\/03\/14524434_1106112876131411_958039263622046936_o.jpg?resize=350%2C200","width":350,"height":200,"srcset":"https:\/\/i0.wp.com\/www.grieta.org.mx\/wp-content\/uploads\/2018\/03\/14524434_1106112876131411_958039263622046936_o.jpg?resize=350%2C200 1x, https:\/\/i0.wp.com\/www.grieta.org.mx\/wp-content\/uploads\/2018\/03\/14524434_1106112876131411_958039263622046936_o.jpg?resize=525%2C300 1.5x, https:\/\/i0.wp.com\/www.grieta.org.mx\/wp-content\/uploads\/2018\/03\/14524434_1106112876131411_958039263622046936_o.jpg?resize=700%2C400 2x"},"classes":[]}],"_links":{"self":[{"href":"http:\/\/www.grieta.org.mx\/index.php\/wp-json\/wp\/v2\/posts\/19197","targetHints":{"allow":["GET"]}}],"collection":[{"href":"http:\/\/www.grieta.org.mx\/index.php\/wp-json\/wp\/v2\/posts"}],"about":[{"href":"http:\/\/www.grieta.org.mx\/index.php\/wp-json\/wp\/v2\/types\/post"}],"author":[{"embeddable":true,"href":"http:\/\/www.grieta.org.mx\/index.php\/wp-json\/wp\/v2\/users\/2"}],"replies":[{"embeddable":true,"href":"http:\/\/www.grieta.org.mx\/index.php\/wp-json\/wp\/v2\/comments?post=19197"}],"version-history":[{"count":1,"href":"http:\/\/www.grieta.org.mx\/index.php\/wp-json\/wp\/v2\/posts\/19197\/revisions"}],"predecessor-version":[{"id":21180,"href":"http:\/\/www.grieta.org.mx\/index.php\/wp-json\/wp\/v2\/posts\/19197\/revisions\/21180"}],"wp:featuredmedia":[{"embeddable":true,"href":"http:\/\/www.grieta.org.mx\/index.php\/wp-json\/wp\/v2\/media\/21928"}],"wp:attachment":[{"href":"http:\/\/www.grieta.org.mx\/index.php\/wp-json\/wp\/v2\/media?parent=19197"}],"wp:term":[{"taxonomy":"category","embeddable":true,"href":"http:\/\/www.grieta.org.mx\/index.php\/wp-json\/wp\/v2\/categories?post=19197"},{"taxonomy":"post_tag","embeddable":true,"href":"http:\/\/www.grieta.org.mx\/index.php\/wp-json\/wp\/v2\/tags?post=19197"}],"curies":[{"name":"wp","href":"https:\/\/api.w.org\/{rel}","templated":true}]}}