{"id":19190,"date":"2016-07-31T11:17:00","date_gmt":"2016-07-31T16:17:00","guid":{"rendered":"http:\/\/www.grieta.org.mx\/?p=19190"},"modified":"2018-06-18T09:48:11","modified_gmt":"2018-06-18T14:48:11","slug":"denuncian-irregularidades-en-la-consulta-sobre-la-soya","status":"publish","type":"post","link":"http:\/\/www.grieta.org.mx\/index.php\/2016\/07\/31\/denuncian-irregularidades-en-la-consulta-sobre-la-soya\/","title":{"rendered":"Denuncian irregularidades en la consulta sobre la soya"},"content":{"rendered":"<p>En una carta abierta, el pueblo maya expres\u00f3 su inconformidad y desconfianza por la actuaci\u00f3n de las autoridades encargadas de organizar la consulta ind\u00edgena por la siembra de soya transg\u00e9nica.<\/p>\n<p>En el escrito dirigido a la Comisi\u00f3n Intersecretarial de Bioseguridad de los Organismos Gen\u00e9ticamente Modificados (Cibiogem); a la Comisi\u00f3n Nacional para el Desarrollo de los Pueblos Ind\u00edgena (CDI); la Secretar\u00eda de Agricultura, Ganader\u00eda, Desarrollo Rural, Pesca y Alimentaci\u00f3n (Sagarpa), y al Servicio Nacional de Sanidad, Inocuidad y Calidad Agroalimentaria (Senasica), se exponen una serie de irregularidades que han abonado a la violaci\u00f3n de los derechos del<br \/>\npueblo maya.<\/p>\n<p>Con las firmas de representantes de 27 comunidades mayas avalados con actas de asamblea ejidal, exponen que durante el proceso de consulta y en espec\u00edfico en la reuni\u00f3n del pasado 30 de junio, las autoridades alimentaron el conflicto permitiendo la intromisi\u00f3n de productores de soya del ejido de Iturbide que no contaba con representaci\u00f3n avalada por una asamblea ejidal, as\u00ed como de una comunidad del municipio de Campeche y varios campos<br \/>\nmenonitas.<\/p>\n<p>Los representantes del pueblo maya apelaron sobre la reuni\u00f3n que organiz\u00f3 la Sagarpa el pasado 1 de julio, en donde ofrecieron asesor\u00eda legal al grupo de soyeros sin aclararles que est\u00e1 totalmente prohibida la siembra de soya transg\u00e9nica.<\/p>\n<p>Explicaron que los amparos que lograron la suspensi\u00f3n de la siembra fueron entregados por 5 organizaciones de apicultores y 2 comunidades, en total con el respaldo de m\u00e1s de 3 mil personas de 5 municipios.<\/p>\n<p>Recordaron que la Comisi\u00f3n Nacional de Derechos Humanos (CNDH) recomend\u00f3 a las autoridades que se realizara la consulta en todos los municipios en donde se hab\u00eda autorizado la siembra de soya transg\u00e9nica del pa\u00eds, tema que no ha sido abordado por las dependencias citadas.<\/p>\n<p>\u201cOtra vez no hay buena fe de su parte y se alimenta el conflicto y los ataques de los productores de soya, poniendo en riesgo a los representantes legales de estas organizaciones demandantes\u201d, afirmaron.<\/p>\n<p><a href=\"http:\/\/expresocampeche.com\/notas\/estado\/2016\/07\/31\/denuncian-irregularidades-en-la-consulta-la-soya\/\" target=\"_blank\">http:\/\/expresocampeche.com\/notas\/estado\/2016\/07\/31\/denuncian-irregularidades-en-la-consulta-la-soya\/<\/a><\/p>\n","protected":false},"excerpt":{"rendered":"<p>En una carta abierta, el pueblo maya expres\u00f3 su inconformidad y desconfianza por la actuaci\u00f3n de las autoridades encargadas de organizar la consulta ind\u00edgena por la siembra de soya transg\u00e9nica. &hellip; <a href=\"http:\/\/www.grieta.org.mx\/index.php\/2016\/07\/31\/denuncian-irregularidades-en-la-consulta-sobre-la-soya\/\" class=\"more-link\">Leer m\u00e1s<\/a><\/p>\n","protected":false},"author":2,"featured_media":21928,"comment_status":"closed","ping_status":"closed","sticky":false,"template":"","format":"standard","meta":{"ngg_post_thumbnail":0,"_jetpack_newsletter_access":"","_jetpack_dont_email_post_to_subs":false,"_jetpack_newsletter_tier_id":0,"_jetpack_memberships_contains_paywalled_content":false,"_jetpack_memberships_contains_paid_content":false,"footnotes":""},"categories":[60,123,11,80,1,2,28,1151,1152,1153,36],"tags":[275,161,159],"class_list":{"0":"post-19190","1":"post","2":"type-post","3":"status-publish","4":"format-standard","5":"has-post-thumbnail","6":"hentry","7":"category-16-pueblo-maya","8":"category-campeche","10":"category-cintillo","11":"category-espejos-de-la-resistencia","12":"category-noticias-nacionales","13":"category-quintana-roo","14":"category-se-organizan-para-frenar-avance-de-transgenicos-en-yucatan-campeche-y-quintana-roo","15":"category-se-organizan-para-frenar-avance-de-transgenicos-en-yucatan-campeche-y-quintana-roo-yucatan","16":"category-se-organizan-para-frenar-avance-de-transgenicos-en-yucatan-campeche-y-quintana-roo-quintana-roo","17":"category-yucatan","18":"tag-consulta-publica-previa-libre-e-informada","19":"tag-monsanto","20":"tag-transgenicos","21":"entry"},"jetpack_featured_media_url":"http:\/\/www.grieta.org.mx\/wp-content\/uploads\/2018\/03\/14524434_1106112876131411_958039263622046936_o.jpg","jetpack_sharing_enabled":true,"jetpack_shortlink":"https:\/\/wp.me\/p7ZJR4-4Zw","jetpack_likes_enabled":false,"jetpack-related-posts":[{"id":912,"url":"http:\/\/www.grieta.org.mx\/index.php\/2016\/09\/13\/se-organizan-para-frenar-avance-de-transgenicos-en-yucatan-campeche-y-quintana-roo\/","url_meta":{"origin":19190,"position":0},"title":"Se organizan para frenar avance de transg\u00e9nicos en Yucat\u00e1n, Campeche y Quintana Roo","author":"grieta","date":"13 septiembre, 2016","format":false,"excerpt":"13\/04\/16. Conformaci\u00f3n de la Misi\u00f3n de Observaci\u00f3n de la Consulta al pueblo Maya sobre la siembra de soya gen\u00e9ticamente modificada de la empresa Monsanto Cayacyucatan 01\/04\/16. Irregularidades en Consulta Ind\u00edgena sobre la siembra de soya gen\u00e9ticamente en Campeche Infolliteras 22\/02\/16. Campeche, en mapa global sobre Riesgos Ambientales. Lo catalogan por\u2026","rel":"","context":"En &quot;16. Pueblo Maya&quot;","block_context":{"text":"16. Pueblo Maya","link":"http:\/\/www.grieta.org.mx\/index.php\/category\/espejos-de-la-resistencia\/16-pueblo-maya\/"},"img":{"alt_text":"","src":"https:\/\/i0.wp.com\/www.grieta.org.mx\/wp-content\/uploads\/2018\/03\/14524434_1106112876131411_958039263622046936_o.jpg?resize=350%2C200","width":350,"height":200,"srcset":"https:\/\/i0.wp.com\/www.grieta.org.mx\/wp-content\/uploads\/2018\/03\/14524434_1106112876131411_958039263622046936_o.jpg?resize=350%2C200 1x, https:\/\/i0.wp.com\/www.grieta.org.mx\/wp-content\/uploads\/2018\/03\/14524434_1106112876131411_958039263622046936_o.jpg?resize=525%2C300 1.5x, https:\/\/i0.wp.com\/www.grieta.org.mx\/wp-content\/uploads\/2018\/03\/14524434_1106112876131411_958039263622046936_o.jpg?resize=700%2C400 2x"},"classes":[]},{"id":17044,"url":"http:\/\/www.grieta.org.mx\/index.php\/2016\/07\/05\/dicen-no-a-transgenicos-campeche\/","url_meta":{"origin":19190,"position":1},"title":"Dicen no a transg\u00e9nicos (Campeche)","author":"grieta","date":"5 julio, 2016","format":false,"excerpt":"Hopelch\u00e9n: En Iturbide no se sembrar\u00e1 ning\u00fan cent\u00edmetro de soya transg\u00e9nica, advirti\u00f3 el comisario ejidal Abelardo Brice\u00f1o Montoy, quien dijo que en asamblea, los ejidatarios acordaron que no se d\u00e9 lugar a cultivos con semillas gen\u00e9ticamente modificadas, pues ponen en riesgo al sector ap\u00edcola. En entrevista con TRIBUNA la autoridad\u2026","rel":"","context":"En &quot;16. Pueblo Maya&quot;","block_context":{"text":"16. Pueblo Maya","link":"http:\/\/www.grieta.org.mx\/index.php\/category\/espejos-de-la-resistencia\/16-pueblo-maya\/"},"img":{"alt_text":"","src":"https:\/\/i0.wp.com\/www.grieta.org.mx\/wp-content\/uploads\/2018\/03\/14524434_1106112876131411_958039263622046936_o.jpg?resize=350%2C200","width":350,"height":200,"srcset":"https:\/\/i0.wp.com\/www.grieta.org.mx\/wp-content\/uploads\/2018\/03\/14524434_1106112876131411_958039263622046936_o.jpg?resize=350%2C200 1x, https:\/\/i0.wp.com\/www.grieta.org.mx\/wp-content\/uploads\/2018\/03\/14524434_1106112876131411_958039263622046936_o.jpg?resize=525%2C300 1.5x, https:\/\/i0.wp.com\/www.grieta.org.mx\/wp-content\/uploads\/2018\/03\/14524434_1106112876131411_958039263622046936_o.jpg?resize=700%2C400 2x"},"classes":[]},{"id":17435,"url":"http:\/\/www.grieta.org.mx\/index.php\/2016\/07\/20\/firmas-contra-transgenicos-campeche\/","url_meta":{"origin":19190,"position":2},"title":"Firmas contra transg\u00e9nicos (Campeche)","author":"grieta","date":"20 julio, 2016","format":false,"excerpt":"Ejidatarios de Iturbide, Hopelch\u00e9n, entregaron ayer documento con 540 firmas a la Comisi\u00f3n de Derechos Humanos del Estado de Campeche (Codhecam), en que rechazan la siembra de soya transg\u00e9nica, ya que la consideran da\u00f1ina para la salud y de inter\u00e9s exclusivo de menonitas. Los comisarios ejidal y municipal Abelardo Brice\u00f1o\u2026","rel":"","context":"En &quot;16. Pueblo Maya&quot;","block_context":{"text":"16. Pueblo Maya","link":"http:\/\/www.grieta.org.mx\/index.php\/category\/espejos-de-la-resistencia\/16-pueblo-maya\/"},"img":{"alt_text":"","src":"https:\/\/i0.wp.com\/www.grieta.org.mx\/wp-content\/uploads\/2018\/03\/14524434_1106112876131411_958039263622046936_o.jpg?resize=350%2C200","width":350,"height":200,"srcset":"https:\/\/i0.wp.com\/www.grieta.org.mx\/wp-content\/uploads\/2018\/03\/14524434_1106112876131411_958039263622046936_o.jpg?resize=350%2C200 1x, https:\/\/i0.wp.com\/www.grieta.org.mx\/wp-content\/uploads\/2018\/03\/14524434_1106112876131411_958039263622046936_o.jpg?resize=525%2C300 1.5x, https:\/\/i0.wp.com\/www.grieta.org.mx\/wp-content\/uploads\/2018\/03\/14524434_1106112876131411_958039263622046936_o.jpg?resize=700%2C400 2x"},"classes":[]},{"id":11490,"url":"http:\/\/www.grieta.org.mx\/index.php\/2016\/04\/26\/continua-la-siembra-de-soya-transgenica-en-q-roo\/","url_meta":{"origin":19190,"position":3},"title":"Contin\u00faa la siembra de soya transg\u00e9nica en Q. Roo","author":"grieta","date":"26 abril, 2016","format":false,"excerpt":"Sentencia de amparo no responde la anulaci\u00f3n del permiso que le otorgaron a Monsanto. Javier Ortiz\/SIPSE BACALAR, Q. Roo.- Tras a\u00f1o y medio de esperar resoluci\u00f3n del juez sexto de distrito, productores de ma\u00edz y apicultores de varias comunidades del municipio de Bacalar, se dijeron decepcionados, pues s\u00f3lo recibieron resoluci\u00f3n\u2026","rel":"","context":"En &quot;16. Pueblo Maya&quot;","block_context":{"text":"16. Pueblo Maya","link":"http:\/\/www.grieta.org.mx\/index.php\/category\/espejos-de-la-resistencia\/16-pueblo-maya\/"},"img":{"alt_text":"","src":"https:\/\/i0.wp.com\/www.grieta.org.mx\/wp-content\/uploads\/2018\/03\/14524434_1106112876131411_958039263622046936_o.jpg?resize=350%2C200","width":350,"height":200,"srcset":"https:\/\/i0.wp.com\/www.grieta.org.mx\/wp-content\/uploads\/2018\/03\/14524434_1106112876131411_958039263622046936_o.jpg?resize=350%2C200 1x, https:\/\/i0.wp.com\/www.grieta.org.mx\/wp-content\/uploads\/2018\/03\/14524434_1106112876131411_958039263622046936_o.jpg?resize=525%2C300 1.5x, https:\/\/i0.wp.com\/www.grieta.org.mx\/wp-content\/uploads\/2018\/03\/14524434_1106112876131411_958039263622046936_o.jpg?resize=700%2C400 2x"},"classes":[]},{"id":10411,"url":"http:\/\/www.grieta.org.mx\/index.php\/2016\/04\/13\/hoy-consulta-sobre-siembra-de-soya-transgenica\/","url_meta":{"origin":19190,"position":4},"title":"Hoy, consulta sobre siembra de soya transg\u00e9nica","author":"grieta","date":"13 abril, 2016","format":false,"excerpt":"HOPELCHEN, Cam., 13 de abril.- Todo se encuentra listo para que hoy se lleve a cabo la consulta sobre la pertinencia de la siembra de soya gen\u00e9ticamente modificada, esto en acatamiento al mandato de la Suprema Corte de Justicia de la Naci\u00f3n, en el sentido de conocer la opini\u00f3n de\u2026","rel":"","context":"En &quot;16. Pueblo Maya&quot;","block_context":{"text":"16. Pueblo Maya","link":"http:\/\/www.grieta.org.mx\/index.php\/category\/espejos-de-la-resistencia\/16-pueblo-maya\/"},"img":{"alt_text":"","src":"https:\/\/i0.wp.com\/www.grieta.org.mx\/wp-content\/uploads\/2018\/03\/14524434_1106112876131411_958039263622046936_o.jpg?resize=350%2C200","width":350,"height":200,"srcset":"https:\/\/i0.wp.com\/www.grieta.org.mx\/wp-content\/uploads\/2018\/03\/14524434_1106112876131411_958039263622046936_o.jpg?resize=350%2C200 1x, https:\/\/i0.wp.com\/www.grieta.org.mx\/wp-content\/uploads\/2018\/03\/14524434_1106112876131411_958039263622046936_o.jpg?resize=525%2C300 1.5x, https:\/\/i0.wp.com\/www.grieta.org.mx\/wp-content\/uploads\/2018\/03\/14524434_1106112876131411_958039263622046936_o.jpg?resize=700%2C400 2x"},"classes":[]},{"id":19369,"url":"http:\/\/www.grieta.org.mx\/index.php\/2016\/07\/30\/sagarpa-y-la-cdi-alientan-conflictos-campeche\/","url_meta":{"origin":19190,"position":5},"title":"Sagarpa y la CDI alientan conflictos (Campeche)","author":"grieta","date":"30 julio, 2016","format":false,"excerpt":"Habitantes de 27 comunidades mayas del municipio de Hopelch\u00e9n presentar\u00e1n pruebas documentales ante el Juzgado Segundo de Distrito, de las irregularidades que se est\u00e1n cometiendo en el proceso de consulta popular, en donde la Comisi\u00f3n Nacional para el Desarrollo de los Pueblos Ind\u00edgenas (CDI) y la Secretar\u00eda de Agricultura, Ganader\u00eda,\u2026","rel":"","context":"En &quot;16. Pueblo Maya&quot;","block_context":{"text":"16. Pueblo Maya","link":"http:\/\/www.grieta.org.mx\/index.php\/category\/espejos-de-la-resistencia\/16-pueblo-maya\/"},"img":{"alt_text":"","src":"https:\/\/i0.wp.com\/www.grieta.org.mx\/wp-content\/uploads\/2018\/03\/14524434_1106112876131411_958039263622046936_o.jpg?resize=350%2C200","width":350,"height":200,"srcset":"https:\/\/i0.wp.com\/www.grieta.org.mx\/wp-content\/uploads\/2018\/03\/14524434_1106112876131411_958039263622046936_o.jpg?resize=350%2C200 1x, https:\/\/i0.wp.com\/www.grieta.org.mx\/wp-content\/uploads\/2018\/03\/14524434_1106112876131411_958039263622046936_o.jpg?resize=525%2C300 1.5x, https:\/\/i0.wp.com\/www.grieta.org.mx\/wp-content\/uploads\/2018\/03\/14524434_1106112876131411_958039263622046936_o.jpg?resize=700%2C400 2x"},"classes":[]}],"_links":{"self":[{"href":"http:\/\/www.grieta.org.mx\/index.php\/wp-json\/wp\/v2\/posts\/19190","targetHints":{"allow":["GET"]}}],"collection":[{"href":"http:\/\/www.grieta.org.mx\/index.php\/wp-json\/wp\/v2\/posts"}],"about":[{"href":"http:\/\/www.grieta.org.mx\/index.php\/wp-json\/wp\/v2\/types\/post"}],"author":[{"embeddable":true,"href":"http:\/\/www.grieta.org.mx\/index.php\/wp-json\/wp\/v2\/users\/2"}],"replies":[{"embeddable":true,"href":"http:\/\/www.grieta.org.mx\/index.php\/wp-json\/wp\/v2\/comments?post=19190"}],"version-history":[{"count":1,"href":"http:\/\/www.grieta.org.mx\/index.php\/wp-json\/wp\/v2\/posts\/19190\/revisions"}],"predecessor-version":[{"id":19192,"href":"http:\/\/www.grieta.org.mx\/index.php\/wp-json\/wp\/v2\/posts\/19190\/revisions\/19192"}],"wp:featuredmedia":[{"embeddable":true,"href":"http:\/\/www.grieta.org.mx\/index.php\/wp-json\/wp\/v2\/media\/21928"}],"wp:attachment":[{"href":"http:\/\/www.grieta.org.mx\/index.php\/wp-json\/wp\/v2\/media?parent=19190"}],"wp:term":[{"taxonomy":"category","embeddable":true,"href":"http:\/\/www.grieta.org.mx\/index.php\/wp-json\/wp\/v2\/categories?post=19190"},{"taxonomy":"post_tag","embeddable":true,"href":"http:\/\/www.grieta.org.mx\/index.php\/wp-json\/wp\/v2\/tags?post=19190"}],"curies":[{"name":"wp","href":"https:\/\/api.w.org\/{rel}","templated":true}]}}