{"id":19178,"date":"2016-08-12T10:02:36","date_gmt":"2016-08-12T15:02:36","guid":{"rendered":"http:\/\/www.grieta.org.mx\/?p=19178"},"modified":"2016-08-12T10:58:56","modified_gmt":"2016-08-12T15:58:56","slug":"enfrentamiento-entre-policias-y-pobladores-de-xbacab-campeche","status":"publish","type":"post","link":"http:\/\/www.grieta.org.mx\/index.php\/2016\/08\/12\/enfrentamiento-entre-policias-y-pobladores-de-xbacab-campeche\/","title":{"rendered":"Enfrentamiento entre polic\u00edas y pobladores de Xbacab (Campeche)"},"content":{"rendered":"<p><strong>12\/08\/16. <\/strong><a href=\"http:\/\/www.grieta.org.mx\/index.php\/2016\/08\/12\/habitantes-de-xbacab-claman-justicia-juridica-campeche\/\">Habitantes de Xbacab claman justicia jur\u00eddica (Campeche)<\/a><br \/>\n<em>Tribuna<\/em><\/p>\n<p><strong>11\/08\/16. <\/strong><a href=\"http:\/\/www.grieta.org.mx\/index.php\/2016\/08\/11\/protestan-pobladores-de-xbacab-en-palacio-municipal-de-champoton-campeche\/\">Protestan pobladores de Xbacab en Palacio Municipal de Champot\u00f3n (Campeche)<\/a><br \/>\n<em>P\u00e1gin@bierta<\/em><\/p>\n<p><strong>11\/08\/16. <\/strong><a href=\"http:\/\/www.grieta.org.mx\/index.php\/2016\/08\/11\/arbitrariedades-en-detenciones-de-acusados-de-secuestro-campeche\/\">Arbitrariedades en detenciones de acusados de secuestro (Campeche)<\/a><br \/>\n<em>P\u00e1gin@bierta<\/em><\/p>\n<p><strong>10\/08\/16. <\/strong><a href=\"http:\/\/www.grieta.org.mx\/index.php\/2016\/08\/10\/acto-de-corrupcion-policiaca-provoco-brutal-represion-en-xbacab\/\">Acto de corrupci\u00f3n policiaca provoc\u00f3 brutal represi\u00f3n en Xbacab<\/a><br \/>\n<em>P\u00e1gin@bierta<\/em><\/p>\n<p><strong>10\/08\/16. <\/strong><a href=\"http:\/\/www.grieta.org.mx\/index.php\/2016\/08\/10\/exigen-liberar-a-detenidos-de-la-comunidad-xbacab-campeche\/\">Exigen liberar a detenidos de la comunidad Xbacab (Campeche)<\/a><br \/>\n<em>Tribuna<\/em><\/p>\n<p><strong>08\/08\/16. <\/strong><a href=\"http:\/\/www.grieta.org.mx\/index.php\/2016\/08\/08\/detienen-a-dos-por-retencion-de-cinco-ministeriales-en-campeche\/\">Detienen a dos por retenci\u00f3n de cinco ministeriales en Campeche<\/a><br \/>\n<em>Proceso<\/em><\/p>\n<p><strong>08\/08\/16. <\/strong><a href=\"http:\/\/www.grieta.org.mx\/index.php\/2016\/08\/08\/policias-sitian-poblado-de-xbacab-campeche\/\">Polic\u00edas sitian poblado de Xbacab (Campeche)<\/a><br \/>\n<em>Tribuna<\/em><\/p>\n<p><strong>07\/08\/16. <\/strong><a href=\"http:\/\/www.grieta.org.mx\/index.php\/2016\/08\/07\/bloquean-la-champoton-escarcega-campeche\/\">Bloquean la Champot\u00f3n-Esc\u00e1rcega (Campeche)<\/a><br \/>\n<em>Tribuna<\/em><\/p>\n","protected":false},"excerpt":{"rendered":"<p>12\/08\/16. Habitantes de Xbacab claman justicia jur\u00eddica (Campeche) Tribuna 11\/08\/16. Protestan pobladores de Xbacab en Palacio Municipal de Champot\u00f3n (Campeche) P\u00e1gin@bierta 11\/08\/16. Arbitrariedades en detenciones de acusados de secuestro (Campeche) &hellip; <a href=\"http:\/\/www.grieta.org.mx\/index.php\/2016\/08\/12\/enfrentamiento-entre-policias-y-pobladores-de-xbacab-campeche\/\" class=\"more-link\">Leer m\u00e1s<\/a><\/p>\n","protected":false},"author":2,"featured_media":21928,"comment_status":"closed","ping_status":"closed","sticky":false,"template":"","format":"standard","meta":{"ngg_post_thumbnail":0,"_jetpack_newsletter_access":"","_jetpack_dont_email_post_to_subs":false,"_jetpack_newsletter_tier_id":0,"_jetpack_memberships_contains_paywalled_content":false,"_jetpack_memberships_contains_paid_content":false,"footnotes":""},"categories":[11,2],"tags":[],"class_list":["post-19178","post","type-post","status-publish","format-standard","has-post-thumbnail","hentry","category-campeche","category-noticias-nacionales","entry"],"jetpack_featured_media_url":"http:\/\/www.grieta.org.mx\/wp-content\/uploads\/2018\/03\/14524434_1106112876131411_958039263622046936_o.jpg","jetpack_sharing_enabled":true,"jetpack_shortlink":"https:\/\/wp.me\/p7ZJR4-4Zk","jetpack_likes_enabled":false,"jetpack-related-posts":[{"id":571,"url":"http:\/\/www.grieta.org.mx\/index.php\/2016\/09\/12\/movilizaciones-de-maestros-en-campeche-por-evaluacion-al-desempeno-y-reforma-educativa\/","url_meta":{"origin":19178,"position":0},"title":"Movilizaciones contra la Reforma Educativa y evaluaci\u00f3n magisterial en Campeche","author":"grieta","date":"12 septiembre, 2016","format":false,"excerpt":"12\/09\/16. Protestan en contra de reforma educativa (Campeche) El Expreso 24\/07\/16. Maestros vuelven a manifestarse contra Reforma Educativa (Campeche) P\u00e1gin@bierta 17\/07\/16. Maestros de Cetec exigen abrogar reforma educativa (Campeche) Tribuna 12\/07\/16. Campeche presente en las negociaciones de CNTE con Gobernaci\u00f3n P\u00e1gin@bierta 07\/07\/16. Volanteo y boteo de maestros democr\u00e1ticos en caseta\u2026","rel":"","context":"En &quot;Campeche&quot;","block_context":{"text":"Campeche","link":"http:\/\/www.grieta.org.mx\/index.php\/category\/noticias-nacionales\/campeche\/"},"img":{"alt_text":"","src":"https:\/\/i0.wp.com\/www.grieta.org.mx\/wp-content\/uploads\/2018\/03\/14524434_1106112876131411_958039263622046936_o.jpg?resize=350%2C200","width":350,"height":200,"srcset":"https:\/\/i0.wp.com\/www.grieta.org.mx\/wp-content\/uploads\/2018\/03\/14524434_1106112876131411_958039263622046936_o.jpg?resize=350%2C200 1x, https:\/\/i0.wp.com\/www.grieta.org.mx\/wp-content\/uploads\/2018\/03\/14524434_1106112876131411_958039263622046936_o.jpg?resize=525%2C300 1.5x, https:\/\/i0.wp.com\/www.grieta.org.mx\/wp-content\/uploads\/2018\/03\/14524434_1106112876131411_958039263622046936_o.jpg?resize=700%2C400 2x"},"classes":[]},{"id":2804,"url":"http:\/\/www.grieta.org.mx\/index.php\/2016\/07\/13\/solapan-autoridades-destruccion-ambiental-en-el-sur-por-palma-africana-2\/","url_meta":{"origin":19178,"position":1},"title":"Solapan autoridades destrucci\u00f3n ambiental en el sur, por palma africana","author":"grieta","date":"13 julio, 2016","format":false,"excerpt":"13\/07\/16. Sin autorizaciones ambientales, Sagarpa promueve palma africana (Campeche) P\u00e1gin@bierta 14\/06\/16. Intenta SDR convencer a ambientalistas sobre palma africana (Campeche) P\u00e1gin@bierta 07\/05\/16. Sin autorizaci\u00f3n de Semarnat, otros 3 grandes proyectos de palma P\u00e1gin@bierta 21\/03\/16. Proyecto estrat\u00e9gico de palma de aceite en Campeche ImagenAgropecuaria 16\/03\/16. Aflora conflicto de intereses de secretario\u2026","rel":"","context":"En &quot;Agroindustria&quot;","block_context":{"text":"Agroindustria","link":"http:\/\/www.grieta.org.mx\/index.php\/category\/megaproyectos\/agroindustria\/"},"img":{"alt_text":"","src":"https:\/\/i0.wp.com\/www.grieta.org.mx\/wp-content\/uploads\/2018\/03\/14524434_1106112876131411_958039263622046936_o.jpg?resize=350%2C200","width":350,"height":200,"srcset":"https:\/\/i0.wp.com\/www.grieta.org.mx\/wp-content\/uploads\/2018\/03\/14524434_1106112876131411_958039263622046936_o.jpg?resize=350%2C200 1x, https:\/\/i0.wp.com\/www.grieta.org.mx\/wp-content\/uploads\/2018\/03\/14524434_1106112876131411_958039263622046936_o.jpg?resize=525%2C300 1.5x, https:\/\/i0.wp.com\/www.grieta.org.mx\/wp-content\/uploads\/2018\/03\/14524434_1106112876131411_958039263622046936_o.jpg?resize=700%2C400 2x"},"classes":[]},{"id":21288,"url":"http:\/\/www.grieta.org.mx\/index.php\/2016\/09\/09\/protestas-contra-cementera-en-campeche\/","url_meta":{"origin":19178,"position":2},"title":"Protestas contra cementera en Campeche","author":"grieta","date":"9 septiembre, 2016","format":false,"excerpt":"09\/09\/16. Comunidad maya marcha por la defensa de su patrimonio ancestral que se destruye (Campeche) La Jornada Maya 05\/06\/16. Pescadores repudian permiso hasta el 2028 (Campeche) El Expreso de Campeche 18\/01\/16. Acusan a empresa por ecocidio en Seybaplaya El Expreso de Campeche 12\/09\/15. Protesta acu\u00e1tica de pescadores contra Monserrat 2000\u2026","rel":"","context":"En &quot;Campeche&quot;","block_context":{"text":"Campeche","link":"http:\/\/www.grieta.org.mx\/index.php\/category\/noticias-nacionales\/campeche\/"},"img":{"alt_text":"","src":"https:\/\/i0.wp.com\/www.grieta.org.mx\/wp-content\/uploads\/2018\/03\/14524434_1106112876131411_958039263622046936_o.jpg?resize=350%2C200","width":350,"height":200,"srcset":"https:\/\/i0.wp.com\/www.grieta.org.mx\/wp-content\/uploads\/2018\/03\/14524434_1106112876131411_958039263622046936_o.jpg?resize=350%2C200 1x, https:\/\/i0.wp.com\/www.grieta.org.mx\/wp-content\/uploads\/2018\/03\/14524434_1106112876131411_958039263622046936_o.jpg?resize=525%2C300 1.5x, https:\/\/i0.wp.com\/www.grieta.org.mx\/wp-content\/uploads\/2018\/03\/14524434_1106112876131411_958039263622046936_o.jpg?resize=700%2C400 2x"},"classes":[]},{"id":9598,"url":"http:\/\/www.grieta.org.mx\/index.php\/2016\/09\/10\/conflictos-laborales-en-campeche\/","url_meta":{"origin":19178,"position":3},"title":"Conflictos laborales en Campeche","author":"grieta","date":"10 septiembre, 2016","format":false,"excerpt":"10\/09\/16. Despiden a obreros de PASA por protestar (Campeche) Tribuna 09\/09\/16. Jubilados exigen pago de bonos (Campeche) Tribuna 06\/09\/16. Paran otra vez los polic\u00edas; sin bono (Campeche) Tribuna 30\/08\/16. Bloquean Planta de Nitr\u00f3geno Cantarell (Campeche) Tribuna 20\/08\/16. Paralizan labores en Cobacam (Campeche) Tribuna 12\/08\/16. Plantean demandas empleados del INAH (Campeche)\u2026","rel":"","context":"En &quot;Campeche&quot;","block_context":{"text":"Campeche","link":"http:\/\/www.grieta.org.mx\/index.php\/category\/noticias-nacionales\/campeche\/"},"img":{"alt_text":"","src":"https:\/\/i0.wp.com\/www.grieta.org.mx\/wp-content\/uploads\/2018\/03\/14524434_1106112876131411_958039263622046936_o.jpg?resize=350%2C200","width":350,"height":200,"srcset":"https:\/\/i0.wp.com\/www.grieta.org.mx\/wp-content\/uploads\/2018\/03\/14524434_1106112876131411_958039263622046936_o.jpg?resize=350%2C200 1x, https:\/\/i0.wp.com\/www.grieta.org.mx\/wp-content\/uploads\/2018\/03\/14524434_1106112876131411_958039263622046936_o.jpg?resize=525%2C300 1.5x, https:\/\/i0.wp.com\/www.grieta.org.mx\/wp-content\/uploads\/2018\/03\/14524434_1106112876131411_958039263622046936_o.jpg?resize=700%2C400 2x"},"classes":[]},{"id":1497,"url":"http:\/\/www.grieta.org.mx\/index.php\/2016\/01\/28\/reprimen-a-lider-campesino-por-oponerse-a-proyecto-inmobiliario-en-campeche\/","url_meta":{"origin":19178,"position":4},"title":"Reprimen a l\u00edder campesino por oponerse a proyecto inmobiliario en Campeche","author":"grieta","date":"28 enero, 2016","format":false,"excerpt":"28\/01\/16. \u201cPara la ley, acept\u00f3 ser culpable, pero la verdad hist\u00f3rica es diferente\u201d P\u00e1gin@bierta 25\/01\/16. Sale de la c\u00e1rcel primer preso pol\u00edtico del sexenio de \u201cAlito\u201d P\u00e1gin@bierta 20\/11\/15. \u201cMi encarcelamiento pago de una factura pol\u00edtica a Mouri\u00f1o\u201d: Celestino May Proceso 03\/10\/15. Campeche: arrestan de nuevo a l\u00edder campesino La Jornada\u2026","rel":"","context":"En &quot;Campeche&quot;","block_context":{"text":"Campeche","link":"http:\/\/www.grieta.org.mx\/index.php\/category\/noticias-nacionales\/campeche\/"},"img":{"alt_text":"","src":"https:\/\/i0.wp.com\/www.grieta.org.mx\/wp-content\/uploads\/2018\/03\/14524434_1106112876131411_958039263622046936_o.jpg?resize=350%2C200","width":350,"height":200,"srcset":"https:\/\/i0.wp.com\/www.grieta.org.mx\/wp-content\/uploads\/2018\/03\/14524434_1106112876131411_958039263622046936_o.jpg?resize=350%2C200 1x, https:\/\/i0.wp.com\/www.grieta.org.mx\/wp-content\/uploads\/2018\/03\/14524434_1106112876131411_958039263622046936_o.jpg?resize=525%2C300 1.5x, https:\/\/i0.wp.com\/www.grieta.org.mx\/wp-content\/uploads\/2018\/03\/14524434_1106112876131411_958039263622046936_o.jpg?resize=700%2C400 2x"},"classes":[]},{"id":13516,"url":"http:\/\/www.grieta.org.mx\/index.php\/2016\/05\/24\/explotacion-y-abuso-infantil-en-campeche\/","url_meta":{"origin":19178,"position":5},"title":"Explotaci\u00f3n y abuso infantil en Campeche","author":"grieta","date":"24 mayo, 2016","format":false,"excerpt":"24\/05\/16. Campeche, entre los 10 primeros lugares de violencia sexual contra ni\u00f1asP\u00e1gin@bierta","rel":"","context":"En &quot;Campeche&quot;","block_context":{"text":"Campeche","link":"http:\/\/www.grieta.org.mx\/index.php\/category\/noticias-nacionales\/campeche\/"},"img":{"alt_text":"","src":"https:\/\/i0.wp.com\/www.grieta.org.mx\/wp-content\/uploads\/2018\/03\/14524434_1106112876131411_958039263622046936_o.jpg?resize=350%2C200","width":350,"height":200,"srcset":"https:\/\/i0.wp.com\/www.grieta.org.mx\/wp-content\/uploads\/2018\/03\/14524434_1106112876131411_958039263622046936_o.jpg?resize=350%2C200 1x, https:\/\/i0.wp.com\/www.grieta.org.mx\/wp-content\/uploads\/2018\/03\/14524434_1106112876131411_958039263622046936_o.jpg?resize=525%2C300 1.5x, https:\/\/i0.wp.com\/www.grieta.org.mx\/wp-content\/uploads\/2018\/03\/14524434_1106112876131411_958039263622046936_o.jpg?resize=700%2C400 2x"},"classes":[]}],"_links":{"self":[{"href":"http:\/\/www.grieta.org.mx\/index.php\/wp-json\/wp\/v2\/posts\/19178","targetHints":{"allow":["GET"]}}],"collection":[{"href":"http:\/\/www.grieta.org.mx\/index.php\/wp-json\/wp\/v2\/posts"}],"about":[{"href":"http:\/\/www.grieta.org.mx\/index.php\/wp-json\/wp\/v2\/types\/post"}],"author":[{"embeddable":true,"href":"http:\/\/www.grieta.org.mx\/index.php\/wp-json\/wp\/v2\/users\/2"}],"replies":[{"embeddable":true,"href":"http:\/\/www.grieta.org.mx\/index.php\/wp-json\/wp\/v2\/comments?post=19178"}],"version-history":[{"count":1,"href":"http:\/\/www.grieta.org.mx\/index.php\/wp-json\/wp\/v2\/posts\/19178\/revisions"}],"predecessor-version":[{"id":19474,"href":"http:\/\/www.grieta.org.mx\/index.php\/wp-json\/wp\/v2\/posts\/19178\/revisions\/19474"}],"wp:featuredmedia":[{"embeddable":true,"href":"http:\/\/www.grieta.org.mx\/index.php\/wp-json\/wp\/v2\/media\/21928"}],"wp:attachment":[{"href":"http:\/\/www.grieta.org.mx\/index.php\/wp-json\/wp\/v2\/media?parent=19178"}],"wp:term":[{"taxonomy":"category","embeddable":true,"href":"http:\/\/www.grieta.org.mx\/index.php\/wp-json\/wp\/v2\/categories?post=19178"},{"taxonomy":"post_tag","embeddable":true,"href":"http:\/\/www.grieta.org.mx\/index.php\/wp-json\/wp\/v2\/tags?post=19178"}],"curies":[{"name":"wp","href":"https:\/\/api.w.org\/{rel}","templated":true}]}}