{"id":1913,"date":"2016-02-25T17:57:27","date_gmt":"2016-02-25T17:57:27","guid":{"rendered":"http:\/\/50.22.11.12\/~grietaor\/?p=1913"},"modified":"2016-03-10T20:55:13","modified_gmt":"2016-03-10T20:55:13","slug":"zacualpan-nuestra-vida-nuestra-tierra","status":"publish","type":"post","link":"http:\/\/www.grieta.org.mx\/index.php\/2016\/02\/25\/zacualpan-nuestra-vida-nuestra-tierra\/","title":{"rendered":"Zacualpan. Nuestra vida, nuestra tierra"},"content":{"rendered":"<p>Subversiones<br \/>\nPor Jos\u00e9 Mart\u00edn Pe\u00f1a Guzm\u00e1n<br \/>\nDocumental y presentaci\u00f3n por Carlos Mireles, Iztmalin Ben\u00edtez y David Flores Mag\u00f3n<\/p>\n<p><strong>I<\/strong><br \/>\n<strong> El documental<\/strong><\/p>\n<p>El documental que trabajamos camina por las tierras m\u00edticas de Comala, en Colima, terru\u00f1o \u00e1rido y lleno de tradiciones que nos narr\u00f3 con voz popular Juan Rulfo; ah\u00ed, en uno de los costados de ese municipio, viven comuneros y comuneras de Zacualpan, pueblo nahua perteneciente al Congreso Nacional Ind\u00edgena que ha re-emergido ante la amenaza del proyecto minero.<\/p>\n<p>Nos queda claro que \u00abcada rinc\u00f3n es un centro\u00bb, y este rinc\u00f3n ha sido epicentro de organizaci\u00f3n comunitaria, sacudi\u00e9ndose de caciques partidistas; mujeres, hombres, ni\u00f1os y ni\u00f1as han puesto la palabra y\/o el cuerpo cuando ha sido necesario. Tambi\u00e9n este rinc\u00f3n es un prisma que proyecta escenarios que se est\u00e1n dando en todo M\u00e9xico; como canto de loter\u00eda, salen a colaci\u00f3n: \u00a1el cacique! \u00a1la minera! \u00a1los gobernantes corruptos! \u00a1las mujeres luchadoras! \u00a1la tierra que se defiende! \u00a1el prestanombres! \u00a1los represores!<\/p>\n<p>En fin, hay un punto digno de resaltar, esta situaci\u00f3n de resurgimiento de una comunidad ind\u00edgena minimizada o invisibilizada oficialmente, que se reaviva al librar un proceso de defensa de la tierra, no es \u00fanica, se est\u00e1n dando traves\u00edas similares en otros estados, a sus formas\/tiempos y contextos suenan historias similares. Estos procesos van buscando los hilos de las ra\u00edces que conectan con su territorio, de los cuales, algunos permanecen fuertes, otros finos, y algunos m\u00e1s se han ido rompiendo, no por eso es imposible recuperarlos, como puede ser la memoria com\u00fan, la lengua, y algunas tradiciones, es decir, lo que se pone de manifiesto para dar sentido y particularidad a un tejido comunitario. Lo que nos lleva a pensar, que ante la desintegraci\u00f3n del Estado-Naci\u00f3n en este clima de terror que nos ha tocado vivir, lo que nos puede dar un soporte vital es la organizaci\u00f3n en COMUNIDAD .<\/p>\n<p>El acercarnos a esta lucha nos ense\u00f1a que la puesta en marcha de procesos autogestivos \u2013o son colectivos o no son autogestivos\u2013 ya que no s\u00f3lo fue plantarse con un No firme ante la mina, aprovechando el viaje como dicen, y despu\u00e9s de un proceso muy duro, la gente nahua de Zacualpan, ha podido recuperar y gestionar el ojo de agua que se trabaja como balneario comunitario.<\/p>\n<p>Si bien los sucesos son polvo en las historias de largo aliento, existen personas-canales que conectan distintas etapas. Como lo fue Santos L\u00f3pez en Nicaragua, quien tras su andar con Augusto C\u00e9sar Sandino, a\u00f1os despu\u00e9s conformar\u00eda con algunos j\u00f3venes el Frente Sandinista de Liberaci\u00f3n Nacional. As\u00ed es la historia de Pita, pilar fundamental de los primeros a\u00f1os de esta lucha, quien tras su paso por el CNI a\u00f1os atr\u00e1s, con un tes\u00f3n de mujer formidable, vino a contagiar convicci\u00f3n para parar la mina, pero sobre todo para hacer que brote de nuevo el sentido de comunidad en Zacualpan. Este documental va dedicado a ella y a otras personas-canales.<\/p>\n<p>Agradecemos el cari\u00f1o (y el saz\u00f3n) de la gente que en las visitas siempre nos recibieron con los brazos abiertos, con las ganas de compartir y con comida deliciosa.<\/p>\n<p>Ante la cat\u00e1strofe que vivimos en muchas partes, nos queda la esperanza que nos brindan comunidades como Zacualpan.<\/p>\n<p><strong>II<\/strong><br \/>\n<strong> La resistencia de Zacualpan contra la miner\u00eda<\/strong><\/p>\n<p>La comunidad ind\u00edgena de Zacualpan se localiza en el municipio de Comala, Colima, en las inmediaciones del r\u00edo Armer\u00eda o r\u00edo Grande, perteneciente a la cuenca hidrol\u00f3gica Ayuquila-Armer\u00eda, que nace en el Cerro Grande de la Reserva de la Bi\u00f3sfera de Manantl\u00e1n y desemboca en el mar. La comunidad se encuentra al pie del macizo monta\u00f1oso conocido como Cerro Grande a una altitud de 500 msnm en el poblado y que alcanza hasta 2500 msnm, en un peque\u00f1o plan flanqueado por laderas rocosas y por el cerro Gurupiche, quedando de frente a las enormes barrancas de r\u00edo Armer\u00eda y con el amplio paisaje del volc\u00e1n de Colima, de donde se mira el valle del territorio de Colima norte.<\/p>\n<p>La comunidad de Zacualpan es una comunidad ind\u00edgena nahua, que conforma una unidad social, econ\u00f3mica y cultural, asentada en un territorio que reconoce a sus autoridades propias de acuerdo a la normatividad de los usos y costumbres; tiene una poblaci\u00f3n de aproximadamente 1,724 personas y es identificada por su ascendencia ind\u00edgena, por sus leyendas, festividades ind\u00edgenas y por su estrecho v\u00ednculo con el territorio. Es una de las tres comunidades ind\u00edgenas que tiene el estado de Colima, las otras dos son: Suchitl\u00e1n e Ixtlahuac\u00e1n. La mayor\u00eda de sus habitantes se reconocen como pertenecientes al pueblo ind\u00edgena nahua-otom\u00ed, y aunque han perdido su idioma y vestidos tradicionales, de muchas formas conservan su identidad ind\u00edgena, conservando instituciones pol\u00edticas, econ\u00f3micas y culturales que los identifican con un pasado ancestral com\u00fan, adem\u00e1s de que hay festividades, costumbres y tradiciones que se hacen desde tiempos inmemorables. Cuenta con un reconocimiento oficial como pueblo ind\u00edgena, el cual se establece en el Decreto No. 614 del Cat\u00e1logo de Derechos de los Pueblos Ind\u00edgenas del Estado de Colima, publicado el 05 septiembre 2012, en el Peri\u00f3dico Oficial del Estado de Colima.<\/p>\n<p>Actualmente ,Zacualpan abastece de agua potable y de buena calidad, a una poblaci\u00f3n de m\u00e1s de 300,000 habitantes de la zona conurbada de la ciudad de Colima y Villa de \u00c1lvarez, calculando que hay asegurados 300 litros por persona; se garantiza la aportaci\u00f3n del agua potable no s\u00f3lo para la poblaci\u00f3n sino que se ha considerado un crecimiento demogr\u00e1fico en las dos cabeceras municipales. Cuenta con 338 viviendas habitadas, muchas de ellas carecen de drenaje y energ\u00eda el\u00e9ctrica. Cuenta con carretera pavimentada, transitable todo el a\u00f1o, la cual inicia en el municipio de Villa de \u00c1lvarez, y va rumbo al de Minatitl\u00e1n.<\/p>\n<p>Es la \u00fanica poblaci\u00f3n del estado donde a\u00edun se reconoce la propiedad comunal, la principal actividad econ\u00f3mica es la agricultura, la ganader\u00eda y los servicios. Especial menci\u00f3n requieren el cultivo de ciruela y la producci\u00f3n de conserva dulce para elaborar tamales, mientras que en el r\u00edo Armer\u00eda se colocan acachales para atrapar a unos langostinos de r\u00edo llamados chacales. En esta comunidad todav\u00eda se practica \u2013principalmente por mujeres\u2013 la recolecci\u00f3n de diferentes especies silvestres que se utilizan como medicina tradicional, esta comunidad es eminentemente agr\u00edcola de temporal; la mayor\u00eda de los pobladores siembran ma\u00edz, calabaza, frijol, chile y hortalizas, es importante tambi\u00e9n la recolecci\u00f3n silvestre de guam\u00fachiles, bonetes, huajes, ciruelas, camote del cerro, berros y nopales los cuales son comercializados en la capital del estado.<\/p>\n<p>Esta comunidad ha sido poseedora y propietaria de extensiones de tierra que han usufructuado colectivamente, conforme a sus usos y costumbres, con las que han mantenido una relaci\u00f3n no s\u00f3lo de propietarios sino ante todo un v\u00ednculo cultural que tienen con la superficie terrestre y con el h\u00e1bitat en su integralidad, es decir con su territorio, conforme a su cosmovisi\u00f3n como ind\u00edgenas.<\/p>\n<p>La din\u00e1mica hist\u00f3rica en que la comunidad agraria ind\u00edgena de Zacualpan tuvo el reconocimiento legal que hoy detenta se desarroll\u00f3 de la siguiente manera: ocupada esta parte por descendientes de los nahuas y otom\u00edes, se consolid\u00f3 por el crecimiento de Zacualpan y por los \u00abartificios jur\u00eddicos\u00bb a los que tuvieron que recurrir las comunidades ind\u00edgenas para preservar sus terrenos en el per\u00edodo previo a la Revoluci\u00f3n, ya que sus antepasados obtuvieron del encomendero los T\u00edtulos Primordiales de Adjudicaci\u00f3n.<\/p>\n<p>Conforme avanz\u00f3 en M\u00e9xico la Reforma Agraria, la comunidad ind\u00edgena nahua de Zacualpan busc\u00f3 iniciar el procedimiento de reconocimiento y titulaci\u00f3n de bienes comunales. Por escrito del 14 de abril de 1945, vecinos del poblado de Zacualpan, solicitaron del titular del Departamento Agrario, la confirmaci\u00f3n y titulaci\u00f3n de sus bienes comunales. Con la solicitud se inici\u00f3 la tramitaci\u00f3n del expediente respectivo, en la Secci\u00f3n Comunal de la Direcci\u00f3n de Tierras y Aguas del Departamento Agrario<\/p>\n<p>&nbsp;<\/p>\n<p>El 17 de abril de 1946, designaron a sus primeros representantes comunales, en ese momento no presentaban los t\u00edtulos que amparaban la propiedad y posesi\u00f3n comunal cuya confirmaci\u00f3n se solicitaba por haberlas extraviado, no existiendo por esta circunstancia dictamen paleogr\u00e1fico.<\/p>\n<p>De los datos t\u00e9cnicos e informativos recabados se desprende que la superficie levantada seg\u00fan el plano proyecto de localizaci\u00f3n, consta de una extensi\u00f3n de 5,950-40 hect\u00e1reas de terrenos que en su mayor\u00eda son de monte alto y agostadero cerril con 15% de temporal, no teniendo dificultades por linderos con sus colindantes.<\/p>\n<p>En el manantial de Zacualpan, perteneciente al territorio ind\u00edgena de la comunidad, se captan 1,000 l\/s, que son conducidos por gravedad desde la obra de toma hasta la planta de bombeo, a trav\u00e9s de una tuber\u00eda de acero de 914 mm (36\u201d) en una longitud de 2.1 aproximadamente, de este punto se bombea hacia el tanque de cambio de r\u00e9gimen, para posteriormente y por gravedad hacerlo llegar hasta la zona conurbada de Colima y Villa de \u00c1lvarez. El 7 de mayo de 1997, se expropia por causa de utilidad p\u00fablica una superficie de 12-01-44 Has., (doce hect\u00e1reas, un \u00e1rea de cuarenta y cuatro hect\u00e1reas) de temporal de uso com\u00fan, de terrenos comunales, a favor de la Secretar\u00eda del Medio Ambiente, Recursos Naturales y Pesca (SEMARNAT), quien las destinar\u00e1 a la construcci\u00f3n de la obra hidr\u00e1ulica Acueducto Zacualpan-Colima, la cual consiste en una obra de toma, la construcci\u00f3n de una planta de bombeo y de un tanque de cambio de r\u00e9gimen, as\u00ed como la instalaci\u00f3n de la l\u00ednea de conducci\u00f3n de tuber\u00eda de acero de 36? de di\u00e1metro.<\/p>\n<p>El Acueducto Zacualpan, proporciona agua potable a Colima, Comala y Villa de \u00c1lvarez, con un caudal de 1,000 litros por segundo, considerado por la Comisi\u00f3n Intermunicipal de Agua Potable y Alcantarillado de los municipios de Colima y Villa de \u00c1lvarez (CIAPACOV) la obra de infraestructura m\u00e1s importante para el suministro de agua potable a la capital del estado y a la zona conurbada de Villa de \u00c1lvarez y Comala, obra cuya utilidad est\u00e1 considerada con una vigencia, seg\u00fan las propias autoridades de entre 40 a 50 a\u00f1os, sin embargo, este importante aporte no se ha visto reflejado en las condiciones de vida de los pobladores de Zacualpan<\/p>\n<p>&nbsp;<\/p>\n<p><strong>Imposici\u00f3n de la miner\u00eda en la comunidad<\/strong><\/p>\n<p>En julio de 2013 el entonces presidente del Comisariado de Bienes Comunales, Carlos Guzm\u00e1n Teodoro, puso en el orden del d\u00eda de la asamblea comunal, el punto de la anuencia para instalar en el territorio una mina a cielo abierto de oro, plata, cobre y manganeso a menos de 1 kil\u00f3metro del \u00e1rea urbana de la comunidad.<\/p>\n<p>Durante 4 ocasiones la asamblea general de comuneros rechaz\u00f3 el punto y no autoriz\u00f3 la entrada de la mina, adem\u00e1s los pobladores denunciaron que Carlos Guzm\u00e1n Teodoro, violando la Ley Agraria y el Estatuto Comunal, no elabor\u00f3 las actas correspondientes, ni las registr\u00f3 ante el Registro Agrario Nacional (RAN).<\/p>\n<p>En contubernio con la empresa GABNER S.A. de C.V., que dice ser due\u00f1a de una concesi\u00f3n minera, y es representada en estas reuniones por el se\u00f1or Rigoberto Verduzco Rodr\u00edguez, quien convenci\u00f3 al presidente de Bienes Comunales para lograr la autorizaci\u00f3n de la comunidad, ofreciendo a algunos comuneros $17,000 pesos a cada uno, para que firmaran y a quienes no quer\u00edan firmar incluso se les amenaz\u00f3. La misma delegada de la Procuradur\u00eda Agraria en Colima, sabiendo que Carlos Guzm\u00e1n Teodoro no llevaba a cabo las actas de asamblea, ni las registraba, hac\u00eda caso omiso de las peticiones de los comuneros en el sentido de que elaborara las actas, as\u00ed como su inscripci\u00f3n el Registro Agrario Nacional.<\/p>\n<p>Ante esta situaci\u00f3n, el grupo opositor al proyecto minero solicit\u00f3 a la organizaci\u00f3n civil Bios Iguana A.C., llevar\u00e1 informaci\u00f3n a la comunidad sobre los impactos que traer\u00eda una mina para la salud, el medio ambiente, a la comunidad y principalmente para el manantial, principal abastecedor de agua para la comunidad y para aproximadamente 300,000 personas de las ciudades de Colima y Villa de \u00c1lvarez, a partir de esta informaci\u00f3n y de su propia experiencia, decidieron rechazar de manera definitiva cualquier actividad minera en su territorio sagrado<\/p>\n<p>&nbsp;<\/p>\n<p>El 1 de Diciembre de 2013, el comisario de Bienes Comunales convoca a una asamblea para tratar nuevamente el punto de la mina, al verse en clara desventaja, cancela la reuni\u00f3n sin justificaci\u00f3n. Ese d\u00eda decidieron llevar a cabo la primera asamblea p\u00fablica con comuneros y avecindados donde decidieron conformar el Consejo Ind\u00edgena por la Defensa del Territorio de Zacualpan, y adem\u00e1s, destituir al Comisariado y al Consejo de Vigilancia, y declarar a Zacualpan, \u00abterritorio libre de miner\u00eda\u00bb; desde ese momento acordaron solicitar a la Procuradur\u00eda Agraria convocara a nueva asamblea.<\/p>\n<p>El 15 y 16 de febrero de 2014, se realiz\u00f3 en la comunidad, el Foro Nacional de Afectados por la Miner\u00eda, al que asistieron comunidades afectadas y amenazadas por actividades mineras en todo el pa\u00eds, se escucho la palabra de acad\u00e9micos, abogados, investigadores, m\u00e9dicos, quienes desde distintos \u00e1ngulos informaron de las consecuencias negativas que la actividad minera ha tra\u00eddo y puede traer en los territorios ind\u00edgenas y campesinos, la vida y la salud de la gente de las comunidades afectadas. El d\u00eda 15, la funcionaria p\u00fablica Mar\u00eda Elena D\u00edaz, delegada de la Procuradur\u00eda Agraria, organismo descentralizado de la Secretar\u00eda de la Desarrollo Agrario, Territorial y Urbano (SEDATU), declar\u00f3 que gente de Michoac\u00e1n hab\u00eda invadido las asambleas comunales de Zacualpan.<\/p>\n<p>Ante esta situaci\u00f3n, cansados de la impunidad y de las faltas constantes a su Estatuto Comunal por parte del Comisariado de Bienes Comunales y el Consejo de Vigilancia, el 23 de febrero de 2014, reunidos en asamblea general de la comunidad ind\u00edgena, ante m\u00e1s de 85 comuneros reconocidos y de acuerdo con sus usos y costumbres, decidieron por unanimidad destituir al Comisariado de Bienes Comunales, por considerar que sus intereses por la explotaci\u00f3n minera, no le permiten ejercer correctamente el cargo de defender el territorio comunal. Nombrando como nuevas autoridades agrarias a Guadalupe Carpio Rinc\u00f3n, Epitacia Zamora Teodoro y Olivia Teodoro Aranda, acta de asamblea que fue pasada bajo la f\u00e9 del notario p\u00fablico Pablo Casta\u00f1eda de la Mora, notario p\u00fablico adscrito a la Notar\u00eda #4, de la Ciudad de Colima, Colima.<\/p>\n<p>En esta misma asamblea, se acuerda rechazar el proyecto minero y se declara el \u00abterritorio libre de miner\u00eda\u00bb, adem\u00e1s de reconocer que el Comisariado Comunal es quien debe administrar el Balneario \u00abOjo de Agua\u00bb, propiedad de la comunidad ind\u00edgena, que estuvo administrado por a\u00f1os por los supuestos caciques y que a decir de los pobladores nunca dieron cuentas a la comunidad.<\/p>\n<p>Ante la impugnaci\u00f3n del Comisariado depuesto, el Tribunal Unitario Agrario en el expediente 81\/2014, emite una sentencia y declara la validez de la asamblea realizada el 23 de febrero de 2014, en la que se destituye al Comisariado de Bienes Comunales, se rechaza el proyecto minero y en donde adem\u00e1s se declara la comunidad como \u00ablibre de miner\u00eda\u00bb, convirti\u00e9ndose as\u00ed en la primera comunidad ind\u00edgena del pa\u00eds, con su territorio libre de miner\u00eda reconocida por un tribunal del Estado mexicano, en esta sentencia tambi\u00e9n se reconoce a las autoridades agrarias que eligieron de manera mayoritaria, aunque \u00fanicamente como autoridades sustitutas<\/p>\n<p>&nbsp;<\/p>\n<p>El 30 de Noviembre de 2014, en cumplimiento a la resoluci\u00f3n de un Tribunal Colegiado, la Procuradur\u00eda Agraria, convoca a elecciones agrarias, sin tomar en cuenta a las autoridades electas de manera sustituta y con un gran operativo de seguridad p\u00fablica, en la que no se permite la entrada de observadores y prensa. Un d\u00eda antes uno de los candidatos a Presidente de Bienes Comunales, Taurino Rinc\u00f3n, que se opone a la imposici\u00f3n de la mina, fue amenazado v\u00eda telef\u00f3nica para que renunciara a su candidatura; Francisco Santos Quirino quien tambi\u00e9n estaba en la planilla fue encarcelado para evitar su participaci\u00f3n; a\u00fan as\u00ed, en esta elecci\u00f3n, la planilla encabezada por Taurino Rinc\u00f3n Lorenzo quedan como autoridades electas para un periodo de 3 a\u00f1os. Los comuneros opositores a la mina vuelven a ganar las elecciones.<\/p>\n<p>En este periodo ambas autoridades comunales, tanto las sustitutas como las electas en asamblea de fecha 30 de noviembre de 2014, han pedido apoyo del gobierno del estado, de la Procuradur\u00eda de Justicia del Estado, de la Procuradur\u00eda General de la Rep\u00fablica, del municipio de Comala, de la Comisi\u00f3n Estatal y Nacional de Derechos Humanos, del Congreso del Estado, de la Secretar\u00eda de Seguridad P\u00fablica, de la Secretar\u00eda de Gobernaci\u00f3n as\u00ed como del presidente Pe\u00f1a Nieto, y hasta la fecha el conflicto contin\u00faa sin ser atendido. La Procuradur\u00eda Agraria sigue protegiendo al grupo agresor, y tal parece que est\u00e1n esperando que la gente vinculada al Comisariado opositor al proyecto minero caiga en las provocaciones, sin embargo su lucha siempre ha sido pac\u00edfica.<\/p>\n<p>Para los comuneros e ind\u00edgenas pertenecientes a la comunidad de Zacualpan, la omisi\u00f3n y negligencia por parte de todas las autoridades federales, estatales y municipales para dar soluci\u00f3n al conflicto generado por la imposici\u00f3n de la mina y el despojo de sus bienes comunales, como lo es el \u00abOjo de agua\u00bb, tiene que ver con una pol\u00edtica discriminatoria y violatoria de derechos humanos en la que se les pretende despojar del territorio ind\u00edgena<\/p>\n<p>&nbsp;<\/p>\n<p>Tomando datos del Sistema de Administraci\u00f3n Minera de la Secretar\u00eda de Econom\u00eda, se muestra que en el periodo de 2002 a 2014 casi se triplic\u00f3 el n\u00famero de concesiones mineras en el estado de Colima, de 113 a 297. La misma dependencia reporta que en la actualidad una decena de compa\u00f1\u00edas mineras trasnacionales, originarias de Estados Unidos, China, Canad\u00e1, Reino Unido, Argentina, Italia e India, est\u00e1n en territorio colimense realizando labores de exploraci\u00f3n, en desarrollo o en plena producci\u00f3n.<\/p>\n<p>La mayor parte de estas empresas se dedica a la extracci\u00f3n de hierro, en tanto que otras buscan oro y plata. Entre ellas destacan las estadunidenses Tara Minerals Corp., Subsidiary of Tara Gold, Jaguar Mining Enterprises Inc. y Cotton &amp; Western Mining Inc, as\u00ed como la china Tianjin Binhai Harbor Port Int. Trade, la canadiense Macmillan Gold Corp., la inglesa London Mining Plc, y Ternium, de capital italo-argentino.<\/p>\n<p>Los primeros d\u00edas del mes de marzo de 2015, se realiz\u00f3 una Misi\u00f3n Civil Nacional e Internacional al Caso Zacualpan, en adelante la Misi\u00f3n, a la que asistieron representantes de redes, acad\u00e9micos, defensores de derechos humanos, intelectuales y medios de comunicaci\u00f3n de distintas partes del mundo y del pa\u00eds, cuyo objetivo fue: \u00abHacer una documentaci\u00f3n de hechos sobre las graves afectaciones a la vida comunitaria que han estado sucediendo con la poblaci\u00f3n ind\u00edgena de Zacualpan, a pesar de existir una serie de resoluciones judiciales y administrativas que supone son suficientes para el restablecimiento del estado de derecho, la gobernabilidad, la paz social\u00bb.<\/p>\n<p>Sin embargo, a la poblaci\u00f3n ind\u00edgena de Zacualpan les sorprende saber que existe una concesi\u00f3n, sin que esta se hubiera enterado de este hecho, pues cuenta con derechos agrarios e ind\u00edgenas que protegen sus tierras y territorios de manera especial, como es el derecho a la consulta previa libre e informada y el derecho al territorio.<\/p>\n<p>Una vez que declararon y han reiterado su territorio como libre de miner\u00eda, muchas de las autoridades responsables han declarado que: \u00abNo hay un conflicto minero en Zacualpan porque no hay un proyecto minero operando\u00bb. Sin embargo hay concesiones que se mantienen vigentes, as\u00ed como personas que se dicen titulares de estas concesiones, mismas que se otorgaron en contra de los derechos colectivos de la comunidad.<\/p>\n<p>&nbsp;<\/p>\n<p>En una revisi\u00f3n del Sistema de Administraci\u00f3n Minera de la Secretar\u00eda de Econom\u00eda, que realizaron junto con especialistas de la Misi\u00f3n Civil, encontraron que efectivamente en su territorio existen dos t\u00edtulos de concesi\u00f3n minera: la 227572, vigente, expedida el 06\/07\/2006, por la Agencia 102, en el expediente 183, municipio de Comala, lote: TIGRILLA, superficie:90.448 has, cuyo titular concesionario es Mario Carlos Moncada Cant\u00fa, persona que no conocen y no es de la comunidad, y el t\u00edtulo de concesi\u00f3n minera 201872, vigente, expedida el 11\/10\/1995 por la Agencia 42, en el expediente 4096, municipio de Comala, Lote: HELIOTROPO, con una superficie de 100 has, cuyo titular es Adolfo Pineda Mart\u00ednez. Esta informaci\u00f3n puede ser verificada en la p\u00e1gina oficial de la Secretar\u00eda de Econom\u00eda, concretamente en el sitio del Sistema de Administraci\u00f3n Minera, y en los registros con los que cuenta la cartograf\u00eda minera (Consultado el 19 de marzo de 2015).<\/p>\n<p>Una prueba m\u00e1s de la vigencia y la promoci\u00f3n de los concesionarios mineros la encontramos en que el Panorama Minero del Estado de Colima, publicado tambi\u00e9n por la Secretar\u00eda de Energ\u00eda, a trav\u00e9s del Servicio Geol\u00f3gico Mexicano: en la p\u00e1gina 29, se incluye en los Proyectos de Apoyo al Sector Minero, estudios de asesor\u00eda para el predio HELIOTROPO y se refiere a la concesi\u00f3n que indebidamente ha sido otorgado en sus tierras comunales e ind\u00edgenas.<\/p>\n<p>En otra p\u00e1gina se puede encontrar informaci\u00f3n, en la que una empresa denominada Minera Teck S.A. de C.V., contrata los servicios de \u00abConsultores en Ecolog\u00eda con visi\u00f3n integral S.A. de C.V.\u00bb para la elaboraci\u00f3n de una Manifestaci\u00f3n de Impacto Ambiental en su modalidad general del proyecto \u00abHELIOTROPO\u00bb, y para la elaboraci\u00f3n de una Manifestaci\u00f3n de Impacto Ambiental en su modalidad general del proyecto \u00abLA TIGRILLA\u00bb.<\/p>\n<p>Con relaci\u00f3n al tr\u00e1mite relativo a la Manifestaci\u00f3n de Impacto Ambiental (MIA), en la reuni\u00f3n del 2 de marzo de 2015, se les entreg\u00f3 una copia simple del oficio, con n\u00famero 1562\/14, firmado por el delegado federal en Colima de la SEMARNAT, que dice que ha tomado en cuenta la decisi\u00f3n de la comunidad \u00abpara informar a cualquier inversionista que pretenda ingresar su evaluaci\u00f3n\u00bb, lo que no es una garant\u00eda de que las concesiones no puedan seguir vigentes y las MIAS sean promovidas nuevamente en pr\u00f3ximas fechas.<\/p>\n<p>&nbsp;<\/p>\n<p><strong>Situaci\u00f3n actual<\/strong><\/p>\n<p>Posterior a la elecci\u00f3n de Taurino Rinc\u00f3n Lorenzo y su planilla como autoridades comunales, la delegada de la Procuradur\u00eda Agraria de Colima, nuevamente excede sus atribuciones y pierde totalmente sus funciones p\u00fablicas, al apoyar a un peque\u00f1o grupo fiel a sus intereses econ\u00f3micos para que a trav\u00e9s de anomal\u00edas recurrentes, este grupo asuma el poder del Comisariado de Bienes Comunales y con lo cual, lo \u00fanico que continua generando es la promoci\u00f3n de acciones que provocan m\u00e1s divisi\u00f3n al interior de la comunidad.<\/p>\n<p>De manera ilegal, sin que exista motivo y raz\u00f3n, pretende entrometerse en los asuntos internos de la comunidad. Convoc\u00f3 a una asamblea de comuneros para el domingo 6 de septiembre de 2015 con el objetivo de elegir nuevamente al Comisariado de Bienes Comunales, siendo que el mandato del actual comisariado \u2013quien fue electo en noviembre del 2014, en asamblea convocada por la misma Procurador\u00eda, en acatamiento a un fallo del Tribunal Agrario.<\/p>\n<p>A\u00fan cuando la elecci\u00f3n del Comisariado hab\u00eda restituido la gobernanza desde los propios comuneros, de manera peri\u00f3dica celebraban asambleas comunales, se manejaban de manera trasparente los recursos comunales, se present\u00f3 un amparo contra las concesiones mineras impuestas en el territorio comunal. Las acciones y defensa territorial es contraria a los intereses de la se\u00f1ora procuradora D\u00edaz Rivera y el peque\u00f1o grupo de comuneros que la siguen. No obstante, nuevamente pretende hacer otro intento de imposici\u00f3n a los comuneros e intentar fijar sus condiciones e intereses para sacar adelante un proyecto minero en la zona.<\/p>\n<p>&nbsp;<\/p>\n<p>En agosto de 2015, la fracci\u00f3n minoritaria de comuneros \u2013que fueron apoyados, asesorados, financiados y protegidos impunemente en sus actos il\u00edcitos por D\u00edaz Rivera, adem\u00e1s de otros integrantes del gobierno de Colima\u2013 finalmente llegaron a un acuerdo con el Comisariado y el Consejo Ind\u00edgena para la Defensa del Territorio de Zacualpan, para solucionar el conflicto interno que provocaron los intereses mineros.<\/p>\n<p>Durante ese proceso, afortunadamente, los comuneros del grupo mayoritario nunca cayeron en la provocaci\u00f3n, ni respondieron las agresiones y violencia con la cual siempre ha operado el grupo minoritario, mismos hechos que fueron constatados por la Misi\u00f3n Civil que para el caso se present\u00f3 en Zacualpan y por el contrario, siempre realizaron acciones en el marco de la ley.<\/p>\n<p>De hecho se presentaron acciones y demandas penales por las agresiones sufridas por el grupo minioritario, as\u00ed como se realizaron las denuncias pertinentes contra dicha delegada de la Procuradur\u00eda, entre otras la presentada en la Secretar\u00eda de la Funci\u00f3n P\u00fablica, ya que no es la primera vez que esta persona hab\u00eda pretendido, por los medios que sean necesarios, imponer como representante agrario alg\u00fan integrante del grupo minoritario, que adem\u00e1s est\u00e1 a favor de la mina,con lo cual excedia de sus funciones como procuradora e invade, y viola los derechos colectivos de pueblo ind\u00edgena de Zacualpan, a la vez que violenta los propios acuerdos a la que ella se hab\u00eda sumado con anterioridad, con lo cual abona a la divisi\u00f3n social y comunitaria y retroalimentada por medio de calumnias y desprestigios, la criminalizaci\u00f3n de las y los defensores y defensoras de los derechos humanos; en especial contra la organizaci\u00f3n ambientalista Bios Iguana, a tal grado que le atribuye a esta organizaci\u00f3n la formaci\u00f3n de grupos terroristas, la siembra de estupefacientes, el despojo e intentar apoderarse de terrenos comunales.<\/p>\n<p><a href=\"http:\/\/subversiones.org\/archivos\/120723\" target=\"_blank\">http:\/\/subversiones.org\/archivos\/120723<\/a><\/p>\n","protected":false},"excerpt":{"rendered":"<p>Subversiones Por Jos\u00e9 Mart\u00edn Pe\u00f1a Guzm\u00e1n Documental y presentaci\u00f3n por Carlos Mireles, Iztmalin Ben\u00edtez y David Flores Mag\u00f3n I El documental El documental que trabajamos camina por las tierras m\u00edticas &hellip; <a href=\"http:\/\/www.grieta.org.mx\/index.php\/2016\/02\/25\/zacualpan-nuestra-vida-nuestra-tierra\/\" class=\"more-link\">Leer m\u00e1s<\/a><\/p>\n","protected":false},"author":2,"featured_media":21928,"comment_status":"closed","ping_status":"open","sticky":false,"template":"","format":"standard","meta":{"ngg_post_thumbnail":0,"_jetpack_newsletter_access":"","_jetpack_dont_email_post_to_subs":false,"_jetpack_newsletter_tier_id":0,"_jetpack_memberships_contains_paywalled_content":false,"_jetpack_memberships_contains_paid_content":false,"footnotes":""},"categories":[80,108],"tags":[227,226],"class_list":["post-1913","post","type-post","status-publish","format-standard","has-post-thumbnail","hentry","category-cintillo","category-colima","tag-14-zacualpan","tag-mineria-en-zacualpan","entry"],"jetpack_featured_media_url":"http:\/\/www.grieta.org.mx\/wp-content\/uploads\/2018\/03\/14524434_1106112876131411_958039263622046936_o.jpg","jetpack_sharing_enabled":true,"jetpack_shortlink":"https:\/\/wp.me\/p7ZJR4-uR","jetpack_likes_enabled":false,"jetpack-related-posts":[{"id":1931,"url":"http:\/\/www.grieta.org.mx\/index.php\/2016\/08\/08\/lucha-y-resistencia-de-la-comunidad-nahua-de-zacualpan\/","url_meta":{"origin":1913,"position":0},"title":"Resistencia de la comunidad nahua de Zacualpan contra la miner\u00eda.","author":"grieta","date":"8 agosto, 2016","format":false,"excerpt":"08\/08\/16. Tomar\u00e1 posesi\u00f3n Taurino Rinc\u00f3n del manantial Ojo de Agua en ZacualpanColima Noticias 03\/04\/16. Que Nacho no se meta con ZacualpanPerriodismo 01\/04\/16. Protestan en Zacualpan contra nuevo presidente de Junta MunicipalPerriodismo 29\/03\/16. Autoridad comunal de Zacualpan rompe el di\u00e1logo con el gobierno; pide intervenci\u00f3n del CongresoDiario Avanzada 27\/03\/16. Y ahora,\u2026","rel":"","context":"En &quot;14. Zacualpan&quot;","block_context":{"text":"14. Zacualpan","link":"http:\/\/www.grieta.org.mx\/index.php\/category\/espejos-de-la-resistencia\/14-zacualpan\/"},"img":{"alt_text":"","src":"https:\/\/i0.wp.com\/www.grieta.org.mx\/wp-content\/uploads\/2018\/03\/14524434_1106112876131411_958039263622046936_o.jpg?resize=350%2C200","width":350,"height":200,"srcset":"https:\/\/i0.wp.com\/www.grieta.org.mx\/wp-content\/uploads\/2018\/03\/14524434_1106112876131411_958039263622046936_o.jpg?resize=350%2C200 1x, https:\/\/i0.wp.com\/www.grieta.org.mx\/wp-content\/uploads\/2018\/03\/14524434_1106112876131411_958039263622046936_o.jpg?resize=525%2C300 1.5x, https:\/\/i0.wp.com\/www.grieta.org.mx\/wp-content\/uploads\/2018\/03\/14524434_1106112876131411_958039263622046936_o.jpg?resize=700%2C400 2x"},"classes":[]},{"id":9591,"url":"http:\/\/www.grieta.org.mx\/index.php\/2016\/03\/25\/quiere-nacho-remover-a-presidente-de-zacualpan\/","url_meta":{"origin":1913,"position":1},"title":"Quiere Nacho remover a presidente de Zacualpan","author":"grieta","date":"25 marzo, 2016","format":false,"excerpt":"Redacci\u00f3n Perriodismo El gobierno de Ignacio Peralta S\u00e1nchez busca la renuncia de Taurino Rinc\u00f3n Lorenzo como presidente del Comisariado de Bienes Comunales de Zacualpan. A trav\u00e9s de un comunicado, el Consejo Ind\u00edgena por la Defensa del Territorio de Zacualpan (CIDTZ) denunci\u00f3 que Agust\u00edn Morales Anguiano, secretario de Desarrollo Rural, les\u2026","rel":"","context":"En &quot;CINTILLO&quot;","block_context":{"text":"CINTILLO","link":"http:\/\/www.grieta.org.mx\/index.php\/category\/cintillo\/"},"img":{"alt_text":"","src":"https:\/\/i0.wp.com\/www.grieta.org.mx\/wp-content\/uploads\/2018\/03\/14524434_1106112876131411_958039263622046936_o.jpg?resize=350%2C200","width":350,"height":200,"srcset":"https:\/\/i0.wp.com\/www.grieta.org.mx\/wp-content\/uploads\/2018\/03\/14524434_1106112876131411_958039263622046936_o.jpg?resize=350%2C200 1x, https:\/\/i0.wp.com\/www.grieta.org.mx\/wp-content\/uploads\/2018\/03\/14524434_1106112876131411_958039263622046936_o.jpg?resize=525%2C300 1.5x, https:\/\/i0.wp.com\/www.grieta.org.mx\/wp-content\/uploads\/2018\/03\/14524434_1106112876131411_958039263622046936_o.jpg?resize=700%2C400 2x"},"classes":[]},{"id":2638,"url":"http:\/\/www.grieta.org.mx\/index.php\/2015\/09\/04\/juzgado-suspende-eleccion-de-zacualpan\/","url_meta":{"origin":1913,"position":2},"title":"Juzgado suspende elecci\u00f3n de Zacualpan","author":"grieta","date":"4 septiembre, 2015","format":false,"excerpt":"Oscar Adri\u00e1n Luna El domingo 6 de septiembre no habr\u00e1 elecciones en Zacualpan, las cuales hab\u00edan sido convocadas por la delegada de la Procuradur\u00eda Agraria (PA), Mar\u00eda Elena D\u00edaz Rivera. En rueda de prensa, Taurino Rinc\u00f3n Lorenzo, actual presidente del Comisariado de Bienes Comunales de Zacualpan, inform\u00f3 que el Juzgado\u2026","rel":"","context":"En &quot;CINTILLO&quot;","block_context":{"text":"CINTILLO","link":"http:\/\/www.grieta.org.mx\/index.php\/category\/cintillo\/"},"img":{"alt_text":"","src":"https:\/\/i0.wp.com\/www.grieta.org.mx\/wp-content\/uploads\/2018\/03\/14524434_1106112876131411_958039263622046936_o.jpg?resize=350%2C200","width":350,"height":200,"srcset":"https:\/\/i0.wp.com\/www.grieta.org.mx\/wp-content\/uploads\/2018\/03\/14524434_1106112876131411_958039263622046936_o.jpg?resize=350%2C200 1x, https:\/\/i0.wp.com\/www.grieta.org.mx\/wp-content\/uploads\/2018\/03\/14524434_1106112876131411_958039263622046936_o.jpg?resize=525%2C300 1.5x, https:\/\/i0.wp.com\/www.grieta.org.mx\/wp-content\/uploads\/2018\/03\/14524434_1106112876131411_958039263622046936_o.jpg?resize=700%2C400 2x"},"classes":[]},{"id":2672,"url":"http:\/\/www.grieta.org.mx\/index.php\/2014\/03\/16\/iniciomineria-zacualpan-zacualpan-colima-represion-a-indigenas-que-defienden-el-agua-de-la-depredacion-de-mina\/","url_meta":{"origin":1913,"position":3},"title":"#Zacualpan #Colima represi\u00f3n a ind\u00edgenas que defienden el agua de la depredaci\u00f3n de mina.","author":"grieta","date":"16 marzo, 2014","format":false,"excerpt":"Publicado el marzo 16, 2014 por c1dmx Medios Independientes Desaloja ?#?Gobierno? de ?#?Colima? ?#?M\u00e9xico? a ind\u00edgenas que se oponen a instalaci\u00f3n de mina Desde las 6.30 horas de este jueves, alrededor de 200 comuneros de Zacualpan, poblaci\u00f3n nahua del municipio de Comala, cerraron las bombas de agua del Manantial de\u2026","rel":"","context":"En &quot;CINTILLO&quot;","block_context":{"text":"CINTILLO","link":"http:\/\/www.grieta.org.mx\/index.php\/category\/cintillo\/"},"img":{"alt_text":"","src":"https:\/\/i0.wp.com\/www.grieta.org.mx\/wp-content\/uploads\/2018\/03\/14524434_1106112876131411_958039263622046936_o.jpg?resize=350%2C200","width":350,"height":200,"srcset":"https:\/\/i0.wp.com\/www.grieta.org.mx\/wp-content\/uploads\/2018\/03\/14524434_1106112876131411_958039263622046936_o.jpg?resize=350%2C200 1x, https:\/\/i0.wp.com\/www.grieta.org.mx\/wp-content\/uploads\/2018\/03\/14524434_1106112876131411_958039263622046936_o.jpg?resize=525%2C300 1.5x, https:\/\/i0.wp.com\/www.grieta.org.mx\/wp-content\/uploads\/2018\/03\/14524434_1106112876131411_958039263622046936_o.jpg?resize=700%2C400 2x"},"classes":[]},{"id":2649,"url":"http:\/\/www.grieta.org.mx\/index.php\/2015\/03\/26\/con-marchas-y-manifestaciones-se-realizo-en-colima-2do-cacerolazo-por-zacualpan\/","url_meta":{"origin":1913,"position":4},"title":"Con marchas y manifestaciones se realiz\u00f3 en Colima el \u201c2do cacerolazo por Zacualpan\u201d","author":"grieta","date":"26 marzo, 2015","format":false,"excerpt":"Redacci\u00f3n Observatorio Social de Occidente. Este 26 de marzo, m\u00e1s de un centenar de habitantes de las comunidades de Zacualpan y aleda\u00f1as a la zona de operaci\u00f3n de la minera Pe\u00f1a Colorada, marcharon y se manifestaron en diferentes dependencias de la ciudad de Colima, Col., en lo que se denomin\u00f3\u2026","rel":"","context":"En &quot;CINTILLO&quot;","block_context":{"text":"CINTILLO","link":"http:\/\/www.grieta.org.mx\/index.php\/category\/cintillo\/"},"img":{"alt_text":"","src":"https:\/\/i0.wp.com\/www.grieta.org.mx\/wp-content\/uploads\/2018\/03\/14524434_1106112876131411_958039263622046936_o.jpg?resize=350%2C200","width":350,"height":200,"srcset":"https:\/\/i0.wp.com\/www.grieta.org.mx\/wp-content\/uploads\/2018\/03\/14524434_1106112876131411_958039263622046936_o.jpg?resize=350%2C200 1x, https:\/\/i0.wp.com\/www.grieta.org.mx\/wp-content\/uploads\/2018\/03\/14524434_1106112876131411_958039263622046936_o.jpg?resize=525%2C300 1.5x, https:\/\/i0.wp.com\/www.grieta.org.mx\/wp-content\/uploads\/2018\/03\/14524434_1106112876131411_958039263622046936_o.jpg?resize=700%2C400 2x"},"classes":[]},{"id":2668,"url":"http:\/\/www.grieta.org.mx\/index.php\/2014\/12\/16\/gobierno-del-estado-financia-grupo-de-choque-en-zacualpan-acusan\/","url_meta":{"origin":1913,"position":5},"title":"Gobierno del Estado financia grupo de choque en Zacualpan, acusan","author":"grieta","date":"16 diciembre, 2014","format":false,"excerpt":"Diario Avanzada V\u00edctor Manuel G\u00f3mez Corona Publicado: 16 Diciembre 2014 Colima, M\u00e9xico. Avanzada (16 de diciembre de 2014).- \u201cEs el gobierno del estado el que los est\u00e1 encubriendo, financiando con dinero para que ellos se puedan mover de una manera agresiva hacia la comunidad ind\u00edgena\u201d, denunci\u00f3 el presidente del Comisariado\u2026","rel":"","context":"En &quot;CINTILLO&quot;","block_context":{"text":"CINTILLO","link":"http:\/\/www.grieta.org.mx\/index.php\/category\/cintillo\/"},"img":{"alt_text":"","src":"https:\/\/i0.wp.com\/www.grieta.org.mx\/wp-content\/uploads\/2018\/03\/14524434_1106112876131411_958039263622046936_o.jpg?resize=350%2C200","width":350,"height":200,"srcset":"https:\/\/i0.wp.com\/www.grieta.org.mx\/wp-content\/uploads\/2018\/03\/14524434_1106112876131411_958039263622046936_o.jpg?resize=350%2C200 1x, https:\/\/i0.wp.com\/www.grieta.org.mx\/wp-content\/uploads\/2018\/03\/14524434_1106112876131411_958039263622046936_o.jpg?resize=525%2C300 1.5x, https:\/\/i0.wp.com\/www.grieta.org.mx\/wp-content\/uploads\/2018\/03\/14524434_1106112876131411_958039263622046936_o.jpg?resize=700%2C400 2x"},"classes":[]}],"_links":{"self":[{"href":"http:\/\/www.grieta.org.mx\/index.php\/wp-json\/wp\/v2\/posts\/1913","targetHints":{"allow":["GET"]}}],"collection":[{"href":"http:\/\/www.grieta.org.mx\/index.php\/wp-json\/wp\/v2\/posts"}],"about":[{"href":"http:\/\/www.grieta.org.mx\/index.php\/wp-json\/wp\/v2\/types\/post"}],"author":[{"embeddable":true,"href":"http:\/\/www.grieta.org.mx\/index.php\/wp-json\/wp\/v2\/users\/2"}],"replies":[{"embeddable":true,"href":"http:\/\/www.grieta.org.mx\/index.php\/wp-json\/wp\/v2\/comments?post=1913"}],"version-history":[{"count":1,"href":"http:\/\/www.grieta.org.mx\/index.php\/wp-json\/wp\/v2\/posts\/1913\/revisions"}],"predecessor-version":[{"id":2039,"href":"http:\/\/www.grieta.org.mx\/index.php\/wp-json\/wp\/v2\/posts\/1913\/revisions\/2039"}],"wp:featuredmedia":[{"embeddable":true,"href":"http:\/\/www.grieta.org.mx\/index.php\/wp-json\/wp\/v2\/media\/21928"}],"wp:attachment":[{"href":"http:\/\/www.grieta.org.mx\/index.php\/wp-json\/wp\/v2\/media?parent=1913"}],"wp:term":[{"taxonomy":"category","embeddable":true,"href":"http:\/\/www.grieta.org.mx\/index.php\/wp-json\/wp\/v2\/categories?post=1913"},{"taxonomy":"post_tag","embeddable":true,"href":"http:\/\/www.grieta.org.mx\/index.php\/wp-json\/wp\/v2\/tags?post=1913"}],"curies":[{"name":"wp","href":"https:\/\/api.w.org\/{rel}","templated":true}]}}