{"id":19002,"date":"2016-08-03T18:18:50","date_gmt":"2016-08-03T23:18:50","guid":{"rendered":"http:\/\/www.grieta.org.mx\/?p=19002"},"modified":"2016-08-07T18:21:08","modified_gmt":"2016-08-07T23:21:08","slug":"proyecto-comercial-cetram-chapultepec-traera-afectaciones-sociales-y-ambientales","status":"publish","type":"post","link":"http:\/\/www.grieta.org.mx\/index.php\/2016\/08\/03\/proyecto-comercial-cetram-chapultepec-traera-afectaciones-sociales-y-ambientales\/","title":{"rendered":"Proyecto comercial Cetram Chapultepec traer\u00e1 afectaciones sociales y ambientales"},"content":{"rendered":"<p><img decoding=\"async\" data-attachment-id=\"19003\" data-permalink=\"http:\/\/www.grieta.org.mx\/index.php\/2016\/08\/03\/proyecto-comercial-cetram-chapultepec-traera-afectaciones-sociales-y-ambientales\/cetram\/\" data-orig-file=\"http:\/\/www.grieta.org.mx\/wp-content\/uploads\/2016\/08\/cetram.jpg\" data-orig-size=\"1000,687\" data-comments-opened=\"0\" data-image-meta=\"{&quot;aperture&quot;:&quot;0&quot;,&quot;credit&quot;:&quot;&quot;,&quot;camera&quot;:&quot;&quot;,&quot;caption&quot;:&quot;&quot;,&quot;created_timestamp&quot;:&quot;0&quot;,&quot;copyright&quot;:&quot;&quot;,&quot;focal_length&quot;:&quot;0&quot;,&quot;iso&quot;:&quot;0&quot;,&quot;shutter_speed&quot;:&quot;0&quot;,&quot;title&quot;:&quot;&quot;,&quot;orientation&quot;:&quot;0&quot;}\" data-image-title=\"cetram\" data-image-description=\"\" data-image-caption=\"\" data-medium-file=\"http:\/\/www.grieta.org.mx\/wp-content\/uploads\/2016\/08\/cetram-300x206.jpg\" data-large-file=\"http:\/\/www.grieta.org.mx\/wp-content\/uploads\/2016\/08\/cetram.jpg\" src=\"http:\/\/www.grieta.org.mx\/wp-content\/uploads\/2016\/08\/cetram-300x206.jpg\" alt=\"cetram\" width=\"100%\" class=\"aligncenter size-medium wp-image-19003\" srcset=\"http:\/\/www.grieta.org.mx\/wp-content\/uploads\/2016\/08\/cetram-300x206.jpg 300w, http:\/\/www.grieta.org.mx\/wp-content\/uploads\/2016\/08\/cetram-768x528.jpg 768w, http:\/\/www.grieta.org.mx\/wp-content\/uploads\/2016\/08\/cetram.jpg 1000w\" sizes=\"(max-width: 300px) 100vw, 300px\" \/><\/p>\n<p>Desinform\u00e9monos| Ciudad de M\u00e9xico. 3\/08\/2016.- Habitantes de la colonia Roma y Ju\u00e1rez, en la Ciudad de M\u00e9xico, exigen frenar trabajos del Centro de Transferencia Modal (Cetram) Chapultepec, que, se\u00f1alan, traer\u00e1 la privatizaci\u00f3n de una parte del bosque as\u00ed como altos costos econ\u00f3micos, sociales y ambientales a la ciudad con la construcci\u00f3n de m\u00e1s de 70 mil metros cuadrados de oficinas, 20 mil metros cuadrados de hotel y mil 878 cajones de estacionamiento que significar\u00e1 la desaparici\u00f3n de 105 \u00e1rboles, dijeron representantes de las y los colonos, entre otras afectaciones a una de las pozas \u00e1reas verdes que quedan en la ciudad.<\/p>\n<p>Se trata del segundo llamado que habitantes de dichas colonias hacen a las autoridades para exigir ser consultadas y consultados sobre el proyecto adem\u00e1s de se\u00f1alar que no se transparent\u00f3 la selecci\u00f3n del concesionario, el c\u00e1lculo de la contraprestaci\u00f3n, no se han exhibido las autorizaciones del INAH y del INBA respecto a la obstaculizaci\u00f3n que se har\u00eda de la vista del Castillo de Chapultepec, de las afectaciones a la fuente hist\u00f3rica, ni se ha exhibido un estudio de impacto ambiental ni de impacto social.<\/p>\n<p>Las y los ciudadanos representados por Bertha Teresa, Laura G\u00f3mez Flores y Ra\u00fal Llanos Samaniego Ram\u00edrez, explicaron que el proyecto pretende la entrega de una concesi\u00f3n por 44 a\u00f1os a las empresas Iveravante, Deutsche Bank y Monex, as\u00ed como a la cadena de hoteles Marriott, quien ser\u00eda la concesionaria del hotel que el proyecto incluye, y finalmente a Banca Mifel para explotar un terreno que era \u00e1rea verde hace unos a\u00f1os, lo que \u201cresulta desventajoso\u201d para las y los ciudadanos, valoraron.<\/p>\n<p>Aclararon que no est\u00e1n en contra de que se mejoren las condiciones del Cetram Chapultepec, pero \u201cno aceptamos que una parte del bosque se clasifique como terreno para impulsar un proyecto privado, que contar\u00e1 con m\u00e1s de 209 mil metros cuadrados y el paradero s\u00f3lo 30 mil\u201d.<\/p>\n<p>Sergio Gonz\u00e1lez de la Plataforma Vecinal y Observatorio de la colonia Ju\u00e1rez, record\u00f3 que el proyecto empez\u00f3 en 2010, cuando la Secretar\u00eda de Desarrollo Urbano y Vivienda (Seduvi) traspas\u00f3 de manera irregular los 49 Cetram a la Oficial\u00eda Mayor, cuatro a\u00f1os despu\u00e9s se public\u00f3 en la Gaceta Oficial que se \u201cdesarrollar\u00e1n alternativas para el aprovechamiento de los Cetram, por medio de la modernizaci\u00f3n y la dotaci\u00f3n de \u00e1reas de comercio y servicios\u201d, es decir, \u201ccentros comerciales concesionados al sector privado sobre espacio p\u00fablico\u201d.<\/p>\n<p>Adem\u00e1s, denuncian, se le est\u00e1 dando un uso de suelo no considerado en esa zona ya que en 2014 se le quit\u00f3 la protecci\u00f3n de \u00e1rea ambiental a 25 hect\u00e1reas del Bosque de Chapultepec, justo para posibilitar este proyecto, y el predio que la Seduvi determin\u00f3 que existiera a partir de 2013, no tiene a\u00fan cuenta catastral en el Sistema de Informaci\u00f3n Geogr\u00e1fica.<\/p>\n<p><a href=\"https:\/\/desinformemonos.org\/proyecto-comercial-cetram-chapultepec-traera-afectaciones-sociales-y-ambientales\/\" target=\"_blank\">https:\/\/desinformemonos.org\/proyecto-comercial-cetram-chapultepec-traera-afectaciones-sociales-y-ambientales\/<\/a><\/p>\n","protected":false},"excerpt":{"rendered":"<p>Desinform\u00e9monos| Ciudad de M\u00e9xico. 3\/08\/2016.- Habitantes de la colonia Roma y Ju\u00e1rez, en la Ciudad de M\u00e9xico, exigen frenar trabajos del Centro de Transferencia Modal (Cetram) Chapultepec, que, se\u00f1alan, traer\u00e1 &hellip; <a href=\"http:\/\/www.grieta.org.mx\/index.php\/2016\/08\/03\/proyecto-comercial-cetram-chapultepec-traera-afectaciones-sociales-y-ambientales\/\" class=\"more-link\">Leer m\u00e1s<\/a><\/p>\n","protected":false},"author":2,"featured_media":21928,"comment_status":"closed","ping_status":"closed","sticky":false,"template":"","format":"standard","meta":{"ngg_post_thumbnail":0,"_jetpack_newsletter_access":"","_jetpack_dont_email_post_to_subs":false,"_jetpack_newsletter_tier_id":0,"_jetpack_memberships_contains_paywalled_content":false,"_jetpack_memberships_contains_paid_content":false,"footnotes":""},"categories":[598,80],"tags":[658,580,184,96],"class_list":["post-19002","post","type-post","status-publish","format-standard","has-post-thumbnail","hentry","category-cdmx","category-cintillo","tag-cetram","tag-chapultepec","tag-despojo","tag-megaproyectos","entry"],"jetpack_featured_media_url":"http:\/\/www.grieta.org.mx\/wp-content\/uploads\/2018\/03\/14524434_1106112876131411_958039263622046936_o.jpg","jetpack_sharing_enabled":true,"jetpack_shortlink":"https:\/\/wp.me\/p7ZJR4-4Wu","jetpack_likes_enabled":false,"jetpack-related-posts":[{"id":9630,"url":"http:\/\/www.grieta.org.mx\/index.php\/2016\/08\/11\/oposicion-a-la-construccion-de-centros-comerciales-en-la-ciudad-de-mexico\/","url_meta":{"origin":19002,"position":0},"title":"Oposici\u00f3n a la construcci\u00f3n de Centros Comerciales en la Ciudad de M\u00e9xico","author":"grieta","date":"11 agosto, 2016","format":false,"excerpt":"11\/08\/16. Dudan vecinos que la demolici\u00f3n del Estadio Azul sea ben\u00e9fica (CDMX) El big data 03\/08\/16. Proyecto comercial Cetram Chapultepec traer\u00e1 afectaciones sociales y ambientales Desinform\u00e9monos 30\/06\/16. Rechazan apertura de Chedraui (CDMX) El Universal 21\/04\/16. Locatarios bloquean la circulaci\u00f3n de Rojo G\u00f3mez El Universal 28\/03\/16. La amenaza en Coapa Reporte\u2026","rel":"","context":"En &quot;Ciudad de M\u00e9xico&quot;","block_context":{"text":"Ciudad de M\u00e9xico","link":"http:\/\/www.grieta.org.mx\/index.php\/category\/noticias-nacionales\/ciudad-de-mexico\/"},"img":{"alt_text":"","src":"https:\/\/i0.wp.com\/www.grieta.org.mx\/wp-content\/uploads\/2018\/03\/14524434_1106112876131411_958039263622046936_o.jpg?resize=350%2C200","width":350,"height":200,"srcset":"https:\/\/i0.wp.com\/www.grieta.org.mx\/wp-content\/uploads\/2018\/03\/14524434_1106112876131411_958039263622046936_o.jpg?resize=350%2C200 1x, https:\/\/i0.wp.com\/www.grieta.org.mx\/wp-content\/uploads\/2018\/03\/14524434_1106112876131411_958039263622046936_o.jpg?resize=525%2C300 1.5x, https:\/\/i0.wp.com\/www.grieta.org.mx\/wp-content\/uploads\/2018\/03\/14524434_1106112876131411_958039263622046936_o.jpg?resize=700%2C400 2x"},"classes":[]},{"id":12282,"url":"http:\/\/www.grieta.org.mx\/index.php\/2016\/05\/11\/crean-frente-contra-obras-en-paradero-chapultepec\/","url_meta":{"origin":19002,"position":1},"title":"Crean frente contra obras en paradero Chapultepec","author":"grieta","date":"11 mayo, 2016","format":false,"excerpt":"Vecinos informaron que en la zona se construir\u00e1n dos torres, un edificio de 41 niveles para oficina y otro de 16 para uso mixto; adem\u00e1s de un centro comercial de tres niveles. Vecinos de las delegaciones Cuauht\u00e9moc y Miguel Hidalgo formaron un frente en Defensa del Bosque de Chapultepec para\u2026","rel":"","context":"En &quot;cdmx&quot;","block_context":{"text":"cdmx","link":"http:\/\/www.grieta.org.mx\/index.php\/category\/cdmx\/"},"img":{"alt_text":"","src":"https:\/\/i0.wp.com\/www.grieta.org.mx\/wp-content\/uploads\/2018\/03\/14524434_1106112876131411_958039263622046936_o.jpg?resize=350%2C200","width":350,"height":200,"srcset":"https:\/\/i0.wp.com\/www.grieta.org.mx\/wp-content\/uploads\/2018\/03\/14524434_1106112876131411_958039263622046936_o.jpg?resize=350%2C200 1x, https:\/\/i0.wp.com\/www.grieta.org.mx\/wp-content\/uploads\/2018\/03\/14524434_1106112876131411_958039263622046936_o.jpg?resize=525%2C300 1.5x, https:\/\/i0.wp.com\/www.grieta.org.mx\/wp-content\/uploads\/2018\/03\/14524434_1106112876131411_958039263622046936_o.jpg?resize=700%2C400 2x"},"classes":[]},{"id":12278,"url":"http:\/\/www.grieta.org.mx\/index.php\/2016\/05\/03\/retiran-ambulantes-del-paradero-metro-chapultepec-ssp-cdmx-vigila-la-zona\/","url_meta":{"origin":19002,"position":2},"title":"Retiran ambulantes del paradero Metro Chapultepec; SSP-CDMX vigila la zona","author":"grieta","date":"3 mayo, 2016","format":false,"excerpt":"La acci\u00f3n se debe a obras de remodelaci\u00f3n y construcci\u00f3n del nuevo Cetram Foto: Cuartoscuro Polic\u00edas capitalinos fueron desplegados en el per\u00edmetro conformado por Chapultepec, Circuito Interior, Lieja y Reforma, a fin de vigilar que las inmediaciones de la estaci\u00f3n Chapultepec del metro se mantenga libre de vendedores ambulantes. La\u2026","rel":"","context":"En &quot;cdmx&quot;","block_context":{"text":"cdmx","link":"http:\/\/www.grieta.org.mx\/index.php\/category\/cdmx\/"},"img":{"alt_text":"","src":"https:\/\/i0.wp.com\/www.grieta.org.mx\/wp-content\/uploads\/2018\/03\/14524434_1106112876131411_958039263622046936_o.jpg?resize=350%2C200","width":350,"height":200,"srcset":"https:\/\/i0.wp.com\/www.grieta.org.mx\/wp-content\/uploads\/2018\/03\/14524434_1106112876131411_958039263622046936_o.jpg?resize=350%2C200 1x, https:\/\/i0.wp.com\/www.grieta.org.mx\/wp-content\/uploads\/2018\/03\/14524434_1106112876131411_958039263622046936_o.jpg?resize=525%2C300 1.5x, https:\/\/i0.wp.com\/www.grieta.org.mx\/wp-content\/uploads\/2018\/03\/14524434_1106112876131411_958039263622046936_o.jpg?resize=700%2C400 2x"},"classes":[]},{"id":12271,"url":"http:\/\/www.grieta.org.mx\/index.php\/2016\/05\/04\/se-enfrentan-granaderos-y-comerciantes-frente-al-zocalo-cdmx\/","url_meta":{"origin":19002,"position":3},"title":"Se enfrentan granaderos y comerciantes frente al Z\u00f3calo (CDMX)","author":"grieta","date":"4 mayo, 2016","format":false,"excerpt":"Elementos del cuerpo de Granaderos de la Secretar\u00eda de Seguridad P\u00fablica (SSP) capitalina se enfrentaron esta ma\u00f1ana con comerciantes del Bosque de Arag\u00f3n y del paradero del Metro Chapultepec sobre la avenida 20 de Noviembre, frente al Z\u00f3calo de la Ciudad de M\u00e9xico. FOTO: Karla Mora | 24 HORAS Los\u2026","rel":"","context":"En &quot;cdmx&quot;","block_context":{"text":"cdmx","link":"http:\/\/www.grieta.org.mx\/index.php\/category\/cdmx\/"},"img":{"alt_text":"","src":"https:\/\/i0.wp.com\/www.grieta.org.mx\/wp-content\/uploads\/2018\/03\/14524434_1106112876131411_958039263622046936_o.jpg?resize=350%2C200","width":350,"height":200,"srcset":"https:\/\/i0.wp.com\/www.grieta.org.mx\/wp-content\/uploads\/2018\/03\/14524434_1106112876131411_958039263622046936_o.jpg?resize=350%2C200 1x, https:\/\/i0.wp.com\/www.grieta.org.mx\/wp-content\/uploads\/2018\/03\/14524434_1106112876131411_958039263622046936_o.jpg?resize=525%2C300 1.5x, https:\/\/i0.wp.com\/www.grieta.org.mx\/wp-content\/uploads\/2018\/03\/14524434_1106112876131411_958039263622046936_o.jpg?resize=700%2C400 2x"},"classes":[]},{"id":35306,"url":"http:\/\/www.grieta.org.mx\/index.php\/2019\/05\/23\/constructora-de-city-center-en-leon-catalogo-de-irregularidades-guanajuato\/","url_meta":{"origin":19002,"position":4},"title":"Constructora de City Center en Le\u00f3n: cat\u00e1logo de irregularidades (Guanajuato)","author":"grieta","date":"23 mayo, 2019","format":false,"excerpt":"Por Kennia-Velazquez\/ Pie de P\u00e1gina, 23 de mayo de 2019 Fotos: PopLab La oposici\u00f3n al proyecto comercial City Center, en Le\u00f3n, Guanajuato, que pone en peligro a Los C\u00e1rcamos, el \u00faltimo humedal del municipio, es una m\u00e1s de las batallas ciudadanas contra la empresa M\u00e9xico Retail Properties (MRP), que se\u2026","rel":"","context":"En &quot;CINTILLO&quot;","block_context":{"text":"CINTILLO","link":"http:\/\/www.grieta.org.mx\/index.php\/category\/cintillo\/"},"img":{"alt_text":"","src":"https:\/\/i0.wp.com\/www.grieta.org.mx\/wp-content\/uploads\/2019\/06\/pdp_poplab_kennv-1140x570-1.jpg?resize=350%2C200","width":350,"height":200,"srcset":"https:\/\/i0.wp.com\/www.grieta.org.mx\/wp-content\/uploads\/2019\/06\/pdp_poplab_kennv-1140x570-1.jpg?resize=350%2C200 1x, https:\/\/i0.wp.com\/www.grieta.org.mx\/wp-content\/uploads\/2019\/06\/pdp_poplab_kennv-1140x570-1.jpg?resize=525%2C300 1.5x, https:\/\/i0.wp.com\/www.grieta.org.mx\/wp-content\/uploads\/2019\/06\/pdp_poplab_kennv-1140x570-1.jpg?resize=700%2C400 2x, https:\/\/i0.wp.com\/www.grieta.org.mx\/wp-content\/uploads\/2019\/06\/pdp_poplab_kennv-1140x570-1.jpg?resize=1050%2C600 3x"},"classes":[]},{"id":52826,"url":"http:\/\/www.grieta.org.mx\/index.php\/2020\/08\/15\/chapultepec-listo-para-el-mayor-espacio-bicultural-del-pais-los-vecinos-dudan-y-exigen-consulta-ciudad-de-mexico\/","url_meta":{"origin":19002,"position":5},"title":"Chapultepec, listo para el mayor espacio bicultural del pa\u00eds. Los vecinos dudan y exigen consulta (Ciudad de M\u00e9xico)","author":"grieta","date":"15 agosto, 2020","format":false,"excerpt":"Imagen tomada de: sinembargo.mx Dulce Olvera \/ Sin Embargo El Gobierno federal y de la Ciudad de M\u00e9xico iniciaron la interconexi\u00f3n de las secciones del Bosque de Chapultepec, a trav\u00e9s de la Calzada Flotante, y su restauraci\u00f3n ambiental y cultural con mil 100 millones de pesos para este a\u00f1o. Destaca\u2026","rel":"","context":"En &quot;CINTILLO&quot;","block_context":{"text":"CINTILLO","link":"http:\/\/www.grieta.org.mx\/index.php\/category\/cintillo\/"},"img":{"alt_text":"","src":"https:\/\/i0.wp.com\/www.grieta.org.mx\/wp-content\/uploads\/2020\/08\/Chapultepec-listo-para-el-mayor-espacio-bicultural-del-pais.-Los-vecinos-dudan-y-exigen-consulta-cdmx-ago.jpg?resize=350%2C200","width":350,"height":200,"srcset":"https:\/\/i0.wp.com\/www.grieta.org.mx\/wp-content\/uploads\/2020\/08\/Chapultepec-listo-para-el-mayor-espacio-bicultural-del-pais.-Los-vecinos-dudan-y-exigen-consulta-cdmx-ago.jpg?resize=350%2C200 1x, https:\/\/i0.wp.com\/www.grieta.org.mx\/wp-content\/uploads\/2020\/08\/Chapultepec-listo-para-el-mayor-espacio-bicultural-del-pais.-Los-vecinos-dudan-y-exigen-consulta-cdmx-ago.jpg?resize=525%2C300 1.5x, https:\/\/i0.wp.com\/www.grieta.org.mx\/wp-content\/uploads\/2020\/08\/Chapultepec-listo-para-el-mayor-espacio-bicultural-del-pais.-Los-vecinos-dudan-y-exigen-consulta-cdmx-ago.jpg?resize=700%2C400 2x, https:\/\/i0.wp.com\/www.grieta.org.mx\/wp-content\/uploads\/2020\/08\/Chapultepec-listo-para-el-mayor-espacio-bicultural-del-pais.-Los-vecinos-dudan-y-exigen-consulta-cdmx-ago.jpg?resize=1050%2C600 3x"},"classes":[]}],"_links":{"self":[{"href":"http:\/\/www.grieta.org.mx\/index.php\/wp-json\/wp\/v2\/posts\/19002","targetHints":{"allow":["GET"]}}],"collection":[{"href":"http:\/\/www.grieta.org.mx\/index.php\/wp-json\/wp\/v2\/posts"}],"about":[{"href":"http:\/\/www.grieta.org.mx\/index.php\/wp-json\/wp\/v2\/types\/post"}],"author":[{"embeddable":true,"href":"http:\/\/www.grieta.org.mx\/index.php\/wp-json\/wp\/v2\/users\/2"}],"replies":[{"embeddable":true,"href":"http:\/\/www.grieta.org.mx\/index.php\/wp-json\/wp\/v2\/comments?post=19002"}],"version-history":[{"count":1,"href":"http:\/\/www.grieta.org.mx\/index.php\/wp-json\/wp\/v2\/posts\/19002\/revisions"}],"predecessor-version":[{"id":19004,"href":"http:\/\/www.grieta.org.mx\/index.php\/wp-json\/wp\/v2\/posts\/19002\/revisions\/19004"}],"wp:featuredmedia":[{"embeddable":true,"href":"http:\/\/www.grieta.org.mx\/index.php\/wp-json\/wp\/v2\/media\/21928"}],"wp:attachment":[{"href":"http:\/\/www.grieta.org.mx\/index.php\/wp-json\/wp\/v2\/media?parent=19002"}],"wp:term":[{"taxonomy":"category","embeddable":true,"href":"http:\/\/www.grieta.org.mx\/index.php\/wp-json\/wp\/v2\/categories?post=19002"},{"taxonomy":"post_tag","embeddable":true,"href":"http:\/\/www.grieta.org.mx\/index.php\/wp-json\/wp\/v2\/tags?post=19002"}],"curies":[{"name":"wp","href":"https:\/\/api.w.org\/{rel}","templated":true}]}}