{"id":1891,"date":"2015-02-10T16:52:49","date_gmt":"2015-02-10T16:52:49","guid":{"rendered":"http:\/\/50.22.11.12\/~grietaor\/?p=1891"},"modified":"2018-06-08T01:52:33","modified_gmt":"2018-06-08T06:52:33","slug":"empresa-de-carbon-destruye-mangles-en-zona-huave-denuncian","status":"publish","type":"post","link":"http:\/\/www.grieta.org.mx\/index.php\/2015\/02\/10\/empresa-de-carbon-destruye-mangles-en-zona-huave-denuncian\/","title":{"rendered":"Empresa de carb\u00f3n destruye mangles en zona huave, denuncian"},"content":{"rendered":"<p>Diario P\u00e1gina 3.<\/p>\n<p>Diana Manzo,<\/p>\n<p>San Dionisio del Mar, Oaxaca.- Defensores del Mar del pueblo de San Dionisio del Mar, denunciaron que supuestos comercializadores de carb\u00f3n, han comenzado a destruir los mangles que se localizan en San Dionisio del Mar y en \u00c1lvaro Obreg\u00f3n cerca de la salinera Ojo de Agua, por lo que exigen a las autoridades ambientales del estado y a nivel federal detener este ecocidio.<\/p>\n<p>Precisaron, que este ecocidio pudiera ser encabezado por personas que<br \/>\nest\u00e1n en contra de la resistencia de pueblos ligados a las empresas<br \/>\ne\u00f3licas, debido a que ambas comunidades ind\u00edgenas no permitieron la instalaci\u00f3n<br \/>\ndel proyecto e\u00f3lico Santa Teresa, que la empresa Mare\u00f1a Renovables construir\u00eda en el 2012.<\/p>\n<p>Se\u00f1alaron que han detectado que a diario entran carretas, camionetas y personas que con una motosierra comienzan a cortar los mangles, el cual presuntamente es utilizado para elaborar carb\u00f3n como negocio personal.<\/p>\n<p>Pedro Orozco M\u00e1rquez, representante de la agrupaci\u00f3n \u201cMugier Ndyuck .\u201d A.C., que defiende la tierra y el territorio, detall\u00f3 que habitantes de San Dionisio del Mar y de \u00c1lvaro Obreg\u00f3n, fueron los que alertaron de este ecocidio, por lo que al acudir al lugar, observaron rastros de carretas y tractores con remolque como instrumentos de transporte para trasladar los enormes troncos.<\/p>\n<p>\u201cEn San dionisio del Mar, el ecocidio del mangle est\u00e1 a un kil\u00f3metro a mano<br \/>\nderecha del acceso prinicipal, mientras que en \u00c1lvaro Obreg\u00f3n es a un<br \/>\ncostado de la salinera Ojo de Agua, vemos con tristeza c\u00f3mo en ambos sitios<br \/>\nsolo hay troncos, por lo que hacemos un llamado urgente, una exigencia a las<br \/>\nautoridades ambientales para que hagan algo y supervisen la zona a fin de<br \/>\ndetener a los culpables de este da\u00f1o enorme al medio ambiente\u201d, precis\u00f3.<\/p>\n<p>El defensor del mar manifest\u00f3 que ambos pueblos lograron en el a\u00f1o 2012<br \/>\nno permitir un ecocidio de la empresa e\u00f3lica Mare\u00f1a Renovables y que en ese<br \/>\nentonces salieron triunfantes, pues hay un amparo para evitar instalar<br \/>\ntorres e\u00f3licas en la barra santa Teresa, localizada en la laguna superior.<\/p>\n<p>De la gran tala de mangles se observa en el lugar espacios desmontados<br \/>\nde 30 x 20 metros aproximadamente, adem\u00e1s de troncos de gran di\u00e1metro que<br \/>\nson utilizados para extraer cantidades enormes de troncos para la elaboraci\u00f3n de carb\u00f3n.<\/p>\n<p>Los defensores del mar alertaron al igual a pueblos hermanos de San Mateo y San Francisco del Mar , as\u00ed como pueblos zapotecas de Juchit\u00e1n, Santa Rosa de Lima, Uni\u00f3n Hidalgo, Santa Mar\u00eda Xadani, Ejidos Zapata y Heliodoro Charis Castro para que juntos luchen por defender la tierra y el territorio y no permitir que el mangle se destruya, pues tanto el mar como el viento<br \/>\nson sagrados para los pueblos ind\u00edgenas.<\/p>\n<p><a href=\"http:\/\/pagina3.mx\/2015\/02\/empresa-de-carbon-destruye-mangles-en-zona-huave-denuncian\/\" target=\"_blank\">pagina3.mx\/2015\/02\/empresa-de-carbon-destruye-mangles-en-zona-huave-denuncian\/<\/a><\/p>\n","protected":false},"excerpt":{"rendered":"<p>Diario P\u00e1gina 3. Diana Manzo, San Dionisio del Mar, Oaxaca.- Defensores del Mar del pueblo de San Dionisio del Mar, denunciaron que supuestos comercializadores de carb\u00f3n, han comenzado a destruir &hellip; <a href=\"http:\/\/www.grieta.org.mx\/index.php\/2015\/02\/10\/empresa-de-carbon-destruye-mangles-en-zona-huave-denuncian\/\" class=\"more-link\">Leer m\u00e1s<\/a><\/p>\n","protected":false},"author":2,"featured_media":21928,"comment_status":"closed","ping_status":"open","sticky":false,"template":"","format":"standard","meta":{"ngg_post_thumbnail":0,"_jetpack_newsletter_access":"","_jetpack_dont_email_post_to_subs":false,"_jetpack_newsletter_tier_id":0,"_jetpack_memberships_contains_paywalled_content":false,"_jetpack_memberships_contains_paid_content":false,"footnotes":""},"categories":[80,1306,2,25],"tags":[184,223,214,93],"class_list":["post-1891","post","type-post","status-publish","format-standard","has-post-thumbnail","hentry","category-cintillo","category-conflictos-por-parques-eolicos-en-oaxaca","category-noticias-nacionales","category-oaxaca","tag-despojo","tag-ecocidio","tag-eolicas","tag-oaxaca","entry"],"jetpack_featured_media_url":"http:\/\/www.grieta.org.mx\/wp-content\/uploads\/2018\/03\/14524434_1106112876131411_958039263622046936_o.jpg","jetpack_sharing_enabled":true,"jetpack_shortlink":"https:\/\/wp.me\/p7ZJR4-uv","jetpack_likes_enabled":false,"jetpack-related-posts":[{"id":1893,"url":"http:\/\/www.grieta.org.mx\/index.php\/2015\/02\/02\/el-pueblo-huave-conmemora-tres-anos-defendiendo-su-territorio-de-las-empresas-eolicas\/","url_meta":{"origin":1891,"position":0},"title":"El pueblo huave conmemora tres a\u00f1os defendiendo su territorio de las empresas e\u00f3licas","author":"grieta","date":"2 febrero, 2015","format":false,"excerpt":"Oaxaca 3.0, Redacci\u00f3n, Oaxaca.- Habitantes de San Mateo, Juchit\u00e1n, \u00c1lvaro Obreg\u00f3n, Uni\u00f3n Hidalgo, y San Francisco del Mar, pobladores ind\u00edgenas que han encabezado desde hace tiempo una lucha contra las empresas e\u00f3licas en el Istmo de Tehuantepec, acudieron a San Dionisio del Mar para acompa\u00f1ar al pueblo huave en la\u2026","rel":"","context":"En &quot;CINTILLO&quot;","block_context":{"text":"CINTILLO","link":"http:\/\/www.grieta.org.mx\/index.php\/category\/cintillo\/"},"img":{"alt_text":"","src":"https:\/\/i0.wp.com\/www.grieta.org.mx\/wp-content\/uploads\/2018\/03\/14524434_1106112876131411_958039263622046936_o.jpg?resize=350%2C200","width":350,"height":200,"srcset":"https:\/\/i0.wp.com\/www.grieta.org.mx\/wp-content\/uploads\/2018\/03\/14524434_1106112876131411_958039263622046936_o.jpg?resize=350%2C200 1x, https:\/\/i0.wp.com\/www.grieta.org.mx\/wp-content\/uploads\/2018\/03\/14524434_1106112876131411_958039263622046936_o.jpg?resize=525%2C300 1.5x, https:\/\/i0.wp.com\/www.grieta.org.mx\/wp-content\/uploads\/2018\/03\/14524434_1106112876131411_958039263622046936_o.jpg?resize=700%2C400 2x"},"classes":[]},{"id":59521,"url":"http:\/\/www.grieta.org.mx\/index.php\/2021\/05\/23\/ikoots-de-san-dionisio-y-san-mateo-del-mar-no-permitiran-instalacion-de-casillas-electorales-oaxaca\/","url_meta":{"origin":1891,"position":1},"title":"Ikoots de San Dionisio y San Mateo del Mar no permitir\u00e1n instalaci\u00f3n de casillas electorales (Oaxaca)","author":"grieta","date":"23 mayo, 2021","format":false,"excerpt":"La coperacha \/ Redacci\u00f3n. Foto: NVINoticias Los pueblos mare\u00f1os exigen justicia ante ataques que derivaron en muertes y heridos. En Oaxaca, pueblos ikoots de San Dionisio del Mar y de San Mateo del Mar, mantienen la postura de no permitir la instalaci\u00f3n de casillas electorales ni la entrada de partidos\u2026","rel":"","context":"En &quot;CINTILLO&quot;","block_context":{"text":"CINTILLO","link":"http:\/\/www.grieta.org.mx\/index.php\/category\/cintillo\/"},"img":{"alt_text":"","src":"https:\/\/i0.wp.com\/www.grieta.org.mx\/wp-content\/uploads\/2021\/05\/Z.jpg?resize=350%2C200","width":350,"height":200,"srcset":"https:\/\/i0.wp.com\/www.grieta.org.mx\/wp-content\/uploads\/2021\/05\/Z.jpg?resize=350%2C200 1x, https:\/\/i0.wp.com\/www.grieta.org.mx\/wp-content\/uploads\/2021\/05\/Z.jpg?resize=525%2C300 1.5x, https:\/\/i0.wp.com\/www.grieta.org.mx\/wp-content\/uploads\/2021\/05\/Z.jpg?resize=700%2C400 2x"},"classes":[]},{"id":37538,"url":"http:\/\/www.grieta.org.mx\/index.php\/2019\/08\/06\/asamblea-de-pueblo-de-san-dionisio-del-mar-bloquean-carretera-federal-190-oaxaca\/","url_meta":{"origin":1891,"position":2},"title":"Asamblea de pueblo de San Dionisio del Mar bloquean carretera federal 190 (Oaxaca)","author":"grieta","date":"6 agosto, 2019","format":false,"excerpt":"Agencias \/ P\u00e1gina 3. Juchit\u00e1n de Zaragoza, Oaxaca. Integrantes de la Asamblea del Pueblo en Defensa de las Tierras de San Dionisio del Mar, bloquean carretera federal 190 a la altura de la escuela IMECA en esta ciudad. Este bloqueo es en rechazo a la iniciativa que presentar\u00e1 Diputados Locales\u2026","rel":"","context":"En &quot;CINTILLO&quot;","block_context":{"text":"CINTILLO","link":"http:\/\/www.grieta.org.mx\/index.php\/category\/cintillo\/"},"img":{"alt_text":"","src":"https:\/\/i0.wp.com\/www.grieta.org.mx\/wp-content\/uploads\/2019\/08\/A.png?resize=350%2C200","width":350,"height":200,"srcset":"https:\/\/i0.wp.com\/www.grieta.org.mx\/wp-content\/uploads\/2019\/08\/A.png?resize=350%2C200 1x, https:\/\/i0.wp.com\/www.grieta.org.mx\/wp-content\/uploads\/2019\/08\/A.png?resize=525%2C300 1.5x, https:\/\/i0.wp.com\/www.grieta.org.mx\/wp-content\/uploads\/2019\/08\/A.png?resize=700%2C400 2x"},"classes":[]},{"id":1836,"url":"http:\/\/www.grieta.org.mx\/index.php\/2016\/01\/30\/celebra-pueblo-ikoot-la-vida-a-4-anos-de-resistencia-contra-megaproyecto-eolico\/","url_meta":{"origin":1891,"position":3},"title":"Celebra pueblo ikoot la vida a 4 a\u00f1os de resistencia contra megaproyecto e\u00f3lico","author":"grieta","date":"30 enero, 2016","format":false,"excerpt":"IstmoPress. Diana Manzo, San Dionsio Del Mar.- Las campanas de la iglesia de San Dionisio del Mar Aeropagita hicieron el llamado a misa como hace cuatro a\u00f1os, aquel 29 de Enero del 2012 cuando los integrantes de la Asamblea de Pueblos de San Dionisio del Mar (APSDM) se unieron en\u2026","rel":"","context":"En &quot;CINTILLO&quot;","block_context":{"text":"CINTILLO","link":"http:\/\/www.grieta.org.mx\/index.php\/category\/cintillo\/"},"img":{"alt_text":"","src":"https:\/\/i0.wp.com\/www.grieta.org.mx\/wp-content\/uploads\/2018\/03\/14524434_1106112876131411_958039263622046936_o.jpg?resize=350%2C200","width":350,"height":200,"srcset":"https:\/\/i0.wp.com\/www.grieta.org.mx\/wp-content\/uploads\/2018\/03\/14524434_1106112876131411_958039263622046936_o.jpg?resize=350%2C200 1x, https:\/\/i0.wp.com\/www.grieta.org.mx\/wp-content\/uploads\/2018\/03\/14524434_1106112876131411_958039263622046936_o.jpg?resize=525%2C300 1.5x, https:\/\/i0.wp.com\/www.grieta.org.mx\/wp-content\/uploads\/2018\/03\/14524434_1106112876131411_958039263622046936_o.jpg?resize=700%2C400 2x"},"classes":[]},{"id":68867,"url":"http:\/\/www.grieta.org.mx\/index.php\/2024\/05\/02\/doce-anos-sin-agua-en-san-dionisio-del-mar-oaxaca-denuncian-pobladores-no-funciona-ningun-pozo\/","url_meta":{"origin":1891,"position":4},"title":"Doce a\u00f1os sin agua en San Dionisio del Mar, Oaxaca denuncian pobladores: \u201cNo funciona ning\u00fan pozo\u201d","author":"grieta","date":"2 mayo, 2024","format":false,"excerpt":"Imagen: Itsmo Press Diana Manzo \/ Itsmo Press #SanDionisiodelMar #Oaxaca 2 May (#Istmopress) \u2013 \u201cNinguno de los cinco pozos de agua que las autoridades han construido para abastecernos sirve, ninguna funciona\u201d denunciaron pobladores de este municipio oaxaque\u00f1o, al recalcar que de sus tuber\u00edas no cae una sola gota de ese\u2026","rel":"","context":"En &quot;CINTILLO&quot;","block_context":{"text":"CINTILLO","link":"http:\/\/www.grieta.org.mx\/index.php\/category\/cintillo\/"},"img":{"alt_text":"","src":"https:\/\/i0.wp.com\/www.grieta.org.mx\/wp-content\/uploads\/2024\/05\/1714735535808-800x445-1.jpg?resize=350%2C200","width":350,"height":200,"srcset":"https:\/\/i0.wp.com\/www.grieta.org.mx\/wp-content\/uploads\/2024\/05\/1714735535808-800x445-1.jpg?resize=350%2C200 1x, https:\/\/i0.wp.com\/www.grieta.org.mx\/wp-content\/uploads\/2024\/05\/1714735535808-800x445-1.jpg?resize=525%2C300 1.5x, https:\/\/i0.wp.com\/www.grieta.org.mx\/wp-content\/uploads\/2024\/05\/1714735535808-800x445-1.jpg?resize=700%2C400 2x"},"classes":[]},{"id":1877,"url":"http:\/\/www.grieta.org.mx\/index.php\/2015\/07\/13\/rechazan-mas-eolicas-en-el-istmo\/","url_meta":{"origin":1891,"position":5},"title":"Rechazan m\u00e1s e\u00f3licas en el Istmo","author":"grieta","date":"13 julio, 2015","format":false,"excerpt":"Diana Manzo, Oaxaca San Francisco del Mar, Oax.\u00a0Unos 600 pobladores irrumpieron en la asamblea comunal que por segunda vez intentaba sesionar para determinar si se permitir\u00eda la instalaci\u00f3n de un parque e\u00f3lico en 10 mil hect\u00e1reas de tierras ejidales. La mesa directiva levant\u00f3 la sesi\u00f3n. Los inconformes, miembros de organizaciones\u2026","rel":"","context":"En &quot;CINTILLO&quot;","block_context":{"text":"CINTILLO","link":"http:\/\/www.grieta.org.mx\/index.php\/category\/cintillo\/"},"img":{"alt_text":"","src":"https:\/\/i0.wp.com\/www.grieta.org.mx\/wp-content\/uploads\/2018\/03\/14524434_1106112876131411_958039263622046936_o.jpg?resize=350%2C200","width":350,"height":200,"srcset":"https:\/\/i0.wp.com\/www.grieta.org.mx\/wp-content\/uploads\/2018\/03\/14524434_1106112876131411_958039263622046936_o.jpg?resize=350%2C200 1x, https:\/\/i0.wp.com\/www.grieta.org.mx\/wp-content\/uploads\/2018\/03\/14524434_1106112876131411_958039263622046936_o.jpg?resize=525%2C300 1.5x, https:\/\/i0.wp.com\/www.grieta.org.mx\/wp-content\/uploads\/2018\/03\/14524434_1106112876131411_958039263622046936_o.jpg?resize=700%2C400 2x"},"classes":[]}],"_links":{"self":[{"href":"http:\/\/www.grieta.org.mx\/index.php\/wp-json\/wp\/v2\/posts\/1891","targetHints":{"allow":["GET"]}}],"collection":[{"href":"http:\/\/www.grieta.org.mx\/index.php\/wp-json\/wp\/v2\/posts"}],"about":[{"href":"http:\/\/www.grieta.org.mx\/index.php\/wp-json\/wp\/v2\/types\/post"}],"author":[{"embeddable":true,"href":"http:\/\/www.grieta.org.mx\/index.php\/wp-json\/wp\/v2\/users\/2"}],"replies":[{"embeddable":true,"href":"http:\/\/www.grieta.org.mx\/index.php\/wp-json\/wp\/v2\/comments?post=1891"}],"version-history":[{"count":1,"href":"http:\/\/www.grieta.org.mx\/index.php\/wp-json\/wp\/v2\/posts\/1891\/revisions"}],"predecessor-version":[{"id":23539,"href":"http:\/\/www.grieta.org.mx\/index.php\/wp-json\/wp\/v2\/posts\/1891\/revisions\/23539"}],"wp:featuredmedia":[{"embeddable":true,"href":"http:\/\/www.grieta.org.mx\/index.php\/wp-json\/wp\/v2\/media\/21928"}],"wp:attachment":[{"href":"http:\/\/www.grieta.org.mx\/index.php\/wp-json\/wp\/v2\/media?parent=1891"}],"wp:term":[{"taxonomy":"category","embeddable":true,"href":"http:\/\/www.grieta.org.mx\/index.php\/wp-json\/wp\/v2\/categories?post=1891"},{"taxonomy":"post_tag","embeddable":true,"href":"http:\/\/www.grieta.org.mx\/index.php\/wp-json\/wp\/v2\/tags?post=1891"}],"curies":[{"name":"wp","href":"https:\/\/api.w.org\/{rel}","templated":true}]}}