{"id":18853,"date":"2016-08-01T23:58:19","date_gmt":"2016-08-02T04:58:19","guid":{"rendered":"http:\/\/www.grieta.org.mx\/?p=18853"},"modified":"2018-09-26T23:26:08","modified_gmt":"2018-09-27T04:26:08","slug":"con-una-marcha-concluyo-el-encuentro-de-territorios-libres-de-mineria-en-miacatlan-morelos","status":"publish","type":"post","link":"http:\/\/www.grieta.org.mx\/index.php\/2016\/08\/01\/con-una-marcha-concluyo-el-encuentro-de-territorios-libres-de-mineria-en-miacatlan-morelos\/","title":{"rendered":"Con una marcha, concluy\u00f3 el encuentro de territorios libres de miner\u00eda en Miacatl\u00e1n (MORELOS)"},"content":{"rendered":"<p>Nora Celia Dom\u00ednguez, Morelos<\/p>\n<p>El encuentro concluy\u00f3 con una marcha que se realiz\u00f3 por las principales calles de \u00e9ste lugar en rechazo a las concesiones de miner\u00eda a tajo abierto para extraer metales.<br \/>\nLos contingentes coreaban consignas como &#8220;queremos frijoles, queremos ma\u00edz, queremos la minera fuera del pa\u00eds&#8221;; &#8220;Nueva visi\u00f3n, es miseria y corrupci\u00f3n&#8221;.<br \/>\nAdem\u00e1s, portaban pancartas con leyendas: \u201cno miner\u00eda\u201d, \u201cviva la vida\u201d, \u201cno a la miner\u00eda de tajo abierto en Morelos\u201d, \u201cdefiende lo natural\u201d, entre otros lemas.<br \/>\nEntre los acuerdos firmados por las diferentes organizaciones y grupos sociales que participaron en dicho encuentro convocado por el Movimiento Morelense contra las Concesiones de Miner\u00eda a Tajo Abierto por Metales y la Red Mexicana de Afectados por la Miner\u00eda (Rema) se acord\u00f3 el compromiso de fortalecer el proceso de organizaci\u00f3n a trav\u00e9s de una lucha social cada vez m\u00e1s articulada e incluyente en defensa de la tierra, manteniendo el rechazo contundente a todos los proyectos del mal llamado \u201cprogreso\u201d y \u201cdesarrollo\u201d que atentan contra el suelo, aire y agua.<br \/>\nAdem\u00e1s, dejaron en claro que no consentir\u00e1n el establecimiento de miner\u00eda t\u00f3xica, de presas, de parques e\u00f3licos, monocultivos, biocombustibles, transg\u00e9nicos, proyectos REDD, \u201creservas de bi\u00f3sfera\u201d, extracci\u00f3n depredadora de gas y petr\u00f3leo, o cualquier otra<br \/>\n\u201cbarbaridad\u201d que intenten imponerles en los pueblos y comunidades ind\u00edgenas.<br \/>\n\u201cQueremos seguir siendo campesinos en las ciudades y zonas conurbadas, queremos consumir alimentos sanos y cultivados desde las comunidades mexicanas. En todas nuestras comunidades queremos vivir con dignidad\u201d, cita el documento de los acuerdos.<br \/>\nAdem\u00e1s exigen al gobierno federal, en especial a la Secretar\u00eda de Econom\u00eda, la cancelaci\u00f3n inmediata y permanente de todas las concesiones mineras que de forma arbitraria y al margen del pueblo ha entregado por todo el territorio nacional, violando los derechos humanos.<br \/>\nTambi\u00e9n hicieron un fuerte llamado para que sean los pueblos quienes realicen el ejercicio libre y pleno de sus propios procesos de consentimiento previo, libre, informado y culturalmente adecuado, \u201cporque es nuestro derecho y no un mecanismo de aplicaci\u00f3n de los gobiernos o de las empresas\u201d.<br \/>\nFinalmente enfatizaron que \u201cno quieren proyectos de muerte\u201d, como es el caso de la explotaci\u00f3n de superficie agr\u00edcola f\u00e9rtil por empresas mineras a trav\u00e9s del uso de cianuro y otras sustancias t\u00f3xicas que atentan contra la salud de poblaciones, como es el caso de tierras de la comunidad de Coatetelco, municipio de Miacatl\u00e1n, oAlpuyeca, municipio de Xochitepec; as\u00ed como de otras comunidades de municipios como Temixco.<br \/>\nDel mismo modo refrendaron su solidaridad con los diferentes movimientos, que a nivel nacional han salido a la calle a defender sus derechos, como el caso de la CNTE (Coordinadora Nacional de Trabajadores de la Educaci\u00f3n) en su lucha en contra de la llamada reforma educativa.<br \/>\nTambi\u00e9n manifestaron su rechazo a las reformas estructurales y recordaron con dolor y manifestaron su total solidaridad con las familias de los 43 estudiantes de la Normal Rural Isidro Burgos de Ayotzinapa, as\u00ed como tambi\u00e9n dijeron tener presentes a los 120 mil desaparecidos en todo el pa\u00eds.<br \/>\nEl Movimiento Morelense contra las Concesiones de Miner\u00eda a Tajo Abierto por Metales sesionar\u00e1 el pr\u00f3ximo martes para dar a conocer las pr\u00f3ximas acciones a seguir en rechazo a las concesiones mineras de la empresa Alamos Gold, que contin\u00faa realizando exploraciones en territorio morelense, particularmente en las comunidades de Coatetelco y Alpuyeca, donde pretende extraer oro, plata y otros metales.<\/p>\n<p><a href=\"https:\/\/www.launion.com.mx\/morelos\/zona-sur\/noticias\/93218-con-una-marcha,-concluy%C3%B3-el-encuentro-de-territorios-libres-de-miner%C3%ADa-en-miacatl%C3%A1n.html\" target=\"_blank\">https:\/\/www.launion.com.mx\/morelos\/zona-sur\/noticias\/93218-con-una-marcha,-concluy%C3%B3-el-encuentro-de-territorios-libres-de-miner%C3%ADa-en-miacatl%C3%A1n.html<\/a><\/p>\n","protected":false},"excerpt":{"rendered":"<p>Nora Celia Dom\u00ednguez, Morelos El encuentro concluy\u00f3 con una marcha que se realiz\u00f3 por las principales calles de \u00e9ste lugar en rechazo a las concesiones de miner\u00eda a tajo abierto &hellip; <a href=\"http:\/\/www.grieta.org.mx\/index.php\/2016\/08\/01\/con-una-marcha-concluyo-el-encuentro-de-territorios-libres-de-mineria-en-miacatlan-morelos\/\" class=\"more-link\">Leer m\u00e1s<\/a><\/p>\n","protected":false},"author":2,"featured_media":21928,"comment_status":"closed","ping_status":"closed","sticky":false,"template":"","format":"standard","meta":{"ngg_post_thumbnail":0,"_jetpack_newsletter_access":"","_jetpack_dont_email_post_to_subs":false,"_jetpack_newsletter_tier_id":0,"_jetpack_memberships_contains_paywalled_content":false,"_jetpack_memberships_contains_paid_content":false,"footnotes":""},"categories":[80,1764,22,482,2],"tags":[91,628,96,109],"class_list":{"0":"post-18853","1":"post","2":"type-post","3":"status-publish","4":"format-standard","5":"has-post-thumbnail","6":"hentry","7":"category-cintillo","8":"category-conflictos-sociales-y-ambientales-por-mineria-en-morelos","9":"category-morelos","11":"category-noticias-nacionales","12":"tag-contaminacion-ambiental","13":"tag-defensa-del-territorio","14":"tag-megaproyectos","15":"tag-mineria","16":"entry"},"jetpack_featured_media_url":"http:\/\/www.grieta.org.mx\/wp-content\/uploads\/2018\/03\/14524434_1106112876131411_958039263622046936_o.jpg","jetpack_sharing_enabled":true,"jetpack_shortlink":"https:\/\/wp.me\/p7ZJR4-4U5","jetpack_likes_enabled":false,"jetpack-related-posts":[{"id":18844,"url":"http:\/\/www.grieta.org.mx\/index.php\/2016\/07\/29\/inicio-ayer-el-encuentro-nuestros-territorios-libres-de-mineria-en-miacatlan\/","url_meta":{"origin":18853,"position":0},"title":"Inici\u00f3 ayer el encuentro \u201cNuestros territorios libres de miner\u00eda\u201d en Miacatl\u00e1n (MORELOS)","author":"grieta","date":"29 julio, 2016","format":false,"excerpt":"Nora Celia Dom\u00ednguez, Morelos Miacatl\u00e1n.- Este jueves inici\u00f3 el encuentro mexicano de resistencias contra el modelo extractivo \u201cNuestros territorios libres de miner\u00eda\u201d que se llev\u00f3 a cabo en el atrio de la iglesia de Santo Tom\u00e1s de este municipio, convocado por el Movimiento Morelense Contra las Concesiones de Miner\u00eda a\u2026","rel":"","context":"En &quot;CINTILLO&quot;","block_context":{"text":"CINTILLO","link":"http:\/\/www.grieta.org.mx\/index.php\/category\/cintillo\/"},"img":{"alt_text":"","src":"https:\/\/i0.wp.com\/www.grieta.org.mx\/wp-content\/uploads\/2018\/03\/14524434_1106112876131411_958039263622046936_o.jpg?resize=350%2C200","width":350,"height":200,"srcset":"https:\/\/i0.wp.com\/www.grieta.org.mx\/wp-content\/uploads\/2018\/03\/14524434_1106112876131411_958039263622046936_o.jpg?resize=350%2C200 1x, https:\/\/i0.wp.com\/www.grieta.org.mx\/wp-content\/uploads\/2018\/03\/14524434_1106112876131411_958039263622046936_o.jpg?resize=525%2C300 1.5x, https:\/\/i0.wp.com\/www.grieta.org.mx\/wp-content\/uploads\/2018\/03\/14524434_1106112876131411_958039263622046936_o.jpg?resize=700%2C400 2x"},"classes":[]},{"id":69212,"url":"http:\/\/www.grieta.org.mx\/index.php\/2024\/06\/15\/celebraran-el-decreto-vs-mineria-con-evento-morelos\/","url_meta":{"origin":18853,"position":1},"title":"Celebrar\u00e1n el Decreto vs miner\u00eda con evento (Morelos)","author":"grieta","date":"15 junio, 2024","format":false,"excerpt":"Salvador Rosas \/ Diario de Morelos A dos a\u00f1os de que se firm\u00f3 el \u201cDecreto de los pueblos nahuas de Morelos contra la miner\u00eda\u201d, la comunidad de Cuentepec, Temixco, realizar\u00e1 una serie de actividades pol\u00edticas-culturales para reafirmar su rechazo a los megaproyectos y a la miner\u00eda de tajo abierto en\u2026","rel":"","context":"En &quot;CINTILLO&quot;","block_context":{"text":"CINTILLO","link":"http:\/\/www.grieta.org.mx\/index.php\/category\/cintillo\/"},"img":{"alt_text":"","src":"https:\/\/i0.wp.com\/www.grieta.org.mx\/wp-content\/uploads\/2024\/06\/Screenshot-2024-06-25-at-13-06-15-Celebraran-el-Decreto-vs-mineria-con-evento.png?resize=350%2C200","width":350,"height":200,"srcset":"https:\/\/i0.wp.com\/www.grieta.org.mx\/wp-content\/uploads\/2024\/06\/Screenshot-2024-06-25-at-13-06-15-Celebraran-el-Decreto-vs-mineria-con-evento.png?resize=350%2C200 1x, https:\/\/i0.wp.com\/www.grieta.org.mx\/wp-content\/uploads\/2024\/06\/Screenshot-2024-06-25-at-13-06-15-Celebraran-el-Decreto-vs-mineria-con-evento.png?resize=525%2C300 1.5x, https:\/\/i0.wp.com\/www.grieta.org.mx\/wp-content\/uploads\/2024\/06\/Screenshot-2024-06-25-at-13-06-15-Celebraran-el-Decreto-vs-mineria-con-evento.png?resize=700%2C400 2x, https:\/\/i0.wp.com\/www.grieta.org.mx\/wp-content\/uploads\/2024\/06\/Screenshot-2024-06-25-at-13-06-15-Celebraran-el-Decreto-vs-mineria-con-evento.png?resize=1050%2C600 3x"},"classes":[]},{"id":8675,"url":"http:\/\/www.grieta.org.mx\/index.php\/2016\/08\/04\/conflictos-mineros-en-morelos\/","url_meta":{"origin":18853,"position":2},"title":"Conflictos sociales y ambientales por miner\u00eda en Morelos","author":"grieta","date":"4 agosto, 2016","format":false,"excerpt":"04\/08\/16. Cuayuca: cumplen 8 d\u00edas tomada la mina por ejidatarios La Jornada de Oriente 01\/08\/16. Con una marcha, concluy\u00f3 el encuentro de territorios libres de miner\u00eda en Miacatl\u00e1n La Uni\u00f3n de Morelos 31\/07\/16. Exigen cancelar siete concesiones mineras La Jornada Maya 29\/07\/16. Inici\u00f3 ayer el encuentro \u201cNuestros territorios libres de\u2026","rel":"","context":"En &quot;MEGAPROYECTOS&quot;","block_context":{"text":"MEGAPROYECTOS","link":"http:\/\/www.grieta.org.mx\/index.php\/category\/megaproyectos\/"},"img":{"alt_text":"","src":"https:\/\/i0.wp.com\/www.grieta.org.mx\/wp-content\/uploads\/2018\/03\/14524434_1106112876131411_958039263622046936_o.jpg?resize=350%2C200","width":350,"height":200,"srcset":"https:\/\/i0.wp.com\/www.grieta.org.mx\/wp-content\/uploads\/2018\/03\/14524434_1106112876131411_958039263622046936_o.jpg?resize=350%2C200 1x, https:\/\/i0.wp.com\/www.grieta.org.mx\/wp-content\/uploads\/2018\/03\/14524434_1106112876131411_958039263622046936_o.jpg?resize=525%2C300 1.5x, https:\/\/i0.wp.com\/www.grieta.org.mx\/wp-content\/uploads\/2018\/03\/14524434_1106112876131411_958039263622046936_o.jpg?resize=700%2C400 2x"},"classes":[]},{"id":18849,"url":"http:\/\/www.grieta.org.mx\/index.php\/2016\/07\/31\/exigen-cancelar-siete-concesiones-mineras\/","url_meta":{"origin":18853,"position":3},"title":"Exigen cancelar siete concesiones mineras (MORELOS)","author":"grieta","date":"31 julio, 2016","format":false,"excerpt":"Rubicela Morelos Cruz, Morelos Miacatl\u00e1n, Morelos Domingo 31 de julio, 2016 En el Encuentro mexicano de resistencias contra el modelo extractivo: nuestros territorios libres de miner\u00eda y otros megaproyectos, efectuado este fin de semana en este municipio, se exigi\u00f3 a los gobiernos federal y estatal cancelar siete concesiones entregadas a\u2026","rel":"","context":"En &quot;CINTILLO&quot;","block_context":{"text":"CINTILLO","link":"http:\/\/www.grieta.org.mx\/index.php\/category\/cintillo\/"},"img":{"alt_text":"","src":"https:\/\/i0.wp.com\/www.grieta.org.mx\/wp-content\/uploads\/2018\/03\/14524434_1106112876131411_958039263622046936_o.jpg?resize=350%2C200","width":350,"height":200,"srcset":"https:\/\/i0.wp.com\/www.grieta.org.mx\/wp-content\/uploads\/2018\/03\/14524434_1106112876131411_958039263622046936_o.jpg?resize=350%2C200 1x, https:\/\/i0.wp.com\/www.grieta.org.mx\/wp-content\/uploads\/2018\/03\/14524434_1106112876131411_958039263622046936_o.jpg?resize=525%2C300 1.5x, https:\/\/i0.wp.com\/www.grieta.org.mx\/wp-content\/uploads\/2018\/03\/14524434_1106112876131411_958039263622046936_o.jpg?resize=700%2C400 2x"},"classes":[]},{"id":18021,"url":"http:\/\/www.grieta.org.mx\/index.php\/2016\/07\/27\/retoman-lucha-contra-la-minera-alamos-gold-morelos\/","url_meta":{"origin":18853,"position":4},"title":"Retoman lucha contra la minera \u00c1lamos Gold (MORELOS)","author":"grieta","date":"27 julio, 2016","format":false,"excerpt":"Antonieta S\u00e1nchez, Morelos. Cuernavaca, MORELOS.- El Movimiento Morelense Contra las Concesiones de Miner\u00eda a tajo abierto por metales reactiv\u00f3 la lucha contra la minera canadiense Alamos Gold, al convocar ayer al Encuentro Mexicano de Resistencias Contra el Modelo Extractivo. Dicha actividad, programada para llevarse a cabo de ma\u00f1ana jueves 28\u2026","rel":"","context":"En &quot;CINTILLO&quot;","block_context":{"text":"CINTILLO","link":"http:\/\/www.grieta.org.mx\/index.php\/category\/cintillo\/"},"img":{"alt_text":"","src":"https:\/\/i0.wp.com\/www.grieta.org.mx\/wp-content\/uploads\/2018\/03\/14524434_1106112876131411_958039263622046936_o.jpg?resize=350%2C200","width":350,"height":200,"srcset":"https:\/\/i0.wp.com\/www.grieta.org.mx\/wp-content\/uploads\/2018\/03\/14524434_1106112876131411_958039263622046936_o.jpg?resize=350%2C200 1x, https:\/\/i0.wp.com\/www.grieta.org.mx\/wp-content\/uploads\/2018\/03\/14524434_1106112876131411_958039263622046936_o.jpg?resize=525%2C300 1.5x, https:\/\/i0.wp.com\/www.grieta.org.mx\/wp-content\/uploads\/2018\/03\/14524434_1106112876131411_958039263622046936_o.jpg?resize=700%2C400 2x"},"classes":[]},{"id":9137,"url":"http:\/\/www.grieta.org.mx\/index.php\/2015\/09\/14\/repudia-concesion-a-minera-canadiense-en-xochicalco\/","url_meta":{"origin":18853,"position":5},"title":"Repudia concesi\u00f3n a minera canadiense en Xochicalco","author":"grieta","date":"14 septiembre, 2015","format":false,"excerpt":"Movimiento Morelense contra las Concesiones de Miner\u00eda a Tajo Abierto En el contexto del tercer Congreso Internacional sobre Experiencias en la Salvaguardia del Patrimonio Cultural Inmaterial, celebrado este mes en Cuernavaca, el Movimiento Morelense contra las Concesiones de Miner\u00eda a Tajo Abierto por Metales se pronunci\u00f3 por la cancelaci\u00f3n inmediata\u2026","rel":"","context":"En &quot;CINTILLO&quot;","block_context":{"text":"CINTILLO","link":"http:\/\/www.grieta.org.mx\/index.php\/category\/cintillo\/"},"img":{"alt_text":"","src":"https:\/\/i0.wp.com\/www.grieta.org.mx\/wp-content\/uploads\/2018\/03\/14524434_1106112876131411_958039263622046936_o.jpg?resize=350%2C200","width":350,"height":200,"srcset":"https:\/\/i0.wp.com\/www.grieta.org.mx\/wp-content\/uploads\/2018\/03\/14524434_1106112876131411_958039263622046936_o.jpg?resize=350%2C200 1x, https:\/\/i0.wp.com\/www.grieta.org.mx\/wp-content\/uploads\/2018\/03\/14524434_1106112876131411_958039263622046936_o.jpg?resize=525%2C300 1.5x, https:\/\/i0.wp.com\/www.grieta.org.mx\/wp-content\/uploads\/2018\/03\/14524434_1106112876131411_958039263622046936_o.jpg?resize=700%2C400 2x"},"classes":[]}],"_links":{"self":[{"href":"http:\/\/www.grieta.org.mx\/index.php\/wp-json\/wp\/v2\/posts\/18853","targetHints":{"allow":["GET"]}}],"collection":[{"href":"http:\/\/www.grieta.org.mx\/index.php\/wp-json\/wp\/v2\/posts"}],"about":[{"href":"http:\/\/www.grieta.org.mx\/index.php\/wp-json\/wp\/v2\/types\/post"}],"author":[{"embeddable":true,"href":"http:\/\/www.grieta.org.mx\/index.php\/wp-json\/wp\/v2\/users\/2"}],"replies":[{"embeddable":true,"href":"http:\/\/www.grieta.org.mx\/index.php\/wp-json\/wp\/v2\/comments?post=18853"}],"version-history":[{"count":1,"href":"http:\/\/www.grieta.org.mx\/index.php\/wp-json\/wp\/v2\/posts\/18853\/revisions"}],"predecessor-version":[{"id":18854,"href":"http:\/\/www.grieta.org.mx\/index.php\/wp-json\/wp\/v2\/posts\/18853\/revisions\/18854"}],"wp:featuredmedia":[{"embeddable":true,"href":"http:\/\/www.grieta.org.mx\/index.php\/wp-json\/wp\/v2\/media\/21928"}],"wp:attachment":[{"href":"http:\/\/www.grieta.org.mx\/index.php\/wp-json\/wp\/v2\/media?parent=18853"}],"wp:term":[{"taxonomy":"category","embeddable":true,"href":"http:\/\/www.grieta.org.mx\/index.php\/wp-json\/wp\/v2\/categories?post=18853"},{"taxonomy":"post_tag","embeddable":true,"href":"http:\/\/www.grieta.org.mx\/index.php\/wp-json\/wp\/v2\/tags?post=18853"}],"curies":[{"name":"wp","href":"https:\/\/api.w.org\/{rel}","templated":true}]}}