{"id":18780,"date":"2014-12-10T15:06:12","date_gmt":"2014-12-10T21:06:12","guid":{"rendered":"http:\/\/www.grieta.org.mx\/?p=18780"},"modified":"2016-08-04T15:06:47","modified_gmt":"2016-08-04T20:06:47","slug":"se-utilizaron-armas-alemanas-en-ataque-a-normalistas","status":"publish","type":"post","link":"http:\/\/www.grieta.org.mx\/index.php\/2014\/12\/10\/se-utilizaron-armas-alemanas-en-ataque-a-normalistas\/","title":{"rendered":"Se utilizaron armas alemanas en ataque a normalistas"},"content":{"rendered":"<p>Proceso<br \/>\n YETLANECI ALCARAZ<\/p>\n<p>BERL\u00cdN (apro).- Cuando menos 36 de las armas decomisadas a la polic\u00eda municipal de Iguala y presuntamente utilizadas durante los enfrentamiento del pasado 26 de septiembre -en los que murieron seis personas (tres estudiantes entre ellos), 17 m\u00e1s fueron heridas y 43 normalistas de Ayotzinapa desaparecieron-, son fusiles de asalto alemanes modelo G-36 producidos por la empresa Heckler &#038; Koch.<\/p>\n<p>Lo anterior se desprende del listado de objetos y armas decomisadas por las autoridades del estado de Guerrero, que forma parte del expediente del caso Iguala iniciado en un principio por la Procuradur\u00eda General de Justicia del Estado (PGJE), dado a conocer este mi\u00e9rcoles por el diario alem\u00e1n Tages Zeitung TAZ.<\/p>\n<p>De acuerdo con el listado \u2013del cual Apro posee una copia\u2013, adem\u00e1s de las armas de manufactura alemana, tambi\u00e9n fueron retenidas a la polic\u00eda municipal de Iguala fusiles de asalto italianos Beretta tipo SCP (sic) 70\/90 y fusiles AR-15 producidos por la empresa estadunidense Colt.<\/p>\n<p>En el listado se describe con precisi\u00f3n el tipo de arma confiscada, el modelo, la matr\u00edcula y\/o n\u00famero de serie de cada fusil. Tales armas forman parte del arsenal en poder de la polic\u00eda municipal de Iguala y su utilizaci\u00f3n en la noche del 26 de septiembre ser\u00e1 determinada por las autoridades.<\/p>\n<p>El pasado 1 de octubre el titular de la Fiscal\u00eda General del Estado de Guerrero, I\u00f1aky Blanco Cabrera, asegur\u00f3 que la noche del 26 de septiembre los estudiantes de Ayotzinapa fueron atacados con 30 armas de fuego que pertenec\u00edan a la polic\u00eda municipal de Iguala toda vez que los casquillos de los disparos coincidieron con las armas de cargo de los agentes municipales.<\/p>\n<p>En esa ocasi\u00f3n, incluso, no descart\u00f3 que tambi\u00e9n hayan participado en los tres enfrentamientos que sucedieron esa noche miembros del crimen organizado.<\/p>\n<p>Si las armas alemanas fueron utilizadas para atacar a los normalistas de Ayotzinapa es algo que a\u00fan no queda claro pero su decomiso confirma de nuevo la presencia ilegal de estos fusiles en el violento estado de Guerrero.<\/p>\n<p>Desde 2005 el gobierno alem\u00e1n vet\u00f3 a los estados mexicanos de Guerrero, Chiapas, Chihuahua y Jalisco para recibir armas de exportaci\u00f3n alemanas por ser regiones violentas donde se violan los derechos humanos.<\/p>\n<p>Sin embargo, tal condici\u00f3n no se cumpli\u00f3 y reiteradamente ha salido a la luz la presencia de los fusiles G-36 en el estado de Guerrero: la primera vez fue en marzo del 2012 durante un enfrentamiento en la Autopista del Sol, a la altura de Chilpancingo, entre la polic\u00eda y estudiantes de la Normal de Ayotzinapa.<\/p>\n<p>A partir de fotograf\u00edas tomadas el d\u00eda del enfrentamiento el diario alem\u00e1n TAZ, que desde hace a\u00f1os sigue puntualmente la ruta ilegal de las armas alemanas en M\u00e9xico, pudo comprobar que las armas alemanas obran en poder de la polic\u00eda estatal de Guerrero.<\/p>\n<p>La segunda vez fue en febrero de este a\u00f1o cuando el canal franco-alem\u00e1n ARTE realizaba un documental sobre armas alemanas en Estados prohibidos. La investigaci\u00f3n lleg\u00f3 hasta la polic\u00eda comunitaria de Tixtla, Guerrero, que pose\u00eda cuando menos dos fusiles alemanes G36, los cuales hab\u00edan sido decomisados a la polic\u00eda de ese municipio.<\/p>\n<p>http:\/\/www.proceso.com.mx\/390345\/se-utilizaron-armas-alemanas-en-ataque-a-normalistas<\/p>\n","protected":false},"excerpt":{"rendered":"<p>Proceso YETLANECI ALCARAZ BERL\u00cdN (apro).- Cuando menos 36 de las armas decomisadas a la polic\u00eda municipal de Iguala y presuntamente utilizadas durante los enfrentamiento del pasado 26 de septiembre -en &hellip; <a href=\"http:\/\/www.grieta.org.mx\/index.php\/2014\/12\/10\/se-utilizaron-armas-alemanas-en-ataque-a-normalistas\/\" class=\"more-link\">Leer m\u00e1s<\/a><\/p>\n","protected":false},"author":2,"featured_media":21928,"comment_status":"closed","ping_status":"closed","sticky":false,"template":"","format":"standard","meta":{"ngg_post_thumbnail":0,"_jetpack_newsletter_access":"","_jetpack_dont_email_post_to_subs":false,"_jetpack_newsletter_tier_id":0,"_jetpack_memberships_contains_paywalled_content":false,"_jetpack_memberships_contains_paid_content":false,"footnotes":""},"categories":[80,320],"tags":[119,121],"class_list":["post-18780","post","type-post","status-publish","format-standard","has-post-thumbnail","hentry","category-cintillo","category-guerrero","tag-ayotzinapa","tag-desaparecidos","entry"],"jetpack_featured_media_url":"http:\/\/www.grieta.org.mx\/wp-content\/uploads\/2018\/03\/14524434_1106112876131411_958039263622046936_o.jpg","jetpack_sharing_enabled":true,"jetpack_shortlink":"https:\/\/wp.me\/p7ZJR4-4SU","jetpack_likes_enabled":false,"jetpack-related-posts":[{"id":18002,"url":"http:\/\/www.grieta.org.mx\/index.php\/2016\/08\/08\/caso-ayotzinapa\/","url_meta":{"origin":18780,"position":0},"title":"Caso Ayotzinapa","author":"grieta","date":"8 agosto, 2016","format":false,"excerpt":"08\/09\/16. Descubren en el Cisen y en el Campo Militar 1 rastros del normalista desolladoEl Sur Acapulco 21\/10\/15. Presentan los expertos su informe sobre Ayotzinapa; la PGR tiene nueva versi\u00f3n de los hechos, advierte El Sur 30\/09\/2015. El caso Ayotzinapa llev\u00f3 al hallazgo de 104 cuerpos de desaparecidos en cerros\u2026","rel":"","context":"En &quot;Guerrero&quot;","block_context":{"text":"Guerrero","link":"http:\/\/www.grieta.org.mx\/index.php\/category\/noticias-nacionales\/guerrero\/"},"img":{"alt_text":"","src":"https:\/\/i0.wp.com\/www.grieta.org.mx\/wp-content\/uploads\/2018\/03\/14524434_1106112876131411_958039263622046936_o.jpg?resize=350%2C200","width":350,"height":200,"srcset":"https:\/\/i0.wp.com\/www.grieta.org.mx\/wp-content\/uploads\/2018\/03\/14524434_1106112876131411_958039263622046936_o.jpg?resize=350%2C200 1x, https:\/\/i0.wp.com\/www.grieta.org.mx\/wp-content\/uploads\/2018\/03\/14524434_1106112876131411_958039263622046936_o.jpg?resize=525%2C300 1.5x, https:\/\/i0.wp.com\/www.grieta.org.mx\/wp-content\/uploads\/2018\/03\/14524434_1106112876131411_958039263622046936_o.jpg?resize=700%2C400 2x"},"classes":[]},{"id":22595,"url":"http:\/\/www.grieta.org.mx\/index.php\/2018\/04\/20\/normalistas-realizan-pintas-en-cuartel-militar-en-chilpancingo-guerrero\/","url_meta":{"origin":18780,"position":1},"title":"Normalistas realizan pintas en cuartel militar en Chilpancingo, Guerrero","author":"grieta","date":"20 abril, 2018","format":false,"excerpt":"La ma\u00f1ana de este viernes, normalistas de Ayotzinapa realizaron pintas en las instalaciones de la 35 zona militar con sede en Chilpancingo, Guerrero. La protesta se realiz\u00f3 cuando 100 personas, entre estudiantes de la normal de Ayotzinapa y padres de familia de los 43 normalistas desaparecidos en Iguala, arribaron a\u2026","rel":"","context":"En &quot;CINTILLO&quot;","block_context":{"text":"CINTILLO","link":"http:\/\/www.grieta.org.mx\/index.php\/category\/cintillo\/"},"img":{"alt_text":"","src":"https:\/\/i0.wp.com\/www.grieta.org.mx\/wp-content\/uploads\/2018\/04\/protesta-de-normalistas.jpg?resize=350%2C200","width":350,"height":200,"srcset":"https:\/\/i0.wp.com\/www.grieta.org.mx\/wp-content\/uploads\/2018\/04\/protesta-de-normalistas.jpg?resize=350%2C200 1x, https:\/\/i0.wp.com\/www.grieta.org.mx\/wp-content\/uploads\/2018\/04\/protesta-de-normalistas.jpg?resize=525%2C300 1.5x, https:\/\/i0.wp.com\/www.grieta.org.mx\/wp-content\/uploads\/2018\/04\/protesta-de-normalistas.jpg?resize=700%2C400 2x, https:\/\/i0.wp.com\/www.grieta.org.mx\/wp-content\/uploads\/2018\/04\/protesta-de-normalistas.jpg?resize=1050%2C600 3x"},"classes":[]},{"id":24058,"url":"http:\/\/www.grieta.org.mx\/index.php\/2018\/01\/19\/normalistas-y-padres-de-los-43-protestan-frente-a-fiscalia-de-guerrero\/","url_meta":{"origin":18780,"position":2},"title":"Normalistas y padres de los 43 protestan frente a Fiscal\u00eda de Guerrero","author":"grieta","date":"19 enero, 2018","format":false,"excerpt":"Por Rosario Garc\u00eda CHILPANCINGO.- A casi 40 meses de la desaparici\u00f3n de los 43 normalistas de Ayotzinapa, estudiantes de esa instituci\u00f3n y padres protestaron en la Fiscal\u00eda general del Estado para exigir resultados claros y contundentes de las investigaciones. En la entrada principal de la dependencia fueron colocados costales de\u2026","rel":"","context":"En &quot;CINTILLO&quot;","block_context":{"text":"CINTILLO","link":"http:\/\/www.grieta.org.mx\/index.php\/category\/cintillo\/"},"img":{"alt_text":"","src":"https:\/\/i0.wp.com\/www.grieta.org.mx\/wp-content\/uploads\/2018\/03\/14524434_1106112876131411_958039263622046936_o.jpg?resize=350%2C200","width":350,"height":200,"srcset":"https:\/\/i0.wp.com\/www.grieta.org.mx\/wp-content\/uploads\/2018\/03\/14524434_1106112876131411_958039263622046936_o.jpg?resize=350%2C200 1x, https:\/\/i0.wp.com\/www.grieta.org.mx\/wp-content\/uploads\/2018\/03\/14524434_1106112876131411_958039263622046936_o.jpg?resize=525%2C300 1.5x, https:\/\/i0.wp.com\/www.grieta.org.mx\/wp-content\/uploads\/2018\/03\/14524434_1106112876131411_958039263622046936_o.jpg?resize=700%2C400 2x"},"classes":[]},{"id":8951,"url":"http:\/\/www.grieta.org.mx\/index.php\/2015\/02\/01\/normalistas-de-michoacan-alertas-a-caso-ayotzinapa\/","url_meta":{"origin":18780,"position":3},"title":"Normalistas de Michoac\u00e1n, alertas a caso Ayotzinapa","author":"Admin","date":"1 febrero, 2015","format":false,"excerpt":"MORELIA, Mich., 1 de febrero de 2015.- Luego de continuas movilizaciones y acciones donde se exig\u00eda la aparici\u00f3n con vida de los 43 normalistas de Ayotzinapa Guerrero, y tras las declaraciones hechas por Jes\u00fas Murillo Karam, procurador General de la Rep\u00fablica, en torno al caso, estudiantes normalistas de la entidad\u2026","rel":"","context":"En &quot;CINTILLO&quot;","block_context":{"text":"CINTILLO","link":"http:\/\/www.grieta.org.mx\/index.php\/category\/cintillo\/"},"img":{"alt_text":"","src":"https:\/\/i0.wp.com\/www.grieta.org.mx\/wp-content\/uploads\/2018\/03\/14524434_1106112876131411_958039263622046936_o.jpg?resize=350%2C200","width":350,"height":200,"srcset":"https:\/\/i0.wp.com\/www.grieta.org.mx\/wp-content\/uploads\/2018\/03\/14524434_1106112876131411_958039263622046936_o.jpg?resize=350%2C200 1x, https:\/\/i0.wp.com\/www.grieta.org.mx\/wp-content\/uploads\/2018\/03\/14524434_1106112876131411_958039263622046936_o.jpg?resize=525%2C300 1.5x, https:\/\/i0.wp.com\/www.grieta.org.mx\/wp-content\/uploads\/2018\/03\/14524434_1106112876131411_958039263622046936_o.jpg?resize=700%2C400 2x"},"classes":[]},{"id":69814,"url":"http:\/\/www.grieta.org.mx\/index.php\/2024\/09\/18\/a-10-anos-de-la-desaparicion-madres-y-padres-de-normalistas-de-ayotzinapa-inician-jornada-de-lucha\/","url_meta":{"origin":18780,"position":4},"title":"A 10 a\u00f1os de la desaparici\u00f3n, madres y padres de normalistas de Ayotzinapa inician jornada de lucha","author":"Admin","date":"18 septiembre, 2024","format":false,"excerpt":"Por: Luis Daniel Nava \/ Proceso CHILPANCINGO, Gro. (apro).- A ocho d\u00edas de cumplirse 10 a\u00f1os de la desaparici\u00f3n de sus hijos, las madres y padres de los 43 estudiantes de Ayotzinapa encabezaron una marcha con la iniciaron la jornada de lucha \u201cSin tregua, ni cuartel\u201d por la presentaci\u00f3n, justicia\u2026","rel":"","context":"En &quot;Caso Ayotzinapa&quot;","block_context":{"text":"Caso Ayotzinapa","link":"http:\/\/www.grieta.org.mx\/index.php\/category\/noticias-nacionales\/guerrero\/caso-ayotzinapa\/"},"img":{"alt_text":"","src":"https:\/\/i0.wp.com\/www.grieta.org.mx\/wp-content\/uploads\/2024\/09\/Captura-de-Pantalla-2024-09-24-a-las-10.06.57.jpg?resize=350%2C200","width":350,"height":200,"srcset":"https:\/\/i0.wp.com\/www.grieta.org.mx\/wp-content\/uploads\/2024\/09\/Captura-de-Pantalla-2024-09-24-a-las-10.06.57.jpg?resize=350%2C200 1x, https:\/\/i0.wp.com\/www.grieta.org.mx\/wp-content\/uploads\/2024\/09\/Captura-de-Pantalla-2024-09-24-a-las-10.06.57.jpg?resize=525%2C300 1.5x, https:\/\/i0.wp.com\/www.grieta.org.mx\/wp-content\/uploads\/2024\/09\/Captura-de-Pantalla-2024-09-24-a-las-10.06.57.jpg?resize=700%2C400 2x, https:\/\/i0.wp.com\/www.grieta.org.mx\/wp-content\/uploads\/2024\/09\/Captura-de-Pantalla-2024-09-24-a-las-10.06.57.jpg?resize=1050%2C600 3x, https:\/\/i0.wp.com\/www.grieta.org.mx\/wp-content\/uploads\/2024\/09\/Captura-de-Pantalla-2024-09-24-a-las-10.06.57.jpg?resize=1400%2C800 4x"},"classes":[]},{"id":8955,"url":"http:\/\/www.grieta.org.mx\/index.php\/2015\/09\/26\/se-suman-normalistas-de-michoacan-a-marcha-por-ayotzinapa\/","url_meta":{"origin":18780,"position":5},"title":"Se suman normalistas de Michoac\u00e1n a marcha por Ayotzinapa","author":"Admin","date":"26 septiembre, 2015","format":false,"excerpt":"En el marco de la marcha por el aniversario de los hechos ocurridos en Iguala, estudiantes de los ocho planteles normales de Michoac\u00e1n se organizaron frente a la casa de gobierno de ese estado y se dirigen hacia el centro hist\u00f3rico de esa entidad. Morelia, Mich.- Portando en su mayor\u00eda\u2026","rel":"","context":"En &quot;CINTILLO&quot;","block_context":{"text":"CINTILLO","link":"http:\/\/www.grieta.org.mx\/index.php\/category\/cintillo\/"},"img":{"alt_text":"","src":"https:\/\/i0.wp.com\/www.grieta.org.mx\/wp-content\/uploads\/2018\/03\/14524434_1106112876131411_958039263622046936_o.jpg?resize=350%2C200","width":350,"height":200,"srcset":"https:\/\/i0.wp.com\/www.grieta.org.mx\/wp-content\/uploads\/2018\/03\/14524434_1106112876131411_958039263622046936_o.jpg?resize=350%2C200 1x, https:\/\/i0.wp.com\/www.grieta.org.mx\/wp-content\/uploads\/2018\/03\/14524434_1106112876131411_958039263622046936_o.jpg?resize=525%2C300 1.5x, https:\/\/i0.wp.com\/www.grieta.org.mx\/wp-content\/uploads\/2018\/03\/14524434_1106112876131411_958039263622046936_o.jpg?resize=700%2C400 2x"},"classes":[]}],"_links":{"self":[{"href":"http:\/\/www.grieta.org.mx\/index.php\/wp-json\/wp\/v2\/posts\/18780","targetHints":{"allow":["GET"]}}],"collection":[{"href":"http:\/\/www.grieta.org.mx\/index.php\/wp-json\/wp\/v2\/posts"}],"about":[{"href":"http:\/\/www.grieta.org.mx\/index.php\/wp-json\/wp\/v2\/types\/post"}],"author":[{"embeddable":true,"href":"http:\/\/www.grieta.org.mx\/index.php\/wp-json\/wp\/v2\/users\/2"}],"replies":[{"embeddable":true,"href":"http:\/\/www.grieta.org.mx\/index.php\/wp-json\/wp\/v2\/comments?post=18780"}],"version-history":[{"count":1,"href":"http:\/\/www.grieta.org.mx\/index.php\/wp-json\/wp\/v2\/posts\/18780\/revisions"}],"predecessor-version":[{"id":18781,"href":"http:\/\/www.grieta.org.mx\/index.php\/wp-json\/wp\/v2\/posts\/18780\/revisions\/18781"}],"wp:featuredmedia":[{"embeddable":true,"href":"http:\/\/www.grieta.org.mx\/index.php\/wp-json\/wp\/v2\/media\/21928"}],"wp:attachment":[{"href":"http:\/\/www.grieta.org.mx\/index.php\/wp-json\/wp\/v2\/media?parent=18780"}],"wp:term":[{"taxonomy":"category","embeddable":true,"href":"http:\/\/www.grieta.org.mx\/index.php\/wp-json\/wp\/v2\/categories?post=18780"},{"taxonomy":"post_tag","embeddable":true,"href":"http:\/\/www.grieta.org.mx\/index.php\/wp-json\/wp\/v2\/tags?post=18780"}],"curies":[{"name":"wp","href":"https:\/\/api.w.org\/{rel}","templated":true}]}}