{"id":1859,"date":"2015-09-01T23:19:16","date_gmt":"2015-09-01T23:19:16","guid":{"rendered":"http:\/\/50.22.11.12\/~grietaor\/?p=1859"},"modified":"2018-06-07T23:42:04","modified_gmt":"2018-06-08T04:42:04","slug":"pese-a-protestas-arranca-proyecto-eolica-del-sur-en-oaxaca","status":"publish","type":"post","link":"http:\/\/www.grieta.org.mx\/index.php\/2015\/09\/01\/pese-a-protestas-arranca-proyecto-eolica-del-sur-en-oaxaca\/","title":{"rendered":"Pese a protestas arranca proyecto \u201cE\u00f3lica del Sur\u201d en Oaxaca"},"content":{"rendered":"<p>Proceso.<\/p>\n<p>Pedro Mat\u00edas, <\/p>\n<p>Oaxaca. (apro).- Pese a que zapotecas de Juchit\u00e1n presentaron una demanda de amparo ante el Juzgado S\u00e9ptimo de Distrito en contra de los tres niveles de gobierno por violaciones graves al derecho a la consulta, las Secretar\u00edas de Gobernaci\u00f3n y de Energ\u00eda firmaron hoy un acuerdo para el inicio del proyecto \u201cE\u00f3lica del Sur\u201d, que tendr\u00e1 una inversi\u00f3n de 14 mil 400 millones de pesos en el Istmo de Tehuantepec.<\/p>\n<p>En el acto, atestiguado por el gobernador Gabino Cu\u00e9 Monteagudo y el alcalde Sa\u00fal Vicente V\u00e1zquez, se detall\u00f3 que en una superficie de 5 mil 332 hect\u00e1reas de los municipios de Juchit\u00e1n de Zaragoza y El Espinal se instalar\u00e1n un total de 132 aerogeneradores, con capacidad para generar 396 mega watts.<\/p>\n<p>Tanto el gobernador como el edil perredista destacaron la \u201cconsulta ind\u00edgena\u201d a la que calificaron como la m\u00e1s consensuada en los \u00faltimos a\u00f1os y apegada a los protocoles internacionales.<\/p>\n<p>Sin embargo, el cuerpo jur\u00eddico del Proyecto de Derechos Econ\u00f3micos Sociales y Culturales (ProDESC) destac\u00f3 que el 19 de agosto ind\u00edgenas zapotecas presentaron la demanda de amparo ante el anuncio de la Sener de que se iniciar\u00eda la construcci\u00f3n del parque de la empresa E\u00f3lica del Sur en las comunidades de Juchit\u00e1n y de El Espinal.<\/p>\n<p>Apenas el 4 de agosto, la Secretar\u00eda de Energ\u00eda y el gobierno de Gabino Cu\u00e9 anunciaron la autorizaci\u00f3n de la construcci\u00f3n de un parque e\u00f3lico a la empresa E\u00f3lica del Sur, que dejar\u00e1 una \u201cderrama econ\u00f3mica\u201d de 4 mil 300 millones de d\u00f3lares, aunque s\u00f3lo beneficiar\u00e1 a unos 500 propietarios y apenas generar\u00e1 350 empleos.<\/p>\n<p>Para la comunidad zapoteca de Juchit\u00e1n la presentaci\u00f3n de la demanda constituye un paso muy importante en el proceso de defensa a la tierra y territorio a partir de la posibilidad de hacer exigible el cumplimiento del derecho a la consulta.<\/p>\n<p>La Misi\u00f3n de Observaci\u00f3n que fue integrada por ProDESC, el Comit\u00e9 de Defensa Integral de Derechos Humanos Gobixha, Proyecto sobre Organizaci\u00f3n, Desarrollo, Educaci\u00f3n e Investigaci\u00f3n (PODER) y Red Nacional de Organismos Civiles de Derechos Humanos Todos los Derechos para Todas y Todos (Red TdT) resalt\u00f3 que la presunta consulta es violatoria de los principios rectores que rigen este derecho.<\/p>\n<p>As\u00ed, entre las anomal\u00edas mencionaron el otorgamiento de permisos y firma de contratos previos a la obtenci\u00f3n del consentimiento, m\u00e1s de 30 incidentes de seguridad, 75 solicitudes de informaci\u00f3n sin atender, falta de traductores certificados, desarrollo de las sesiones sin considerar las tradiciones de la comunidad y, en general, un contexto de inseguridad, presi\u00f3n, violencia y falta de transparencia.<\/p>\n<p>Contario a ello, el gobierno resalta que este acuerdo se suscribe a poco m\u00e1s de un mes de haberse aprobado la consulta ind\u00edgena -31 de julio-, donde la comunidad istme\u00f1a acept\u00f3, \u201ccon un amplio consenso\u201d, la realizaci\u00f3n del proyecto \u201cE\u00f3lica del Sur\u201d.<\/p>\n<p>Durante el acto celebrado en la biblioteca de la Segob, el subsecretario de Gobernaci\u00f3n, Luis Enrique Miranda Nava, y el titular de Energ\u00eda, Pedro Joaqu\u00edn Coldwell, suscribieron este convenio que, aseguraron, fortalecer\u00e1 el desarrollo en energ\u00edas renovables en esta estrat\u00e9gica zona del estado, a trav\u00e9s de la instalaci\u00f3n de 132 aerogeneradores, con capacidad para generar 396 mega watts, destinando para ello una inversi\u00f3n global de 14 mil 400 millones de pesos.<\/p>\n<p><a href=\"http:\/\/www.proceso.com.mx\/414332\/pese-a-protestas-arranca-proyecto-eolica-del-sur-en-oaxaca\" target=\"_blank\">http:\/\/www.proceso.com.mx\/414332\/pese-a-protestas-arranca-proyecto-eolica-del-sur-en-oaxaca<\/a><\/p>\n","protected":false},"excerpt":{"rendered":"<p>Proceso. Pedro Mat\u00edas, Oaxaca. (apro).- Pese a que zapotecas de Juchit\u00e1n presentaron una demanda de amparo ante el Juzgado S\u00e9ptimo de Distrito en contra de los tres niveles de gobierno &hellip; <a href=\"http:\/\/www.grieta.org.mx\/index.php\/2015\/09\/01\/pese-a-protestas-arranca-proyecto-eolica-del-sur-en-oaxaca\/\" class=\"more-link\">Leer m\u00e1s<\/a><\/p>\n","protected":false},"author":2,"featured_media":21928,"comment_status":"closed","ping_status":"open","sticky":false,"template":"","format":"standard","meta":{"ngg_post_thumbnail":0,"_jetpack_newsletter_access":"","_jetpack_dont_email_post_to_subs":false,"_jetpack_newsletter_tier_id":0,"_jetpack_memberships_contains_paywalled_content":false,"_jetpack_memberships_contains_paid_content":false,"footnotes":""},"categories":[80,1306,2,25],"tags":[219,184,214,93],"class_list":["post-1859","post","type-post","status-publish","format-standard","has-post-thumbnail","hentry","category-cintillo","category-conflictos-por-parques-eolicos-en-oaxaca","category-noticias-nacionales","category-oaxaca","tag-consulta","tag-despojo","tag-eolicas","tag-oaxaca","entry"],"jetpack_featured_media_url":"http:\/\/www.grieta.org.mx\/wp-content\/uploads\/2018\/03\/14524434_1106112876131411_958039263622046936_o.jpg","jetpack_sharing_enabled":true,"jetpack_shortlink":"https:\/\/wp.me\/p7ZJR4-tZ","jetpack_likes_enabled":false,"jetpack-related-posts":[{"id":1857,"url":"http:\/\/www.grieta.org.mx\/index.php\/2015\/09\/07\/blindado-proyecto-eolica-del-sur\/","url_meta":{"origin":1859,"position":0},"title":"Blindado, proyecto \u201cE\u00f3lica del Sur\u201d","author":"grieta","date":"7 septiembre, 2015","format":false,"excerpt":"REVE. Redacci\u00f3n, Oaxaca.- A una semana de que el mandatario Gabino Cu\u00e9, atestiguar\u00e1 en la Secretar\u00eda de Gobernacion, el acuerdo para el inicio de la construcci\u00f3n del proyecto denominado \u201cE\u00f3lica del Sur\u201d en los municipios de Juchit\u00e1n y El Espinal, con una inversi\u00f3n de 14 mil 400 millones de pesos,\u2026","rel":"","context":"En &quot;CINTILLO&quot;","block_context":{"text":"CINTILLO","link":"http:\/\/www.grieta.org.mx\/index.php\/category\/cintillo\/"},"img":{"alt_text":"","src":"https:\/\/i0.wp.com\/www.grieta.org.mx\/wp-content\/uploads\/2018\/03\/14524434_1106112876131411_958039263622046936_o.jpg?resize=350%2C200","width":350,"height":200,"srcset":"https:\/\/i0.wp.com\/www.grieta.org.mx\/wp-content\/uploads\/2018\/03\/14524434_1106112876131411_958039263622046936_o.jpg?resize=350%2C200 1x, https:\/\/i0.wp.com\/www.grieta.org.mx\/wp-content\/uploads\/2018\/03\/14524434_1106112876131411_958039263622046936_o.jpg?resize=525%2C300 1.5x, https:\/\/i0.wp.com\/www.grieta.org.mx\/wp-content\/uploads\/2018\/03\/14524434_1106112876131411_958039263622046936_o.jpg?resize=700%2C400 2x"},"classes":[]},{"id":1867,"url":"http:\/\/www.grieta.org.mx\/index.php\/2015\/08\/04\/anuncia-sener-construccion-de-parque-eolico-en-oaxaca\/","url_meta":{"origin":1859,"position":1},"title":"Anuncia Sener construcci\u00f3n de parque e\u00f3lico en Oaxaca","author":"grieta","date":"4 agosto, 2015","format":false,"excerpt":"REVE, Redacci\u00f3n, Oaxaca.- El parque de Energ\u00eda E\u00f3lica del Sur consiste en 132 aerogeneradores para una capacidad total de 396 megavatios y una producci\u00f3n estimada en mil 310 GWh. La Secretar\u00eda de Energ\u00eda (Sener) dio a conocer que el pasado 30 de julio de 2015, la comunidad ind\u00edgena zapoteca de\u2026","rel":"","context":"En &quot;CINTILLO&quot;","block_context":{"text":"CINTILLO","link":"http:\/\/www.grieta.org.mx\/index.php\/category\/cintillo\/"},"img":{"alt_text":"","src":"https:\/\/i0.wp.com\/www.grieta.org.mx\/wp-content\/uploads\/2018\/03\/14524434_1106112876131411_958039263622046936_o.jpg?resize=350%2C200","width":350,"height":200,"srcset":"https:\/\/i0.wp.com\/www.grieta.org.mx\/wp-content\/uploads\/2018\/03\/14524434_1106112876131411_958039263622046936_o.jpg?resize=350%2C200 1x, https:\/\/i0.wp.com\/www.grieta.org.mx\/wp-content\/uploads\/2018\/03\/14524434_1106112876131411_958039263622046936_o.jpg?resize=525%2C300 1.5x, https:\/\/i0.wp.com\/www.grieta.org.mx\/wp-content\/uploads\/2018\/03\/14524434_1106112876131411_958039263622046936_o.jpg?resize=700%2C400 2x"},"classes":[]},{"id":1841,"url":"http:\/\/www.grieta.org.mx\/index.php\/2016\/01\/19\/eolica-del-sur-pide-a-la-cfe-que-no-aplique-descuentos-a-familias-juchitecas\/","url_meta":{"origin":1859,"position":2},"title":"E\u00f3lica del Sur pide a la CFE que no aplique descuentos a familias juchitecas","author":"grieta","date":"19 enero, 2016","format":false,"excerpt":"Diario P\u00e1gina 3. Diana Manzo, Juchit\u00e1n, Oaxaca.- Mediante un documento, la Empresa E\u00f3lica \u201cE\u00f3lica del Sur\u201d que obtuvo el fallo a favor durante la consulta e\u00f3lica ind\u00edgena que concluy\u00f3 en el mes de Julio del 2015, pidi\u00f3 a la Comisi\u00f3n Federal de Electricidad no aplicar el descuento bimestral por el\u2026","rel":"","context":"En &quot;CINTILLO&quot;","block_context":{"text":"CINTILLO","link":"http:\/\/www.grieta.org.mx\/index.php\/category\/cintillo\/"},"img":{"alt_text":"","src":"https:\/\/i0.wp.com\/www.grieta.org.mx\/wp-content\/uploads\/2018\/03\/14524434_1106112876131411_958039263622046936_o.jpg?resize=350%2C200","width":350,"height":200,"srcset":"https:\/\/i0.wp.com\/www.grieta.org.mx\/wp-content\/uploads\/2018\/03\/14524434_1106112876131411_958039263622046936_o.jpg?resize=350%2C200 1x, https:\/\/i0.wp.com\/www.grieta.org.mx\/wp-content\/uploads\/2018\/03\/14524434_1106112876131411_958039263622046936_o.jpg?resize=525%2C300 1.5x, https:\/\/i0.wp.com\/www.grieta.org.mx\/wp-content\/uploads\/2018\/03\/14524434_1106112876131411_958039263622046936_o.jpg?resize=700%2C400 2x"},"classes":[]},{"id":1883,"url":"http:\/\/www.grieta.org.mx\/index.php\/2015\/04\/27\/empresa-espanola-amenaza-a-indigenas-para-instalar-su-parque-eolico-en-oaxaca-ongs\/","url_meta":{"origin":1859,"position":3},"title":"Empresa espa\u00f1ola amenaza a ind\u00edgenas para instalar su parque e\u00f3lico en Oaxaca: ONGs","author":"grieta","date":"27 abril, 2015","format":false,"excerpt":"SinEmbargo. Ilse Garc\u00eda, Oaxaca.- Defensores de la tierra de Juchit\u00e1n, Oaxaca, y organizaciones civiles denunciaron amenazas e intimidaciones durante la consulta ind\u00edgena que se lleva a cabo para la construcci\u00f3n de un parque de la empresa E\u00f3lica del Sur, con la intenci\u00f3n de apresurar el proceso de edificaci\u00f3n. Organizaciones como\u2026","rel":"","context":"En &quot;CINTILLO&quot;","block_context":{"text":"CINTILLO","link":"http:\/\/www.grieta.org.mx\/index.php\/category\/cintillo\/"},"img":{"alt_text":"","src":"https:\/\/i0.wp.com\/www.grieta.org.mx\/wp-content\/uploads\/2018\/03\/14524434_1106112876131411_958039263622046936_o.jpg?resize=350%2C200","width":350,"height":200,"srcset":"https:\/\/i0.wp.com\/www.grieta.org.mx\/wp-content\/uploads\/2018\/03\/14524434_1106112876131411_958039263622046936_o.jpg?resize=350%2C200 1x, https:\/\/i0.wp.com\/www.grieta.org.mx\/wp-content\/uploads\/2018\/03\/14524434_1106112876131411_958039263622046936_o.jpg?resize=525%2C300 1.5x, https:\/\/i0.wp.com\/www.grieta.org.mx\/wp-content\/uploads\/2018\/03\/14524434_1106112876131411_958039263622046936_o.jpg?resize=700%2C400 2x"},"classes":[]},{"id":42895,"url":"http:\/\/www.grieta.org.mx\/index.php\/2020\/01\/09\/pescadores-amagan-con-bloquear-a-eolica-del-sur-oaxaca\/","url_meta":{"origin":1859,"position":4},"title":"Pescadores amagan con bloquear a E\u00f3lica del Sur (Oaxaca)","author":"grieta","date":"9 enero, 2020","format":false,"excerpt":"Noticias \/ Redacci\u00f3n. SE\u00d1ALAN INCUMPLIMIENTO DE LA EMPRESA Los pescadores reservaron la fecha en que realizar\u00e1n la movilizaci\u00f3n. JUCHIT\u00c1N, Oaxaca.- Pescadores ribere\u00f1os, agrupados en el Frente de Sociedades Cooperativas Pesqueras de Juchit\u00e1n, anunciaron una pr\u00f3xima movilizaci\u00f3n para mostrar su molestia contra la empresa E\u00f3lica del Sur, que se ha negado\u2026","rel":"","context":"En &quot;CINTILLO&quot;","block_context":{"text":"CINTILLO","link":"http:\/\/www.grieta.org.mx\/index.php\/category\/cintillo\/"},"img":{"alt_text":"","src":"https:\/\/i0.wp.com\/www.grieta.org.mx\/wp-content\/uploads\/2020\/01\/tercera.jpg?resize=350%2C200","width":350,"height":200,"srcset":"https:\/\/i0.wp.com\/www.grieta.org.mx\/wp-content\/uploads\/2020\/01\/tercera.jpg?resize=350%2C200 1x, https:\/\/i0.wp.com\/www.grieta.org.mx\/wp-content\/uploads\/2020\/01\/tercera.jpg?resize=525%2C300 1.5x, https:\/\/i0.wp.com\/www.grieta.org.mx\/wp-content\/uploads\/2020\/01\/tercera.jpg?resize=700%2C400 2x, https:\/\/i0.wp.com\/www.grieta.org.mx\/wp-content\/uploads\/2020\/01\/tercera.jpg?resize=1050%2C600 3x"},"classes":[]},{"id":1845,"url":"http:\/\/www.grieta.org.mx\/index.php\/2016\/01\/03\/este-ano-habra-27-parques-eolicos-en-el-istmo\/","url_meta":{"origin":1859,"position":5},"title":"Este a\u00f1o habr\u00e1 27 parques e\u00f3licos en el Istmo","author":"grieta","date":"3 enero, 2016","format":false,"excerpt":"Noticias Net Roselia Chaca, Juchit\u00e1n, Oaxaca.- De acuerdo al mapa de parques e\u00f3licos que muestra en su p\u00e1gina electr\u00f3nica la Asociaci\u00f3n Mexicana de Energ\u00eda E\u00f3lica (AMDEE) el Istmo de Tehuantepec tendr\u00e1 para este 2016 un total de 27 parques e\u00f3licos, con m\u00e1s de mil 500 aerogeneradores. Al cierre del 2015\u2026","rel":"","context":"En &quot;CINTILLO&quot;","block_context":{"text":"CINTILLO","link":"http:\/\/www.grieta.org.mx\/index.php\/category\/cintillo\/"},"img":{"alt_text":"","src":"https:\/\/i0.wp.com\/www.grieta.org.mx\/wp-content\/uploads\/2018\/03\/14524434_1106112876131411_958039263622046936_o.jpg?resize=350%2C200","width":350,"height":200,"srcset":"https:\/\/i0.wp.com\/www.grieta.org.mx\/wp-content\/uploads\/2018\/03\/14524434_1106112876131411_958039263622046936_o.jpg?resize=350%2C200 1x, https:\/\/i0.wp.com\/www.grieta.org.mx\/wp-content\/uploads\/2018\/03\/14524434_1106112876131411_958039263622046936_o.jpg?resize=525%2C300 1.5x, https:\/\/i0.wp.com\/www.grieta.org.mx\/wp-content\/uploads\/2018\/03\/14524434_1106112876131411_958039263622046936_o.jpg?resize=700%2C400 2x"},"classes":[]}],"_links":{"self":[{"href":"http:\/\/www.grieta.org.mx\/index.php\/wp-json\/wp\/v2\/posts\/1859","targetHints":{"allow":["GET"]}}],"collection":[{"href":"http:\/\/www.grieta.org.mx\/index.php\/wp-json\/wp\/v2\/posts"}],"about":[{"href":"http:\/\/www.grieta.org.mx\/index.php\/wp-json\/wp\/v2\/types\/post"}],"author":[{"embeddable":true,"href":"http:\/\/www.grieta.org.mx\/index.php\/wp-json\/wp\/v2\/users\/2"}],"replies":[{"embeddable":true,"href":"http:\/\/www.grieta.org.mx\/index.php\/wp-json\/wp\/v2\/comments?post=1859"}],"version-history":[{"count":1,"href":"http:\/\/www.grieta.org.mx\/index.php\/wp-json\/wp\/v2\/posts\/1859\/revisions"}],"predecessor-version":[{"id":23520,"href":"http:\/\/www.grieta.org.mx\/index.php\/wp-json\/wp\/v2\/posts\/1859\/revisions\/23520"}],"wp:featuredmedia":[{"embeddable":true,"href":"http:\/\/www.grieta.org.mx\/index.php\/wp-json\/wp\/v2\/media\/21928"}],"wp:attachment":[{"href":"http:\/\/www.grieta.org.mx\/index.php\/wp-json\/wp\/v2\/media?parent=1859"}],"wp:term":[{"taxonomy":"category","embeddable":true,"href":"http:\/\/www.grieta.org.mx\/index.php\/wp-json\/wp\/v2\/categories?post=1859"},{"taxonomy":"post_tag","embeddable":true,"href":"http:\/\/www.grieta.org.mx\/index.php\/wp-json\/wp\/v2\/tags?post=1859"}],"curies":[{"name":"wp","href":"https:\/\/api.w.org\/{rel}","templated":true}]}}