{"id":1857,"date":"2015-09-07T23:14:48","date_gmt":"2015-09-07T23:14:48","guid":{"rendered":"http:\/\/50.22.11.12\/~grietaor\/?p=1857"},"modified":"2018-06-07T23:52:51","modified_gmt":"2018-06-08T04:52:51","slug":"blindado-proyecto-eolica-del-sur","status":"publish","type":"post","link":"http:\/\/www.grieta.org.mx\/index.php\/2015\/09\/07\/blindado-proyecto-eolica-del-sur\/","title":{"rendered":"Blindado, proyecto \u201cE\u00f3lica del Sur\u201d"},"content":{"rendered":"<p>REVE.<\/p>\n<p>Redacci\u00f3n,<\/p>\n<p>Oaxaca.- A una semana de que el mandatario Gabino Cu\u00e9, atestiguar\u00e1 en la Secretar\u00eda de Gobernacion, el acuerdo para el inicio de la construcci\u00f3n del proyecto denominado \u201cE\u00f3lica del Sur\u201d en los municipios de Juchit\u00e1n y El Espinal, con una inversi\u00f3n de 14 mil 400 millones de pesos, ya no existe ning\u00fan factor que ponga en riesgo la ralizacion del parque e\u00f3lico que, con un total de 132 aerogeneradores, tendr\u00e1 capacidad para generar 396 MW.<\/p>\n<p>Ello, por la sencilla raz\u00f3n de que el proyecto qued\u00f3 \u201cblindado\u201d con la realizaci\u00f3n de una consulta previa, libre e informada, la primera a nivel nacional, como lo establecen la Constituci\u00f3n Pol\u00edtica de los Estados Unidos Mexicanos y los est\u00e1ndares internacionales, como el Convenio 169 de la Organizaci\u00f3n Internacional del Trabajo sobre Pueblos Ind\u00edgenas y Tribales en Pa\u00edses Independientes, expres\u00f3 Javier Jim\u00e9nez Herrera, director de proyectos estrat\u00e9gicos del gobierno de Oaxaca.<\/p>\n<p>Explic\u00f3 que se se trata de un proyecto de alcance mundial e hist\u00f3rico para Oaxaca, al incluir el primer parque e\u00f3lico municipal, para generar ahorro econ\u00f3mico en consumo de electricidad a los beneficiados del proyecto.<\/p>\n<p>El parque municipal, el primero en su tipo en el pa\u00eds, costar\u00eda m\u00e1s de 150 millones de pesos, y se iniciar\u00e1 tan luego el Instituto de Investigaciones El\u00e9ctricas (IIE) determine el lugar m\u00e1s estrat\u00e9gico para garantizar la conexi\u00f3n a la red de la Comisi\u00f3n Federal de Electricidad.<\/p>\n<p>En relaci\u00f3n a las observaciones en contra del proyecto, realizadas por algunos ambientalistas, el representante gubernamental subray\u00f3 que en la Consulta ind\u00edgena que inici\u00f3 en octubre de 2014, fueron escuchadas todas las voces en sus cuatro etapas: Acuerdo Previo; Fase Informativa, Consulta y Fase Deliberativa.<\/p>\n<p>Expres\u00f3 que el inicio de construcci\u00f3n del parque e\u00f3lico fue aprobado en la Consulta Ind\u00edgena que concluy\u00f3 el pasado 31 de julio, en la comunidad istme\u00f1a acept\u00f3 con un amplio consenso, la realizaci\u00f3n del Proyecto \u201cE\u00f3lica del Sur\u201d, en una superficie de 5 mil 332 hect\u00e1reas, en la jurisdicci\u00f3n del Ayuntamiento de Juchit\u00e1n.<\/p>\n<p>El funcionario a\u00f1adi\u00f3 que la empresa \u201cE\u00f3lica del Sur\u201d aportar\u00e1 un financiamiento de 10 por ciento del consumo promedio anual de usuarios de la tarifa 1C. Ello,m\u00e1s el 35 por ciento que aportar\u00e1 el gobierno federal a trav\u00e9s de la operaci\u00f3n del parque e\u00f3lico municipal, permitir\u00e1 a los usuarios un ahorro econ\u00f3mico del 45 por ciento en el pago del suministro de energ\u00eda el\u00e9ctrica.<\/p>\n<p>Jimenez Herrera revel\u00f3 que a 20 a\u00f1os de haber iniciado la generaci\u00f3n de energ\u00eda e\u00f3lica en el Istmo de Tehuantepec, el estado de Oaxaca figura entre los tres primeros lugares con mayor potencial para la producci\u00f3n de energ\u00eda renovable y limpia a nivel mundial, al generar dos mil 300 mega watts. El sector energ\u00e9tico mexicano ha demostrado que el 90 por ciento de la energ\u00eda limpia del pa\u00eds se produce en Oaxaca.<\/p>\n<p>En coincidencia con el mandataro Gabino Cu\u00e9, el director de Proyectos Estrat\u00e9gicos del gobierno estatal, abund\u00f3 que s\u00f3lo en 2014, la, inversi\u00f3n privada en energ\u00eda e\u00f3lica fue de 823 millones de d\u00f3lares.<\/p>\n<p>&nbsp;<\/p>\n<p><a href=\"http:\/\/www.evwind.com\/2015\/09\/07\/blindado-proyecto-eolica-del-sur\/\" target=\"_blank\">www.evwind.com\/2015\/09\/07\/blindado-proyecto-eolica-del-sur\/<\/a><\/p>\n","protected":false},"excerpt":{"rendered":"<p>REVE. Redacci\u00f3n, Oaxaca.- A una semana de que el mandatario Gabino Cu\u00e9, atestiguar\u00e1 en la Secretar\u00eda de Gobernacion, el acuerdo para el inicio de la construcci\u00f3n del proyecto denominado \u201cE\u00f3lica &hellip; <a href=\"http:\/\/www.grieta.org.mx\/index.php\/2015\/09\/07\/blindado-proyecto-eolica-del-sur\/\" class=\"more-link\">Leer m\u00e1s<\/a><\/p>\n","protected":false},"author":2,"featured_media":21928,"comment_status":"closed","ping_status":"open","sticky":false,"template":"","format":"standard","meta":{"ngg_post_thumbnail":0,"_jetpack_newsletter_access":"","_jetpack_dont_email_post_to_subs":false,"_jetpack_newsletter_tier_id":0,"_jetpack_memberships_contains_paywalled_content":false,"_jetpack_memberships_contains_paid_content":false,"footnotes":""},"categories":[80,1306,2,25],"tags":[219,217,216,93],"class_list":["post-1857","post","type-post","status-publish","format-standard","has-post-thumbnail","hentry","category-cintillo","category-conflictos-por-parques-eolicos-en-oaxaca","category-noticias-nacionales","category-oaxaca","tag-consulta","tag-electricidad","tag-eolica-del-sur","tag-oaxaca","entry"],"jetpack_featured_media_url":"http:\/\/www.grieta.org.mx\/wp-content\/uploads\/2018\/03\/14524434_1106112876131411_958039263622046936_o.jpg","jetpack_sharing_enabled":true,"jetpack_shortlink":"https:\/\/wp.me\/p7ZJR4-tX","jetpack_likes_enabled":false,"jetpack-related-posts":[{"id":1859,"url":"http:\/\/www.grieta.org.mx\/index.php\/2015\/09\/01\/pese-a-protestas-arranca-proyecto-eolica-del-sur-en-oaxaca\/","url_meta":{"origin":1857,"position":0},"title":"Pese a protestas arranca proyecto \u201cE\u00f3lica del Sur\u201d en Oaxaca","author":"grieta","date":"1 septiembre, 2015","format":false,"excerpt":"Proceso. Pedro Mat\u00edas, Oaxaca. (apro).- Pese a que zapotecas de Juchit\u00e1n presentaron una demanda de amparo ante el Juzgado S\u00e9ptimo de Distrito en contra de los tres niveles de gobierno por violaciones graves al derecho a la consulta, las Secretar\u00edas de Gobernaci\u00f3n y de Energ\u00eda firmaron hoy un acuerdo para\u2026","rel":"","context":"En &quot;CINTILLO&quot;","block_context":{"text":"CINTILLO","link":"http:\/\/www.grieta.org.mx\/index.php\/category\/cintillo\/"},"img":{"alt_text":"","src":"https:\/\/i0.wp.com\/www.grieta.org.mx\/wp-content\/uploads\/2018\/03\/14524434_1106112876131411_958039263622046936_o.jpg?resize=350%2C200","width":350,"height":200,"srcset":"https:\/\/i0.wp.com\/www.grieta.org.mx\/wp-content\/uploads\/2018\/03\/14524434_1106112876131411_958039263622046936_o.jpg?resize=350%2C200 1x, https:\/\/i0.wp.com\/www.grieta.org.mx\/wp-content\/uploads\/2018\/03\/14524434_1106112876131411_958039263622046936_o.jpg?resize=525%2C300 1.5x, https:\/\/i0.wp.com\/www.grieta.org.mx\/wp-content\/uploads\/2018\/03\/14524434_1106112876131411_958039263622046936_o.jpg?resize=700%2C400 2x"},"classes":[]},{"id":1867,"url":"http:\/\/www.grieta.org.mx\/index.php\/2015\/08\/04\/anuncia-sener-construccion-de-parque-eolico-en-oaxaca\/","url_meta":{"origin":1857,"position":1},"title":"Anuncia Sener construcci\u00f3n de parque e\u00f3lico en Oaxaca","author":"grieta","date":"4 agosto, 2015","format":false,"excerpt":"REVE, Redacci\u00f3n, Oaxaca.- El parque de Energ\u00eda E\u00f3lica del Sur consiste en 132 aerogeneradores para una capacidad total de 396 megavatios y una producci\u00f3n estimada en mil 310 GWh. La Secretar\u00eda de Energ\u00eda (Sener) dio a conocer que el pasado 30 de julio de 2015, la comunidad ind\u00edgena zapoteca de\u2026","rel":"","context":"En &quot;CINTILLO&quot;","block_context":{"text":"CINTILLO","link":"http:\/\/www.grieta.org.mx\/index.php\/category\/cintillo\/"},"img":{"alt_text":"","src":"https:\/\/i0.wp.com\/www.grieta.org.mx\/wp-content\/uploads\/2018\/03\/14524434_1106112876131411_958039263622046936_o.jpg?resize=350%2C200","width":350,"height":200,"srcset":"https:\/\/i0.wp.com\/www.grieta.org.mx\/wp-content\/uploads\/2018\/03\/14524434_1106112876131411_958039263622046936_o.jpg?resize=350%2C200 1x, https:\/\/i0.wp.com\/www.grieta.org.mx\/wp-content\/uploads\/2018\/03\/14524434_1106112876131411_958039263622046936_o.jpg?resize=525%2C300 1.5x, https:\/\/i0.wp.com\/www.grieta.org.mx\/wp-content\/uploads\/2018\/03\/14524434_1106112876131411_958039263622046936_o.jpg?resize=700%2C400 2x"},"classes":[]},{"id":42895,"url":"http:\/\/www.grieta.org.mx\/index.php\/2020\/01\/09\/pescadores-amagan-con-bloquear-a-eolica-del-sur-oaxaca\/","url_meta":{"origin":1857,"position":2},"title":"Pescadores amagan con bloquear a E\u00f3lica del Sur (Oaxaca)","author":"grieta","date":"9 enero, 2020","format":false,"excerpt":"Noticias \/ Redacci\u00f3n. SE\u00d1ALAN INCUMPLIMIENTO DE LA EMPRESA Los pescadores reservaron la fecha en que realizar\u00e1n la movilizaci\u00f3n. JUCHIT\u00c1N, Oaxaca.- Pescadores ribere\u00f1os, agrupados en el Frente de Sociedades Cooperativas Pesqueras de Juchit\u00e1n, anunciaron una pr\u00f3xima movilizaci\u00f3n para mostrar su molestia contra la empresa E\u00f3lica del Sur, que se ha negado\u2026","rel":"","context":"En &quot;CINTILLO&quot;","block_context":{"text":"CINTILLO","link":"http:\/\/www.grieta.org.mx\/index.php\/category\/cintillo\/"},"img":{"alt_text":"","src":"https:\/\/i0.wp.com\/www.grieta.org.mx\/wp-content\/uploads\/2020\/01\/tercera.jpg?resize=350%2C200","width":350,"height":200,"srcset":"https:\/\/i0.wp.com\/www.grieta.org.mx\/wp-content\/uploads\/2020\/01\/tercera.jpg?resize=350%2C200 1x, https:\/\/i0.wp.com\/www.grieta.org.mx\/wp-content\/uploads\/2020\/01\/tercera.jpg?resize=525%2C300 1.5x, https:\/\/i0.wp.com\/www.grieta.org.mx\/wp-content\/uploads\/2020\/01\/tercera.jpg?resize=700%2C400 2x, https:\/\/i0.wp.com\/www.grieta.org.mx\/wp-content\/uploads\/2020\/01\/tercera.jpg?resize=1050%2C600 3x"},"classes":[]},{"id":1851,"url":"http:\/\/www.grieta.org.mx\/index.php\/2015\/10\/12\/ordena-juez-frenar-obras-de-megaproyecto-eolico-en-oaxaca\/","url_meta":{"origin":1857,"position":3},"title":"Ordena juez frenar obras de megaproyecto e\u00f3lico en Oaxaca","author":"grieta","date":"12 octubre, 2015","format":false,"excerpt":"Proceso. Gloria Leticia D\u00edaz, Oaxaca. Comunidades ind\u00edgenas del Istmo de Tehuantepec ganaron un amparo para detener provisionalmente \u201clas autorizaciones, permisos, vistos buenos, aprobaciones, licencias y cambios de usos de suelo\u201d para la puesta en operaci\u00f3n del megaproyecto Energ\u00eda E\u00f3lica del Sur. Bettina Cruz, representante del pueblo binniz\u00e1, integrantes de la\u2026","rel":"","context":"En &quot;CINTILLO&quot;","block_context":{"text":"CINTILLO","link":"http:\/\/www.grieta.org.mx\/index.php\/category\/cintillo\/"},"img":{"alt_text":"","src":"https:\/\/i0.wp.com\/www.grieta.org.mx\/wp-content\/uploads\/2018\/03\/14524434_1106112876131411_958039263622046936_o.jpg?resize=350%2C200","width":350,"height":200,"srcset":"https:\/\/i0.wp.com\/www.grieta.org.mx\/wp-content\/uploads\/2018\/03\/14524434_1106112876131411_958039263622046936_o.jpg?resize=350%2C200 1x, https:\/\/i0.wp.com\/www.grieta.org.mx\/wp-content\/uploads\/2018\/03\/14524434_1106112876131411_958039263622046936_o.jpg?resize=525%2C300 1.5x, https:\/\/i0.wp.com\/www.grieta.org.mx\/wp-content\/uploads\/2018\/03\/14524434_1106112876131411_958039263622046936_o.jpg?resize=700%2C400 2x"},"classes":[]},{"id":63109,"url":"http:\/\/www.grieta.org.mx\/index.php\/2022\/01\/17\/zapotecas-clasifican-como-acto-coercitivo-reinicio-de-consulta-de-la-eolica-edf-oaxaca\/","url_meta":{"origin":1857,"position":4},"title":"Zapotecas clasifican como \u201cacto coercitivo\u201d reinicio de consulta de la e\u00f3lica EDF (Oaxaca)","author":"grieta","date":"17 enero, 2022","format":false,"excerpt":"Avispa Midia \/ Sara Frabes. Este domingo (16), el ayuntamiento municipal de Uni\u00f3n Hidalgo, en el Istmo de Tehuantepec, ha difundido la convocatoria para el reinicio de la Consulta Ind\u00edgena para la instalaci\u00f3n del parque e\u00f3lico de la empresa \u00c9lectricit\u00e9 de France (EDF). El proceso de consulta, iniciado en abril\u2026","rel":"","context":"En &quot;CINTILLO&quot;","block_context":{"text":"CINTILLO","link":"http:\/\/www.grieta.org.mx\/index.php\/category\/cintillo\/"},"img":{"alt_text":"","src":"https:\/\/i0.wp.com\/www.grieta.org.mx\/wp-content\/uploads\/2022\/01\/Union-Hidalgo-Istmo.jpg?resize=350%2C200","width":350,"height":200,"srcset":"https:\/\/i0.wp.com\/www.grieta.org.mx\/wp-content\/uploads\/2022\/01\/Union-Hidalgo-Istmo.jpg?resize=350%2C200 1x, https:\/\/i0.wp.com\/www.grieta.org.mx\/wp-content\/uploads\/2022\/01\/Union-Hidalgo-Istmo.jpg?resize=525%2C300 1.5x, https:\/\/i0.wp.com\/www.grieta.org.mx\/wp-content\/uploads\/2022\/01\/Union-Hidalgo-Istmo.jpg?resize=700%2C400 2x"},"classes":[]},{"id":13891,"url":"http:\/\/www.grieta.org.mx\/index.php\/2016\/06\/01\/consulta-a-comunidades-zapotecas-para-proyecto-eolicas-del-sur-no-cumplio-con-los-requisitos-de-ley\/","url_meta":{"origin":1857,"position":5},"title":"Consulta a comunidades zapotecas para proyecto E\u00f3licas del Sur no cumpli\u00f3 con los requisitos de ley","author":"grieta","date":"1 junio, 2016","format":false,"excerpt":"Diario Oaxaca Redacci\u00f3n, Oaxaca, M\u00e9xico.- En Amicus Curiae presentado al Juzgado S\u00e9ptimo en Salina Cruz organizaciones y expertos piden que, debido a que \u00e9sta no fue previa, los permisos otorgados deben quedar sin efecto. Los proyectos de energ\u00edas renovables deben garantizar el respeto irrestricto de los derechos humanos de las\u2026","rel":"","context":"En &quot;CINTILLO&quot;","block_context":{"text":"CINTILLO","link":"http:\/\/www.grieta.org.mx\/index.php\/category\/cintillo\/"},"img":{"alt_text":"","src":"https:\/\/i0.wp.com\/www.grieta.org.mx\/wp-content\/uploads\/2018\/03\/14524434_1106112876131411_958039263622046936_o.jpg?resize=350%2C200","width":350,"height":200,"srcset":"https:\/\/i0.wp.com\/www.grieta.org.mx\/wp-content\/uploads\/2018\/03\/14524434_1106112876131411_958039263622046936_o.jpg?resize=350%2C200 1x, https:\/\/i0.wp.com\/www.grieta.org.mx\/wp-content\/uploads\/2018\/03\/14524434_1106112876131411_958039263622046936_o.jpg?resize=525%2C300 1.5x, https:\/\/i0.wp.com\/www.grieta.org.mx\/wp-content\/uploads\/2018\/03\/14524434_1106112876131411_958039263622046936_o.jpg?resize=700%2C400 2x"},"classes":[]}],"_links":{"self":[{"href":"http:\/\/www.grieta.org.mx\/index.php\/wp-json\/wp\/v2\/posts\/1857","targetHints":{"allow":["GET"]}}],"collection":[{"href":"http:\/\/www.grieta.org.mx\/index.php\/wp-json\/wp\/v2\/posts"}],"about":[{"href":"http:\/\/www.grieta.org.mx\/index.php\/wp-json\/wp\/v2\/types\/post"}],"author":[{"embeddable":true,"href":"http:\/\/www.grieta.org.mx\/index.php\/wp-json\/wp\/v2\/users\/2"}],"replies":[{"embeddable":true,"href":"http:\/\/www.grieta.org.mx\/index.php\/wp-json\/wp\/v2\/comments?post=1857"}],"version-history":[{"count":1,"href":"http:\/\/www.grieta.org.mx\/index.php\/wp-json\/wp\/v2\/posts\/1857\/revisions"}],"predecessor-version":[{"id":23523,"href":"http:\/\/www.grieta.org.mx\/index.php\/wp-json\/wp\/v2\/posts\/1857\/revisions\/23523"}],"wp:featuredmedia":[{"embeddable":true,"href":"http:\/\/www.grieta.org.mx\/index.php\/wp-json\/wp\/v2\/media\/21928"}],"wp:attachment":[{"href":"http:\/\/www.grieta.org.mx\/index.php\/wp-json\/wp\/v2\/media?parent=1857"}],"wp:term":[{"taxonomy":"category","embeddable":true,"href":"http:\/\/www.grieta.org.mx\/index.php\/wp-json\/wp\/v2\/categories?post=1857"},{"taxonomy":"post_tag","embeddable":true,"href":"http:\/\/www.grieta.org.mx\/index.php\/wp-json\/wp\/v2\/tags?post=1857"}],"curies":[{"name":"wp","href":"https:\/\/api.w.org\/{rel}","templated":true}]}}