{"id":18523,"date":"2016-07-31T10:26:43","date_gmt":"2016-07-31T15:26:43","guid":{"rendered":"http:\/\/www.grieta.org.mx\/?p=18523"},"modified":"2016-08-02T10:30:07","modified_gmt":"2016-08-02T15:30:07","slug":"mensaje-de-despedida-del-subcomandante-insurgente-moises-al-concluir-el-festival-comparte","status":"publish","type":"post","link":"http:\/\/www.grieta.org.mx\/index.php\/2016\/07\/31\/mensaje-de-despedida-del-subcomandante-insurgente-moises-al-concluir-el-festival-comparte\/","title":{"rendered":"Mensaje de despedida del Subcomandante Insurgente Mois\u00e9s al concluir el festival CompArte"},"content":{"rendered":"<p><iframe loading=\"lazy\" src=\"https:\/\/www.facebook.com\/plugins\/video.php?href=https%3A%2F%2Fwww.facebook.com%2FZapoteRadio%2Fvideos%2F1222880601089711%2F&#038;show_text=0&#038;width=560\" width=\"560\" height=\"315\" style=\"border:none;overflow:hidden\" scrolling=\"no\" frameborder=\"0\" allowTransparency=\"true\" allowFullScreen=\"true\"><\/iframe><\/p>\n<p>Al concluir el festival ?#?CompArte? por la humanidad en el caracol de ?#?Oventik? el d\u00eda de ayer 29 de julio, el Subcomandante Insurgente Mois\u00e9s comparti\u00f3 unas palabras de agradecimiento y de reflexi\u00f3n acerca de lo que el arte de solidaridad representa en nuestras vidas, como uno de los motores primordiales para combatir la hidra capitalista y organizarnos para una nueva sociedad.<\/p>\n","protected":false},"excerpt":{"rendered":"<p>Al concluir el festival ?#?CompArte? por la humanidad en el caracol de ?#?Oventik? el d\u00eda de ayer 29 de julio, el Subcomandante Insurgente Mois\u00e9s comparti\u00f3 unas palabras de agradecimiento y &hellip; <a href=\"http:\/\/www.grieta.org.mx\/index.php\/2016\/07\/31\/mensaje-de-despedida-del-subcomandante-insurgente-moises-al-concluir-el-festival-comparte\/\" class=\"more-link\">Leer m\u00e1s<\/a><\/p>\n","protected":false},"author":2,"featured_media":21928,"comment_status":"closed","ping_status":"closed","sticky":false,"template":"","format":"standard","meta":{"ngg_post_thumbnail":0,"_jetpack_newsletter_access":"","_jetpack_dont_email_post_to_subs":false,"_jetpack_newsletter_tier_id":0,"_jetpack_memberships_contains_paywalled_content":false,"_jetpack_memberships_contains_paid_content":false,"footnotes":""},"categories":[817],"tags":[],"class_list":["post-18523","post","type-post","status-publish","format-standard","has-post-thumbnail","hentry","category-festival-comparte-por-la-humanidad","entry"],"jetpack_featured_media_url":"http:\/\/www.grieta.org.mx\/wp-content\/uploads\/2018\/03\/14524434_1106112876131411_958039263622046936_o.jpg","jetpack_sharing_enabled":true,"jetpack_shortlink":"https:\/\/wp.me\/p7ZJR4-4OL","jetpack_likes_enabled":false,"jetpack-related-posts":[{"id":19570,"url":"http:\/\/www.grieta.org.mx\/index.php\/2016\/08\/14\/palabras-del-subcomandante-moises-en-la-clausura-del-comparte-en-el-caracol-de-roberto-barrios-audio\/","url_meta":{"origin":18523,"position":0},"title":"Palabras del Subcomandante Moises en la clausura del CompArte en el Caracol de Roberto Barrios (Audio)","author":"grieta","date":"14 agosto, 2016","format":false,"excerpt":"","rel":"","context":"En &quot;CINTILLO&quot;","block_context":{"text":"CINTILLO","link":"http:\/\/www.grieta.org.mx\/index.php\/category\/cintillo\/"},"img":{"alt_text":"","src":"https:\/\/i0.wp.com\/www.grieta.org.mx\/wp-content\/uploads\/2018\/03\/14524434_1106112876131411_958039263622046936_o.jpg?resize=350%2C200","width":350,"height":200,"srcset":"https:\/\/i0.wp.com\/www.grieta.org.mx\/wp-content\/uploads\/2018\/03\/14524434_1106112876131411_958039263622046936_o.jpg?resize=350%2C200 1x, https:\/\/i0.wp.com\/www.grieta.org.mx\/wp-content\/uploads\/2018\/03\/14524434_1106112876131411_958039263622046936_o.jpg?resize=525%2C300 1.5x, https:\/\/i0.wp.com\/www.grieta.org.mx\/wp-content\/uploads\/2018\/03\/14524434_1106112876131411_958039263622046936_o.jpg?resize=700%2C400 2x"},"classes":[]},{"id":18260,"url":"http:\/\/www.grieta.org.mx\/index.php\/2016\/07\/30\/orgullosamente-indigenas-y-zapatistas-dia-7-comparte-por-la-humanidad-oventic\/","url_meta":{"origin":18523,"position":1},"title":"Orgullosamente Ind\u00edgenas y Zapatistas.-D\u00eda 7 CompARTE por la humanidad Oventic (Audios)","author":"grieta","date":"30 julio, 2016","format":false,"excerpt":"Radio Zapatista Festival CompARTE por la humanidad 29 de julio de 2016 Oventic, Chiapas Orgullosamente Ind\u00edgenas y Zapatistas: Palabras de bienvenida del SubComandante Insurgente Mois\u00e9s: (Escucha el audio completo en la siguente direcci\u00f3n: https:\/\/www.centrodemedioslibres.org\/wp-content\/uploads\/2016\/07\/20160729SubMoisesBienvenidaCompArte.mp3) De la Regi\u00f3n Pancho Villa del municipio Sakamchen de los Pobres, poes\u00eda \u201cLa Resistencia\u201d: Canci\u00f3n \u201cLa\u2026","rel":"","context":"En &quot;CINTILLO&quot;","block_context":{"text":"CINTILLO","link":"http:\/\/www.grieta.org.mx\/index.php\/category\/cintillo\/"},"img":{"alt_text":"","src":"https:\/\/i0.wp.com\/www.grieta.org.mx\/wp-content\/uploads\/2018\/03\/14524434_1106112876131411_958039263622046936_o.jpg?resize=350%2C200","width":350,"height":200,"srcset":"https:\/\/i0.wp.com\/www.grieta.org.mx\/wp-content\/uploads\/2018\/03\/14524434_1106112876131411_958039263622046936_o.jpg?resize=350%2C200 1x, https:\/\/i0.wp.com\/www.grieta.org.mx\/wp-content\/uploads\/2018\/03\/14524434_1106112876131411_958039263622046936_o.jpg?resize=525%2C300 1.5x, https:\/\/i0.wp.com\/www.grieta.org.mx\/wp-content\/uploads\/2018\/03\/14524434_1106112876131411_958039263622046936_o.jpg?resize=700%2C400 2x"},"classes":[]},{"id":3665,"url":"http:\/\/www.grieta.org.mx\/index.php\/2016\/03\/16\/de-comparte-pocas-preguntas-pocas-respuestas-subcomandante-insurgente-moises-subcomandante-insurgente-galeano\/","url_meta":{"origin":18523,"position":2},"title":"De CompArte: pocas preguntas, pocas respuestas. Subcomandante Insurgente Mois\u00e9s. Subcomandante Insurgente Galeano","author":"grieta","date":"16 marzo, 2016","format":false,"excerpt":"EJ\u00c9RCITO ZAPATISTA DE LIBERACI\u00d3N NACIONAL. M\u00c9XICO. 14 de marzo del 2016. Compas y no compas: Les escribimos para platicarles c\u00f3mo va lo de las actividades de julio, octubre y diciembre de este a\u00f1o de 2016. Seg\u00fan como hemos recibido algunas pocas preguntas, aqu\u00ed est\u00e1n algunas pocas respuestas, pero s\u00f3lo en\u2026","rel":"","context":"En &quot;Comunicados&quot;","block_context":{"text":"Comunicados","link":"http:\/\/www.grieta.org.mx\/index.php\/category\/ezln-2\/ezln\/"},"img":{"alt_text":"","src":"https:\/\/i0.wp.com\/www.grieta.org.mx\/wp-content\/uploads\/2018\/03\/14524434_1106112876131411_958039263622046936_o.jpg?resize=350%2C200","width":350,"height":200,"srcset":"https:\/\/i0.wp.com\/www.grieta.org.mx\/wp-content\/uploads\/2018\/03\/14524434_1106112876131411_958039263622046936_o.jpg?resize=350%2C200 1x, https:\/\/i0.wp.com\/www.grieta.org.mx\/wp-content\/uploads\/2018\/03\/14524434_1106112876131411_958039263622046936_o.jpg?resize=525%2C300 1.5x, https:\/\/i0.wp.com\/www.grieta.org.mx\/wp-content\/uploads\/2018\/03\/14524434_1106112876131411_958039263622046936_o.jpg?resize=700%2C400 2x"},"classes":[]},{"id":19976,"url":"http:\/\/www.grieta.org.mx\/index.php\/2016\/08\/16\/clausura-del-festival-comparte-por-la-humanidad-en-el-caracol-de-roberto-barrios\/","url_meta":{"origin":18523,"position":3},"title":"Clausura del Festival Comparte por la humanidad en el Caracol de Roberto Barrios","author":"grieta","date":"16 agosto, 2016","format":false,"excerpt":"A las 9 am de este 12 de agosto su realiz\u00f3 el comparte en el Caracol de Roberto Barrios Zona Norte, con cientos de artistas que compartieron poes\u00eda, m\u00fasica, teatro, pintura, danza, dando por concluida esta etapa que recorri\u00f3 los cinco caracoles, donde los compa\u00f1eros bases de apoyo zapatista nos\u2026","rel":"","context":"En &quot;CINTILLO&quot;","block_context":{"text":"CINTILLO","link":"http:\/\/www.grieta.org.mx\/index.php\/category\/cintillo\/"},"img":{"alt_text":"","src":"https:\/\/i0.wp.com\/www.grieta.org.mx\/wp-content\/uploads\/2018\/03\/14524434_1106112876131411_958039263622046936_o.jpg?resize=350%2C200","width":350,"height":200,"srcset":"https:\/\/i0.wp.com\/www.grieta.org.mx\/wp-content\/uploads\/2018\/03\/14524434_1106112876131411_958039263622046936_o.jpg?resize=350%2C200 1x, https:\/\/i0.wp.com\/www.grieta.org.mx\/wp-content\/uploads\/2018\/03\/14524434_1106112876131411_958039263622046936_o.jpg?resize=525%2C300 1.5x, https:\/\/i0.wp.com\/www.grieta.org.mx\/wp-content\/uploads\/2018\/03\/14524434_1106112876131411_958039263622046936_o.jpg?resize=700%2C400 2x"},"classes":[]},{"id":70812,"url":"http:\/\/www.grieta.org.mx\/index.php\/2025\/01\/09\/ecos-de-la-primera-sesion-de-los-encuentros-de-resistencia-y-rebeldia-diciembre-2024-y-1-2-de-enero-2025-participacion-zapatista-audios-y-videos-para-descargar\/","url_meta":{"origin":18523,"position":4},"title":"Ecos de la Primera Sesi\u00f3n de los Encuentros de Resistencia y Rebeld\u00eda. Diciembre 2024 y 1-2 de enero 2025. Participaci\u00f3n Zapatista: Audios y Videos para Descargar","author":"grieta","date":"9 enero, 2025","format":false,"excerpt":"Ecos de la Primera Sesi\u00f3n de los Encuentros de Resistencia y Rebeld\u00eda. Diciembre 2024 y 1-2 de enero 2025. Participaci\u00f3n Zapatista: Audios y Videos para Descargar Para firmantes de la Declaraci\u00f3n por la Vida, compas zapatistas y herman@s partidistas \u2026\u2026\u2026\u2026\u2026\u2026\u2026\u2026\u2026\u2026\u2026\u2026\u2026\u2026\u2026\u2026\u2026\u2026\u2026.. S\u00c1BADO 28 DE DICIEMBRE DE 2024 \u2026\u2026\u2026\u2026\u2026\u2026\u2026\u2026\u2026\u2026\u2026\u2026\u2026\u2026\u2026\u2026\u2026\u2026\u2026.. Presentaci\u00f3n Capit\u00e1n Insurgente\u2026","rel":"","context":"En &quot;CINTILLO&quot;","block_context":{"text":"CINTILLO","link":"http:\/\/www.grieta.org.mx\/index.php\/category\/cintillo\/"},"img":{"alt_text":"","src":"https:\/\/i0.wp.com\/www.grieta.org.mx\/wp-content\/uploads\/2025\/01\/Screenshot-2025-01-09-at-14-30-25-Enlace-Zapatista.png?resize=350%2C200","width":350,"height":200,"srcset":"https:\/\/i0.wp.com\/www.grieta.org.mx\/wp-content\/uploads\/2025\/01\/Screenshot-2025-01-09-at-14-30-25-Enlace-Zapatista.png?resize=350%2C200 1x, https:\/\/i0.wp.com\/www.grieta.org.mx\/wp-content\/uploads\/2025\/01\/Screenshot-2025-01-09-at-14-30-25-Enlace-Zapatista.png?resize=525%2C300 1.5x, https:\/\/i0.wp.com\/www.grieta.org.mx\/wp-content\/uploads\/2025\/01\/Screenshot-2025-01-09-at-14-30-25-Enlace-Zapatista.png?resize=700%2C400 2x, https:\/\/i0.wp.com\/www.grieta.org.mx\/wp-content\/uploads\/2025\/01\/Screenshot-2025-01-09-at-14-30-25-Enlace-Zapatista.png?resize=1050%2C600 3x"},"classes":[]},{"id":18391,"url":"http:\/\/www.grieta.org.mx\/index.php\/2016\/07\/30\/el-arte-de-la-organizacion-para-hacer-posible-el-arte-de-la-solidaridad\/","url_meta":{"origin":18523,"position":5},"title":"El arte de la organizaci\u00f3n para hacer posible el arte de la solidaridad","author":"grieta","date":"30 julio, 2016","format":false,"excerpt":"Koman Ilel. San Crist\u00f3bal de Las Casas, Chiapas. 30 de julio 2016. El arte se instala en Oventic Si las m\u00faltiples manifestaciones art\u00edsticas a lo largo de la semana en CIDECI sorprendieron por su diversidad y su cantidad, de l@s compas zapatistas no se esperaba menos. Decenas de actuaciones que\u2026","rel":"","context":"En &quot;CINTILLO&quot;","block_context":{"text":"CINTILLO","link":"http:\/\/www.grieta.org.mx\/index.php\/category\/cintillo\/"},"img":{"alt_text":"","src":"https:\/\/i0.wp.com\/www.grieta.org.mx\/wp-content\/uploads\/2018\/03\/14524434_1106112876131411_958039263622046936_o.jpg?resize=350%2C200","width":350,"height":200,"srcset":"https:\/\/i0.wp.com\/www.grieta.org.mx\/wp-content\/uploads\/2018\/03\/14524434_1106112876131411_958039263622046936_o.jpg?resize=350%2C200 1x, https:\/\/i0.wp.com\/www.grieta.org.mx\/wp-content\/uploads\/2018\/03\/14524434_1106112876131411_958039263622046936_o.jpg?resize=525%2C300 1.5x, https:\/\/i0.wp.com\/www.grieta.org.mx\/wp-content\/uploads\/2018\/03\/14524434_1106112876131411_958039263622046936_o.jpg?resize=700%2C400 2x"},"classes":[]}],"_links":{"self":[{"href":"http:\/\/www.grieta.org.mx\/index.php\/wp-json\/wp\/v2\/posts\/18523","targetHints":{"allow":["GET"]}}],"collection":[{"href":"http:\/\/www.grieta.org.mx\/index.php\/wp-json\/wp\/v2\/posts"}],"about":[{"href":"http:\/\/www.grieta.org.mx\/index.php\/wp-json\/wp\/v2\/types\/post"}],"author":[{"embeddable":true,"href":"http:\/\/www.grieta.org.mx\/index.php\/wp-json\/wp\/v2\/users\/2"}],"replies":[{"embeddable":true,"href":"http:\/\/www.grieta.org.mx\/index.php\/wp-json\/wp\/v2\/comments?post=18523"}],"version-history":[{"count":1,"href":"http:\/\/www.grieta.org.mx\/index.php\/wp-json\/wp\/v2\/posts\/18523\/revisions"}],"predecessor-version":[{"id":18525,"href":"http:\/\/www.grieta.org.mx\/index.php\/wp-json\/wp\/v2\/posts\/18523\/revisions\/18525"}],"wp:featuredmedia":[{"embeddable":true,"href":"http:\/\/www.grieta.org.mx\/index.php\/wp-json\/wp\/v2\/media\/21928"}],"wp:attachment":[{"href":"http:\/\/www.grieta.org.mx\/index.php\/wp-json\/wp\/v2\/media?parent=18523"}],"wp:term":[{"taxonomy":"category","embeddable":true,"href":"http:\/\/www.grieta.org.mx\/index.php\/wp-json\/wp\/v2\/categories?post=18523"},{"taxonomy":"post_tag","embeddable":true,"href":"http:\/\/www.grieta.org.mx\/index.php\/wp-json\/wp\/v2\/tags?post=18523"}],"curies":[{"name":"wp","href":"https:\/\/api.w.org\/{rel}","templated":true}]}}