{"id":18518,"date":"2016-07-31T09:48:42","date_gmt":"2016-07-31T14:48:42","guid":{"rendered":"http:\/\/www.grieta.org.mx\/?p=18518"},"modified":"2016-08-02T09:51:25","modified_gmt":"2016-08-02T14:51:25","slug":"brigada-por-desaparecidos-acusa-a-duarte-de-cruzarse-de-brazos-se-debe-castigar-al-estado-dicen","status":"publish","type":"post","link":"http:\/\/www.grieta.org.mx\/index.php\/2016\/07\/31\/brigada-por-desaparecidos-acusa-a-duarte-de-cruzarse-de-brazos-se-debe-castigar-al-estado-dicen\/","title":{"rendered":"Brigada por desaparecidos acusa a Duarte de cruzarse de brazos; se debe castigar al Estado, dicen"},"content":{"rendered":"<p>Por Juan Luis Garc\u00eda Hern\u00e1ndez <\/p>\n<p><img decoding=\"async\" data-attachment-id=\"18519\" data-permalink=\"http:\/\/www.grieta.org.mx\/index.php\/2016\/07\/31\/brigada-por-desaparecidos-acusa-a-duarte-de-cruzarse-de-brazos-se-debe-castigar-al-estado-dicen\/brigada1\/\" data-orig-file=\"http:\/\/www.grieta.org.mx\/wp-content\/uploads\/2016\/08\/brigada1.jpg\" data-orig-size=\"1100,580\" data-comments-opened=\"0\" data-image-meta=\"{&quot;aperture&quot;:&quot;0&quot;,&quot;credit&quot;:&quot;&quot;,&quot;camera&quot;:&quot;&quot;,&quot;caption&quot;:&quot;&quot;,&quot;created_timestamp&quot;:&quot;0&quot;,&quot;copyright&quot;:&quot;&quot;,&quot;focal_length&quot;:&quot;0&quot;,&quot;iso&quot;:&quot;0&quot;,&quot;shutter_speed&quot;:&quot;0&quot;,&quot;title&quot;:&quot;&quot;,&quot;orientation&quot;:&quot;0&quot;}\" data-image-title=\"brigada1\" data-image-description=\"\" data-image-caption=\"\" data-medium-file=\"http:\/\/www.grieta.org.mx\/wp-content\/uploads\/2016\/08\/brigada1-300x158.jpg\" data-large-file=\"http:\/\/www.grieta.org.mx\/wp-content\/uploads\/2016\/08\/brigada1-1024x540.jpg\" src=\"http:\/\/www.grieta.org.mx\/wp-content\/uploads\/2016\/08\/brigada1.jpg\" alt=\"brigada1\" width=\"100%\"  class=\"aligncenter size-full wp-image-18519\" srcset=\"http:\/\/www.grieta.org.mx\/wp-content\/uploads\/2016\/08\/brigada1.jpg 1100w, http:\/\/www.grieta.org.mx\/wp-content\/uploads\/2016\/08\/brigada1-300x158.jpg 300w, http:\/\/www.grieta.org.mx\/wp-content\/uploads\/2016\/08\/brigada1-768x405.jpg 768w, http:\/\/www.grieta.org.mx\/wp-content\/uploads\/2016\/08\/brigada1-1024x540.jpg 1024w\" sizes=\"(max-width: 1100px) 100vw, 1100px\" \/><\/p>\n<p>Representantes de la Segunda Brigada Nacional de B\u00fasqueda de Desaparecidos expresaron su desconfianza a la promesa de las autoridades de dar seguimiento a los restos encontrados a una fosa en Paso del Macho, Veracruz. Los rastreos en la entidad gobernada por Javier Duarte de Ochoa se hicieron bajo una serie de obst\u00e1culos por parte de la Polic\u00eda Federal y la Fiscal\u00eda veracruzana, acusaron los organizadores de la brigada, quienes se preguntan: \u00bfcu\u00e1ntas fosas hubieran encontrado de quedarse m\u00e1s tiempo?<\/p>\n<p>Ciudad de M\u00e9xico, 30 de julio (SinEmbargo).\u2013 La Segunda Brigada Nacional de B\u00fasqueda de Desaparecidos se despidi\u00f3 de Veracruz con el hallazgo en su \u00faltimo d\u00eda de realizaci\u00f3n de una fosa clandestina en la colonia Miguel Alem\u00e1n, del municipio Paso del Macho. Esta no fue la \u00fanica encontrada. Representantes de las familias aseguraron que las autoridades se quedaron de brazos cruzados ante el descubrimiento de una serie lugares sospechosos.<\/p>\n<p>La b\u00fasqueda realizada por familiares se llev\u00f3 a cabo entre el 15 y el 29 de julio. Mario Vergara Hern\u00e1ndez, representante del Comit\u00e9 Los Otros Desaparecidos de Iguala en la Brigada, apunt\u00f3 que casi a diario los familiares encontraron una posible fosa.<\/p>\n<p>\u201cUn d\u00eda escarbamos un metro y 15 cent\u00edmetros y empez\u00f3 a salir carb\u00f3n [familiares apuntan que muchos restos suelen ser calcinados]. Y entonces, para no entorpecer y no romper evidencias confiamos en la Polic\u00eda Cient\u00edfica y entregamos el pozo [cerca del rancho La Esperanza]. Ellos lo que hicieron en todo el d\u00eda siguiente fue escarbar 30 cent\u00edmetros m\u00e1s, y nos dijeron \u2018aqu\u00ed no hay nada\u201d, aleg\u00f3 Vergara.<\/p>\n<p>Familiares eligieron a Veracruz para realizar la Brigada por la ola de violencia que ah\u00ed se vive. De acuerdo con datos del Registro Nacional de Datos de Personas Extraviadas o Desaparecidas (RNPED), hay 681 desaparecidos en la entidad dentro de las carpetas de investigaci\u00f3n del fuero com\u00fan y federal de la Procuradur\u00eda General la Rep\u00fablica (PGR).<\/p>\n<p>El activista de Guerrero consider\u00f3 que los rastreos se hicieron bajo obst\u00e1culos interpuestos por la Polic\u00eda Cient\u00edfica de la Polic\u00eda Federal y elementos de la Fiscal\u00eda Regional de C\u00f3rdoba.<\/p>\n<p>\u201cNos quedaron a deber en todos lados. Las autoridades nos abandonaron en el cerro, no cumplieron con el resguardo de llevarnos a los puntos. El trabajo lo hicimos nosotros, nosotros los familiares fuimos los que bajamos a los pozos, nosotros llev\u00e1bamos la herramienta, nosotros encontramos los huesos\u201d, expuso.<\/p>\n<p>Los familiares realizaron las b\u00fasquedas con el apoyo de la Iglesia, que les brind\u00f3 espacios donde pernoctar y oportunidad de intervenir durante misas para solicitar la ayuda de la poblaci\u00f3n con datos de fosas clandestinas.<\/p>\n<p>Fue justo una de las denuncias an\u00f3nimas la que result\u00f3 en el hallazgo de la fosa en la colonia Miguel Alem\u00e1n del municipio Paso del Macho, donde a\u00fan no se tiene un estimado del n\u00famero de cuerpos que podr\u00eda albergar.<\/p>\n<p>EL LEGADO DE DUARTE<\/p>\n<p>El Gobierno del Gobernador Javier Duarte de Ochoa consinti\u00f3 este tipo delitos, expuso Juan Carlos Trujillo Herrera miembro de la Red de Enlaces Nacionales.<\/p>\n<p>\u201cVeracruz es lo que todos sabemos. Pero no es lo mismo comentarlo que vivirlo. Lamentablemente, hoy la situaci\u00f3n es muy grave. Y el Gobernador Javier Duarte de Ochoa oper\u00f3 y contempl\u00f3 este tipo de atrocidades. Esa es la verdad de lo que est\u00e1 pasando. Ese es el legado de descomposici\u00f3n que dej\u00f3 este se\u00f1or y Fidel Herrera\u201d, consider\u00f3.<\/p>\n<p>Un esc\u00e1ndalo volvi\u00f3 a reavivar los fantasmas de Ayotzinapa, cuando cinco j\u00f3venes desaparecieron en el municipio de Tierra Blanca, el pasado enero, despu\u00e9s de ser detenidos por elementos de la Polic\u00eda Estatal. La versi\u00f3n oficial asegur\u00f3 que los j\u00f3venes fueron calcinados y triturados.<\/p>\n<p>En junio pasado, Roberto Campa Cifri\u00e1n, subsecretario de Derechos Humanos de la Secretar\u00eda de Gobernaci\u00f3n, dio por terminada la b\u00fasqueda de los j\u00f3venes, al encontrarse los restos de dos v\u00edctimas en el Rancho El Lim\u00f3n, municipio de Tlalixcoyan; se trat\u00f3 de Bernardo Ben\u00edtez Arroniz y Alfredo Gonz\u00e1lez D\u00edaz.<\/p>\n<p>Autoridades han se\u00f1alado a Francisco Navarrete Serna, un supuesto jefe de plaza del C\u00e1rtel Jalisco Nueva Generaci\u00f3n (CJNG), de ser el responsable por la tragedia de los j\u00f3venes. Sin embargo, familiares del detenido afirmaron en una carta al diario Proceso que ha sido utilizado como \u201cchivo expiatorio\u201d.<\/p>\n<p>La propia seguridad de alrededor de 50 personas que participaron en la Brigada se vio comprometida cuando las autoridades estatales atendieron de formar irregular su compromiso de brindarles custodia, pese a ser una recomendaci\u00f3n del Comit\u00e9 de Desaparici\u00f3n Forzada de la Organizaci\u00f3n de Naciones Unidas recomend\u00f3 al Estado mexicano.<\/p>\n<p>A su llegada a Paso del Macho, la Brigada alert\u00f3 desde la Parroquia de la Virgen de Guadalupe la falta de acompa\u00f1amiento de dos patrullas que los dejaron solos. Tras el anuncio, las autoridades reanudaron su presencia.<\/p>\n<p>\u201cEl Estado mexicano queda a deber todo, porque esto que estamos haciendo no lo deber\u00edamos de estar haciendo. Es su obligaci\u00f3n. Pero m\u00e1s all\u00e1 de eso por intereses personales de alg\u00fan sector han permitido que esta ola de violencia y desapariciones se propague de esa manera\u201d, dijo Trujillo.<\/p>\n<p>\u00bfQUI\u00c9N CASTIGA AL GOBIERNO?<\/p>\n<p>En el reciente \u201cForo Internacional sobre Tortura y Desaparici\u00f3n Forzada y cometida por Particulares\u201d, el abogado Vidulfo Rosales Sierra, del Centro de Derechos Humanos La Monta\u00f1a Tlachinollan, apunt\u00f3 que los acuerdos de investigaci\u00f3n entre los padres de los 43 normalistas de Ayotzinapa y el Gobierno de la Rep\u00fablica se hallaban en un impase por la resistencia a una auditor\u00eda internacional del fen\u00f3meno de desapariciones.<\/p>\n<p>Mientras los padres ped\u00edan que se implementase un mecanismo para las desapariciones en todo el pa\u00eds que incluya a la Comisi\u00f3n Interamericana de Derechos Humanos, el Gobierno federal quer\u00eda limitarlo al caso de Ayotzinapa.<\/p>\n<p>Una falta de escrutinio, que los participantes de la segunda Brigada en Veracruz , consideran peligrosa. Como muestra un bot\u00f3n , refirieron, sobre el retraso en la entrega de los resultados de la primera Brigada. En el primer encuentro con autoridades, representantes de la Fiscal\u00eda estatal reconocieron la falta de embalaje de 10 mil fragmentos de restos \u00f3seos, hallados por las familiares buscadores en los predios San Rafael Caler\u00eda y el Porvenir.<\/p>\n<p>\u201cLas mesas de trabajo siempre son una porquer\u00eda. Te sientas con el Gobierno, haces acuerdos, los firman y no los cumplen. Nos falta esa parte: que alguien castigue al Gobierno mexicano. El d\u00eda que logremos que una comisi\u00f3n, no se qui\u00e9n, juzgue al Gobierno, entonces podremos lograr un poco m\u00e1s, porque los acuerdos se van a un bote de basura. Es algo desesperante\u201d, dijo Vergara, quien perdi\u00f3 a su hermano Tom\u00e1s el 5 de julio del 2012 en Huitzuco, Guerrero.<br \/>\nCon el fin de que esto no suceda con la fosa encontrada en la colonia Miguel Alem\u00e1n se nombr\u00f3 a un grupo de familiares locales, para que d\u00e9 seguimiento. Aunque su insistencia no ser\u00e1 presencial, para no ponerlos en riesgo, apunt\u00f3 Trujillo.<\/p>\n<p>Como resultado de la Segunda Brigada, otros 10 estados pidieron que se realicen proyectos similares de b\u00fasqueda. Entre ellos destacan: Morelos, Coahuila, Michoac\u00e1n, Guerrero, Tamaulipas, Sinaloa, Jalisco, Veracruz, Chihuahua y el Estado de M\u00e9xico.<\/p>\n<p><a href=\"http:\/\/www.sinembargo.mx\/30-07-2016\/3073923\" target=\"_blank\">http:\/\/www.sinembargo.mx\/30-07-2016\/3073923<\/a><\/p>\n","protected":false},"excerpt":{"rendered":"<p>Por Juan Luis Garc\u00eda Hern\u00e1ndez Representantes de la Segunda Brigada Nacional de B\u00fasqueda de Desaparecidos expresaron su desconfianza a la promesa de las autoridades de dar seguimiento a los restos &hellip; <a href=\"http:\/\/www.grieta.org.mx\/index.php\/2016\/07\/31\/brigada-por-desaparecidos-acusa-a-duarte-de-cruzarse-de-brazos-se-debe-castigar-al-estado-dicen\/\" class=\"more-link\">Leer m\u00e1s<\/a><\/p>\n","protected":false},"author":2,"featured_media":21928,"comment_status":"closed","ping_status":"closed","sticky":false,"template":"","format":"standard","meta":{"ngg_post_thumbnail":0,"_jetpack_newsletter_access":"","_jetpack_dont_email_post_to_subs":false,"_jetpack_newsletter_tier_id":0,"_jetpack_memberships_contains_paywalled_content":false,"_jetpack_memberships_contains_paid_content":false,"footnotes":""},"categories":[80,257],"tags":[121],"class_list":["post-18518","post","type-post","status-publish","format-standard","has-post-thumbnail","hentry","category-cintillo","category-veracruz","tag-desaparecidos","entry"],"jetpack_featured_media_url":"http:\/\/www.grieta.org.mx\/wp-content\/uploads\/2018\/03\/14524434_1106112876131411_958039263622046936_o.jpg","jetpack_sharing_enabled":true,"jetpack_shortlink":"https:\/\/wp.me\/p7ZJR4-4OG","jetpack_likes_enabled":false,"jetpack-related-posts":[{"id":10560,"url":"http:\/\/www.grieta.org.mx\/index.php\/2016\/09\/12\/desaparecidos-en-veracruz\/","url_meta":{"origin":18518,"position":0},"title":"Desaparecidos en Veracruz","author":"grieta","date":"12 septiembre, 2016","format":false,"excerpt":"El Colectivo Solecito Veracruzano contin\u00faa labores de b\u00fasqueda de desaparecidos 12\/09\/16. Mujeres que buscan fosas acusan que Fiscal\u00eda de Veracruz entorpece su b\u00fasqueda Animal Pol\u00edtico 29\/08\/16. Un narcocementerio llamado Veracruz Proceso 15\/08\/16. Encuentran 37 fosas clandestinas en ocho d\u00edas en Veracruz El Financiero 15\/08\/16. Encuentran fosas clandestinas en Veracruz, suman\u2026","rel":"","context":"En &quot;Desaparecidos&quot;","block_context":{"text":"Desaparecidos","link":"http:\/\/www.grieta.org.mx\/index.php\/category\/temas-nacionales\/desaparecidos\/"},"img":{"alt_text":"","src":"https:\/\/i0.wp.com\/www.grieta.org.mx\/wp-content\/uploads\/2018\/03\/14524434_1106112876131411_958039263622046936_o.jpg?resize=350%2C200","width":350,"height":200,"srcset":"https:\/\/i0.wp.com\/www.grieta.org.mx\/wp-content\/uploads\/2018\/03\/14524434_1106112876131411_958039263622046936_o.jpg?resize=350%2C200 1x, https:\/\/i0.wp.com\/www.grieta.org.mx\/wp-content\/uploads\/2018\/03\/14524434_1106112876131411_958039263622046936_o.jpg?resize=525%2C300 1.5x, https:\/\/i0.wp.com\/www.grieta.org.mx\/wp-content\/uploads\/2018\/03\/14524434_1106112876131411_958039263622046936_o.jpg?resize=700%2C400 2x"},"classes":[]},{"id":10563,"url":"http:\/\/www.grieta.org.mx\/index.php\/2016\/04\/08\/crean-la-brigada-nacional-de-busqueda-de-desaparecidos-su-primera-mision-sera-en-veracruz\/","url_meta":{"origin":18518,"position":1},"title":"Crean la Brigada Nacional de B\u00fasqueda de desaparecidos; su primera misi\u00f3n ser\u00e1 en Veracruz","author":"grieta","date":"8 abril, 2016","format":false,"excerpt":"Los brigadistas partir\u00e1n este s\u00e1bado 9 de abril hacia el municipio de Amatl\u00e1n de los Reyes, en Veracruz, para comenzar con la b\u00fasqueda de fosas clandestinas; piden el apoyo de la sociedad para saber d\u00f3nde buscar. https:\/\/youtu.be\/Bgb-okYdbZY Asociaciones de familiares de personas desaparecidas y organizaciones de expertos crearon la primera\u2026","rel":"","context":"En &quot;CINTILLO&quot;","block_context":{"text":"CINTILLO","link":"http:\/\/www.grieta.org.mx\/index.php\/category\/cintillo\/"},"img":{"alt_text":"","src":"https:\/\/i0.wp.com\/www.grieta.org.mx\/wp-content\/uploads\/2018\/03\/14524434_1106112876131411_958039263622046936_o.jpg?resize=350%2C200","width":350,"height":200,"srcset":"https:\/\/i0.wp.com\/www.grieta.org.mx\/wp-content\/uploads\/2018\/03\/14524434_1106112876131411_958039263622046936_o.jpg?resize=350%2C200 1x, https:\/\/i0.wp.com\/www.grieta.org.mx\/wp-content\/uploads\/2018\/03\/14524434_1106112876131411_958039263622046936_o.jpg?resize=525%2C300 1.5x, https:\/\/i0.wp.com\/www.grieta.org.mx\/wp-content\/uploads\/2018\/03\/14524434_1106112876131411_958039263622046936_o.jpg?resize=700%2C400 2x"},"classes":[]},{"id":14868,"url":"http:\/\/www.grieta.org.mx\/index.php\/2016\/06\/23\/asesinan-a-jesus-jimenez-de-brigada-nacional-de-busqueda-de-desaparecidos\/","url_meta":{"origin":18518,"position":2},"title":"Asesinan a Jes\u00fas Jim\u00e9nez de Brigada Nacional de B\u00fasqueda de desaparecidos","author":"grieta","date":"23 junio, 2016","format":false,"excerpt":"Citlali T\u00e9llez Jos\u00e9 Jes\u00fas Jim\u00e9nez Gaona, integrante de la Brigada Nacional de B\u00fasqueda de Desaparecidos, fue asesinado la noche del mi\u00e9rcoles 22 de junio en Poza Rica, Veracruz; su esposa Francisca V\u00e1zquez fue herida en el mismo ataque y se encuentra grave. La Fiscal\u00eda General del Estado de Veracruz inform\u00f3\u2026","rel":"","context":"En &quot;CINTILLO&quot;","block_context":{"text":"CINTILLO","link":"http:\/\/www.grieta.org.mx\/index.php\/category\/cintillo\/"},"img":{"alt_text":"","src":"https:\/\/i0.wp.com\/www.grieta.org.mx\/wp-content\/uploads\/2018\/03\/14524434_1106112876131411_958039263622046936_o.jpg?resize=350%2C200","width":350,"height":200,"srcset":"https:\/\/i0.wp.com\/www.grieta.org.mx\/wp-content\/uploads\/2018\/03\/14524434_1106112876131411_958039263622046936_o.jpg?resize=350%2C200 1x, https:\/\/i0.wp.com\/www.grieta.org.mx\/wp-content\/uploads\/2018\/03\/14524434_1106112876131411_958039263622046936_o.jpg?resize=525%2C300 1.5x, https:\/\/i0.wp.com\/www.grieta.org.mx\/wp-content\/uploads\/2018\/03\/14524434_1106112876131411_958039263622046936_o.jpg?resize=700%2C400 2x"},"classes":[]},{"id":10752,"url":"http:\/\/www.grieta.org.mx\/index.php\/2016\/04\/22\/en-solo-15-dias-en-veracruz-brigada-de-busqueda-de-desaparecidos-encontro-15-fosas\/","url_meta":{"origin":18518,"position":3},"title":"En s\u00f3lo 15 d\u00edas en Veracruz, Brigada de b\u00fasqueda de desaparecidos encontr\u00f3 15 fosas","author":"grieta","date":"22 abril, 2016","format":false,"excerpt":"Manu Ureste La Brigada Nacional de B\u00fasqueda de familiares de personas desaparecidas inform\u00f3 la tarde de este viernes que, en tan solo 15 d\u00edas de trabajo en diferentes lugares del estado de Veracruz, localiz\u00f3 15 fosas clandestinas con restos humanos, muchos de ellos calcinados. La Brigada se\u00f1al\u00f3 que los hallazgos\u2026","rel":"","context":"En &quot;CINTILLO&quot;","block_context":{"text":"CINTILLO","link":"http:\/\/www.grieta.org.mx\/index.php\/category\/cintillo\/"},"img":{"alt_text":"","src":"https:\/\/i0.wp.com\/www.grieta.org.mx\/wp-content\/uploads\/2018\/03\/14524434_1106112876131411_958039263622046936_o.jpg?resize=350%2C200","width":350,"height":200,"srcset":"https:\/\/i0.wp.com\/www.grieta.org.mx\/wp-content\/uploads\/2018\/03\/14524434_1106112876131411_958039263622046936_o.jpg?resize=350%2C200 1x, https:\/\/i0.wp.com\/www.grieta.org.mx\/wp-content\/uploads\/2018\/03\/14524434_1106112876131411_958039263622046936_o.jpg?resize=525%2C300 1.5x, https:\/\/i0.wp.com\/www.grieta.org.mx\/wp-content\/uploads\/2018\/03\/14524434_1106112876131411_958039263622046936_o.jpg?resize=700%2C400 2x"},"classes":[]},{"id":18516,"url":"http:\/\/www.grieta.org.mx\/index.php\/2016\/08\/01\/concluye-brigada-nacional-de-busqueda-de-desaparecidos-sin-confianza-alguna-en-sus-gobiernos\/","url_meta":{"origin":18518,"position":4},"title":"Concluye Brigada Nacional de B\u00fasqueda de Desaparecidos, sin confianza alguna en sus gobiernos","author":"grieta","date":"1 agosto, 2016","format":false,"excerpt":"Rodrigo Islas Brito\/RIOaxaca. Oaxaca de Ju\u00e1rez. Despu\u00e9s de poco m\u00e1s de diez d\u00edas de labores de b\u00fasqueda la Segunda Brigada Nacional de B\u00fasqueda de Personas Desaparecidas dej\u00f3 estado de Veracruz subrayando que fueron las condiciones de la actual crisis humanitaria por la que pasa M\u00e9xico, que ha permitido la desaparici\u00f3n\u2026","rel":"","context":"En &quot;CINTILLO&quot;","block_context":{"text":"CINTILLO","link":"http:\/\/www.grieta.org.mx\/index.php\/category\/cintillo\/"},"img":{"alt_text":"","src":"https:\/\/i0.wp.com\/www.grieta.org.mx\/wp-content\/uploads\/2018\/03\/14524434_1106112876131411_958039263622046936_o.jpg?resize=350%2C200","width":350,"height":200,"srcset":"https:\/\/i0.wp.com\/www.grieta.org.mx\/wp-content\/uploads\/2018\/03\/14524434_1106112876131411_958039263622046936_o.jpg?resize=350%2C200 1x, https:\/\/i0.wp.com\/www.grieta.org.mx\/wp-content\/uploads\/2018\/03\/14524434_1106112876131411_958039263622046936_o.jpg?resize=525%2C300 1.5x, https:\/\/i0.wp.com\/www.grieta.org.mx\/wp-content\/uploads\/2018\/03\/14524434_1106112876131411_958039263622046936_o.jpg?resize=700%2C400 2x"},"classes":[]},{"id":16688,"url":"http:\/\/www.grieta.org.mx\/index.php\/2016\/07\/14\/llega-la-segunda-etapa-de-la-brigada-de-busqueda-de-desaparecidos\/","url_meta":{"origin":18518,"position":5},"title":"Llega la segunda etapa de la Brigada de B\u00fasqueda de Desaparecidos","author":"Admin","date":"14 julio, 2016","format":false,"excerpt":"Piden a la ciudadan\u00eda de Amatl\u00e1n y C\u00f3rdoba que los apoyen donando algunas herramientas, que les ayudar\u00e1n a trabajar en el campo C\u00e9sar Estrada C\u00f3rdoba, Ver.\u2013 Del 15 al 29 del presente mes arribar\u00e1 a la entidad la segunda etapa de la Brigada Nacional de B\u00fasqueda de Personas Desaparecidas en\u2026","rel":"","context":"En &quot;CINTILLO&quot;","block_context":{"text":"CINTILLO","link":"http:\/\/www.grieta.org.mx\/index.php\/category\/cintillo\/"},"img":{"alt_text":"","src":"https:\/\/i0.wp.com\/www.grieta.org.mx\/wp-content\/uploads\/2018\/03\/14524434_1106112876131411_958039263622046936_o.jpg?resize=350%2C200","width":350,"height":200,"srcset":"https:\/\/i0.wp.com\/www.grieta.org.mx\/wp-content\/uploads\/2018\/03\/14524434_1106112876131411_958039263622046936_o.jpg?resize=350%2C200 1x, https:\/\/i0.wp.com\/www.grieta.org.mx\/wp-content\/uploads\/2018\/03\/14524434_1106112876131411_958039263622046936_o.jpg?resize=525%2C300 1.5x, https:\/\/i0.wp.com\/www.grieta.org.mx\/wp-content\/uploads\/2018\/03\/14524434_1106112876131411_958039263622046936_o.jpg?resize=700%2C400 2x"},"classes":[]}],"_links":{"self":[{"href":"http:\/\/www.grieta.org.mx\/index.php\/wp-json\/wp\/v2\/posts\/18518","targetHints":{"allow":["GET"]}}],"collection":[{"href":"http:\/\/www.grieta.org.mx\/index.php\/wp-json\/wp\/v2\/posts"}],"about":[{"href":"http:\/\/www.grieta.org.mx\/index.php\/wp-json\/wp\/v2\/types\/post"}],"author":[{"embeddable":true,"href":"http:\/\/www.grieta.org.mx\/index.php\/wp-json\/wp\/v2\/users\/2"}],"replies":[{"embeddable":true,"href":"http:\/\/www.grieta.org.mx\/index.php\/wp-json\/wp\/v2\/comments?post=18518"}],"version-history":[{"count":1,"href":"http:\/\/www.grieta.org.mx\/index.php\/wp-json\/wp\/v2\/posts\/18518\/revisions"}],"predecessor-version":[{"id":18520,"href":"http:\/\/www.grieta.org.mx\/index.php\/wp-json\/wp\/v2\/posts\/18518\/revisions\/18520"}],"wp:featuredmedia":[{"embeddable":true,"href":"http:\/\/www.grieta.org.mx\/index.php\/wp-json\/wp\/v2\/media\/21928"}],"wp:attachment":[{"href":"http:\/\/www.grieta.org.mx\/index.php\/wp-json\/wp\/v2\/media?parent=18518"}],"wp:term":[{"taxonomy":"category","embeddable":true,"href":"http:\/\/www.grieta.org.mx\/index.php\/wp-json\/wp\/v2\/categories?post=18518"},{"taxonomy":"post_tag","embeddable":true,"href":"http:\/\/www.grieta.org.mx\/index.php\/wp-json\/wp\/v2\/tags?post=18518"}],"curies":[{"name":"wp","href":"https:\/\/api.w.org\/{rel}","templated":true}]}}