{"id":18504,"date":"2016-07-31T09:05:55","date_gmt":"2016-07-31T14:05:55","guid":{"rendered":"http:\/\/www.grieta.org.mx\/?p=18504"},"modified":"2016-08-02T09:07:41","modified_gmt":"2016-08-02T14:07:41","slug":"ante-falta-de-recontratacion-previene-sector-salud-interponer-denuncia","status":"publish","type":"post","link":"http:\/\/www.grieta.org.mx\/index.php\/2016\/07\/31\/ante-falta-de-recontratacion-previene-sector-salud-interponer-denuncia\/","title":{"rendered":"Ante falta de recontrataci\u00f3n, previene sector salud interponer denuncia"},"content":{"rendered":"<p>Cristian Ruiz<\/p>\n<p>Mich., 31 de julio de 2016.- El secretario general del Sindicato \u00danico de Trabajadores del Organismo P\u00fablico Descentralizado de los Servicios de Salud de Michoac\u00e1n (SUTOPDSSM), Javier Maldonado Torres, inform\u00f3 que en caso de seguir sin una respuesta fija por parte de las autoridades del Gobierno estatal para la recontrataci\u00f3n de los mil 107 trabajadores de la  Secretar\u00eda de Salud de Michoac\u00e1n (SSM) podr\u00edan interponer una denuncia ante la Junta de Conciliaci\u00f3n y Arbitraje durante el mes de agosto. <\/p>\n<p>En entrevista para Quadrat\u00edn, Maldonado Torres mencion\u00f3 que tras darse a conocer los mil 107 despidos injustificados a empleados se la SSM el sindicato inici\u00f3 una serie de acciones para proteger a los empleados de base, cuyo contrato fue vencido bajo el argumento de exceso en la plantilla laboral de dicha secretaria. <\/p>\n<p>De los trabajadores despedidos, se incluyen 50 del \u00e1rea de vectores, que se encargaban de realizar acciones de prevenci\u00f3n para la propagaci\u00f3n de enfermedades transmitidas por mosquito como son dengue, chikungunya y zika; cuyo labor es importante en la \u00e9poca de lluvias. <\/p>\n<p>Por ello, sindicatos del gremio  realizaron tomas que permitieron la reincorporaci\u00f3n de 807 trabajadores, quedando 300 fuera de las listas de plantilla laboral sin un padr\u00f3n oficial para definir quienes volver\u00e1n y que las autoridades se comprometieron a resolver. <\/p>\n<p>Por \u00faltimo, Javier Maldonado enfatiz\u00f3 que el SUTOPDSSM  tambi\u00e9n exige la renuncia del actual secretario de salud en el estado, Carlos Aranza Doniz ante las m\u00faltiples irregularidades a cargo de la dependencia estatal, pensando incluso pedir su retiro ante el Congreso del Estado.<\/p>\n<p><a href=\"https:\/\/www.quadratin.com.mx\/principal\/ante-falta-recontratacion-previene-sector-salud-interponer-denuncia\/\" target=\"_blank\"> https:\/\/www.quadratin.com.mx\/principal\/ante-falta-recontratacion-previene-sector-salud-interponer-denuncia\/<\/a><\/p>\n","protected":false},"excerpt":{"rendered":"<p>Cristian Ruiz Mich., 31 de julio de 2016.- El secretario general del Sindicato \u00danico de Trabajadores del Organismo P\u00fablico Descentralizado de los Servicios de Salud de Michoac\u00e1n (SUTOPDSSM), Javier Maldonado &hellip; <a href=\"http:\/\/www.grieta.org.mx\/index.php\/2016\/07\/31\/ante-falta-de-recontratacion-previene-sector-salud-interponer-denuncia\/\" class=\"more-link\">Leer m\u00e1s<\/a><\/p>\n","protected":false},"author":2,"featured_media":21928,"comment_status":"closed","ping_status":"closed","sticky":false,"template":"","format":"standard","meta":{"ngg_post_thumbnail":0,"_jetpack_newsletter_access":"","_jetpack_dont_email_post_to_subs":false,"_jetpack_newsletter_tier_id":0,"_jetpack_memberships_contains_paywalled_content":false,"_jetpack_memberships_contains_paid_content":false,"footnotes":""},"categories":[80,82],"tags":[831],"class_list":["post-18504","post","type-post","status-publish","format-standard","has-post-thumbnail","hentry","category-cintillo","category-michoacan","tag-sector-salud","entry"],"jetpack_featured_media_url":"http:\/\/www.grieta.org.mx\/wp-content\/uploads\/2018\/03\/14524434_1106112876131411_958039263622046936_o.jpg","jetpack_sharing_enabled":true,"jetpack_shortlink":"https:\/\/wp.me\/p7ZJR4-4Os","jetpack_likes_enabled":false,"jetpack-related-posts":[{"id":14903,"url":"http:\/\/www.grieta.org.mx\/index.php\/2016\/07\/31\/movilizaciones-contra-la-reforma-al-sector-salud-en-michoacan\/","url_meta":{"origin":18504,"position":0},"title":"Movilizaciones del sector salud en Michoac\u00e1n","author":"grieta","date":"31 julio, 2016","format":false,"excerpt":"31\/07\/16. Ante falta de recontrataci\u00f3n, previene sector salud interponer denuncia Quadrat\u00edn 04\/07\/16. Amplian tomas en sector salud por despidos Quadrat\u00edn 22\/06\/16. Culminan marchas contra la universalizaci\u00f3n del sector salud La Voz Michoac\u00e1n","rel":"","context":"En &quot;Michoac\u00e1n&quot;","block_context":{"text":"Michoac\u00e1n","link":"http:\/\/www.grieta.org.mx\/index.php\/category\/noticias-nacionales\/michoacan\/"},"img":{"alt_text":"","src":"https:\/\/i0.wp.com\/www.grieta.org.mx\/wp-content\/uploads\/2018\/03\/14524434_1106112876131411_958039263622046936_o.jpg?resize=350%2C200","width":350,"height":200,"srcset":"https:\/\/i0.wp.com\/www.grieta.org.mx\/wp-content\/uploads\/2018\/03\/14524434_1106112876131411_958039263622046936_o.jpg?resize=350%2C200 1x, https:\/\/i0.wp.com\/www.grieta.org.mx\/wp-content\/uploads\/2018\/03\/14524434_1106112876131411_958039263622046936_o.jpg?resize=525%2C300 1.5x, https:\/\/i0.wp.com\/www.grieta.org.mx\/wp-content\/uploads\/2018\/03\/14524434_1106112876131411_958039263622046936_o.jpg?resize=700%2C400 2x"},"classes":[]},{"id":8970,"url":"http:\/\/www.grieta.org.mx\/index.php\/2015\/11\/12\/arriba-manifestacion-de-trabajadores-de-salud-al-congreso-de-michoacan\/","url_meta":{"origin":18504,"position":1},"title":"Arriba manifestaci\u00f3n de trabajadores de Salud al Congreso de Michoac\u00e1n","author":"Admin","date":"12 noviembre, 2015","format":false,"excerpt":"MORELIA, Mich., 12 de noviembre de 2015.- Los agremiados adheridos al Sindicato Estatal de Salud culminaron su marcha a las afuera de la sede del Congreso de Michoac\u00e1n. Con esta protesta los empleados del sector Salud exigen a los legisladores que se cubran el pago de los adeudos atrasados y\u2026","rel":"","context":"En &quot;CINTILLO&quot;","block_context":{"text":"CINTILLO","link":"http:\/\/www.grieta.org.mx\/index.php\/category\/cintillo\/"},"img":{"alt_text":"","src":"https:\/\/i0.wp.com\/www.grieta.org.mx\/wp-content\/uploads\/2018\/03\/14524434_1106112876131411_958039263622046936_o.jpg?resize=350%2C200","width":350,"height":200,"srcset":"https:\/\/i0.wp.com\/www.grieta.org.mx\/wp-content\/uploads\/2018\/03\/14524434_1106112876131411_958039263622046936_o.jpg?resize=350%2C200 1x, https:\/\/i0.wp.com\/www.grieta.org.mx\/wp-content\/uploads\/2018\/03\/14524434_1106112876131411_958039263622046936_o.jpg?resize=525%2C300 1.5x, https:\/\/i0.wp.com\/www.grieta.org.mx\/wp-content\/uploads\/2018\/03\/14524434_1106112876131411_958039263622046936_o.jpg?resize=700%2C400 2x"},"classes":[]},{"id":30507,"url":"http:\/\/www.grieta.org.mx\/index.php\/2019\/03\/11\/garanticen-abasto-de-medicinas-o-renuncien-pide-doctor-a-silvano-y-a-titular-de-ssm-michoacan\/","url_meta":{"origin":18504,"position":2},"title":"Garanticen abasto de medicinas o renuncien, pide doctor a Silvano y a titular de SSM (Michoac\u00e1n)","author":"grieta","date":"11 marzo, 2019","format":false,"excerpt":"Benjam\u00edn \u00c1lvarez \/ Contramuro, 11 de marzo de 2019 El m\u00e9dico se manifest\u00f3 en la plaza de Armas para exigir el abasto de medicamentos en el servicio de salud estatal Morelia, Michoac\u00e1n. \u2013 El doctor Francisco del Toro Lugo se manifest\u00f3 en la plaza de Armas de Morelia con la\u2026","rel":"","context":"En &quot;CINTILLO&quot;","block_context":{"text":"CINTILLO","link":"http:\/\/www.grieta.org.mx\/index.php\/category\/cintillo\/"},"img":{"alt_text":"","src":"https:\/\/i0.wp.com\/www.grieta.org.mx\/wp-content\/uploads\/2019\/03\/17afc62f-ed30-43c1-a724-ba0fd295c473-960x500.jpg?resize=350%2C200","width":350,"height":200,"srcset":"https:\/\/i0.wp.com\/www.grieta.org.mx\/wp-content\/uploads\/2019\/03\/17afc62f-ed30-43c1-a724-ba0fd295c473-960x500.jpg?resize=350%2C200 1x, https:\/\/i0.wp.com\/www.grieta.org.mx\/wp-content\/uploads\/2019\/03\/17afc62f-ed30-43c1-a724-ba0fd295c473-960x500.jpg?resize=525%2C300 1.5x, https:\/\/i0.wp.com\/www.grieta.org.mx\/wp-content\/uploads\/2019\/03\/17afc62f-ed30-43c1-a724-ba0fd295c473-960x500.jpg?resize=700%2C400 2x"},"classes":[]},{"id":15877,"url":"http:\/\/www.grieta.org.mx\/index.php\/2016\/07\/04\/amplian-tomas-en-sector-salud-por-despidos\/","url_meta":{"origin":18504,"position":3},"title":"Amplian tomas en sector salud por despidos","author":"Admin","date":"4 julio, 2016","format":false,"excerpt":"Juan Bustos\/Quadrat\u00edn MORELIA, Mich., 04 de julio de 2016.- Este lunes, el Sindicato de Trabajadores Descentralizados de los Servicios de Salud en Michoac\u00e1n (STDSSM) \u201cL\u00e1zaro C\u00e1rdenas\u201d ampli\u00f3 tomas que realiza en \u00e1reas administrativas del sector salud a las oficinas del Seguro Popular ubicadas en Allende, por los despidos mil 200\u2026","rel":"","context":"En &quot;CINTILLO&quot;","block_context":{"text":"CINTILLO","link":"http:\/\/www.grieta.org.mx\/index.php\/category\/cintillo\/"},"img":{"alt_text":"","src":"https:\/\/i0.wp.com\/www.grieta.org.mx\/wp-content\/uploads\/2018\/03\/14524434_1106112876131411_958039263622046936_o.jpg?resize=350%2C200","width":350,"height":200,"srcset":"https:\/\/i0.wp.com\/www.grieta.org.mx\/wp-content\/uploads\/2018\/03\/14524434_1106112876131411_958039263622046936_o.jpg?resize=350%2C200 1x, https:\/\/i0.wp.com\/www.grieta.org.mx\/wp-content\/uploads\/2018\/03\/14524434_1106112876131411_958039263622046936_o.jpg?resize=525%2C300 1.5x, https:\/\/i0.wp.com\/www.grieta.org.mx\/wp-content\/uploads\/2018\/03\/14524434_1106112876131411_958039263622046936_o.jpg?resize=700%2C400 2x"},"classes":[]},{"id":8972,"url":"http:\/\/www.grieta.org.mx\/index.php\/2015\/10\/26\/sindicatos-de-salud-hacen-planton-en-casa-y-palacio-de-gobierno\/","url_meta":{"origin":18504,"position":4},"title":"Sindicatos de Salud hacen plant\u00f3n en Casa y Palacio de Gobierno","author":"Admin","date":"26 octubre, 2015","format":false,"excerpt":"En protesta por la negativa de las autoridades de corregir el listado de la segunda etapa de formalizaci\u00f3n laboral, sindicatos de salud realizaron plantones en Casa de Gobierno y Palacio de Gobierno en Morelia. La coalici\u00f3n de sindicatos \u2014integrada por el Sindicato de Trabajadores Descentralizados de los Servicios de Salud\u2026","rel":"","context":"En &quot;CINTILLO&quot;","block_context":{"text":"CINTILLO","link":"http:\/\/www.grieta.org.mx\/index.php\/category\/cintillo\/"},"img":{"alt_text":"","src":"https:\/\/i0.wp.com\/www.grieta.org.mx\/wp-content\/uploads\/2018\/03\/14524434_1106112876131411_958039263622046936_o.jpg?resize=350%2C200","width":350,"height":200,"srcset":"https:\/\/i0.wp.com\/www.grieta.org.mx\/wp-content\/uploads\/2018\/03\/14524434_1106112876131411_958039263622046936_o.jpg?resize=350%2C200 1x, https:\/\/i0.wp.com\/www.grieta.org.mx\/wp-content\/uploads\/2018\/03\/14524434_1106112876131411_958039263622046936_o.jpg?resize=525%2C300 1.5x, https:\/\/i0.wp.com\/www.grieta.org.mx\/wp-content\/uploads\/2018\/03\/14524434_1106112876131411_958039263622046936_o.jpg?resize=700%2C400 2x"},"classes":[]},{"id":71842,"url":"http:\/\/www.grieta.org.mx\/index.php\/2025\/06\/23\/exigen-trabajadores-de-salud-del-estado-de-mexico-recontratacion-tras-despidos\/","url_meta":{"origin":18504,"position":5},"title":"Exigen trabajadores de Salud del Estado de M\u00e9xico recontrataci\u00f3n tras despidos","author":"grieta","date":"23 junio, 2025","format":false,"excerpt":"\u00a0 Publicado el 23 de junio de 2025 Sandra Hern\u00e1ndez \/ El Sol de Toluca Fotograf\u00edas: Rams\u00e9s Mercado Trabajadores por contrato de la Secretar\u00eda de Salud del Edomex protestaron en Toluca tras quedarse sin empleo. Denuncian despidos injustificados y falta de respuesta por parte de las autoridades, lo que ha\u2026","rel":"","context":"En &quot;CINTILLO&quot;","block_context":{"text":"CINTILLO","link":"http:\/\/www.grieta.org.mx\/index.php\/category\/cintillo\/"},"img":{"alt_text":"","src":"https:\/\/i0.wp.com\/www.grieta.org.mx\/wp-content\/uploads\/2025\/06\/Captura-de-pantalla-2025-06-26-232057.png?resize=350%2C200","width":350,"height":200,"srcset":"https:\/\/i0.wp.com\/www.grieta.org.mx\/wp-content\/uploads\/2025\/06\/Captura-de-pantalla-2025-06-26-232057.png?resize=350%2C200 1x, https:\/\/i0.wp.com\/www.grieta.org.mx\/wp-content\/uploads\/2025\/06\/Captura-de-pantalla-2025-06-26-232057.png?resize=525%2C300 1.5x, https:\/\/i0.wp.com\/www.grieta.org.mx\/wp-content\/uploads\/2025\/06\/Captura-de-pantalla-2025-06-26-232057.png?resize=700%2C400 2x"},"classes":[]}],"_links":{"self":[{"href":"http:\/\/www.grieta.org.mx\/index.php\/wp-json\/wp\/v2\/posts\/18504","targetHints":{"allow":["GET"]}}],"collection":[{"href":"http:\/\/www.grieta.org.mx\/index.php\/wp-json\/wp\/v2\/posts"}],"about":[{"href":"http:\/\/www.grieta.org.mx\/index.php\/wp-json\/wp\/v2\/types\/post"}],"author":[{"embeddable":true,"href":"http:\/\/www.grieta.org.mx\/index.php\/wp-json\/wp\/v2\/users\/2"}],"replies":[{"embeddable":true,"href":"http:\/\/www.grieta.org.mx\/index.php\/wp-json\/wp\/v2\/comments?post=18504"}],"version-history":[{"count":1,"href":"http:\/\/www.grieta.org.mx\/index.php\/wp-json\/wp\/v2\/posts\/18504\/revisions"}],"predecessor-version":[{"id":18505,"href":"http:\/\/www.grieta.org.mx\/index.php\/wp-json\/wp\/v2\/posts\/18504\/revisions\/18505"}],"wp:featuredmedia":[{"embeddable":true,"href":"http:\/\/www.grieta.org.mx\/index.php\/wp-json\/wp\/v2\/media\/21928"}],"wp:attachment":[{"href":"http:\/\/www.grieta.org.mx\/index.php\/wp-json\/wp\/v2\/media?parent=18504"}],"wp:term":[{"taxonomy":"category","embeddable":true,"href":"http:\/\/www.grieta.org.mx\/index.php\/wp-json\/wp\/v2\/categories?post=18504"},{"taxonomy":"post_tag","embeddable":true,"href":"http:\/\/www.grieta.org.mx\/index.php\/wp-json\/wp\/v2\/tags?post=18504"}],"curies":[{"name":"wp","href":"https:\/\/api.w.org\/{rel}","templated":true}]}}