{"id":18402,"date":"2016-07-31T17:29:40","date_gmt":"2016-07-31T22:29:40","guid":{"rendered":"http:\/\/www.grieta.org.mx\/?p=18402"},"modified":"2016-08-03T14:46:25","modified_gmt":"2016-08-03T19:46:25","slug":"dia-8-comparte-por-la-humanidad-cideci","status":"publish","type":"post","link":"http:\/\/www.grieta.org.mx\/index.php\/2016\/07\/31\/dia-8-comparte-por-la-humanidad-cideci\/","title":{"rendered":"D\u00eda 8 \u2013 CompARTE por la humanidad \u2013 Cideci (Audios)"},"content":{"rendered":"<p>Radio Zapatista<\/p>\n<p>Festival CompARTE por la humanidad<br \/>\n30 de julio de 2016<br \/>\nCideci \/ Universidad de la Tierra Chiapas<\/p>\n<div data-carousel-extra='{&quot;blog_id&quot;:1,&quot;permalink&quot;:&quot;http:\/\/www.grieta.org.mx\/index.php\/2016\/07\/31\/dia-8-comparte-por-la-humanidad-cideci\/&quot;}' id='gallery-1' class='gallery galleryid-18402 gallery-columns-3 gallery-size-medium'><figure class='gallery-item'>\n\t\t\t<div class='gallery-icon landscape'>\n\t\t\t\t<a href='http:\/\/www.grieta.org.mx\/index.php\/2016\/07\/31\/dia-8-comparte-por-la-humanidad-cideci\/mg_90991-800x400\/'><img loading=\"lazy\" decoding=\"async\" width=\"300\" height=\"150\" src=\"http:\/\/www.grieta.org.mx\/wp-content\/uploads\/2016\/08\/MG_90991-800x400-300x150.jpg\" class=\"attachment-medium size-medium\" alt=\"\" srcset=\"http:\/\/www.grieta.org.mx\/wp-content\/uploads\/2016\/08\/MG_90991-800x400-300x150.jpg 300w, http:\/\/www.grieta.org.mx\/wp-content\/uploads\/2016\/08\/MG_90991-800x400-768x384.jpg 768w, http:\/\/www.grieta.org.mx\/wp-content\/uploads\/2016\/08\/MG_90991-800x400.jpg 800w\" sizes=\"auto, (max-width: 300px) 100vw, 300px\" data-attachment-id=\"18405\" data-permalink=\"http:\/\/www.grieta.org.mx\/index.php\/2016\/07\/31\/dia-8-comparte-por-la-humanidad-cideci\/mg_90991-800x400\/\" data-orig-file=\"http:\/\/www.grieta.org.mx\/wp-content\/uploads\/2016\/08\/MG_90991-800x400.jpg\" data-orig-size=\"800,400\" data-comments-opened=\"0\" data-image-meta=\"{&quot;aperture&quot;:&quot;0&quot;,&quot;credit&quot;:&quot;&quot;,&quot;camera&quot;:&quot;&quot;,&quot;caption&quot;:&quot;&quot;,&quot;created_timestamp&quot;:&quot;0&quot;,&quot;copyright&quot;:&quot;&quot;,&quot;focal_length&quot;:&quot;0&quot;,&quot;iso&quot;:&quot;0&quot;,&quot;shutter_speed&quot;:&quot;0&quot;,&quot;title&quot;:&quot;&quot;,&quot;orientation&quot;:&quot;0&quot;}\" data-image-title=\"MG_90991-800&amp;#215;400\" data-image-description=\"\" data-image-caption=\"\" data-medium-file=\"http:\/\/www.grieta.org.mx\/wp-content\/uploads\/2016\/08\/MG_90991-800x400-300x150.jpg\" data-large-file=\"http:\/\/www.grieta.org.mx\/wp-content\/uploads\/2016\/08\/MG_90991-800x400.jpg\" \/><\/a>\n\t\t\t<\/div><\/figure><figure class='gallery-item'>\n\t\t\t<div class='gallery-icon landscape'>\n\t\t\t\t<a href='http:\/\/www.grieta.org.mx\/index.php\/2016\/07\/31\/dia-8-comparte-por-la-humanidad-cideci\/mg_9319-800x400\/'><img loading=\"lazy\" decoding=\"async\" width=\"300\" height=\"150\" src=\"http:\/\/www.grieta.org.mx\/wp-content\/uploads\/2016\/08\/MG_9319-800x400-300x150.jpg\" class=\"attachment-medium size-medium\" alt=\"\" srcset=\"http:\/\/www.grieta.org.mx\/wp-content\/uploads\/2016\/08\/MG_9319-800x400-300x150.jpg 300w, http:\/\/www.grieta.org.mx\/wp-content\/uploads\/2016\/08\/MG_9319-800x400-768x384.jpg 768w, http:\/\/www.grieta.org.mx\/wp-content\/uploads\/2016\/08\/MG_9319-800x400.jpg 800w\" sizes=\"auto, (max-width: 300px) 100vw, 300px\" data-attachment-id=\"18404\" data-permalink=\"http:\/\/www.grieta.org.mx\/index.php\/2016\/07\/31\/dia-8-comparte-por-la-humanidad-cideci\/mg_9319-800x400\/\" data-orig-file=\"http:\/\/www.grieta.org.mx\/wp-content\/uploads\/2016\/08\/MG_9319-800x400.jpg\" data-orig-size=\"800,400\" data-comments-opened=\"0\" data-image-meta=\"{&quot;aperture&quot;:&quot;0&quot;,&quot;credit&quot;:&quot;&quot;,&quot;camera&quot;:&quot;&quot;,&quot;caption&quot;:&quot;&quot;,&quot;created_timestamp&quot;:&quot;0&quot;,&quot;copyright&quot;:&quot;&quot;,&quot;focal_length&quot;:&quot;0&quot;,&quot;iso&quot;:&quot;0&quot;,&quot;shutter_speed&quot;:&quot;0&quot;,&quot;title&quot;:&quot;&quot;,&quot;orientation&quot;:&quot;0&quot;}\" data-image-title=\"MG_9319-800&amp;#215;400\" data-image-description=\"\" data-image-caption=\"\" data-medium-file=\"http:\/\/www.grieta.org.mx\/wp-content\/uploads\/2016\/08\/MG_9319-800x400-300x150.jpg\" data-large-file=\"http:\/\/www.grieta.org.mx\/wp-content\/uploads\/2016\/08\/MG_9319-800x400.jpg\" \/><\/a>\n\t\t\t<\/div><\/figure><figure class='gallery-item'>\n\t\t\t<div class='gallery-icon landscape'>\n\t\t\t\t<a href='http:\/\/www.grieta.org.mx\/index.php\/2016\/07\/31\/dia-8-comparte-por-la-humanidad-cideci\/mg_91031-800x400\/'><img loading=\"lazy\" decoding=\"async\" width=\"300\" height=\"150\" src=\"http:\/\/www.grieta.org.mx\/wp-content\/uploads\/2016\/08\/MG_91031-800x400-300x150.jpg\" class=\"attachment-medium size-medium\" alt=\"\" srcset=\"http:\/\/www.grieta.org.mx\/wp-content\/uploads\/2016\/08\/MG_91031-800x400-300x150.jpg 300w, http:\/\/www.grieta.org.mx\/wp-content\/uploads\/2016\/08\/MG_91031-800x400-768x384.jpg 768w, http:\/\/www.grieta.org.mx\/wp-content\/uploads\/2016\/08\/MG_91031-800x400.jpg 800w\" sizes=\"auto, (max-width: 300px) 100vw, 300px\" data-attachment-id=\"18406\" data-permalink=\"http:\/\/www.grieta.org.mx\/index.php\/2016\/07\/31\/dia-8-comparte-por-la-humanidad-cideci\/mg_91031-800x400\/\" data-orig-file=\"http:\/\/www.grieta.org.mx\/wp-content\/uploads\/2016\/08\/MG_91031-800x400.jpg\" data-orig-size=\"800,400\" data-comments-opened=\"0\" data-image-meta=\"{&quot;aperture&quot;:&quot;0&quot;,&quot;credit&quot;:&quot;&quot;,&quot;camera&quot;:&quot;&quot;,&quot;caption&quot;:&quot;&quot;,&quot;created_timestamp&quot;:&quot;0&quot;,&quot;copyright&quot;:&quot;&quot;,&quot;focal_length&quot;:&quot;0&quot;,&quot;iso&quot;:&quot;0&quot;,&quot;shutter_speed&quot;:&quot;0&quot;,&quot;title&quot;:&quot;&quot;,&quot;orientation&quot;:&quot;0&quot;}\" data-image-title=\"MG_91031-800&amp;#215;400\" data-image-description=\"\" data-image-caption=\"\" data-medium-file=\"http:\/\/www.grieta.org.mx\/wp-content\/uploads\/2016\/08\/MG_91031-800x400-300x150.jpg\" data-large-file=\"http:\/\/www.grieta.org.mx\/wp-content\/uploads\/2016\/08\/MG_91031-800x400.jpg\" \/><\/a>\n\t\t\t<\/div><\/figure><figure class='gallery-item'>\n\t\t\t<div class='gallery-icon landscape'>\n\t\t\t\t<a href='http:\/\/www.grieta.org.mx\/index.php\/2016\/07\/31\/dia-8-comparte-por-la-humanidad-cideci\/mg_91041-800x400\/'><img loading=\"lazy\" decoding=\"async\" width=\"300\" height=\"150\" src=\"http:\/\/www.grieta.org.mx\/wp-content\/uploads\/2016\/08\/MG_91041-800x400-300x150.jpg\" class=\"attachment-medium size-medium\" alt=\"\" srcset=\"http:\/\/www.grieta.org.mx\/wp-content\/uploads\/2016\/08\/MG_91041-800x400-300x150.jpg 300w, http:\/\/www.grieta.org.mx\/wp-content\/uploads\/2016\/08\/MG_91041-800x400-768x384.jpg 768w, http:\/\/www.grieta.org.mx\/wp-content\/uploads\/2016\/08\/MG_91041-800x400.jpg 800w\" sizes=\"auto, (max-width: 300px) 100vw, 300px\" data-attachment-id=\"18407\" data-permalink=\"http:\/\/www.grieta.org.mx\/index.php\/2016\/07\/31\/dia-8-comparte-por-la-humanidad-cideci\/mg_91041-800x400\/\" data-orig-file=\"http:\/\/www.grieta.org.mx\/wp-content\/uploads\/2016\/08\/MG_91041-800x400.jpg\" data-orig-size=\"800,400\" data-comments-opened=\"0\" data-image-meta=\"{&quot;aperture&quot;:&quot;0&quot;,&quot;credit&quot;:&quot;&quot;,&quot;camera&quot;:&quot;&quot;,&quot;caption&quot;:&quot;&quot;,&quot;created_timestamp&quot;:&quot;0&quot;,&quot;copyright&quot;:&quot;&quot;,&quot;focal_length&quot;:&quot;0&quot;,&quot;iso&quot;:&quot;0&quot;,&quot;shutter_speed&quot;:&quot;0&quot;,&quot;title&quot;:&quot;&quot;,&quot;orientation&quot;:&quot;0&quot;}\" data-image-title=\"MG_91041-800&amp;#215;400\" data-image-description=\"\" data-image-caption=\"\" data-medium-file=\"http:\/\/www.grieta.org.mx\/wp-content\/uploads\/2016\/08\/MG_91041-800x400-300x150.jpg\" data-large-file=\"http:\/\/www.grieta.org.mx\/wp-content\/uploads\/2016\/08\/MG_91041-800x400.jpg\" \/><\/a>\n\t\t\t<\/div><\/figure><figure class='gallery-item'>\n\t\t\t<div class='gallery-icon landscape'>\n\t\t\t\t<a href='http:\/\/www.grieta.org.mx\/index.php\/2016\/07\/31\/dia-8-comparte-por-la-humanidad-cideci\/mg_91051-800x400\/'><img loading=\"lazy\" decoding=\"async\" width=\"300\" height=\"150\" src=\"http:\/\/www.grieta.org.mx\/wp-content\/uploads\/2016\/08\/MG_91051-800x400-300x150.jpg\" class=\"attachment-medium size-medium\" alt=\"\" srcset=\"http:\/\/www.grieta.org.mx\/wp-content\/uploads\/2016\/08\/MG_91051-800x400-300x150.jpg 300w, http:\/\/www.grieta.org.mx\/wp-content\/uploads\/2016\/08\/MG_91051-800x400-768x384.jpg 768w, http:\/\/www.grieta.org.mx\/wp-content\/uploads\/2016\/08\/MG_91051-800x400.jpg 800w\" sizes=\"auto, (max-width: 300px) 100vw, 300px\" data-attachment-id=\"18408\" data-permalink=\"http:\/\/www.grieta.org.mx\/index.php\/2016\/07\/31\/dia-8-comparte-por-la-humanidad-cideci\/mg_91051-800x400\/\" data-orig-file=\"http:\/\/www.grieta.org.mx\/wp-content\/uploads\/2016\/08\/MG_91051-800x400.jpg\" data-orig-size=\"800,400\" data-comments-opened=\"0\" data-image-meta=\"{&quot;aperture&quot;:&quot;0&quot;,&quot;credit&quot;:&quot;&quot;,&quot;camera&quot;:&quot;&quot;,&quot;caption&quot;:&quot;&quot;,&quot;created_timestamp&quot;:&quot;0&quot;,&quot;copyright&quot;:&quot;&quot;,&quot;focal_length&quot;:&quot;0&quot;,&quot;iso&quot;:&quot;0&quot;,&quot;shutter_speed&quot;:&quot;0&quot;,&quot;title&quot;:&quot;&quot;,&quot;orientation&quot;:&quot;0&quot;}\" data-image-title=\"MG_91051-800&amp;#215;400\" data-image-description=\"\" data-image-caption=\"\" data-medium-file=\"http:\/\/www.grieta.org.mx\/wp-content\/uploads\/2016\/08\/MG_91051-800x400-300x150.jpg\" data-large-file=\"http:\/\/www.grieta.org.mx\/wp-content\/uploads\/2016\/08\/MG_91051-800x400.jpg\" \/><\/a>\n\t\t\t<\/div><\/figure><figure class='gallery-item'>\n\t\t\t<div class='gallery-icon landscape'>\n\t\t\t\t<a href='http:\/\/www.grieta.org.mx\/index.php\/2016\/07\/31\/dia-8-comparte-por-la-humanidad-cideci\/mg_91071-800x400\/'><img loading=\"lazy\" decoding=\"async\" width=\"300\" height=\"150\" src=\"http:\/\/www.grieta.org.mx\/wp-content\/uploads\/2016\/08\/MG_91071-800x400-300x150.jpg\" class=\"attachment-medium size-medium\" alt=\"\" srcset=\"http:\/\/www.grieta.org.mx\/wp-content\/uploads\/2016\/08\/MG_91071-800x400-300x150.jpg 300w, http:\/\/www.grieta.org.mx\/wp-content\/uploads\/2016\/08\/MG_91071-800x400-768x384.jpg 768w, http:\/\/www.grieta.org.mx\/wp-content\/uploads\/2016\/08\/MG_91071-800x400.jpg 800w\" sizes=\"auto, (max-width: 300px) 100vw, 300px\" data-attachment-id=\"18409\" data-permalink=\"http:\/\/www.grieta.org.mx\/index.php\/2016\/07\/31\/dia-8-comparte-por-la-humanidad-cideci\/mg_91071-800x400\/\" data-orig-file=\"http:\/\/www.grieta.org.mx\/wp-content\/uploads\/2016\/08\/MG_91071-800x400.jpg\" data-orig-size=\"800,400\" data-comments-opened=\"0\" data-image-meta=\"{&quot;aperture&quot;:&quot;0&quot;,&quot;credit&quot;:&quot;&quot;,&quot;camera&quot;:&quot;&quot;,&quot;caption&quot;:&quot;&quot;,&quot;created_timestamp&quot;:&quot;0&quot;,&quot;copyright&quot;:&quot;&quot;,&quot;focal_length&quot;:&quot;0&quot;,&quot;iso&quot;:&quot;0&quot;,&quot;shutter_speed&quot;:&quot;0&quot;,&quot;title&quot;:&quot;&quot;,&quot;orientation&quot;:&quot;0&quot;}\" data-image-title=\"MG_91071-800&amp;#215;400\" data-image-description=\"\" data-image-caption=\"\" data-medium-file=\"http:\/\/www.grieta.org.mx\/wp-content\/uploads\/2016\/08\/MG_91071-800x400-300x150.jpg\" data-large-file=\"http:\/\/www.grieta.org.mx\/wp-content\/uploads\/2016\/08\/MG_91071-800x400.jpg\" \/><\/a>\n\t\t\t<\/div><\/figure><figure class='gallery-item'>\n\t\t\t<div class='gallery-icon landscape'>\n\t\t\t\t<a href='http:\/\/www.grieta.org.mx\/index.php\/2016\/07\/31\/dia-8-comparte-por-la-humanidad-cideci\/mg_91121-800x400\/'><img loading=\"lazy\" decoding=\"async\" width=\"300\" height=\"150\" src=\"http:\/\/www.grieta.org.mx\/wp-content\/uploads\/2016\/08\/MG_91121-800x400-300x150.jpg\" class=\"attachment-medium size-medium\" alt=\"\" srcset=\"http:\/\/www.grieta.org.mx\/wp-content\/uploads\/2016\/08\/MG_91121-800x400-300x150.jpg 300w, http:\/\/www.grieta.org.mx\/wp-content\/uploads\/2016\/08\/MG_91121-800x400-768x384.jpg 768w, http:\/\/www.grieta.org.mx\/wp-content\/uploads\/2016\/08\/MG_91121-800x400.jpg 800w\" sizes=\"auto, (max-width: 300px) 100vw, 300px\" data-attachment-id=\"18410\" data-permalink=\"http:\/\/www.grieta.org.mx\/index.php\/2016\/07\/31\/dia-8-comparte-por-la-humanidad-cideci\/mg_91121-800x400\/\" data-orig-file=\"http:\/\/www.grieta.org.mx\/wp-content\/uploads\/2016\/08\/MG_91121-800x400.jpg\" data-orig-size=\"800,400\" data-comments-opened=\"0\" data-image-meta=\"{&quot;aperture&quot;:&quot;0&quot;,&quot;credit&quot;:&quot;&quot;,&quot;camera&quot;:&quot;&quot;,&quot;caption&quot;:&quot;&quot;,&quot;created_timestamp&quot;:&quot;0&quot;,&quot;copyright&quot;:&quot;&quot;,&quot;focal_length&quot;:&quot;0&quot;,&quot;iso&quot;:&quot;0&quot;,&quot;shutter_speed&quot;:&quot;0&quot;,&quot;title&quot;:&quot;&quot;,&quot;orientation&quot;:&quot;0&quot;}\" data-image-title=\"MG_91121-800&amp;#215;400\" data-image-description=\"\" data-image-caption=\"\" data-medium-file=\"http:\/\/www.grieta.org.mx\/wp-content\/uploads\/2016\/08\/MG_91121-800x400-300x150.jpg\" data-large-file=\"http:\/\/www.grieta.org.mx\/wp-content\/uploads\/2016\/08\/MG_91121-800x400.jpg\" \/><\/a>\n\t\t\t<\/div><\/figure><figure class='gallery-item'>\n\t\t\t<div class='gallery-icon landscape'>\n\t\t\t\t<a href='http:\/\/www.grieta.org.mx\/index.php\/2016\/07\/31\/dia-8-comparte-por-la-humanidad-cideci\/mg_91251-800x400\/'><img loading=\"lazy\" decoding=\"async\" width=\"300\" height=\"150\" src=\"http:\/\/www.grieta.org.mx\/wp-content\/uploads\/2016\/08\/MG_91251-800x400-300x150.jpg\" class=\"attachment-medium size-medium\" alt=\"\" srcset=\"http:\/\/www.grieta.org.mx\/wp-content\/uploads\/2016\/08\/MG_91251-800x400-300x150.jpg 300w, http:\/\/www.grieta.org.mx\/wp-content\/uploads\/2016\/08\/MG_91251-800x400-768x384.jpg 768w, http:\/\/www.grieta.org.mx\/wp-content\/uploads\/2016\/08\/MG_91251-800x400.jpg 800w\" sizes=\"auto, (max-width: 300px) 100vw, 300px\" data-attachment-id=\"18411\" data-permalink=\"http:\/\/www.grieta.org.mx\/index.php\/2016\/07\/31\/dia-8-comparte-por-la-humanidad-cideci\/mg_91251-800x400\/\" data-orig-file=\"http:\/\/www.grieta.org.mx\/wp-content\/uploads\/2016\/08\/MG_91251-800x400.jpg\" data-orig-size=\"800,400\" data-comments-opened=\"0\" data-image-meta=\"{&quot;aperture&quot;:&quot;0&quot;,&quot;credit&quot;:&quot;&quot;,&quot;camera&quot;:&quot;&quot;,&quot;caption&quot;:&quot;&quot;,&quot;created_timestamp&quot;:&quot;0&quot;,&quot;copyright&quot;:&quot;&quot;,&quot;focal_length&quot;:&quot;0&quot;,&quot;iso&quot;:&quot;0&quot;,&quot;shutter_speed&quot;:&quot;0&quot;,&quot;title&quot;:&quot;&quot;,&quot;orientation&quot;:&quot;0&quot;}\" data-image-title=\"MG_91251-800&amp;#215;400\" data-image-description=\"\" data-image-caption=\"\" data-medium-file=\"http:\/\/www.grieta.org.mx\/wp-content\/uploads\/2016\/08\/MG_91251-800x400-300x150.jpg\" data-large-file=\"http:\/\/www.grieta.org.mx\/wp-content\/uploads\/2016\/08\/MG_91251-800x400.jpg\" \/><\/a>\n\t\t\t<\/div><\/figure><figure class='gallery-item'>\n\t\t\t<div class='gallery-icon landscape'>\n\t\t\t\t<a href='http:\/\/www.grieta.org.mx\/index.php\/2016\/07\/31\/dia-8-comparte-por-la-humanidad-cideci\/mg_91291-800x400\/'><img loading=\"lazy\" decoding=\"async\" width=\"300\" height=\"150\" src=\"http:\/\/www.grieta.org.mx\/wp-content\/uploads\/2016\/08\/MG_91291-800x400-300x150.jpg\" class=\"attachment-medium size-medium\" alt=\"\" srcset=\"http:\/\/www.grieta.org.mx\/wp-content\/uploads\/2016\/08\/MG_91291-800x400-300x150.jpg 300w, http:\/\/www.grieta.org.mx\/wp-content\/uploads\/2016\/08\/MG_91291-800x400-768x384.jpg 768w, http:\/\/www.grieta.org.mx\/wp-content\/uploads\/2016\/08\/MG_91291-800x400.jpg 800w\" sizes=\"auto, (max-width: 300px) 100vw, 300px\" data-attachment-id=\"18412\" data-permalink=\"http:\/\/www.grieta.org.mx\/index.php\/2016\/07\/31\/dia-8-comparte-por-la-humanidad-cideci\/mg_91291-800x400\/\" data-orig-file=\"http:\/\/www.grieta.org.mx\/wp-content\/uploads\/2016\/08\/MG_91291-800x400.jpg\" data-orig-size=\"800,400\" data-comments-opened=\"0\" data-image-meta=\"{&quot;aperture&quot;:&quot;0&quot;,&quot;credit&quot;:&quot;&quot;,&quot;camera&quot;:&quot;&quot;,&quot;caption&quot;:&quot;&quot;,&quot;created_timestamp&quot;:&quot;0&quot;,&quot;copyright&quot;:&quot;&quot;,&quot;focal_length&quot;:&quot;0&quot;,&quot;iso&quot;:&quot;0&quot;,&quot;shutter_speed&quot;:&quot;0&quot;,&quot;title&quot;:&quot;&quot;,&quot;orientation&quot;:&quot;0&quot;}\" data-image-title=\"MG_91291-800&amp;#215;400\" data-image-description=\"\" data-image-caption=\"\" data-medium-file=\"http:\/\/www.grieta.org.mx\/wp-content\/uploads\/2016\/08\/MG_91291-800x400-300x150.jpg\" data-large-file=\"http:\/\/www.grieta.org.mx\/wp-content\/uploads\/2016\/08\/MG_91291-800x400.jpg\" \/><\/a>\n\t\t\t<\/div><\/figure><figure class='gallery-item'>\n\t\t\t<div class='gallery-icon landscape'>\n\t\t\t\t<a href='http:\/\/www.grieta.org.mx\/index.php\/2016\/07\/31\/dia-8-comparte-por-la-humanidad-cideci\/mg_91401-800x400\/'><img loading=\"lazy\" decoding=\"async\" width=\"300\" height=\"150\" src=\"http:\/\/www.grieta.org.mx\/wp-content\/uploads\/2016\/08\/MG_91401-800x400-300x150.jpg\" class=\"attachment-medium size-medium\" alt=\"\" srcset=\"http:\/\/www.grieta.org.mx\/wp-content\/uploads\/2016\/08\/MG_91401-800x400-300x150.jpg 300w, http:\/\/www.grieta.org.mx\/wp-content\/uploads\/2016\/08\/MG_91401-800x400-768x384.jpg 768w, http:\/\/www.grieta.org.mx\/wp-content\/uploads\/2016\/08\/MG_91401-800x400.jpg 800w\" sizes=\"auto, (max-width: 300px) 100vw, 300px\" data-attachment-id=\"18413\" data-permalink=\"http:\/\/www.grieta.org.mx\/index.php\/2016\/07\/31\/dia-8-comparte-por-la-humanidad-cideci\/mg_91401-800x400\/\" data-orig-file=\"http:\/\/www.grieta.org.mx\/wp-content\/uploads\/2016\/08\/MG_91401-800x400.jpg\" data-orig-size=\"800,400\" data-comments-opened=\"0\" data-image-meta=\"{&quot;aperture&quot;:&quot;0&quot;,&quot;credit&quot;:&quot;&quot;,&quot;camera&quot;:&quot;&quot;,&quot;caption&quot;:&quot;&quot;,&quot;created_timestamp&quot;:&quot;0&quot;,&quot;copyright&quot;:&quot;&quot;,&quot;focal_length&quot;:&quot;0&quot;,&quot;iso&quot;:&quot;0&quot;,&quot;shutter_speed&quot;:&quot;0&quot;,&quot;title&quot;:&quot;&quot;,&quot;orientation&quot;:&quot;0&quot;}\" data-image-title=\"MG_91401-800&amp;#215;400\" data-image-description=\"\" data-image-caption=\"\" data-medium-file=\"http:\/\/www.grieta.org.mx\/wp-content\/uploads\/2016\/08\/MG_91401-800x400-300x150.jpg\" data-large-file=\"http:\/\/www.grieta.org.mx\/wp-content\/uploads\/2016\/08\/MG_91401-800x400.jpg\" \/><\/a>\n\t\t\t<\/div><\/figure><figure class='gallery-item'>\n\t\t\t<div class='gallery-icon landscape'>\n\t\t\t\t<a href='http:\/\/www.grieta.org.mx\/index.php\/2016\/07\/31\/dia-8-comparte-por-la-humanidad-cideci\/mg_91581-800x400\/'><img loading=\"lazy\" decoding=\"async\" width=\"300\" height=\"150\" src=\"http:\/\/www.grieta.org.mx\/wp-content\/uploads\/2016\/08\/MG_91581-800x400-300x150.jpg\" class=\"attachment-medium size-medium\" alt=\"\" srcset=\"http:\/\/www.grieta.org.mx\/wp-content\/uploads\/2016\/08\/MG_91581-800x400-300x150.jpg 300w, http:\/\/www.grieta.org.mx\/wp-content\/uploads\/2016\/08\/MG_91581-800x400-768x384.jpg 768w, http:\/\/www.grieta.org.mx\/wp-content\/uploads\/2016\/08\/MG_91581-800x400.jpg 800w\" sizes=\"auto, (max-width: 300px) 100vw, 300px\" data-attachment-id=\"18414\" data-permalink=\"http:\/\/www.grieta.org.mx\/index.php\/2016\/07\/31\/dia-8-comparte-por-la-humanidad-cideci\/mg_91581-800x400\/\" data-orig-file=\"http:\/\/www.grieta.org.mx\/wp-content\/uploads\/2016\/08\/MG_91581-800x400.jpg\" data-orig-size=\"800,400\" data-comments-opened=\"0\" data-image-meta=\"{&quot;aperture&quot;:&quot;0&quot;,&quot;credit&quot;:&quot;&quot;,&quot;camera&quot;:&quot;&quot;,&quot;caption&quot;:&quot;&quot;,&quot;created_timestamp&quot;:&quot;0&quot;,&quot;copyright&quot;:&quot;&quot;,&quot;focal_length&quot;:&quot;0&quot;,&quot;iso&quot;:&quot;0&quot;,&quot;shutter_speed&quot;:&quot;0&quot;,&quot;title&quot;:&quot;&quot;,&quot;orientation&quot;:&quot;0&quot;}\" data-image-title=\"MG_91581-800&amp;#215;400\" data-image-description=\"\" data-image-caption=\"\" data-medium-file=\"http:\/\/www.grieta.org.mx\/wp-content\/uploads\/2016\/08\/MG_91581-800x400-300x150.jpg\" data-large-file=\"http:\/\/www.grieta.org.mx\/wp-content\/uploads\/2016\/08\/MG_91581-800x400.jpg\" \/><\/a>\n\t\t\t<\/div><\/figure><figure class='gallery-item'>\n\t\t\t<div class='gallery-icon landscape'>\n\t\t\t\t<a href='http:\/\/www.grieta.org.mx\/index.php\/2016\/07\/31\/dia-8-comparte-por-la-humanidad-cideci\/mg_91621-800x400\/'><img loading=\"lazy\" decoding=\"async\" width=\"300\" height=\"150\" src=\"http:\/\/www.grieta.org.mx\/wp-content\/uploads\/2016\/08\/MG_91621-800x400-300x150.jpg\" class=\"attachment-medium size-medium\" alt=\"\" srcset=\"http:\/\/www.grieta.org.mx\/wp-content\/uploads\/2016\/08\/MG_91621-800x400-300x150.jpg 300w, http:\/\/www.grieta.org.mx\/wp-content\/uploads\/2016\/08\/MG_91621-800x400-768x384.jpg 768w, http:\/\/www.grieta.org.mx\/wp-content\/uploads\/2016\/08\/MG_91621-800x400.jpg 800w\" sizes=\"auto, (max-width: 300px) 100vw, 300px\" data-attachment-id=\"18415\" data-permalink=\"http:\/\/www.grieta.org.mx\/index.php\/2016\/07\/31\/dia-8-comparte-por-la-humanidad-cideci\/mg_91621-800x400\/\" data-orig-file=\"http:\/\/www.grieta.org.mx\/wp-content\/uploads\/2016\/08\/MG_91621-800x400.jpg\" data-orig-size=\"800,400\" data-comments-opened=\"0\" data-image-meta=\"{&quot;aperture&quot;:&quot;0&quot;,&quot;credit&quot;:&quot;&quot;,&quot;camera&quot;:&quot;&quot;,&quot;caption&quot;:&quot;&quot;,&quot;created_timestamp&quot;:&quot;0&quot;,&quot;copyright&quot;:&quot;&quot;,&quot;focal_length&quot;:&quot;0&quot;,&quot;iso&quot;:&quot;0&quot;,&quot;shutter_speed&quot;:&quot;0&quot;,&quot;title&quot;:&quot;&quot;,&quot;orientation&quot;:&quot;0&quot;}\" data-image-title=\"MG_91621-800&amp;#215;400\" data-image-description=\"\" data-image-caption=\"\" data-medium-file=\"http:\/\/www.grieta.org.mx\/wp-content\/uploads\/2016\/08\/MG_91621-800x400-300x150.jpg\" data-large-file=\"http:\/\/www.grieta.org.mx\/wp-content\/uploads\/2016\/08\/MG_91621-800x400.jpg\" \/><\/a>\n\t\t\t<\/div><\/figure><figure class='gallery-item'>\n\t\t\t<div class='gallery-icon landscape'>\n\t\t\t\t<a href='http:\/\/www.grieta.org.mx\/index.php\/2016\/07\/31\/dia-8-comparte-por-la-humanidad-cideci\/mg_91761-800x400\/'><img loading=\"lazy\" decoding=\"async\" width=\"300\" height=\"150\" src=\"http:\/\/www.grieta.org.mx\/wp-content\/uploads\/2016\/08\/MG_91761-800x400-300x150.jpg\" class=\"attachment-medium size-medium\" alt=\"\" srcset=\"http:\/\/www.grieta.org.mx\/wp-content\/uploads\/2016\/08\/MG_91761-800x400-300x150.jpg 300w, http:\/\/www.grieta.org.mx\/wp-content\/uploads\/2016\/08\/MG_91761-800x400-768x384.jpg 768w, http:\/\/www.grieta.org.mx\/wp-content\/uploads\/2016\/08\/MG_91761-800x400.jpg 800w\" sizes=\"auto, (max-width: 300px) 100vw, 300px\" data-attachment-id=\"18416\" data-permalink=\"http:\/\/www.grieta.org.mx\/index.php\/2016\/07\/31\/dia-8-comparte-por-la-humanidad-cideci\/mg_91761-800x400\/\" data-orig-file=\"http:\/\/www.grieta.org.mx\/wp-content\/uploads\/2016\/08\/MG_91761-800x400.jpg\" data-orig-size=\"800,400\" data-comments-opened=\"0\" data-image-meta=\"{&quot;aperture&quot;:&quot;0&quot;,&quot;credit&quot;:&quot;&quot;,&quot;camera&quot;:&quot;&quot;,&quot;caption&quot;:&quot;&quot;,&quot;created_timestamp&quot;:&quot;0&quot;,&quot;copyright&quot;:&quot;&quot;,&quot;focal_length&quot;:&quot;0&quot;,&quot;iso&quot;:&quot;0&quot;,&quot;shutter_speed&quot;:&quot;0&quot;,&quot;title&quot;:&quot;&quot;,&quot;orientation&quot;:&quot;0&quot;}\" data-image-title=\"MG_91761-800&amp;#215;400\" data-image-description=\"\" data-image-caption=\"\" data-medium-file=\"http:\/\/www.grieta.org.mx\/wp-content\/uploads\/2016\/08\/MG_91761-800x400-300x150.jpg\" data-large-file=\"http:\/\/www.grieta.org.mx\/wp-content\/uploads\/2016\/08\/MG_91761-800x400.jpg\" \/><\/a>\n\t\t\t<\/div><\/figure><figure class='gallery-item'>\n\t\t\t<div class='gallery-icon landscape'>\n\t\t\t\t<a href='http:\/\/www.grieta.org.mx\/index.php\/2016\/07\/31\/dia-8-comparte-por-la-humanidad-cideci\/mg_91791-800x400\/'><img loading=\"lazy\" decoding=\"async\" width=\"300\" height=\"150\" src=\"http:\/\/www.grieta.org.mx\/wp-content\/uploads\/2016\/08\/MG_91791-800x400-300x150.jpg\" class=\"attachment-medium size-medium\" alt=\"\" srcset=\"http:\/\/www.grieta.org.mx\/wp-content\/uploads\/2016\/08\/MG_91791-800x400-300x150.jpg 300w, http:\/\/www.grieta.org.mx\/wp-content\/uploads\/2016\/08\/MG_91791-800x400-768x384.jpg 768w, http:\/\/www.grieta.org.mx\/wp-content\/uploads\/2016\/08\/MG_91791-800x400.jpg 800w\" sizes=\"auto, (max-width: 300px) 100vw, 300px\" data-attachment-id=\"18417\" data-permalink=\"http:\/\/www.grieta.org.mx\/index.php\/2016\/07\/31\/dia-8-comparte-por-la-humanidad-cideci\/mg_91791-800x400\/\" data-orig-file=\"http:\/\/www.grieta.org.mx\/wp-content\/uploads\/2016\/08\/MG_91791-800x400.jpg\" data-orig-size=\"800,400\" data-comments-opened=\"0\" data-image-meta=\"{&quot;aperture&quot;:&quot;0&quot;,&quot;credit&quot;:&quot;&quot;,&quot;camera&quot;:&quot;&quot;,&quot;caption&quot;:&quot;&quot;,&quot;created_timestamp&quot;:&quot;0&quot;,&quot;copyright&quot;:&quot;&quot;,&quot;focal_length&quot;:&quot;0&quot;,&quot;iso&quot;:&quot;0&quot;,&quot;shutter_speed&quot;:&quot;0&quot;,&quot;title&quot;:&quot;&quot;,&quot;orientation&quot;:&quot;0&quot;}\" data-image-title=\"MG_91791-800&amp;#215;400\" data-image-description=\"\" data-image-caption=\"\" data-medium-file=\"http:\/\/www.grieta.org.mx\/wp-content\/uploads\/2016\/08\/MG_91791-800x400-300x150.jpg\" data-large-file=\"http:\/\/www.grieta.org.mx\/wp-content\/uploads\/2016\/08\/MG_91791-800x400.jpg\" \/><\/a>\n\t\t\t<\/div><\/figure><figure class='gallery-item'>\n\t\t\t<div class='gallery-icon landscape'>\n\t\t\t\t<a href='http:\/\/www.grieta.org.mx\/index.php\/2016\/07\/31\/dia-8-comparte-por-la-humanidad-cideci\/mg_91841-800x400\/'><img loading=\"lazy\" decoding=\"async\" width=\"300\" height=\"150\" src=\"http:\/\/www.grieta.org.mx\/wp-content\/uploads\/2016\/08\/MG_91841-800x400-300x150.jpg\" class=\"attachment-medium size-medium\" alt=\"\" srcset=\"http:\/\/www.grieta.org.mx\/wp-content\/uploads\/2016\/08\/MG_91841-800x400-300x150.jpg 300w, http:\/\/www.grieta.org.mx\/wp-content\/uploads\/2016\/08\/MG_91841-800x400-768x384.jpg 768w, http:\/\/www.grieta.org.mx\/wp-content\/uploads\/2016\/08\/MG_91841-800x400.jpg 800w\" sizes=\"auto, (max-width: 300px) 100vw, 300px\" data-attachment-id=\"18418\" data-permalink=\"http:\/\/www.grieta.org.mx\/index.php\/2016\/07\/31\/dia-8-comparte-por-la-humanidad-cideci\/mg_91841-800x400\/\" data-orig-file=\"http:\/\/www.grieta.org.mx\/wp-content\/uploads\/2016\/08\/MG_91841-800x400.jpg\" data-orig-size=\"800,400\" data-comments-opened=\"0\" data-image-meta=\"{&quot;aperture&quot;:&quot;0&quot;,&quot;credit&quot;:&quot;&quot;,&quot;camera&quot;:&quot;&quot;,&quot;caption&quot;:&quot;&quot;,&quot;created_timestamp&quot;:&quot;0&quot;,&quot;copyright&quot;:&quot;&quot;,&quot;focal_length&quot;:&quot;0&quot;,&quot;iso&quot;:&quot;0&quot;,&quot;shutter_speed&quot;:&quot;0&quot;,&quot;title&quot;:&quot;&quot;,&quot;orientation&quot;:&quot;0&quot;}\" data-image-title=\"MG_91841-800&amp;#215;400\" data-image-description=\"\" data-image-caption=\"\" data-medium-file=\"http:\/\/www.grieta.org.mx\/wp-content\/uploads\/2016\/08\/MG_91841-800x400-300x150.jpg\" data-large-file=\"http:\/\/www.grieta.org.mx\/wp-content\/uploads\/2016\/08\/MG_91841-800x400.jpg\" \/><\/a>\n\t\t\t<\/div><\/figure><figure class='gallery-item'>\n\t\t\t<div class='gallery-icon landscape'>\n\t\t\t\t<a href='http:\/\/www.grieta.org.mx\/index.php\/2016\/07\/31\/dia-8-comparte-por-la-humanidad-cideci\/mg_9103-800x400\/'><img loading=\"lazy\" decoding=\"async\" width=\"300\" height=\"150\" src=\"http:\/\/www.grieta.org.mx\/wp-content\/uploads\/2016\/08\/MG_9103-800x400-300x150.jpg\" class=\"attachment-medium size-medium\" alt=\"\" srcset=\"http:\/\/www.grieta.org.mx\/wp-content\/uploads\/2016\/08\/MG_9103-800x400-300x150.jpg 300w, http:\/\/www.grieta.org.mx\/wp-content\/uploads\/2016\/08\/MG_9103-800x400-768x384.jpg 768w, http:\/\/www.grieta.org.mx\/wp-content\/uploads\/2016\/08\/MG_9103-800x400.jpg 800w\" sizes=\"auto, (max-width: 300px) 100vw, 300px\" data-attachment-id=\"18403\" data-permalink=\"http:\/\/www.grieta.org.mx\/index.php\/2016\/07\/31\/dia-8-comparte-por-la-humanidad-cideci\/mg_9103-800x400\/\" data-orig-file=\"http:\/\/www.grieta.org.mx\/wp-content\/uploads\/2016\/08\/MG_9103-800x400.jpg\" data-orig-size=\"800,400\" data-comments-opened=\"0\" data-image-meta=\"{&quot;aperture&quot;:&quot;0&quot;,&quot;credit&quot;:&quot;&quot;,&quot;camera&quot;:&quot;&quot;,&quot;caption&quot;:&quot;&quot;,&quot;created_timestamp&quot;:&quot;0&quot;,&quot;copyright&quot;:&quot;&quot;,&quot;focal_length&quot;:&quot;0&quot;,&quot;iso&quot;:&quot;0&quot;,&quot;shutter_speed&quot;:&quot;0&quot;,&quot;title&quot;:&quot;&quot;,&quot;orientation&quot;:&quot;0&quot;}\" data-image-title=\"MG_9103-800&amp;#215;400\" data-image-description=\"\" data-image-caption=\"\" data-medium-file=\"http:\/\/www.grieta.org.mx\/wp-content\/uploads\/2016\/08\/MG_9103-800x400-300x150.jpg\" data-large-file=\"http:\/\/www.grieta.org.mx\/wp-content\/uploads\/2016\/08\/MG_9103-800x400.jpg\" \/><\/a>\n\t\t\t<\/div><\/figure><figure class='gallery-item'>\n\t\t\t<div class='gallery-icon landscape'>\n\t\t\t\t<a href='http:\/\/www.grieta.org.mx\/index.php\/2016\/07\/31\/dia-8-comparte-por-la-humanidad-cideci\/mg_91871-800x400\/'><img loading=\"lazy\" decoding=\"async\" width=\"300\" height=\"150\" src=\"http:\/\/www.grieta.org.mx\/wp-content\/uploads\/2016\/08\/MG_91871-800x400-300x150.jpg\" class=\"attachment-medium size-medium\" alt=\"\" srcset=\"http:\/\/www.grieta.org.mx\/wp-content\/uploads\/2016\/08\/MG_91871-800x400-300x150.jpg 300w, http:\/\/www.grieta.org.mx\/wp-content\/uploads\/2016\/08\/MG_91871-800x400-768x384.jpg 768w, http:\/\/www.grieta.org.mx\/wp-content\/uploads\/2016\/08\/MG_91871-800x400.jpg 800w\" sizes=\"auto, (max-width: 300px) 100vw, 300px\" data-attachment-id=\"18419\" data-permalink=\"http:\/\/www.grieta.org.mx\/index.php\/2016\/07\/31\/dia-8-comparte-por-la-humanidad-cideci\/mg_91871-800x400\/\" data-orig-file=\"http:\/\/www.grieta.org.mx\/wp-content\/uploads\/2016\/08\/MG_91871-800x400.jpg\" data-orig-size=\"800,400\" data-comments-opened=\"0\" data-image-meta=\"{&quot;aperture&quot;:&quot;0&quot;,&quot;credit&quot;:&quot;&quot;,&quot;camera&quot;:&quot;&quot;,&quot;caption&quot;:&quot;&quot;,&quot;created_timestamp&quot;:&quot;0&quot;,&quot;copyright&quot;:&quot;&quot;,&quot;focal_length&quot;:&quot;0&quot;,&quot;iso&quot;:&quot;0&quot;,&quot;shutter_speed&quot;:&quot;0&quot;,&quot;title&quot;:&quot;&quot;,&quot;orientation&quot;:&quot;0&quot;}\" data-image-title=\"MG_91871-800&amp;#215;400\" data-image-description=\"\" data-image-caption=\"\" data-medium-file=\"http:\/\/www.grieta.org.mx\/wp-content\/uploads\/2016\/08\/MG_91871-800x400-300x150.jpg\" data-large-file=\"http:\/\/www.grieta.org.mx\/wp-content\/uploads\/2016\/08\/MG_91871-800x400.jpg\" \/><\/a>\n\t\t\t<\/div><\/figure><figure class='gallery-item'>\n\t\t\t<div class='gallery-icon landscape'>\n\t\t\t\t<a href='http:\/\/www.grieta.org.mx\/index.php\/2016\/07\/31\/dia-8-comparte-por-la-humanidad-cideci\/mg_92061-800x400\/'><img loading=\"lazy\" decoding=\"async\" width=\"300\" height=\"150\" src=\"http:\/\/www.grieta.org.mx\/wp-content\/uploads\/2016\/08\/MG_92061-800x400-300x150.jpg\" class=\"attachment-medium size-medium\" alt=\"\" srcset=\"http:\/\/www.grieta.org.mx\/wp-content\/uploads\/2016\/08\/MG_92061-800x400-300x150.jpg 300w, http:\/\/www.grieta.org.mx\/wp-content\/uploads\/2016\/08\/MG_92061-800x400-768x384.jpg 768w, http:\/\/www.grieta.org.mx\/wp-content\/uploads\/2016\/08\/MG_92061-800x400.jpg 800w\" sizes=\"auto, (max-width: 300px) 100vw, 300px\" data-attachment-id=\"18420\" data-permalink=\"http:\/\/www.grieta.org.mx\/index.php\/2016\/07\/31\/dia-8-comparte-por-la-humanidad-cideci\/mg_92061-800x400\/\" data-orig-file=\"http:\/\/www.grieta.org.mx\/wp-content\/uploads\/2016\/08\/MG_92061-800x400.jpg\" data-orig-size=\"800,400\" data-comments-opened=\"0\" data-image-meta=\"{&quot;aperture&quot;:&quot;0&quot;,&quot;credit&quot;:&quot;&quot;,&quot;camera&quot;:&quot;&quot;,&quot;caption&quot;:&quot;&quot;,&quot;created_timestamp&quot;:&quot;0&quot;,&quot;copyright&quot;:&quot;&quot;,&quot;focal_length&quot;:&quot;0&quot;,&quot;iso&quot;:&quot;0&quot;,&quot;shutter_speed&quot;:&quot;0&quot;,&quot;title&quot;:&quot;&quot;,&quot;orientation&quot;:&quot;0&quot;}\" data-image-title=\"MG_92061-800&amp;#215;400\" data-image-description=\"\" data-image-caption=\"\" data-medium-file=\"http:\/\/www.grieta.org.mx\/wp-content\/uploads\/2016\/08\/MG_92061-800x400-300x150.jpg\" data-large-file=\"http:\/\/www.grieta.org.mx\/wp-content\/uploads\/2016\/08\/MG_92061-800x400.jpg\" \/><\/a>\n\t\t\t<\/div><\/figure><figure class='gallery-item'>\n\t\t\t<div class='gallery-icon landscape'>\n\t\t\t\t<a href='http:\/\/www.grieta.org.mx\/index.php\/2016\/07\/31\/dia-8-comparte-por-la-humanidad-cideci\/mg_92111-800x400\/'><img loading=\"lazy\" decoding=\"async\" width=\"300\" height=\"150\" src=\"http:\/\/www.grieta.org.mx\/wp-content\/uploads\/2016\/08\/MG_92111-800x400-300x150.jpg\" class=\"attachment-medium size-medium\" alt=\"\" srcset=\"http:\/\/www.grieta.org.mx\/wp-content\/uploads\/2016\/08\/MG_92111-800x400-300x150.jpg 300w, http:\/\/www.grieta.org.mx\/wp-content\/uploads\/2016\/08\/MG_92111-800x400-768x384.jpg 768w, http:\/\/www.grieta.org.mx\/wp-content\/uploads\/2016\/08\/MG_92111-800x400.jpg 800w\" sizes=\"auto, (max-width: 300px) 100vw, 300px\" data-attachment-id=\"18421\" data-permalink=\"http:\/\/www.grieta.org.mx\/index.php\/2016\/07\/31\/dia-8-comparte-por-la-humanidad-cideci\/mg_92111-800x400\/\" data-orig-file=\"http:\/\/www.grieta.org.mx\/wp-content\/uploads\/2016\/08\/MG_92111-800x400.jpg\" data-orig-size=\"800,400\" data-comments-opened=\"0\" data-image-meta=\"{&quot;aperture&quot;:&quot;0&quot;,&quot;credit&quot;:&quot;&quot;,&quot;camera&quot;:&quot;&quot;,&quot;caption&quot;:&quot;&quot;,&quot;created_timestamp&quot;:&quot;0&quot;,&quot;copyright&quot;:&quot;&quot;,&quot;focal_length&quot;:&quot;0&quot;,&quot;iso&quot;:&quot;0&quot;,&quot;shutter_speed&quot;:&quot;0&quot;,&quot;title&quot;:&quot;&quot;,&quot;orientation&quot;:&quot;0&quot;}\" data-image-title=\"MG_92111-800&amp;#215;400\" data-image-description=\"\" data-image-caption=\"\" data-medium-file=\"http:\/\/www.grieta.org.mx\/wp-content\/uploads\/2016\/08\/MG_92111-800x400-300x150.jpg\" data-large-file=\"http:\/\/www.grieta.org.mx\/wp-content\/uploads\/2016\/08\/MG_92111-800x400.jpg\" \/><\/a>\n\t\t\t<\/div><\/figure><figure class='gallery-item'>\n\t\t\t<div class='gallery-icon landscape'>\n\t\t\t\t<a href='http:\/\/www.grieta.org.mx\/index.php\/2016\/07\/31\/dia-8-comparte-por-la-humanidad-cideci\/mg_92151-800x400\/'><img loading=\"lazy\" decoding=\"async\" width=\"300\" height=\"150\" src=\"http:\/\/www.grieta.org.mx\/wp-content\/uploads\/2016\/08\/MG_92151-800x400-300x150.jpg\" class=\"attachment-medium size-medium\" alt=\"\" srcset=\"http:\/\/www.grieta.org.mx\/wp-content\/uploads\/2016\/08\/MG_92151-800x400-300x150.jpg 300w, http:\/\/www.grieta.org.mx\/wp-content\/uploads\/2016\/08\/MG_92151-800x400-768x384.jpg 768w, http:\/\/www.grieta.org.mx\/wp-content\/uploads\/2016\/08\/MG_92151-800x400.jpg 800w\" sizes=\"auto, (max-width: 300px) 100vw, 300px\" data-attachment-id=\"18422\" data-permalink=\"http:\/\/www.grieta.org.mx\/index.php\/2016\/07\/31\/dia-8-comparte-por-la-humanidad-cideci\/mg_92151-800x400\/\" data-orig-file=\"http:\/\/www.grieta.org.mx\/wp-content\/uploads\/2016\/08\/MG_92151-800x400.jpg\" data-orig-size=\"800,400\" data-comments-opened=\"0\" data-image-meta=\"{&quot;aperture&quot;:&quot;0&quot;,&quot;credit&quot;:&quot;&quot;,&quot;camera&quot;:&quot;&quot;,&quot;caption&quot;:&quot;&quot;,&quot;created_timestamp&quot;:&quot;0&quot;,&quot;copyright&quot;:&quot;&quot;,&quot;focal_length&quot;:&quot;0&quot;,&quot;iso&quot;:&quot;0&quot;,&quot;shutter_speed&quot;:&quot;0&quot;,&quot;title&quot;:&quot;&quot;,&quot;orientation&quot;:&quot;0&quot;}\" data-image-title=\"MG_92151-800&amp;#215;400\" data-image-description=\"\" data-image-caption=\"\" data-medium-file=\"http:\/\/www.grieta.org.mx\/wp-content\/uploads\/2016\/08\/MG_92151-800x400-300x150.jpg\" data-large-file=\"http:\/\/www.grieta.org.mx\/wp-content\/uploads\/2016\/08\/MG_92151-800x400.jpg\" \/><\/a>\n\t\t\t<\/div><\/figure><figure class='gallery-item'>\n\t\t\t<div class='gallery-icon landscape'>\n\t\t\t\t<a href='http:\/\/www.grieta.org.mx\/index.php\/2016\/07\/31\/dia-8-comparte-por-la-humanidad-cideci\/mg_92171-800x400\/'><img loading=\"lazy\" decoding=\"async\" width=\"300\" height=\"150\" src=\"http:\/\/www.grieta.org.mx\/wp-content\/uploads\/2016\/08\/MG_92171-800x400-300x150.jpg\" class=\"attachment-medium size-medium\" alt=\"\" srcset=\"http:\/\/www.grieta.org.mx\/wp-content\/uploads\/2016\/08\/MG_92171-800x400-300x150.jpg 300w, http:\/\/www.grieta.org.mx\/wp-content\/uploads\/2016\/08\/MG_92171-800x400-768x384.jpg 768w, http:\/\/www.grieta.org.mx\/wp-content\/uploads\/2016\/08\/MG_92171-800x400.jpg 800w\" sizes=\"auto, (max-width: 300px) 100vw, 300px\" data-attachment-id=\"18423\" data-permalink=\"http:\/\/www.grieta.org.mx\/index.php\/2016\/07\/31\/dia-8-comparte-por-la-humanidad-cideci\/mg_92171-800x400\/\" data-orig-file=\"http:\/\/www.grieta.org.mx\/wp-content\/uploads\/2016\/08\/MG_92171-800x400.jpg\" data-orig-size=\"800,400\" data-comments-opened=\"0\" data-image-meta=\"{&quot;aperture&quot;:&quot;0&quot;,&quot;credit&quot;:&quot;&quot;,&quot;camera&quot;:&quot;&quot;,&quot;caption&quot;:&quot;&quot;,&quot;created_timestamp&quot;:&quot;0&quot;,&quot;copyright&quot;:&quot;&quot;,&quot;focal_length&quot;:&quot;0&quot;,&quot;iso&quot;:&quot;0&quot;,&quot;shutter_speed&quot;:&quot;0&quot;,&quot;title&quot;:&quot;&quot;,&quot;orientation&quot;:&quot;0&quot;}\" data-image-title=\"MG_92171-800&amp;#215;400\" data-image-description=\"\" data-image-caption=\"\" data-medium-file=\"http:\/\/www.grieta.org.mx\/wp-content\/uploads\/2016\/08\/MG_92171-800x400-300x150.jpg\" data-large-file=\"http:\/\/www.grieta.org.mx\/wp-content\/uploads\/2016\/08\/MG_92171-800x400.jpg\" \/><\/a>\n\t\t\t<\/div><\/figure><figure class='gallery-item'>\n\t\t\t<div class='gallery-icon landscape'>\n\t\t\t\t<a href='http:\/\/www.grieta.org.mx\/index.php\/2016\/07\/31\/dia-8-comparte-por-la-humanidad-cideci\/mg_92231-800x400\/'><img loading=\"lazy\" decoding=\"async\" width=\"300\" height=\"150\" src=\"http:\/\/www.grieta.org.mx\/wp-content\/uploads\/2016\/08\/MG_92231-800x400-300x150.jpg\" class=\"attachment-medium size-medium\" alt=\"\" srcset=\"http:\/\/www.grieta.org.mx\/wp-content\/uploads\/2016\/08\/MG_92231-800x400-300x150.jpg 300w, http:\/\/www.grieta.org.mx\/wp-content\/uploads\/2016\/08\/MG_92231-800x400-768x384.jpg 768w, http:\/\/www.grieta.org.mx\/wp-content\/uploads\/2016\/08\/MG_92231-800x400.jpg 800w\" sizes=\"auto, (max-width: 300px) 100vw, 300px\" data-attachment-id=\"18424\" data-permalink=\"http:\/\/www.grieta.org.mx\/index.php\/2016\/07\/31\/dia-8-comparte-por-la-humanidad-cideci\/mg_92231-800x400\/\" data-orig-file=\"http:\/\/www.grieta.org.mx\/wp-content\/uploads\/2016\/08\/MG_92231-800x400.jpg\" data-orig-size=\"800,400\" data-comments-opened=\"0\" data-image-meta=\"{&quot;aperture&quot;:&quot;0&quot;,&quot;credit&quot;:&quot;&quot;,&quot;camera&quot;:&quot;&quot;,&quot;caption&quot;:&quot;&quot;,&quot;created_timestamp&quot;:&quot;0&quot;,&quot;copyright&quot;:&quot;&quot;,&quot;focal_length&quot;:&quot;0&quot;,&quot;iso&quot;:&quot;0&quot;,&quot;shutter_speed&quot;:&quot;0&quot;,&quot;title&quot;:&quot;&quot;,&quot;orientation&quot;:&quot;0&quot;}\" data-image-title=\"MG_92231-800&amp;#215;400\" data-image-description=\"\" data-image-caption=\"\" data-medium-file=\"http:\/\/www.grieta.org.mx\/wp-content\/uploads\/2016\/08\/MG_92231-800x400-300x150.jpg\" data-large-file=\"http:\/\/www.grieta.org.mx\/wp-content\/uploads\/2016\/08\/MG_92231-800x400.jpg\" \/><\/a>\n\t\t\t<\/div><\/figure><figure class='gallery-item'>\n\t\t\t<div class='gallery-icon landscape'>\n\t\t\t\t<a href='http:\/\/www.grieta.org.mx\/index.php\/2016\/07\/31\/dia-8-comparte-por-la-humanidad-cideci\/mg_92251-800x400\/'><img loading=\"lazy\" decoding=\"async\" width=\"300\" height=\"150\" src=\"http:\/\/www.grieta.org.mx\/wp-content\/uploads\/2016\/08\/MG_92251-800x400-300x150.jpg\" class=\"attachment-medium size-medium\" alt=\"\" srcset=\"http:\/\/www.grieta.org.mx\/wp-content\/uploads\/2016\/08\/MG_92251-800x400-300x150.jpg 300w, http:\/\/www.grieta.org.mx\/wp-content\/uploads\/2016\/08\/MG_92251-800x400-768x384.jpg 768w, http:\/\/www.grieta.org.mx\/wp-content\/uploads\/2016\/08\/MG_92251-800x400.jpg 800w\" sizes=\"auto, (max-width: 300px) 100vw, 300px\" data-attachment-id=\"18425\" data-permalink=\"http:\/\/www.grieta.org.mx\/index.php\/2016\/07\/31\/dia-8-comparte-por-la-humanidad-cideci\/mg_92251-800x400\/\" data-orig-file=\"http:\/\/www.grieta.org.mx\/wp-content\/uploads\/2016\/08\/MG_92251-800x400.jpg\" data-orig-size=\"800,400\" data-comments-opened=\"0\" data-image-meta=\"{&quot;aperture&quot;:&quot;0&quot;,&quot;credit&quot;:&quot;&quot;,&quot;camera&quot;:&quot;&quot;,&quot;caption&quot;:&quot;&quot;,&quot;created_timestamp&quot;:&quot;0&quot;,&quot;copyright&quot;:&quot;&quot;,&quot;focal_length&quot;:&quot;0&quot;,&quot;iso&quot;:&quot;0&quot;,&quot;shutter_speed&quot;:&quot;0&quot;,&quot;title&quot;:&quot;&quot;,&quot;orientation&quot;:&quot;0&quot;}\" data-image-title=\"MG_92251-800&amp;#215;400\" data-image-description=\"\" data-image-caption=\"\" data-medium-file=\"http:\/\/www.grieta.org.mx\/wp-content\/uploads\/2016\/08\/MG_92251-800x400-300x150.jpg\" data-large-file=\"http:\/\/www.grieta.org.mx\/wp-content\/uploads\/2016\/08\/MG_92251-800x400.jpg\" \/><\/a>\n\t\t\t<\/div><\/figure><figure class='gallery-item'>\n\t\t\t<div class='gallery-icon landscape'>\n\t\t\t\t<a href='http:\/\/www.grieta.org.mx\/index.php\/2016\/07\/31\/dia-8-comparte-por-la-humanidad-cideci\/mg_92321-800x400\/'><img loading=\"lazy\" decoding=\"async\" width=\"300\" height=\"150\" src=\"http:\/\/www.grieta.org.mx\/wp-content\/uploads\/2016\/08\/MG_92321-800x400-300x150.jpg\" class=\"attachment-medium size-medium\" alt=\"\" srcset=\"http:\/\/www.grieta.org.mx\/wp-content\/uploads\/2016\/08\/MG_92321-800x400-300x150.jpg 300w, http:\/\/www.grieta.org.mx\/wp-content\/uploads\/2016\/08\/MG_92321-800x400-768x384.jpg 768w, http:\/\/www.grieta.org.mx\/wp-content\/uploads\/2016\/08\/MG_92321-800x400.jpg 800w\" sizes=\"auto, (max-width: 300px) 100vw, 300px\" data-attachment-id=\"18426\" data-permalink=\"http:\/\/www.grieta.org.mx\/index.php\/2016\/07\/31\/dia-8-comparte-por-la-humanidad-cideci\/mg_92321-800x400\/\" data-orig-file=\"http:\/\/www.grieta.org.mx\/wp-content\/uploads\/2016\/08\/MG_92321-800x400.jpg\" data-orig-size=\"800,400\" data-comments-opened=\"0\" data-image-meta=\"{&quot;aperture&quot;:&quot;0&quot;,&quot;credit&quot;:&quot;&quot;,&quot;camera&quot;:&quot;&quot;,&quot;caption&quot;:&quot;&quot;,&quot;created_timestamp&quot;:&quot;0&quot;,&quot;copyright&quot;:&quot;&quot;,&quot;focal_length&quot;:&quot;0&quot;,&quot;iso&quot;:&quot;0&quot;,&quot;shutter_speed&quot;:&quot;0&quot;,&quot;title&quot;:&quot;&quot;,&quot;orientation&quot;:&quot;0&quot;}\" data-image-title=\"MG_92321-800&amp;#215;400\" data-image-description=\"\" data-image-caption=\"\" data-medium-file=\"http:\/\/www.grieta.org.mx\/wp-content\/uploads\/2016\/08\/MG_92321-800x400-300x150.jpg\" data-large-file=\"http:\/\/www.grieta.org.mx\/wp-content\/uploads\/2016\/08\/MG_92321-800x400.jpg\" \/><\/a>\n\t\t\t<\/div><\/figure><figure class='gallery-item'>\n\t\t\t<div class='gallery-icon landscape'>\n\t\t\t\t<a href='http:\/\/www.grieta.org.mx\/index.php\/2016\/07\/31\/dia-8-comparte-por-la-humanidad-cideci\/mg_92361-800x400\/'><img loading=\"lazy\" decoding=\"async\" width=\"300\" height=\"150\" src=\"http:\/\/www.grieta.org.mx\/wp-content\/uploads\/2016\/08\/MG_92361-800x400-300x150.jpg\" class=\"attachment-medium size-medium\" alt=\"\" srcset=\"http:\/\/www.grieta.org.mx\/wp-content\/uploads\/2016\/08\/MG_92361-800x400-300x150.jpg 300w, http:\/\/www.grieta.org.mx\/wp-content\/uploads\/2016\/08\/MG_92361-800x400-768x384.jpg 768w, http:\/\/www.grieta.org.mx\/wp-content\/uploads\/2016\/08\/MG_92361-800x400.jpg 800w\" sizes=\"auto, (max-width: 300px) 100vw, 300px\" data-attachment-id=\"18427\" data-permalink=\"http:\/\/www.grieta.org.mx\/index.php\/2016\/07\/31\/dia-8-comparte-por-la-humanidad-cideci\/mg_92361-800x400\/\" data-orig-file=\"http:\/\/www.grieta.org.mx\/wp-content\/uploads\/2016\/08\/MG_92361-800x400.jpg\" data-orig-size=\"800,400\" data-comments-opened=\"0\" data-image-meta=\"{&quot;aperture&quot;:&quot;0&quot;,&quot;credit&quot;:&quot;&quot;,&quot;camera&quot;:&quot;&quot;,&quot;caption&quot;:&quot;&quot;,&quot;created_timestamp&quot;:&quot;0&quot;,&quot;copyright&quot;:&quot;&quot;,&quot;focal_length&quot;:&quot;0&quot;,&quot;iso&quot;:&quot;0&quot;,&quot;shutter_speed&quot;:&quot;0&quot;,&quot;title&quot;:&quot;&quot;,&quot;orientation&quot;:&quot;0&quot;}\" data-image-title=\"MG_92361-800&amp;#215;400\" data-image-description=\"\" data-image-caption=\"\" data-medium-file=\"http:\/\/www.grieta.org.mx\/wp-content\/uploads\/2016\/08\/MG_92361-800x400-300x150.jpg\" data-large-file=\"http:\/\/www.grieta.org.mx\/wp-content\/uploads\/2016\/08\/MG_92361-800x400.jpg\" \/><\/a>\n\t\t\t<\/div><\/figure><figure class='gallery-item'>\n\t\t\t<div class='gallery-icon landscape'>\n\t\t\t\t<a href='http:\/\/www.grieta.org.mx\/index.php\/2016\/07\/31\/dia-8-comparte-por-la-humanidad-cideci\/mg_92411-800x400\/'><img loading=\"lazy\" decoding=\"async\" width=\"300\" height=\"150\" src=\"http:\/\/www.grieta.org.mx\/wp-content\/uploads\/2016\/08\/MG_92411-800x400-300x150.jpg\" class=\"attachment-medium size-medium\" alt=\"\" srcset=\"http:\/\/www.grieta.org.mx\/wp-content\/uploads\/2016\/08\/MG_92411-800x400-300x150.jpg 300w, http:\/\/www.grieta.org.mx\/wp-content\/uploads\/2016\/08\/MG_92411-800x400-768x384.jpg 768w, http:\/\/www.grieta.org.mx\/wp-content\/uploads\/2016\/08\/MG_92411-800x400.jpg 800w\" sizes=\"auto, (max-width: 300px) 100vw, 300px\" data-attachment-id=\"18428\" data-permalink=\"http:\/\/www.grieta.org.mx\/index.php\/2016\/07\/31\/dia-8-comparte-por-la-humanidad-cideci\/mg_92411-800x400\/\" data-orig-file=\"http:\/\/www.grieta.org.mx\/wp-content\/uploads\/2016\/08\/MG_92411-800x400.jpg\" data-orig-size=\"800,400\" data-comments-opened=\"0\" data-image-meta=\"{&quot;aperture&quot;:&quot;0&quot;,&quot;credit&quot;:&quot;&quot;,&quot;camera&quot;:&quot;&quot;,&quot;caption&quot;:&quot;&quot;,&quot;created_timestamp&quot;:&quot;0&quot;,&quot;copyright&quot;:&quot;&quot;,&quot;focal_length&quot;:&quot;0&quot;,&quot;iso&quot;:&quot;0&quot;,&quot;shutter_speed&quot;:&quot;0&quot;,&quot;title&quot;:&quot;&quot;,&quot;orientation&quot;:&quot;0&quot;}\" data-image-title=\"MG_92411-800&amp;#215;400\" data-image-description=\"\" data-image-caption=\"\" data-medium-file=\"http:\/\/www.grieta.org.mx\/wp-content\/uploads\/2016\/08\/MG_92411-800x400-300x150.jpg\" data-large-file=\"http:\/\/www.grieta.org.mx\/wp-content\/uploads\/2016\/08\/MG_92411-800x400.jpg\" \/><\/a>\n\t\t\t<\/div><\/figure><figure class='gallery-item'>\n\t\t\t<div class='gallery-icon landscape'>\n\t\t\t\t<a href='http:\/\/www.grieta.org.mx\/index.php\/2016\/07\/31\/dia-8-comparte-por-la-humanidad-cideci\/mg_92491-800x400\/'><img loading=\"lazy\" decoding=\"async\" width=\"300\" height=\"150\" src=\"http:\/\/www.grieta.org.mx\/wp-content\/uploads\/2016\/08\/MG_92491-800x400-300x150.jpg\" class=\"attachment-medium size-medium\" alt=\"\" srcset=\"http:\/\/www.grieta.org.mx\/wp-content\/uploads\/2016\/08\/MG_92491-800x400-300x150.jpg 300w, http:\/\/www.grieta.org.mx\/wp-content\/uploads\/2016\/08\/MG_92491-800x400-768x384.jpg 768w, http:\/\/www.grieta.org.mx\/wp-content\/uploads\/2016\/08\/MG_92491-800x400.jpg 800w\" sizes=\"auto, (max-width: 300px) 100vw, 300px\" data-attachment-id=\"18429\" data-permalink=\"http:\/\/www.grieta.org.mx\/index.php\/2016\/07\/31\/dia-8-comparte-por-la-humanidad-cideci\/mg_92491-800x400\/\" data-orig-file=\"http:\/\/www.grieta.org.mx\/wp-content\/uploads\/2016\/08\/MG_92491-800x400.jpg\" data-orig-size=\"800,400\" data-comments-opened=\"0\" data-image-meta=\"{&quot;aperture&quot;:&quot;0&quot;,&quot;credit&quot;:&quot;&quot;,&quot;camera&quot;:&quot;&quot;,&quot;caption&quot;:&quot;&quot;,&quot;created_timestamp&quot;:&quot;0&quot;,&quot;copyright&quot;:&quot;&quot;,&quot;focal_length&quot;:&quot;0&quot;,&quot;iso&quot;:&quot;0&quot;,&quot;shutter_speed&quot;:&quot;0&quot;,&quot;title&quot;:&quot;&quot;,&quot;orientation&quot;:&quot;0&quot;}\" data-image-title=\"MG_92491-800&amp;#215;400\" data-image-description=\"\" data-image-caption=\"\" data-medium-file=\"http:\/\/www.grieta.org.mx\/wp-content\/uploads\/2016\/08\/MG_92491-800x400-300x150.jpg\" data-large-file=\"http:\/\/www.grieta.org.mx\/wp-content\/uploads\/2016\/08\/MG_92491-800x400.jpg\" \/><\/a>\n\t\t\t<\/div><\/figure><figure class='gallery-item'>\n\t\t\t<div class='gallery-icon landscape'>\n\t\t\t\t<a href='http:\/\/www.grieta.org.mx\/index.php\/2016\/07\/31\/dia-8-comparte-por-la-humanidad-cideci\/mg_92951-800x400\/'><img loading=\"lazy\" decoding=\"async\" width=\"300\" height=\"150\" src=\"http:\/\/www.grieta.org.mx\/wp-content\/uploads\/2016\/08\/MG_92951-800x400-300x150.jpg\" class=\"attachment-medium size-medium\" alt=\"\" srcset=\"http:\/\/www.grieta.org.mx\/wp-content\/uploads\/2016\/08\/MG_92951-800x400-300x150.jpg 300w, http:\/\/www.grieta.org.mx\/wp-content\/uploads\/2016\/08\/MG_92951-800x400-768x384.jpg 768w, http:\/\/www.grieta.org.mx\/wp-content\/uploads\/2016\/08\/MG_92951-800x400.jpg 800w\" sizes=\"auto, (max-width: 300px) 100vw, 300px\" data-attachment-id=\"18430\" data-permalink=\"http:\/\/www.grieta.org.mx\/index.php\/2016\/07\/31\/dia-8-comparte-por-la-humanidad-cideci\/mg_92951-800x400\/\" data-orig-file=\"http:\/\/www.grieta.org.mx\/wp-content\/uploads\/2016\/08\/MG_92951-800x400.jpg\" data-orig-size=\"800,400\" data-comments-opened=\"0\" data-image-meta=\"{&quot;aperture&quot;:&quot;0&quot;,&quot;credit&quot;:&quot;&quot;,&quot;camera&quot;:&quot;&quot;,&quot;caption&quot;:&quot;&quot;,&quot;created_timestamp&quot;:&quot;0&quot;,&quot;copyright&quot;:&quot;&quot;,&quot;focal_length&quot;:&quot;0&quot;,&quot;iso&quot;:&quot;0&quot;,&quot;shutter_speed&quot;:&quot;0&quot;,&quot;title&quot;:&quot;&quot;,&quot;orientation&quot;:&quot;0&quot;}\" data-image-title=\"MG_92951-800&amp;#215;400\" data-image-description=\"\" data-image-caption=\"\" data-medium-file=\"http:\/\/www.grieta.org.mx\/wp-content\/uploads\/2016\/08\/MG_92951-800x400-300x150.jpg\" data-large-file=\"http:\/\/www.grieta.org.mx\/wp-content\/uploads\/2016\/08\/MG_92951-800x400.jpg\" \/><\/a>\n\t\t\t<\/div><\/figure><figure class='gallery-item'>\n\t\t\t<div class='gallery-icon landscape'>\n\t\t\t\t<a href='http:\/\/www.grieta.org.mx\/index.php\/2016\/07\/31\/dia-8-comparte-por-la-humanidad-cideci\/mg_92991-800x400\/'><img loading=\"lazy\" decoding=\"async\" width=\"300\" height=\"150\" src=\"http:\/\/www.grieta.org.mx\/wp-content\/uploads\/2016\/08\/MG_92991-800x400-300x150.jpg\" class=\"attachment-medium size-medium\" alt=\"\" srcset=\"http:\/\/www.grieta.org.mx\/wp-content\/uploads\/2016\/08\/MG_92991-800x400-300x150.jpg 300w, http:\/\/www.grieta.org.mx\/wp-content\/uploads\/2016\/08\/MG_92991-800x400-768x384.jpg 768w, http:\/\/www.grieta.org.mx\/wp-content\/uploads\/2016\/08\/MG_92991-800x400.jpg 800w\" sizes=\"auto, (max-width: 300px) 100vw, 300px\" data-attachment-id=\"18431\" data-permalink=\"http:\/\/www.grieta.org.mx\/index.php\/2016\/07\/31\/dia-8-comparte-por-la-humanidad-cideci\/mg_92991-800x400\/\" data-orig-file=\"http:\/\/www.grieta.org.mx\/wp-content\/uploads\/2016\/08\/MG_92991-800x400.jpg\" data-orig-size=\"800,400\" data-comments-opened=\"0\" data-image-meta=\"{&quot;aperture&quot;:&quot;0&quot;,&quot;credit&quot;:&quot;&quot;,&quot;camera&quot;:&quot;&quot;,&quot;caption&quot;:&quot;&quot;,&quot;created_timestamp&quot;:&quot;0&quot;,&quot;copyright&quot;:&quot;&quot;,&quot;focal_length&quot;:&quot;0&quot;,&quot;iso&quot;:&quot;0&quot;,&quot;shutter_speed&quot;:&quot;0&quot;,&quot;title&quot;:&quot;&quot;,&quot;orientation&quot;:&quot;0&quot;}\" data-image-title=\"MG_92991-800&amp;#215;400\" data-image-description=\"\" data-image-caption=\"\" data-medium-file=\"http:\/\/www.grieta.org.mx\/wp-content\/uploads\/2016\/08\/MG_92991-800x400-300x150.jpg\" data-large-file=\"http:\/\/www.grieta.org.mx\/wp-content\/uploads\/2016\/08\/MG_92991-800x400.jpg\" \/><\/a>\n\t\t\t<\/div><\/figure><figure class='gallery-item'>\n\t\t\t<div class='gallery-icon landscape'>\n\t\t\t\t<a href='http:\/\/www.grieta.org.mx\/index.php\/2016\/07\/31\/dia-8-comparte-por-la-humanidad-cideci\/mg_93011-800x400\/'><img loading=\"lazy\" decoding=\"async\" width=\"300\" height=\"150\" src=\"http:\/\/www.grieta.org.mx\/wp-content\/uploads\/2016\/08\/MG_93011-800x400-300x150.jpg\" class=\"attachment-medium size-medium\" alt=\"\" srcset=\"http:\/\/www.grieta.org.mx\/wp-content\/uploads\/2016\/08\/MG_93011-800x400-300x150.jpg 300w, http:\/\/www.grieta.org.mx\/wp-content\/uploads\/2016\/08\/MG_93011-800x400-768x384.jpg 768w, http:\/\/www.grieta.org.mx\/wp-content\/uploads\/2016\/08\/MG_93011-800x400.jpg 800w\" sizes=\"auto, (max-width: 300px) 100vw, 300px\" data-attachment-id=\"18432\" data-permalink=\"http:\/\/www.grieta.org.mx\/index.php\/2016\/07\/31\/dia-8-comparte-por-la-humanidad-cideci\/mg_93011-800x400\/\" data-orig-file=\"http:\/\/www.grieta.org.mx\/wp-content\/uploads\/2016\/08\/MG_93011-800x400.jpg\" data-orig-size=\"800,400\" data-comments-opened=\"0\" data-image-meta=\"{&quot;aperture&quot;:&quot;0&quot;,&quot;credit&quot;:&quot;&quot;,&quot;camera&quot;:&quot;&quot;,&quot;caption&quot;:&quot;&quot;,&quot;created_timestamp&quot;:&quot;0&quot;,&quot;copyright&quot;:&quot;&quot;,&quot;focal_length&quot;:&quot;0&quot;,&quot;iso&quot;:&quot;0&quot;,&quot;shutter_speed&quot;:&quot;0&quot;,&quot;title&quot;:&quot;&quot;,&quot;orientation&quot;:&quot;0&quot;}\" data-image-title=\"MG_93011-800&amp;#215;400\" data-image-description=\"\" data-image-caption=\"\" data-medium-file=\"http:\/\/www.grieta.org.mx\/wp-content\/uploads\/2016\/08\/MG_93011-800x400-300x150.jpg\" data-large-file=\"http:\/\/www.grieta.org.mx\/wp-content\/uploads\/2016\/08\/MG_93011-800x400.jpg\" \/><\/a>\n\t\t\t<\/div><\/figure><figure class='gallery-item'>\n\t\t\t<div class='gallery-icon landscape'>\n\t\t\t\t<a href='http:\/\/www.grieta.org.mx\/index.php\/2016\/07\/31\/dia-8-comparte-por-la-humanidad-cideci\/mg_93021-800x400\/'><img loading=\"lazy\" decoding=\"async\" width=\"300\" height=\"150\" src=\"http:\/\/www.grieta.org.mx\/wp-content\/uploads\/2016\/08\/MG_93021-800x400-300x150.jpg\" class=\"attachment-medium size-medium\" alt=\"\" srcset=\"http:\/\/www.grieta.org.mx\/wp-content\/uploads\/2016\/08\/MG_93021-800x400-300x150.jpg 300w, http:\/\/www.grieta.org.mx\/wp-content\/uploads\/2016\/08\/MG_93021-800x400-768x384.jpg 768w, http:\/\/www.grieta.org.mx\/wp-content\/uploads\/2016\/08\/MG_93021-800x400.jpg 800w\" sizes=\"auto, (max-width: 300px) 100vw, 300px\" data-attachment-id=\"18433\" data-permalink=\"http:\/\/www.grieta.org.mx\/index.php\/2016\/07\/31\/dia-8-comparte-por-la-humanidad-cideci\/mg_93021-800x400\/\" data-orig-file=\"http:\/\/www.grieta.org.mx\/wp-content\/uploads\/2016\/08\/MG_93021-800x400.jpg\" data-orig-size=\"800,400\" data-comments-opened=\"0\" data-image-meta=\"{&quot;aperture&quot;:&quot;0&quot;,&quot;credit&quot;:&quot;&quot;,&quot;camera&quot;:&quot;&quot;,&quot;caption&quot;:&quot;&quot;,&quot;created_timestamp&quot;:&quot;0&quot;,&quot;copyright&quot;:&quot;&quot;,&quot;focal_length&quot;:&quot;0&quot;,&quot;iso&quot;:&quot;0&quot;,&quot;shutter_speed&quot;:&quot;0&quot;,&quot;title&quot;:&quot;&quot;,&quot;orientation&quot;:&quot;0&quot;}\" data-image-title=\"MG_93021-800&amp;#215;400\" data-image-description=\"\" data-image-caption=\"\" data-medium-file=\"http:\/\/www.grieta.org.mx\/wp-content\/uploads\/2016\/08\/MG_93021-800x400-300x150.jpg\" data-large-file=\"http:\/\/www.grieta.org.mx\/wp-content\/uploads\/2016\/08\/MG_93021-800x400.jpg\" \/><\/a>\n\t\t\t<\/div><\/figure><figure class='gallery-item'>\n\t\t\t<div class='gallery-icon landscape'>\n\t\t\t\t<a href='http:\/\/www.grieta.org.mx\/index.php\/2016\/07\/31\/dia-8-comparte-por-la-humanidad-cideci\/mg_93101-800x400\/'><img loading=\"lazy\" decoding=\"async\" width=\"300\" height=\"150\" src=\"http:\/\/www.grieta.org.mx\/wp-content\/uploads\/2016\/08\/MG_93101-800x400-300x150.jpg\" class=\"attachment-medium size-medium\" alt=\"\" srcset=\"http:\/\/www.grieta.org.mx\/wp-content\/uploads\/2016\/08\/MG_93101-800x400-300x150.jpg 300w, http:\/\/www.grieta.org.mx\/wp-content\/uploads\/2016\/08\/MG_93101-800x400-768x384.jpg 768w, http:\/\/www.grieta.org.mx\/wp-content\/uploads\/2016\/08\/MG_93101-800x400.jpg 800w\" sizes=\"auto, (max-width: 300px) 100vw, 300px\" data-attachment-id=\"18434\" data-permalink=\"http:\/\/www.grieta.org.mx\/index.php\/2016\/07\/31\/dia-8-comparte-por-la-humanidad-cideci\/mg_93101-800x400\/\" data-orig-file=\"http:\/\/www.grieta.org.mx\/wp-content\/uploads\/2016\/08\/MG_93101-800x400.jpg\" data-orig-size=\"800,400\" data-comments-opened=\"0\" data-image-meta=\"{&quot;aperture&quot;:&quot;0&quot;,&quot;credit&quot;:&quot;&quot;,&quot;camera&quot;:&quot;&quot;,&quot;caption&quot;:&quot;&quot;,&quot;created_timestamp&quot;:&quot;0&quot;,&quot;copyright&quot;:&quot;&quot;,&quot;focal_length&quot;:&quot;0&quot;,&quot;iso&quot;:&quot;0&quot;,&quot;shutter_speed&quot;:&quot;0&quot;,&quot;title&quot;:&quot;&quot;,&quot;orientation&quot;:&quot;0&quot;}\" data-image-title=\"MG_93101-800&amp;#215;400\" data-image-description=\"\" data-image-caption=\"\" data-medium-file=\"http:\/\/www.grieta.org.mx\/wp-content\/uploads\/2016\/08\/MG_93101-800x400-300x150.jpg\" data-large-file=\"http:\/\/www.grieta.org.mx\/wp-content\/uploads\/2016\/08\/MG_93101-800x400.jpg\" \/><\/a>\n\t\t\t<\/div><\/figure><figure class='gallery-item'>\n\t\t\t<div class='gallery-icon landscape'>\n\t\t\t\t<a href='http:\/\/www.grieta.org.mx\/index.php\/2016\/07\/31\/dia-8-comparte-por-la-humanidad-cideci\/mg_93391-800x400\/'><img loading=\"lazy\" decoding=\"async\" width=\"300\" height=\"150\" src=\"http:\/\/www.grieta.org.mx\/wp-content\/uploads\/2016\/08\/MG_93391-800x400-300x150.jpg\" class=\"attachment-medium size-medium\" alt=\"\" srcset=\"http:\/\/www.grieta.org.mx\/wp-content\/uploads\/2016\/08\/MG_93391-800x400-300x150.jpg 300w, http:\/\/www.grieta.org.mx\/wp-content\/uploads\/2016\/08\/MG_93391-800x400-768x384.jpg 768w, http:\/\/www.grieta.org.mx\/wp-content\/uploads\/2016\/08\/MG_93391-800x400.jpg 800w\" sizes=\"auto, (max-width: 300px) 100vw, 300px\" data-attachment-id=\"18435\" data-permalink=\"http:\/\/www.grieta.org.mx\/index.php\/2016\/07\/31\/dia-8-comparte-por-la-humanidad-cideci\/mg_93391-800x400\/\" data-orig-file=\"http:\/\/www.grieta.org.mx\/wp-content\/uploads\/2016\/08\/MG_93391-800x400.jpg\" data-orig-size=\"800,400\" data-comments-opened=\"0\" data-image-meta=\"{&quot;aperture&quot;:&quot;0&quot;,&quot;credit&quot;:&quot;&quot;,&quot;camera&quot;:&quot;&quot;,&quot;caption&quot;:&quot;&quot;,&quot;created_timestamp&quot;:&quot;0&quot;,&quot;copyright&quot;:&quot;&quot;,&quot;focal_length&quot;:&quot;0&quot;,&quot;iso&quot;:&quot;0&quot;,&quot;shutter_speed&quot;:&quot;0&quot;,&quot;title&quot;:&quot;&quot;,&quot;orientation&quot;:&quot;0&quot;}\" data-image-title=\"MG_93391-800&amp;#215;400\" data-image-description=\"\" data-image-caption=\"\" data-medium-file=\"http:\/\/www.grieta.org.mx\/wp-content\/uploads\/2016\/08\/MG_93391-800x400-300x150.jpg\" data-large-file=\"http:\/\/www.grieta.org.mx\/wp-content\/uploads\/2016\/08\/MG_93391-800x400.jpg\" \/><\/a>\n\t\t\t<\/div><\/figure><figure class='gallery-item'>\n\t\t\t<div class='gallery-icon landscape'>\n\t\t\t\t<a href='http:\/\/www.grieta.org.mx\/index.php\/2016\/07\/31\/dia-8-comparte-por-la-humanidad-cideci\/mg_93511-800x400\/'><img loading=\"lazy\" decoding=\"async\" width=\"300\" height=\"150\" src=\"http:\/\/www.grieta.org.mx\/wp-content\/uploads\/2016\/08\/MG_93511-800x400-300x150.jpg\" class=\"attachment-medium size-medium\" alt=\"\" srcset=\"http:\/\/www.grieta.org.mx\/wp-content\/uploads\/2016\/08\/MG_93511-800x400-300x150.jpg 300w, http:\/\/www.grieta.org.mx\/wp-content\/uploads\/2016\/08\/MG_93511-800x400-768x384.jpg 768w, http:\/\/www.grieta.org.mx\/wp-content\/uploads\/2016\/08\/MG_93511-800x400.jpg 800w\" sizes=\"auto, (max-width: 300px) 100vw, 300px\" data-attachment-id=\"18436\" data-permalink=\"http:\/\/www.grieta.org.mx\/index.php\/2016\/07\/31\/dia-8-comparte-por-la-humanidad-cideci\/mg_93511-800x400\/\" data-orig-file=\"http:\/\/www.grieta.org.mx\/wp-content\/uploads\/2016\/08\/MG_93511-800x400.jpg\" data-orig-size=\"800,400\" data-comments-opened=\"0\" data-image-meta=\"{&quot;aperture&quot;:&quot;0&quot;,&quot;credit&quot;:&quot;&quot;,&quot;camera&quot;:&quot;&quot;,&quot;caption&quot;:&quot;&quot;,&quot;created_timestamp&quot;:&quot;0&quot;,&quot;copyright&quot;:&quot;&quot;,&quot;focal_length&quot;:&quot;0&quot;,&quot;iso&quot;:&quot;0&quot;,&quot;shutter_speed&quot;:&quot;0&quot;,&quot;title&quot;:&quot;&quot;,&quot;orientation&quot;:&quot;0&quot;}\" data-image-title=\"MG_93511-800&amp;#215;400\" data-image-description=\"\" data-image-caption=\"\" data-medium-file=\"http:\/\/www.grieta.org.mx\/wp-content\/uploads\/2016\/08\/MG_93511-800x400-300x150.jpg\" data-large-file=\"http:\/\/www.grieta.org.mx\/wp-content\/uploads\/2016\/08\/MG_93511-800x400.jpg\" \/><\/a>\n\t\t\t<\/div><\/figure><figure class='gallery-item'>\n\t\t\t<div class='gallery-icon landscape'>\n\t\t\t\t<a href='http:\/\/www.grieta.org.mx\/index.php\/2016\/07\/31\/dia-8-comparte-por-la-humanidad-cideci\/mg_93561-800x400\/'><img loading=\"lazy\" decoding=\"async\" width=\"300\" height=\"150\" src=\"http:\/\/www.grieta.org.mx\/wp-content\/uploads\/2016\/08\/MG_93561-800x400-300x150.jpg\" class=\"attachment-medium size-medium\" alt=\"\" srcset=\"http:\/\/www.grieta.org.mx\/wp-content\/uploads\/2016\/08\/MG_93561-800x400-300x150.jpg 300w, http:\/\/www.grieta.org.mx\/wp-content\/uploads\/2016\/08\/MG_93561-800x400-768x384.jpg 768w, http:\/\/www.grieta.org.mx\/wp-content\/uploads\/2016\/08\/MG_93561-800x400.jpg 800w\" sizes=\"auto, (max-width: 300px) 100vw, 300px\" data-attachment-id=\"18437\" data-permalink=\"http:\/\/www.grieta.org.mx\/index.php\/2016\/07\/31\/dia-8-comparte-por-la-humanidad-cideci\/mg_93561-800x400\/\" data-orig-file=\"http:\/\/www.grieta.org.mx\/wp-content\/uploads\/2016\/08\/MG_93561-800x400.jpg\" data-orig-size=\"800,400\" data-comments-opened=\"0\" data-image-meta=\"{&quot;aperture&quot;:&quot;0&quot;,&quot;credit&quot;:&quot;&quot;,&quot;camera&quot;:&quot;&quot;,&quot;caption&quot;:&quot;&quot;,&quot;created_timestamp&quot;:&quot;0&quot;,&quot;copyright&quot;:&quot;&quot;,&quot;focal_length&quot;:&quot;0&quot;,&quot;iso&quot;:&quot;0&quot;,&quot;shutter_speed&quot;:&quot;0&quot;,&quot;title&quot;:&quot;&quot;,&quot;orientation&quot;:&quot;0&quot;}\" data-image-title=\"MG_93561-800&amp;#215;400\" data-image-description=\"\" data-image-caption=\"\" data-medium-file=\"http:\/\/www.grieta.org.mx\/wp-content\/uploads\/2016\/08\/MG_93561-800x400-300x150.jpg\" data-large-file=\"http:\/\/www.grieta.org.mx\/wp-content\/uploads\/2016\/08\/MG_93561-800x400.jpg\" \/><\/a>\n\t\t\t<\/div><\/figure><figure class='gallery-item'>\n\t\t\t<div class='gallery-icon landscape'>\n\t\t\t\t<a href='http:\/\/www.grieta.org.mx\/index.php\/2016\/07\/31\/dia-8-comparte-por-la-humanidad-cideci\/mg_93621-800x400\/'><img loading=\"lazy\" decoding=\"async\" width=\"300\" height=\"150\" src=\"http:\/\/www.grieta.org.mx\/wp-content\/uploads\/2016\/08\/MG_93621-800x400-300x150.jpg\" class=\"attachment-medium size-medium\" alt=\"\" srcset=\"http:\/\/www.grieta.org.mx\/wp-content\/uploads\/2016\/08\/MG_93621-800x400-300x150.jpg 300w, http:\/\/www.grieta.org.mx\/wp-content\/uploads\/2016\/08\/MG_93621-800x400-768x384.jpg 768w, http:\/\/www.grieta.org.mx\/wp-content\/uploads\/2016\/08\/MG_93621-800x400.jpg 800w\" sizes=\"auto, (max-width: 300px) 100vw, 300px\" data-attachment-id=\"18438\" data-permalink=\"http:\/\/www.grieta.org.mx\/index.php\/2016\/07\/31\/dia-8-comparte-por-la-humanidad-cideci\/mg_93621-800x400\/\" data-orig-file=\"http:\/\/www.grieta.org.mx\/wp-content\/uploads\/2016\/08\/MG_93621-800x400.jpg\" data-orig-size=\"800,400\" data-comments-opened=\"0\" data-image-meta=\"{&quot;aperture&quot;:&quot;0&quot;,&quot;credit&quot;:&quot;&quot;,&quot;camera&quot;:&quot;&quot;,&quot;caption&quot;:&quot;&quot;,&quot;created_timestamp&quot;:&quot;0&quot;,&quot;copyright&quot;:&quot;&quot;,&quot;focal_length&quot;:&quot;0&quot;,&quot;iso&quot;:&quot;0&quot;,&quot;shutter_speed&quot;:&quot;0&quot;,&quot;title&quot;:&quot;&quot;,&quot;orientation&quot;:&quot;0&quot;}\" data-image-title=\"MG_93621-800&amp;#215;400\" data-image-description=\"\" data-image-caption=\"\" data-medium-file=\"http:\/\/www.grieta.org.mx\/wp-content\/uploads\/2016\/08\/MG_93621-800x400-300x150.jpg\" data-large-file=\"http:\/\/www.grieta.org.mx\/wp-content\/uploads\/2016\/08\/MG_93621-800x400.jpg\" \/><\/a>\n\t\t\t<\/div><\/figure><figure class='gallery-item'>\n\t\t\t<div class='gallery-icon landscape'>\n\t\t\t\t<a href='http:\/\/www.grieta.org.mx\/index.php\/2016\/07\/31\/dia-8-comparte-por-la-humanidad-cideci\/mg_93861-800x400\/'><img loading=\"lazy\" decoding=\"async\" width=\"300\" height=\"150\" src=\"http:\/\/www.grieta.org.mx\/wp-content\/uploads\/2016\/08\/MG_93861-800x400-300x150.jpg\" class=\"attachment-medium size-medium\" alt=\"\" srcset=\"http:\/\/www.grieta.org.mx\/wp-content\/uploads\/2016\/08\/MG_93861-800x400-300x150.jpg 300w, http:\/\/www.grieta.org.mx\/wp-content\/uploads\/2016\/08\/MG_93861-800x400-768x384.jpg 768w, http:\/\/www.grieta.org.mx\/wp-content\/uploads\/2016\/08\/MG_93861-800x400.jpg 800w\" sizes=\"auto, (max-width: 300px) 100vw, 300px\" data-attachment-id=\"18439\" data-permalink=\"http:\/\/www.grieta.org.mx\/index.php\/2016\/07\/31\/dia-8-comparte-por-la-humanidad-cideci\/mg_93861-800x400\/\" data-orig-file=\"http:\/\/www.grieta.org.mx\/wp-content\/uploads\/2016\/08\/MG_93861-800x400.jpg\" data-orig-size=\"800,400\" data-comments-opened=\"0\" data-image-meta=\"{&quot;aperture&quot;:&quot;0&quot;,&quot;credit&quot;:&quot;&quot;,&quot;camera&quot;:&quot;&quot;,&quot;caption&quot;:&quot;&quot;,&quot;created_timestamp&quot;:&quot;0&quot;,&quot;copyright&quot;:&quot;&quot;,&quot;focal_length&quot;:&quot;0&quot;,&quot;iso&quot;:&quot;0&quot;,&quot;shutter_speed&quot;:&quot;0&quot;,&quot;title&quot;:&quot;&quot;,&quot;orientation&quot;:&quot;0&quot;}\" data-image-title=\"MG_93861-800&amp;#215;400\" data-image-description=\"\" data-image-caption=\"\" data-medium-file=\"http:\/\/www.grieta.org.mx\/wp-content\/uploads\/2016\/08\/MG_93861-800x400-300x150.jpg\" data-large-file=\"http:\/\/www.grieta.org.mx\/wp-content\/uploads\/2016\/08\/MG_93861-800x400.jpg\" \/><\/a>\n\t\t\t<\/div><\/figure><figure class='gallery-item'>\n\t\t\t<div class='gallery-icon landscape'>\n\t\t\t\t<a href='http:\/\/www.grieta.org.mx\/index.php\/2016\/07\/31\/dia-8-comparte-por-la-humanidad-cideci\/mg_93871-800x400\/'><img loading=\"lazy\" decoding=\"async\" width=\"300\" height=\"150\" src=\"http:\/\/www.grieta.org.mx\/wp-content\/uploads\/2016\/08\/MG_93871-800x400-300x150.jpg\" class=\"attachment-medium size-medium\" alt=\"\" srcset=\"http:\/\/www.grieta.org.mx\/wp-content\/uploads\/2016\/08\/MG_93871-800x400-300x150.jpg 300w, http:\/\/www.grieta.org.mx\/wp-content\/uploads\/2016\/08\/MG_93871-800x400-768x384.jpg 768w, http:\/\/www.grieta.org.mx\/wp-content\/uploads\/2016\/08\/MG_93871-800x400.jpg 800w\" sizes=\"auto, (max-width: 300px) 100vw, 300px\" data-attachment-id=\"18440\" data-permalink=\"http:\/\/www.grieta.org.mx\/index.php\/2016\/07\/31\/dia-8-comparte-por-la-humanidad-cideci\/mg_93871-800x400\/\" data-orig-file=\"http:\/\/www.grieta.org.mx\/wp-content\/uploads\/2016\/08\/MG_93871-800x400.jpg\" data-orig-size=\"800,400\" data-comments-opened=\"0\" data-image-meta=\"{&quot;aperture&quot;:&quot;0&quot;,&quot;credit&quot;:&quot;&quot;,&quot;camera&quot;:&quot;&quot;,&quot;caption&quot;:&quot;&quot;,&quot;created_timestamp&quot;:&quot;0&quot;,&quot;copyright&quot;:&quot;&quot;,&quot;focal_length&quot;:&quot;0&quot;,&quot;iso&quot;:&quot;0&quot;,&quot;shutter_speed&quot;:&quot;0&quot;,&quot;title&quot;:&quot;&quot;,&quot;orientation&quot;:&quot;0&quot;}\" data-image-title=\"MG_93871-800&amp;#215;400\" data-image-description=\"\" data-image-caption=\"\" data-medium-file=\"http:\/\/www.grieta.org.mx\/wp-content\/uploads\/2016\/08\/MG_93871-800x400-300x150.jpg\" data-large-file=\"http:\/\/www.grieta.org.mx\/wp-content\/uploads\/2016\/08\/MG_93871-800x400.jpg\" \/><\/a>\n\t\t\t<\/div><\/figure><figure class='gallery-item'>\n\t\t\t<div class='gallery-icon landscape'>\n\t\t\t\t<a href='http:\/\/www.grieta.org.mx\/index.php\/2016\/07\/31\/dia-8-comparte-por-la-humanidad-cideci\/mg_93881-800x400\/'><img loading=\"lazy\" decoding=\"async\" width=\"300\" height=\"150\" src=\"http:\/\/www.grieta.org.mx\/wp-content\/uploads\/2016\/08\/MG_93881-800x400-300x150.jpg\" class=\"attachment-medium size-medium\" alt=\"\" srcset=\"http:\/\/www.grieta.org.mx\/wp-content\/uploads\/2016\/08\/MG_93881-800x400-300x150.jpg 300w, http:\/\/www.grieta.org.mx\/wp-content\/uploads\/2016\/08\/MG_93881-800x400-768x384.jpg 768w, http:\/\/www.grieta.org.mx\/wp-content\/uploads\/2016\/08\/MG_93881-800x400.jpg 800w\" sizes=\"auto, (max-width: 300px) 100vw, 300px\" data-attachment-id=\"18441\" data-permalink=\"http:\/\/www.grieta.org.mx\/index.php\/2016\/07\/31\/dia-8-comparte-por-la-humanidad-cideci\/mg_93881-800x400\/\" data-orig-file=\"http:\/\/www.grieta.org.mx\/wp-content\/uploads\/2016\/08\/MG_93881-800x400.jpg\" data-orig-size=\"800,400\" data-comments-opened=\"0\" data-image-meta=\"{&quot;aperture&quot;:&quot;0&quot;,&quot;credit&quot;:&quot;&quot;,&quot;camera&quot;:&quot;&quot;,&quot;caption&quot;:&quot;&quot;,&quot;created_timestamp&quot;:&quot;0&quot;,&quot;copyright&quot;:&quot;&quot;,&quot;focal_length&quot;:&quot;0&quot;,&quot;iso&quot;:&quot;0&quot;,&quot;shutter_speed&quot;:&quot;0&quot;,&quot;title&quot;:&quot;&quot;,&quot;orientation&quot;:&quot;0&quot;}\" data-image-title=\"MG_93881-800&amp;#215;400\" data-image-description=\"\" data-image-caption=\"\" data-medium-file=\"http:\/\/www.grieta.org.mx\/wp-content\/uploads\/2016\/08\/MG_93881-800x400-300x150.jpg\" data-large-file=\"http:\/\/www.grieta.org.mx\/wp-content\/uploads\/2016\/08\/MG_93881-800x400.jpg\" \/><\/a>\n\t\t\t<\/div><\/figure><figure class='gallery-item'>\n\t\t\t<div class='gallery-icon landscape'>\n\t\t\t\t<a href='http:\/\/www.grieta.org.mx\/index.php\/2016\/07\/31\/dia-8-comparte-por-la-humanidad-cideci\/mg_93891-800x400\/'><img loading=\"lazy\" decoding=\"async\" width=\"300\" height=\"150\" src=\"http:\/\/www.grieta.org.mx\/wp-content\/uploads\/2016\/08\/MG_93891-800x400-300x150.jpg\" class=\"attachment-medium size-medium\" alt=\"\" srcset=\"http:\/\/www.grieta.org.mx\/wp-content\/uploads\/2016\/08\/MG_93891-800x400-300x150.jpg 300w, http:\/\/www.grieta.org.mx\/wp-content\/uploads\/2016\/08\/MG_93891-800x400-768x384.jpg 768w, http:\/\/www.grieta.org.mx\/wp-content\/uploads\/2016\/08\/MG_93891-800x400.jpg 800w\" sizes=\"auto, (max-width: 300px) 100vw, 300px\" data-attachment-id=\"18442\" data-permalink=\"http:\/\/www.grieta.org.mx\/index.php\/2016\/07\/31\/dia-8-comparte-por-la-humanidad-cideci\/mg_93891-800x400\/\" data-orig-file=\"http:\/\/www.grieta.org.mx\/wp-content\/uploads\/2016\/08\/MG_93891-800x400.jpg\" data-orig-size=\"800,400\" data-comments-opened=\"0\" data-image-meta=\"{&quot;aperture&quot;:&quot;0&quot;,&quot;credit&quot;:&quot;&quot;,&quot;camera&quot;:&quot;&quot;,&quot;caption&quot;:&quot;&quot;,&quot;created_timestamp&quot;:&quot;0&quot;,&quot;copyright&quot;:&quot;&quot;,&quot;focal_length&quot;:&quot;0&quot;,&quot;iso&quot;:&quot;0&quot;,&quot;shutter_speed&quot;:&quot;0&quot;,&quot;title&quot;:&quot;&quot;,&quot;orientation&quot;:&quot;0&quot;}\" data-image-title=\"MG_93891-800&amp;#215;400\" data-image-description=\"\" data-image-caption=\"\" data-medium-file=\"http:\/\/www.grieta.org.mx\/wp-content\/uploads\/2016\/08\/MG_93891-800x400-300x150.jpg\" data-large-file=\"http:\/\/www.grieta.org.mx\/wp-content\/uploads\/2016\/08\/MG_93891-800x400.jpg\" \/><\/a>\n\t\t\t<\/div><\/figure><figure class='gallery-item'>\n\t\t\t<div class='gallery-icon landscape'>\n\t\t\t\t<a href='http:\/\/www.grieta.org.mx\/index.php\/2016\/07\/31\/dia-8-comparte-por-la-humanidad-cideci\/mg_94091-800x400\/'><img loading=\"lazy\" decoding=\"async\" width=\"300\" height=\"150\" src=\"http:\/\/www.grieta.org.mx\/wp-content\/uploads\/2016\/08\/MG_94091-800x400-300x150.jpg\" class=\"attachment-medium size-medium\" alt=\"\" srcset=\"http:\/\/www.grieta.org.mx\/wp-content\/uploads\/2016\/08\/MG_94091-800x400-300x150.jpg 300w, http:\/\/www.grieta.org.mx\/wp-content\/uploads\/2016\/08\/MG_94091-800x400-768x384.jpg 768w, http:\/\/www.grieta.org.mx\/wp-content\/uploads\/2016\/08\/MG_94091-800x400.jpg 800w\" sizes=\"auto, (max-width: 300px) 100vw, 300px\" data-attachment-id=\"18443\" data-permalink=\"http:\/\/www.grieta.org.mx\/index.php\/2016\/07\/31\/dia-8-comparte-por-la-humanidad-cideci\/mg_94091-800x400\/\" data-orig-file=\"http:\/\/www.grieta.org.mx\/wp-content\/uploads\/2016\/08\/MG_94091-800x400.jpg\" data-orig-size=\"800,400\" data-comments-opened=\"0\" data-image-meta=\"{&quot;aperture&quot;:&quot;0&quot;,&quot;credit&quot;:&quot;&quot;,&quot;camera&quot;:&quot;&quot;,&quot;caption&quot;:&quot;&quot;,&quot;created_timestamp&quot;:&quot;0&quot;,&quot;copyright&quot;:&quot;&quot;,&quot;focal_length&quot;:&quot;0&quot;,&quot;iso&quot;:&quot;0&quot;,&quot;shutter_speed&quot;:&quot;0&quot;,&quot;title&quot;:&quot;&quot;,&quot;orientation&quot;:&quot;0&quot;}\" data-image-title=\"MG_94091-800&amp;#215;400\" data-image-description=\"\" data-image-caption=\"\" data-medium-file=\"http:\/\/www.grieta.org.mx\/wp-content\/uploads\/2016\/08\/MG_94091-800x400-300x150.jpg\" data-large-file=\"http:\/\/www.grieta.org.mx\/wp-content\/uploads\/2016\/08\/MG_94091-800x400.jpg\" \/><\/a>\n\t\t\t<\/div><\/figure><figure class='gallery-item'>\n\t\t\t<div class='gallery-icon landscape'>\n\t\t\t\t<a href='http:\/\/www.grieta.org.mx\/index.php\/2016\/07\/31\/dia-8-comparte-por-la-humanidad-cideci\/mg_94391-800x400\/'><img loading=\"lazy\" decoding=\"async\" width=\"300\" height=\"150\" src=\"http:\/\/www.grieta.org.mx\/wp-content\/uploads\/2016\/08\/MG_94391-800x400-300x150.jpg\" class=\"attachment-medium size-medium\" alt=\"\" srcset=\"http:\/\/www.grieta.org.mx\/wp-content\/uploads\/2016\/08\/MG_94391-800x400-300x150.jpg 300w, http:\/\/www.grieta.org.mx\/wp-content\/uploads\/2016\/08\/MG_94391-800x400-768x384.jpg 768w, http:\/\/www.grieta.org.mx\/wp-content\/uploads\/2016\/08\/MG_94391-800x400.jpg 800w\" sizes=\"auto, (max-width: 300px) 100vw, 300px\" data-attachment-id=\"18444\" data-permalink=\"http:\/\/www.grieta.org.mx\/index.php\/2016\/07\/31\/dia-8-comparte-por-la-humanidad-cideci\/mg_94391-800x400\/\" data-orig-file=\"http:\/\/www.grieta.org.mx\/wp-content\/uploads\/2016\/08\/MG_94391-800x400.jpg\" data-orig-size=\"800,400\" data-comments-opened=\"0\" data-image-meta=\"{&quot;aperture&quot;:&quot;0&quot;,&quot;credit&quot;:&quot;&quot;,&quot;camera&quot;:&quot;&quot;,&quot;caption&quot;:&quot;&quot;,&quot;created_timestamp&quot;:&quot;0&quot;,&quot;copyright&quot;:&quot;&quot;,&quot;focal_length&quot;:&quot;0&quot;,&quot;iso&quot;:&quot;0&quot;,&quot;shutter_speed&quot;:&quot;0&quot;,&quot;title&quot;:&quot;&quot;,&quot;orientation&quot;:&quot;0&quot;}\" data-image-title=\"MG_94391-800&amp;#215;400\" data-image-description=\"\" data-image-caption=\"\" data-medium-file=\"http:\/\/www.grieta.org.mx\/wp-content\/uploads\/2016\/08\/MG_94391-800x400-300x150.jpg\" data-large-file=\"http:\/\/www.grieta.org.mx\/wp-content\/uploads\/2016\/08\/MG_94391-800x400.jpg\" \/><\/a>\n\t\t\t<\/div><\/figure><figure class='gallery-item'>\n\t\t\t<div class='gallery-icon landscape'>\n\t\t\t\t<a href='http:\/\/www.grieta.org.mx\/index.php\/2016\/07\/31\/dia-8-comparte-por-la-humanidad-cideci\/mg_94981-800x400\/'><img loading=\"lazy\" decoding=\"async\" width=\"300\" height=\"150\" src=\"http:\/\/www.grieta.org.mx\/wp-content\/uploads\/2016\/08\/MG_94981-800x400-300x150.jpg\" class=\"attachment-medium size-medium\" alt=\"\" srcset=\"http:\/\/www.grieta.org.mx\/wp-content\/uploads\/2016\/08\/MG_94981-800x400-300x150.jpg 300w, http:\/\/www.grieta.org.mx\/wp-content\/uploads\/2016\/08\/MG_94981-800x400-768x384.jpg 768w, http:\/\/www.grieta.org.mx\/wp-content\/uploads\/2016\/08\/MG_94981-800x400.jpg 800w\" sizes=\"auto, (max-width: 300px) 100vw, 300px\" data-attachment-id=\"18445\" data-permalink=\"http:\/\/www.grieta.org.mx\/index.php\/2016\/07\/31\/dia-8-comparte-por-la-humanidad-cideci\/mg_94981-800x400\/\" data-orig-file=\"http:\/\/www.grieta.org.mx\/wp-content\/uploads\/2016\/08\/MG_94981-800x400.jpg\" data-orig-size=\"800,400\" data-comments-opened=\"0\" data-image-meta=\"{&quot;aperture&quot;:&quot;0&quot;,&quot;credit&quot;:&quot;&quot;,&quot;camera&quot;:&quot;&quot;,&quot;caption&quot;:&quot;&quot;,&quot;created_timestamp&quot;:&quot;0&quot;,&quot;copyright&quot;:&quot;&quot;,&quot;focal_length&quot;:&quot;0&quot;,&quot;iso&quot;:&quot;0&quot;,&quot;shutter_speed&quot;:&quot;0&quot;,&quot;title&quot;:&quot;&quot;,&quot;orientation&quot;:&quot;0&quot;}\" data-image-title=\"MG_94981-800&amp;#215;400\" data-image-description=\"\" data-image-caption=\"\" data-medium-file=\"http:\/\/www.grieta.org.mx\/wp-content\/uploads\/2016\/08\/MG_94981-800x400-300x150.jpg\" data-large-file=\"http:\/\/www.grieta.org.mx\/wp-content\/uploads\/2016\/08\/MG_94981-800x400.jpg\" \/><\/a>\n\t\t\t<\/div><\/figure><figure class='gallery-item'>\n\t\t\t<div class='gallery-icon landscape'>\n\t\t\t\t<a href='http:\/\/www.grieta.org.mx\/index.php\/2016\/07\/31\/dia-8-comparte-por-la-humanidad-cideci\/mg_95131-800x400\/'><img loading=\"lazy\" decoding=\"async\" width=\"300\" height=\"150\" src=\"http:\/\/www.grieta.org.mx\/wp-content\/uploads\/2016\/08\/MG_95131-800x400-300x150.jpg\" class=\"attachment-medium size-medium\" alt=\"\" srcset=\"http:\/\/www.grieta.org.mx\/wp-content\/uploads\/2016\/08\/MG_95131-800x400-300x150.jpg 300w, http:\/\/www.grieta.org.mx\/wp-content\/uploads\/2016\/08\/MG_95131-800x400-768x384.jpg 768w, http:\/\/www.grieta.org.mx\/wp-content\/uploads\/2016\/08\/MG_95131-800x400.jpg 800w\" sizes=\"auto, (max-width: 300px) 100vw, 300px\" data-attachment-id=\"18446\" data-permalink=\"http:\/\/www.grieta.org.mx\/index.php\/2016\/07\/31\/dia-8-comparte-por-la-humanidad-cideci\/mg_95131-800x400\/\" data-orig-file=\"http:\/\/www.grieta.org.mx\/wp-content\/uploads\/2016\/08\/MG_95131-800x400.jpg\" data-orig-size=\"800,400\" data-comments-opened=\"0\" data-image-meta=\"{&quot;aperture&quot;:&quot;0&quot;,&quot;credit&quot;:&quot;&quot;,&quot;camera&quot;:&quot;&quot;,&quot;caption&quot;:&quot;&quot;,&quot;created_timestamp&quot;:&quot;0&quot;,&quot;copyright&quot;:&quot;&quot;,&quot;focal_length&quot;:&quot;0&quot;,&quot;iso&quot;:&quot;0&quot;,&quot;shutter_speed&quot;:&quot;0&quot;,&quot;title&quot;:&quot;&quot;,&quot;orientation&quot;:&quot;0&quot;}\" data-image-title=\"MG_95131-800&amp;#215;400\" data-image-description=\"\" data-image-caption=\"\" data-medium-file=\"http:\/\/www.grieta.org.mx\/wp-content\/uploads\/2016\/08\/MG_95131-800x400-300x150.jpg\" data-large-file=\"http:\/\/www.grieta.org.mx\/wp-content\/uploads\/2016\/08\/MG_95131-800x400.jpg\" \/><\/a>\n\t\t\t<\/div><\/figure><figure class='gallery-item'>\n\t\t\t<div class='gallery-icon landscape'>\n\t\t\t\t<a href='http:\/\/www.grieta.org.mx\/index.php\/2016\/07\/31\/dia-8-comparte-por-la-humanidad-cideci\/mg_95351-800x400\/'><img loading=\"lazy\" decoding=\"async\" width=\"300\" height=\"150\" src=\"http:\/\/www.grieta.org.mx\/wp-content\/uploads\/2016\/08\/MG_95351-800x400-300x150.jpg\" class=\"attachment-medium size-medium\" alt=\"\" srcset=\"http:\/\/www.grieta.org.mx\/wp-content\/uploads\/2016\/08\/MG_95351-800x400-300x150.jpg 300w, http:\/\/www.grieta.org.mx\/wp-content\/uploads\/2016\/08\/MG_95351-800x400-768x384.jpg 768w, http:\/\/www.grieta.org.mx\/wp-content\/uploads\/2016\/08\/MG_95351-800x400.jpg 800w\" sizes=\"auto, (max-width: 300px) 100vw, 300px\" data-attachment-id=\"18447\" data-permalink=\"http:\/\/www.grieta.org.mx\/index.php\/2016\/07\/31\/dia-8-comparte-por-la-humanidad-cideci\/mg_95351-800x400\/\" data-orig-file=\"http:\/\/www.grieta.org.mx\/wp-content\/uploads\/2016\/08\/MG_95351-800x400.jpg\" data-orig-size=\"800,400\" data-comments-opened=\"0\" data-image-meta=\"{&quot;aperture&quot;:&quot;0&quot;,&quot;credit&quot;:&quot;&quot;,&quot;camera&quot;:&quot;&quot;,&quot;caption&quot;:&quot;&quot;,&quot;created_timestamp&quot;:&quot;0&quot;,&quot;copyright&quot;:&quot;&quot;,&quot;focal_length&quot;:&quot;0&quot;,&quot;iso&quot;:&quot;0&quot;,&quot;shutter_speed&quot;:&quot;0&quot;,&quot;title&quot;:&quot;&quot;,&quot;orientation&quot;:&quot;0&quot;}\" data-image-title=\"MG_95351-800&amp;#215;400\" data-image-description=\"\" data-image-caption=\"\" data-medium-file=\"http:\/\/www.grieta.org.mx\/wp-content\/uploads\/2016\/08\/MG_95351-800x400-300x150.jpg\" data-large-file=\"http:\/\/www.grieta.org.mx\/wp-content\/uploads\/2016\/08\/MG_95351-800x400.jpg\" \/><\/a>\n\t\t\t<\/div><\/figure><figure class='gallery-item'>\n\t\t\t<div class='gallery-icon landscape'>\n\t\t\t\t<a href='http:\/\/www.grieta.org.mx\/index.php\/2016\/07\/31\/dia-8-comparte-por-la-humanidad-cideci\/mg_95391-800x400\/'><img loading=\"lazy\" decoding=\"async\" width=\"300\" height=\"150\" src=\"http:\/\/www.grieta.org.mx\/wp-content\/uploads\/2016\/08\/MG_95391-800x400-300x150.jpg\" class=\"attachment-medium size-medium\" alt=\"\" srcset=\"http:\/\/www.grieta.org.mx\/wp-content\/uploads\/2016\/08\/MG_95391-800x400-300x150.jpg 300w, http:\/\/www.grieta.org.mx\/wp-content\/uploads\/2016\/08\/MG_95391-800x400-768x384.jpg 768w, http:\/\/www.grieta.org.mx\/wp-content\/uploads\/2016\/08\/MG_95391-800x400.jpg 800w\" sizes=\"auto, (max-width: 300px) 100vw, 300px\" data-attachment-id=\"18448\" data-permalink=\"http:\/\/www.grieta.org.mx\/index.php\/2016\/07\/31\/dia-8-comparte-por-la-humanidad-cideci\/mg_95391-800x400\/\" data-orig-file=\"http:\/\/www.grieta.org.mx\/wp-content\/uploads\/2016\/08\/MG_95391-800x400.jpg\" data-orig-size=\"800,400\" data-comments-opened=\"0\" data-image-meta=\"{&quot;aperture&quot;:&quot;0&quot;,&quot;credit&quot;:&quot;&quot;,&quot;camera&quot;:&quot;&quot;,&quot;caption&quot;:&quot;&quot;,&quot;created_timestamp&quot;:&quot;0&quot;,&quot;copyright&quot;:&quot;&quot;,&quot;focal_length&quot;:&quot;0&quot;,&quot;iso&quot;:&quot;0&quot;,&quot;shutter_speed&quot;:&quot;0&quot;,&quot;title&quot;:&quot;&quot;,&quot;orientation&quot;:&quot;0&quot;}\" data-image-title=\"MG_95391-800&amp;#215;400\" data-image-description=\"\" data-image-caption=\"\" data-medium-file=\"http:\/\/www.grieta.org.mx\/wp-content\/uploads\/2016\/08\/MG_95391-800x400-300x150.jpg\" data-large-file=\"http:\/\/www.grieta.org.mx\/wp-content\/uploads\/2016\/08\/MG_95391-800x400.jpg\" \/><\/a>\n\t\t\t<\/div><\/figure><figure class='gallery-item'>\n\t\t\t<div class='gallery-icon landscape'>\n\t\t\t\t<a href='http:\/\/www.grieta.org.mx\/index.php\/2016\/07\/31\/dia-8-comparte-por-la-humanidad-cideci\/mg_95641-800x400\/'><img loading=\"lazy\" decoding=\"async\" width=\"300\" height=\"150\" src=\"http:\/\/www.grieta.org.mx\/wp-content\/uploads\/2016\/08\/MG_95641-800x400-300x150.jpg\" class=\"attachment-medium size-medium\" alt=\"\" srcset=\"http:\/\/www.grieta.org.mx\/wp-content\/uploads\/2016\/08\/MG_95641-800x400-300x150.jpg 300w, http:\/\/www.grieta.org.mx\/wp-content\/uploads\/2016\/08\/MG_95641-800x400-768x384.jpg 768w, http:\/\/www.grieta.org.mx\/wp-content\/uploads\/2016\/08\/MG_95641-800x400.jpg 800w\" sizes=\"auto, (max-width: 300px) 100vw, 300px\" data-attachment-id=\"18449\" data-permalink=\"http:\/\/www.grieta.org.mx\/index.php\/2016\/07\/31\/dia-8-comparte-por-la-humanidad-cideci\/mg_95641-800x400\/\" data-orig-file=\"http:\/\/www.grieta.org.mx\/wp-content\/uploads\/2016\/08\/MG_95641-800x400.jpg\" data-orig-size=\"800,400\" data-comments-opened=\"0\" data-image-meta=\"{&quot;aperture&quot;:&quot;0&quot;,&quot;credit&quot;:&quot;&quot;,&quot;camera&quot;:&quot;&quot;,&quot;caption&quot;:&quot;&quot;,&quot;created_timestamp&quot;:&quot;0&quot;,&quot;copyright&quot;:&quot;&quot;,&quot;focal_length&quot;:&quot;0&quot;,&quot;iso&quot;:&quot;0&quot;,&quot;shutter_speed&quot;:&quot;0&quot;,&quot;title&quot;:&quot;&quot;,&quot;orientation&quot;:&quot;0&quot;}\" data-image-title=\"MG_95641-800&amp;#215;400\" data-image-description=\"\" data-image-caption=\"\" data-medium-file=\"http:\/\/www.grieta.org.mx\/wp-content\/uploads\/2016\/08\/MG_95641-800x400-300x150.jpg\" data-large-file=\"http:\/\/www.grieta.org.mx\/wp-content\/uploads\/2016\/08\/MG_95641-800x400.jpg\" \/><\/a>\n\t\t\t<\/div><\/figure><figure class='gallery-item'>\n\t\t\t<div class='gallery-icon landscape'>\n\t\t\t\t<a href='http:\/\/www.grieta.org.mx\/index.php\/2016\/07\/31\/dia-8-comparte-por-la-humanidad-cideci\/mg_95921-800x400\/'><img loading=\"lazy\" decoding=\"async\" width=\"300\" height=\"150\" src=\"http:\/\/www.grieta.org.mx\/wp-content\/uploads\/2016\/08\/MG_95921-800x400-300x150.jpg\" class=\"attachment-medium size-medium\" alt=\"\" srcset=\"http:\/\/www.grieta.org.mx\/wp-content\/uploads\/2016\/08\/MG_95921-800x400-300x150.jpg 300w, http:\/\/www.grieta.org.mx\/wp-content\/uploads\/2016\/08\/MG_95921-800x400-768x384.jpg 768w, http:\/\/www.grieta.org.mx\/wp-content\/uploads\/2016\/08\/MG_95921-800x400.jpg 800w\" sizes=\"auto, (max-width: 300px) 100vw, 300px\" data-attachment-id=\"18450\" data-permalink=\"http:\/\/www.grieta.org.mx\/index.php\/2016\/07\/31\/dia-8-comparte-por-la-humanidad-cideci\/mg_95921-800x400\/\" data-orig-file=\"http:\/\/www.grieta.org.mx\/wp-content\/uploads\/2016\/08\/MG_95921-800x400.jpg\" data-orig-size=\"800,400\" data-comments-opened=\"0\" data-image-meta=\"{&quot;aperture&quot;:&quot;0&quot;,&quot;credit&quot;:&quot;&quot;,&quot;camera&quot;:&quot;&quot;,&quot;caption&quot;:&quot;&quot;,&quot;created_timestamp&quot;:&quot;0&quot;,&quot;copyright&quot;:&quot;&quot;,&quot;focal_length&quot;:&quot;0&quot;,&quot;iso&quot;:&quot;0&quot;,&quot;shutter_speed&quot;:&quot;0&quot;,&quot;title&quot;:&quot;&quot;,&quot;orientation&quot;:&quot;0&quot;}\" data-image-title=\"MG_95921-800&amp;#215;400\" data-image-description=\"\" data-image-caption=\"\" data-medium-file=\"http:\/\/www.grieta.org.mx\/wp-content\/uploads\/2016\/08\/MG_95921-800x400-300x150.jpg\" data-large-file=\"http:\/\/www.grieta.org.mx\/wp-content\/uploads\/2016\/08\/MG_95921-800x400.jpg\" \/><\/a>\n\t\t\t<\/div><\/figure><figure class='gallery-item'>\n\t\t\t<div class='gallery-icon landscape'>\n\t\t\t\t<a href='http:\/\/www.grieta.org.mx\/index.php\/2016\/07\/31\/dia-8-comparte-por-la-humanidad-cideci\/mg_95991-800x400\/'><img loading=\"lazy\" decoding=\"async\" width=\"300\" height=\"150\" src=\"http:\/\/www.grieta.org.mx\/wp-content\/uploads\/2016\/08\/MG_95991-800x400-300x150.jpg\" class=\"attachment-medium size-medium\" alt=\"\" srcset=\"http:\/\/www.grieta.org.mx\/wp-content\/uploads\/2016\/08\/MG_95991-800x400-300x150.jpg 300w, http:\/\/www.grieta.org.mx\/wp-content\/uploads\/2016\/08\/MG_95991-800x400-768x384.jpg 768w, http:\/\/www.grieta.org.mx\/wp-content\/uploads\/2016\/08\/MG_95991-800x400.jpg 800w\" sizes=\"auto, (max-width: 300px) 100vw, 300px\" data-attachment-id=\"18451\" data-permalink=\"http:\/\/www.grieta.org.mx\/index.php\/2016\/07\/31\/dia-8-comparte-por-la-humanidad-cideci\/mg_95991-800x400\/\" data-orig-file=\"http:\/\/www.grieta.org.mx\/wp-content\/uploads\/2016\/08\/MG_95991-800x400.jpg\" data-orig-size=\"800,400\" data-comments-opened=\"0\" data-image-meta=\"{&quot;aperture&quot;:&quot;0&quot;,&quot;credit&quot;:&quot;&quot;,&quot;camera&quot;:&quot;&quot;,&quot;caption&quot;:&quot;&quot;,&quot;created_timestamp&quot;:&quot;0&quot;,&quot;copyright&quot;:&quot;&quot;,&quot;focal_length&quot;:&quot;0&quot;,&quot;iso&quot;:&quot;0&quot;,&quot;shutter_speed&quot;:&quot;0&quot;,&quot;title&quot;:&quot;&quot;,&quot;orientation&quot;:&quot;0&quot;}\" data-image-title=\"MG_95991-800&amp;#215;400\" data-image-description=\"\" data-image-caption=\"\" data-medium-file=\"http:\/\/www.grieta.org.mx\/wp-content\/uploads\/2016\/08\/MG_95991-800x400-300x150.jpg\" data-large-file=\"http:\/\/www.grieta.org.mx\/wp-content\/uploads\/2016\/08\/MG_95991-800x400.jpg\" \/><\/a>\n\t\t\t<\/div><\/figure><figure class='gallery-item'>\n\t\t\t<div class='gallery-icon landscape'>\n\t\t\t\t<a href='http:\/\/www.grieta.org.mx\/index.php\/2016\/07\/31\/dia-8-comparte-por-la-humanidad-cideci\/mg_96031-800x400\/'><img loading=\"lazy\" decoding=\"async\" width=\"300\" height=\"150\" src=\"http:\/\/www.grieta.org.mx\/wp-content\/uploads\/2016\/08\/MG_96031-800x400-300x150.jpg\" class=\"attachment-medium size-medium\" alt=\"\" srcset=\"http:\/\/www.grieta.org.mx\/wp-content\/uploads\/2016\/08\/MG_96031-800x400-300x150.jpg 300w, http:\/\/www.grieta.org.mx\/wp-content\/uploads\/2016\/08\/MG_96031-800x400-768x384.jpg 768w, http:\/\/www.grieta.org.mx\/wp-content\/uploads\/2016\/08\/MG_96031-800x400.jpg 800w\" sizes=\"auto, (max-width: 300px) 100vw, 300px\" data-attachment-id=\"18452\" data-permalink=\"http:\/\/www.grieta.org.mx\/index.php\/2016\/07\/31\/dia-8-comparte-por-la-humanidad-cideci\/mg_96031-800x400\/\" data-orig-file=\"http:\/\/www.grieta.org.mx\/wp-content\/uploads\/2016\/08\/MG_96031-800x400.jpg\" data-orig-size=\"800,400\" data-comments-opened=\"0\" data-image-meta=\"{&quot;aperture&quot;:&quot;0&quot;,&quot;credit&quot;:&quot;&quot;,&quot;camera&quot;:&quot;&quot;,&quot;caption&quot;:&quot;&quot;,&quot;created_timestamp&quot;:&quot;0&quot;,&quot;copyright&quot;:&quot;&quot;,&quot;focal_length&quot;:&quot;0&quot;,&quot;iso&quot;:&quot;0&quot;,&quot;shutter_speed&quot;:&quot;0&quot;,&quot;title&quot;:&quot;&quot;,&quot;orientation&quot;:&quot;0&quot;}\" data-image-title=\"MG_96031-800&amp;#215;400\" data-image-description=\"\" data-image-caption=\"\" data-medium-file=\"http:\/\/www.grieta.org.mx\/wp-content\/uploads\/2016\/08\/MG_96031-800x400-300x150.jpg\" data-large-file=\"http:\/\/www.grieta.org.mx\/wp-content\/uploads\/2016\/08\/MG_96031-800x400.jpg\" \/><\/a>\n\t\t\t<\/div><\/figure><figure class='gallery-item'>\n\t\t\t<div class='gallery-icon landscape'>\n\t\t\t\t<a href='http:\/\/www.grieta.org.mx\/index.php\/2016\/07\/31\/dia-8-comparte-por-la-humanidad-cideci\/mg_96081-800x400\/'><img loading=\"lazy\" decoding=\"async\" width=\"300\" height=\"150\" src=\"http:\/\/www.grieta.org.mx\/wp-content\/uploads\/2016\/08\/MG_96081-800x400-300x150.jpg\" class=\"attachment-medium size-medium\" alt=\"\" srcset=\"http:\/\/www.grieta.org.mx\/wp-content\/uploads\/2016\/08\/MG_96081-800x400-300x150.jpg 300w, http:\/\/www.grieta.org.mx\/wp-content\/uploads\/2016\/08\/MG_96081-800x400-768x384.jpg 768w, http:\/\/www.grieta.org.mx\/wp-content\/uploads\/2016\/08\/MG_96081-800x400.jpg 800w\" sizes=\"auto, (max-width: 300px) 100vw, 300px\" data-attachment-id=\"18453\" data-permalink=\"http:\/\/www.grieta.org.mx\/index.php\/2016\/07\/31\/dia-8-comparte-por-la-humanidad-cideci\/mg_96081-800x400\/\" data-orig-file=\"http:\/\/www.grieta.org.mx\/wp-content\/uploads\/2016\/08\/MG_96081-800x400.jpg\" data-orig-size=\"800,400\" data-comments-opened=\"0\" data-image-meta=\"{&quot;aperture&quot;:&quot;0&quot;,&quot;credit&quot;:&quot;&quot;,&quot;camera&quot;:&quot;&quot;,&quot;caption&quot;:&quot;&quot;,&quot;created_timestamp&quot;:&quot;0&quot;,&quot;copyright&quot;:&quot;&quot;,&quot;focal_length&quot;:&quot;0&quot;,&quot;iso&quot;:&quot;0&quot;,&quot;shutter_speed&quot;:&quot;0&quot;,&quot;title&quot;:&quot;&quot;,&quot;orientation&quot;:&quot;0&quot;}\" data-image-title=\"MG_96081-800&amp;#215;400\" data-image-description=\"\" data-image-caption=\"\" data-medium-file=\"http:\/\/www.grieta.org.mx\/wp-content\/uploads\/2016\/08\/MG_96081-800x400-300x150.jpg\" data-large-file=\"http:\/\/www.grieta.org.mx\/wp-content\/uploads\/2016\/08\/MG_96081-800x400.jpg\" \/><\/a>\n\t\t\t<\/div><\/figure><figure class='gallery-item'>\n\t\t\t<div class='gallery-icon landscape'>\n\t\t\t\t<a href='http:\/\/www.grieta.org.mx\/index.php\/2016\/07\/31\/dia-8-comparte-por-la-humanidad-cideci\/mg_96151-800x400\/'><img loading=\"lazy\" decoding=\"async\" width=\"300\" height=\"150\" src=\"http:\/\/www.grieta.org.mx\/wp-content\/uploads\/2016\/08\/MG_96151-800x400-300x150.jpg\" class=\"attachment-medium size-medium\" alt=\"\" srcset=\"http:\/\/www.grieta.org.mx\/wp-content\/uploads\/2016\/08\/MG_96151-800x400-300x150.jpg 300w, http:\/\/www.grieta.org.mx\/wp-content\/uploads\/2016\/08\/MG_96151-800x400-768x384.jpg 768w, http:\/\/www.grieta.org.mx\/wp-content\/uploads\/2016\/08\/MG_96151-800x400.jpg 800w\" sizes=\"auto, (max-width: 300px) 100vw, 300px\" data-attachment-id=\"18454\" data-permalink=\"http:\/\/www.grieta.org.mx\/index.php\/2016\/07\/31\/dia-8-comparte-por-la-humanidad-cideci\/mg_96151-800x400\/\" data-orig-file=\"http:\/\/www.grieta.org.mx\/wp-content\/uploads\/2016\/08\/MG_96151-800x400.jpg\" data-orig-size=\"800,400\" data-comments-opened=\"0\" data-image-meta=\"{&quot;aperture&quot;:&quot;0&quot;,&quot;credit&quot;:&quot;&quot;,&quot;camera&quot;:&quot;&quot;,&quot;caption&quot;:&quot;&quot;,&quot;created_timestamp&quot;:&quot;0&quot;,&quot;copyright&quot;:&quot;&quot;,&quot;focal_length&quot;:&quot;0&quot;,&quot;iso&quot;:&quot;0&quot;,&quot;shutter_speed&quot;:&quot;0&quot;,&quot;title&quot;:&quot;&quot;,&quot;orientation&quot;:&quot;0&quot;}\" data-image-title=\"MG_96151-800&amp;#215;400\" data-image-description=\"\" data-image-caption=\"\" data-medium-file=\"http:\/\/www.grieta.org.mx\/wp-content\/uploads\/2016\/08\/MG_96151-800x400-300x150.jpg\" data-large-file=\"http:\/\/www.grieta.org.mx\/wp-content\/uploads\/2016\/08\/MG_96151-800x400.jpg\" \/><\/a>\n\t\t\t<\/div><\/figure><figure class='gallery-item'>\n\t\t\t<div class='gallery-icon landscape'>\n\t\t\t\t<a href='http:\/\/www.grieta.org.mx\/index.php\/2016\/07\/31\/dia-8-comparte-por-la-humanidad-cideci\/mg_96171-800x400\/'><img loading=\"lazy\" decoding=\"async\" width=\"300\" height=\"150\" src=\"http:\/\/www.grieta.org.mx\/wp-content\/uploads\/2016\/08\/MG_96171-800x400-300x150.jpg\" class=\"attachment-medium size-medium\" alt=\"\" srcset=\"http:\/\/www.grieta.org.mx\/wp-content\/uploads\/2016\/08\/MG_96171-800x400-300x150.jpg 300w, http:\/\/www.grieta.org.mx\/wp-content\/uploads\/2016\/08\/MG_96171-800x400-768x384.jpg 768w, http:\/\/www.grieta.org.mx\/wp-content\/uploads\/2016\/08\/MG_96171-800x400.jpg 800w\" sizes=\"auto, (max-width: 300px) 100vw, 300px\" data-attachment-id=\"18455\" data-permalink=\"http:\/\/www.grieta.org.mx\/index.php\/2016\/07\/31\/dia-8-comparte-por-la-humanidad-cideci\/mg_96171-800x400\/\" data-orig-file=\"http:\/\/www.grieta.org.mx\/wp-content\/uploads\/2016\/08\/MG_96171-800x400.jpg\" data-orig-size=\"800,400\" data-comments-opened=\"0\" data-image-meta=\"{&quot;aperture&quot;:&quot;0&quot;,&quot;credit&quot;:&quot;&quot;,&quot;camera&quot;:&quot;&quot;,&quot;caption&quot;:&quot;&quot;,&quot;created_timestamp&quot;:&quot;0&quot;,&quot;copyright&quot;:&quot;&quot;,&quot;focal_length&quot;:&quot;0&quot;,&quot;iso&quot;:&quot;0&quot;,&quot;shutter_speed&quot;:&quot;0&quot;,&quot;title&quot;:&quot;&quot;,&quot;orientation&quot;:&quot;0&quot;}\" data-image-title=\"MG_96171-800&amp;#215;400\" data-image-description=\"\" data-image-caption=\"\" data-medium-file=\"http:\/\/www.grieta.org.mx\/wp-content\/uploads\/2016\/08\/MG_96171-800x400-300x150.jpg\" data-large-file=\"http:\/\/www.grieta.org.mx\/wp-content\/uploads\/2016\/08\/MG_96171-800x400.jpg\" \/><\/a>\n\t\t\t<\/div><\/figure><figure class='gallery-item'>\n\t\t\t<div class='gallery-icon landscape'>\n\t\t\t\t<a href='http:\/\/www.grieta.org.mx\/index.php\/2016\/07\/31\/dia-8-comparte-por-la-humanidad-cideci\/mg_96361-800x400\/'><img loading=\"lazy\" decoding=\"async\" width=\"300\" height=\"150\" src=\"http:\/\/www.grieta.org.mx\/wp-content\/uploads\/2016\/08\/MG_96361-800x400-300x150.jpg\" class=\"attachment-medium size-medium\" alt=\"\" srcset=\"http:\/\/www.grieta.org.mx\/wp-content\/uploads\/2016\/08\/MG_96361-800x400-300x150.jpg 300w, http:\/\/www.grieta.org.mx\/wp-content\/uploads\/2016\/08\/MG_96361-800x400-768x384.jpg 768w, http:\/\/www.grieta.org.mx\/wp-content\/uploads\/2016\/08\/MG_96361-800x400.jpg 800w\" sizes=\"auto, (max-width: 300px) 100vw, 300px\" data-attachment-id=\"18456\" data-permalink=\"http:\/\/www.grieta.org.mx\/index.php\/2016\/07\/31\/dia-8-comparte-por-la-humanidad-cideci\/mg_96361-800x400\/\" data-orig-file=\"http:\/\/www.grieta.org.mx\/wp-content\/uploads\/2016\/08\/MG_96361-800x400.jpg\" data-orig-size=\"800,400\" data-comments-opened=\"0\" data-image-meta=\"{&quot;aperture&quot;:&quot;0&quot;,&quot;credit&quot;:&quot;&quot;,&quot;camera&quot;:&quot;&quot;,&quot;caption&quot;:&quot;&quot;,&quot;created_timestamp&quot;:&quot;0&quot;,&quot;copyright&quot;:&quot;&quot;,&quot;focal_length&quot;:&quot;0&quot;,&quot;iso&quot;:&quot;0&quot;,&quot;shutter_speed&quot;:&quot;0&quot;,&quot;title&quot;:&quot;&quot;,&quot;orientation&quot;:&quot;0&quot;}\" data-image-title=\"MG_96361-800&amp;#215;400\" data-image-description=\"\" data-image-caption=\"\" data-medium-file=\"http:\/\/www.grieta.org.mx\/wp-content\/uploads\/2016\/08\/MG_96361-800x400-300x150.jpg\" data-large-file=\"http:\/\/www.grieta.org.mx\/wp-content\/uploads\/2016\/08\/MG_96361-800x400.jpg\" \/><\/a>\n\t\t\t<\/div><\/figure><figure class='gallery-item'>\n\t\t\t<div class='gallery-icon landscape'>\n\t\t\t\t<a href='http:\/\/www.grieta.org.mx\/index.php\/2016\/07\/31\/dia-8-comparte-por-la-humanidad-cideci\/mg_96451-800x400\/'><img loading=\"lazy\" decoding=\"async\" width=\"300\" height=\"150\" src=\"http:\/\/www.grieta.org.mx\/wp-content\/uploads\/2016\/08\/MG_96451-800x400-300x150.jpg\" class=\"attachment-medium size-medium\" alt=\"\" srcset=\"http:\/\/www.grieta.org.mx\/wp-content\/uploads\/2016\/08\/MG_96451-800x400-300x150.jpg 300w, http:\/\/www.grieta.org.mx\/wp-content\/uploads\/2016\/08\/MG_96451-800x400-768x384.jpg 768w, http:\/\/www.grieta.org.mx\/wp-content\/uploads\/2016\/08\/MG_96451-800x400.jpg 800w\" sizes=\"auto, (max-width: 300px) 100vw, 300px\" data-attachment-id=\"18457\" data-permalink=\"http:\/\/www.grieta.org.mx\/index.php\/2016\/07\/31\/dia-8-comparte-por-la-humanidad-cideci\/mg_96451-800x400\/\" data-orig-file=\"http:\/\/www.grieta.org.mx\/wp-content\/uploads\/2016\/08\/MG_96451-800x400.jpg\" data-orig-size=\"800,400\" data-comments-opened=\"0\" data-image-meta=\"{&quot;aperture&quot;:&quot;0&quot;,&quot;credit&quot;:&quot;&quot;,&quot;camera&quot;:&quot;&quot;,&quot;caption&quot;:&quot;&quot;,&quot;created_timestamp&quot;:&quot;0&quot;,&quot;copyright&quot;:&quot;&quot;,&quot;focal_length&quot;:&quot;0&quot;,&quot;iso&quot;:&quot;0&quot;,&quot;shutter_speed&quot;:&quot;0&quot;,&quot;title&quot;:&quot;&quot;,&quot;orientation&quot;:&quot;0&quot;}\" data-image-title=\"MG_96451-800&amp;#215;400\" data-image-description=\"\" data-image-caption=\"\" data-medium-file=\"http:\/\/www.grieta.org.mx\/wp-content\/uploads\/2016\/08\/MG_96451-800x400-300x150.jpg\" data-large-file=\"http:\/\/www.grieta.org.mx\/wp-content\/uploads\/2016\/08\/MG_96451-800x400.jpg\" \/><\/a>\n\t\t\t<\/div><\/figure><figure class='gallery-item'>\n\t\t\t<div class='gallery-icon landscape'>\n\t\t\t\t<a href='http:\/\/www.grieta.org.mx\/index.php\/2016\/07\/31\/dia-8-comparte-por-la-humanidad-cideci\/mg_96581-800x400\/'><img loading=\"lazy\" decoding=\"async\" width=\"300\" height=\"150\" src=\"http:\/\/www.grieta.org.mx\/wp-content\/uploads\/2016\/08\/MG_96581-800x400-300x150.jpg\" class=\"attachment-medium size-medium\" alt=\"\" srcset=\"http:\/\/www.grieta.org.mx\/wp-content\/uploads\/2016\/08\/MG_96581-800x400-300x150.jpg 300w, http:\/\/www.grieta.org.mx\/wp-content\/uploads\/2016\/08\/MG_96581-800x400-768x384.jpg 768w, http:\/\/www.grieta.org.mx\/wp-content\/uploads\/2016\/08\/MG_96581-800x400.jpg 800w\" sizes=\"auto, (max-width: 300px) 100vw, 300px\" data-attachment-id=\"18458\" data-permalink=\"http:\/\/www.grieta.org.mx\/index.php\/2016\/07\/31\/dia-8-comparte-por-la-humanidad-cideci\/mg_96581-800x400\/\" data-orig-file=\"http:\/\/www.grieta.org.mx\/wp-content\/uploads\/2016\/08\/MG_96581-800x400.jpg\" data-orig-size=\"800,400\" data-comments-opened=\"0\" data-image-meta=\"{&quot;aperture&quot;:&quot;0&quot;,&quot;credit&quot;:&quot;&quot;,&quot;camera&quot;:&quot;&quot;,&quot;caption&quot;:&quot;&quot;,&quot;created_timestamp&quot;:&quot;0&quot;,&quot;copyright&quot;:&quot;&quot;,&quot;focal_length&quot;:&quot;0&quot;,&quot;iso&quot;:&quot;0&quot;,&quot;shutter_speed&quot;:&quot;0&quot;,&quot;title&quot;:&quot;&quot;,&quot;orientation&quot;:&quot;0&quot;}\" data-image-title=\"MG_96581-800&amp;#215;400\" data-image-description=\"\" data-image-caption=\"\" data-medium-file=\"http:\/\/www.grieta.org.mx\/wp-content\/uploads\/2016\/08\/MG_96581-800x400-300x150.jpg\" data-large-file=\"http:\/\/www.grieta.org.mx\/wp-content\/uploads\/2016\/08\/MG_96581-800x400.jpg\" \/><\/a>\n\t\t\t<\/div><\/figure><figure class='gallery-item'>\n\t\t\t<div class='gallery-icon landscape'>\n\t\t\t\t<a href='http:\/\/www.grieta.org.mx\/index.php\/2016\/07\/31\/dia-8-comparte-por-la-humanidad-cideci\/mg_96661-800x400\/'><img loading=\"lazy\" decoding=\"async\" width=\"300\" height=\"150\" src=\"http:\/\/www.grieta.org.mx\/wp-content\/uploads\/2016\/08\/MG_96661-800x400-300x150.jpg\" class=\"attachment-medium size-medium\" alt=\"\" srcset=\"http:\/\/www.grieta.org.mx\/wp-content\/uploads\/2016\/08\/MG_96661-800x400-300x150.jpg 300w, http:\/\/www.grieta.org.mx\/wp-content\/uploads\/2016\/08\/MG_96661-800x400-768x384.jpg 768w, http:\/\/www.grieta.org.mx\/wp-content\/uploads\/2016\/08\/MG_96661-800x400.jpg 800w\" sizes=\"auto, (max-width: 300px) 100vw, 300px\" data-attachment-id=\"18459\" data-permalink=\"http:\/\/www.grieta.org.mx\/index.php\/2016\/07\/31\/dia-8-comparte-por-la-humanidad-cideci\/mg_96661-800x400\/\" data-orig-file=\"http:\/\/www.grieta.org.mx\/wp-content\/uploads\/2016\/08\/MG_96661-800x400.jpg\" data-orig-size=\"800,400\" data-comments-opened=\"0\" data-image-meta=\"{&quot;aperture&quot;:&quot;0&quot;,&quot;credit&quot;:&quot;&quot;,&quot;camera&quot;:&quot;&quot;,&quot;caption&quot;:&quot;&quot;,&quot;created_timestamp&quot;:&quot;0&quot;,&quot;copyright&quot;:&quot;&quot;,&quot;focal_length&quot;:&quot;0&quot;,&quot;iso&quot;:&quot;0&quot;,&quot;shutter_speed&quot;:&quot;0&quot;,&quot;title&quot;:&quot;&quot;,&quot;orientation&quot;:&quot;0&quot;}\" data-image-title=\"MG_96661-800&amp;#215;400\" data-image-description=\"\" data-image-caption=\"\" data-medium-file=\"http:\/\/www.grieta.org.mx\/wp-content\/uploads\/2016\/08\/MG_96661-800x400-300x150.jpg\" data-large-file=\"http:\/\/www.grieta.org.mx\/wp-content\/uploads\/2016\/08\/MG_96661-800x400.jpg\" \/><\/a>\n\t\t\t<\/div><\/figure><figure class='gallery-item'>\n\t\t\t<div class='gallery-icon landscape'>\n\t\t\t\t<a href='http:\/\/www.grieta.org.mx\/index.php\/2016\/07\/31\/dia-8-comparte-por-la-humanidad-cideci\/mg_96671-800x400\/'><img loading=\"lazy\" decoding=\"async\" width=\"300\" height=\"150\" src=\"http:\/\/www.grieta.org.mx\/wp-content\/uploads\/2016\/08\/MG_96671-800x400-300x150.jpg\" class=\"attachment-medium size-medium\" alt=\"\" srcset=\"http:\/\/www.grieta.org.mx\/wp-content\/uploads\/2016\/08\/MG_96671-800x400-300x150.jpg 300w, http:\/\/www.grieta.org.mx\/wp-content\/uploads\/2016\/08\/MG_96671-800x400-768x384.jpg 768w, http:\/\/www.grieta.org.mx\/wp-content\/uploads\/2016\/08\/MG_96671-800x400.jpg 800w\" sizes=\"auto, (max-width: 300px) 100vw, 300px\" data-attachment-id=\"18460\" data-permalink=\"http:\/\/www.grieta.org.mx\/index.php\/2016\/07\/31\/dia-8-comparte-por-la-humanidad-cideci\/mg_96671-800x400\/\" data-orig-file=\"http:\/\/www.grieta.org.mx\/wp-content\/uploads\/2016\/08\/MG_96671-800x400.jpg\" data-orig-size=\"800,400\" data-comments-opened=\"0\" data-image-meta=\"{&quot;aperture&quot;:&quot;0&quot;,&quot;credit&quot;:&quot;&quot;,&quot;camera&quot;:&quot;&quot;,&quot;caption&quot;:&quot;&quot;,&quot;created_timestamp&quot;:&quot;0&quot;,&quot;copyright&quot;:&quot;&quot;,&quot;focal_length&quot;:&quot;0&quot;,&quot;iso&quot;:&quot;0&quot;,&quot;shutter_speed&quot;:&quot;0&quot;,&quot;title&quot;:&quot;&quot;,&quot;orientation&quot;:&quot;0&quot;}\" data-image-title=\"MG_96671-800&amp;#215;400\" data-image-description=\"\" data-image-caption=\"\" data-medium-file=\"http:\/\/www.grieta.org.mx\/wp-content\/uploads\/2016\/08\/MG_96671-800x400-300x150.jpg\" data-large-file=\"http:\/\/www.grieta.org.mx\/wp-content\/uploads\/2016\/08\/MG_96671-800x400.jpg\" \/><\/a>\n\t\t\t<\/div><\/figure><figure class='gallery-item'>\n\t\t\t<div class='gallery-icon landscape'>\n\t\t\t\t<a href='http:\/\/www.grieta.org.mx\/index.php\/2016\/07\/31\/dia-8-comparte-por-la-humanidad-cideci\/mg_96721-800x400\/'><img loading=\"lazy\" decoding=\"async\" width=\"300\" height=\"150\" src=\"http:\/\/www.grieta.org.mx\/wp-content\/uploads\/2016\/08\/MG_96721-800x400-300x150.jpg\" class=\"attachment-medium size-medium\" alt=\"\" srcset=\"http:\/\/www.grieta.org.mx\/wp-content\/uploads\/2016\/08\/MG_96721-800x400-300x150.jpg 300w, http:\/\/www.grieta.org.mx\/wp-content\/uploads\/2016\/08\/MG_96721-800x400-768x384.jpg 768w, http:\/\/www.grieta.org.mx\/wp-content\/uploads\/2016\/08\/MG_96721-800x400.jpg 800w\" sizes=\"auto, (max-width: 300px) 100vw, 300px\" data-attachment-id=\"18461\" data-permalink=\"http:\/\/www.grieta.org.mx\/index.php\/2016\/07\/31\/dia-8-comparte-por-la-humanidad-cideci\/mg_96721-800x400\/\" data-orig-file=\"http:\/\/www.grieta.org.mx\/wp-content\/uploads\/2016\/08\/MG_96721-800x400.jpg\" data-orig-size=\"800,400\" data-comments-opened=\"0\" data-image-meta=\"{&quot;aperture&quot;:&quot;0&quot;,&quot;credit&quot;:&quot;&quot;,&quot;camera&quot;:&quot;&quot;,&quot;caption&quot;:&quot;&quot;,&quot;created_timestamp&quot;:&quot;0&quot;,&quot;copyright&quot;:&quot;&quot;,&quot;focal_length&quot;:&quot;0&quot;,&quot;iso&quot;:&quot;0&quot;,&quot;shutter_speed&quot;:&quot;0&quot;,&quot;title&quot;:&quot;&quot;,&quot;orientation&quot;:&quot;0&quot;}\" data-image-title=\"MG_96721-800&amp;#215;400\" data-image-description=\"\" data-image-caption=\"\" data-medium-file=\"http:\/\/www.grieta.org.mx\/wp-content\/uploads\/2016\/08\/MG_96721-800x400-300x150.jpg\" data-large-file=\"http:\/\/www.grieta.org.mx\/wp-content\/uploads\/2016\/08\/MG_96721-800x400.jpg\" \/><\/a>\n\t\t\t<\/div><\/figure>\n\t\t<\/div>\n\n<p>Sabado 30 de julio.- Jovel-San Crist\u00f3bal de Las Casas, Chiapas. Finaliza el Festival \u201ccompARTE por la Humanidad\u201d en CIDECI-Unitierra, con mucha alegr\u00eda, fiesta, colores y sabores se da por terminado el festival compArte en lo que corresponde a la sede del CIDECI, ya que la fiesta, creatividad, arte y vida que nos compartir\u00e1n los compa\u00f1eros y las compa\u00f1eras Zapatistas seguir\u00e1n en los caracoles de la realidad, la garrucha, Morelia y Roberto barrios.<\/p>\n<p>Sin duda esta semana de arte y compartir estuvo llena de vida, esperanza y creatividad, donde nos encontramos, nos sentimos, y tocamos nuestros corazones y pensamientos. Desde las distintas geograf\u00edas estuvimos celebrando y construyendo lo que nos han ense\u00f1ado lxs compa\u00f1erxs zapatistas \u201cun mundo donde quepan muchos mundos\u201d<\/p>\n<p>Con esta felicidad de lo vivido durante esta semana, les compartimos los materiales de este d\u00eda para que sean escuchados por sus corazones y pensamientos, para compartirse, utilizarse y transformarse de manera libre.<\/p>\n<p>Todos los esfuerzos puestos van rindiendo claros frutos que podr\u00e1n escuchar al cerrar los ojos y abrirse a la experiencia de escuchar a quienes ha puesto todo su esfuerzo para dar luz y vida en medio de la tormenta.<\/p>\n<p>Desde Sakamchen de los Pobres, la ciudad de M\u00e9xico, Tijuana, Guatemala, Ciudad Ju\u00e1rez, Torre\u00f3n, Guerrero, Veracruz, Chile, Monterrey y Per\u00fa; \u00d3scar Chavez, Makila 69, Lengualerta, Yerbabuena, Roco, Pedro Mo, Psiques\u00f3nimas, Sonidero Sabotaje, Pante\u00f3n Rococo, Chintete, Manik B, Banda La Mixante\u00f1a de Santa Cecilia, La Orquesta Juvenil de San Crist\u00f3bal, Maix Xel Ha, Moyenei y dem\u00e1s compArtimos juntxs:<\/p>\n<audio class=\"wp-audio-shortcode\" id=\"audio-18402-1\" preload=\"none\" style=\"width: 100%;\" controls=\"controls\"><source type=\"audio\/mpeg\" src=\"http:\/\/radiozapatista.org\/Audios\/rzchiapas\/comandantxs.mp3?_=1\" \/><a href=\"http:\/\/radiozapatista.org\/Audios\/rzchiapas\/comandantxs.mp3\">http:\/\/radiozapatista.org\/Audios\/rzchiapas\/comandantxs.mp3<\/a><\/audio>\n<p>&nbsp;<\/p>\n<audio class=\"wp-audio-shortcode\" id=\"audio-18402-2\" preload=\"none\" style=\"width: 100%;\" controls=\"controls\"><source type=\"audio\/mpeg\" src=\"http:\/\/radiozapatista.org\/Audios\/rzchiapas\/capillauno.mp3?_=2\" \/><a href=\"http:\/\/radiozapatista.org\/Audios\/rzchiapas\/capillauno.mp3\">http:\/\/radiozapatista.org\/Audios\/rzchiapas\/capillauno.mp3<\/a><\/audio>\n<p>&nbsp;<\/p>\n<audio class=\"wp-audio-shortcode\" id=\"audio-18402-3\" preload=\"none\" style=\"width: 100%;\" controls=\"controls\"><source type=\"audio\/mpeg\" src=\"http:\/\/radiozapatista.org\/Audios\/rzchiapas\/soniderosabotaje.mp3?_=3\" \/><a href=\"http:\/\/radiozapatista.org\/Audios\/rzchiapas\/soniderosabotaje.mp3\">http:\/\/radiozapatista.org\/Audios\/rzchiapas\/soniderosabotaje.mp3<\/a><\/audio>\n<p>&nbsp;<\/p>\n<audio class=\"wp-audio-shortcode\" id=\"audio-18402-4\" preload=\"none\" style=\"width: 100%;\" controls=\"controls\"><source type=\"audio\/mpeg\" src=\"http:\/\/radiozapatista.org\/Audios\/rzchiapas\/roco.mp3?_=4\" \/><a href=\"http:\/\/radiozapatista.org\/Audios\/rzchiapas\/roco.mp3\">http:\/\/radiozapatista.org\/Audios\/rzchiapas\/roco.mp3<\/a><\/audio>\n<p>&nbsp;<\/p>\n<audio class=\"wp-audio-shortcode\" id=\"audio-18402-5\" preload=\"none\" style=\"width: 100%;\" controls=\"controls\"><source type=\"audio\/mpeg\" src=\"http:\/\/radiozapatista.org\/Audios\/rzchiapas\/orquestauno.mp3?_=5\" \/><a href=\"http:\/\/radiozapatista.org\/Audios\/rzchiapas\/orquestauno.mp3\">http:\/\/radiozapatista.org\/Audios\/rzchiapas\/orquestauno.mp3<\/a><\/audio>\n<p>&nbsp;<\/p>\n<audio class=\"wp-audio-shortcode\" id=\"audio-18402-6\" preload=\"none\" style=\"width: 100%;\" controls=\"controls\"><source type=\"audio\/mpeg\" src=\"http:\/\/radiozapatista.org\/Audios\/rzchiapas\/capillaojalaquelluevacafe.mp3?_=6\" \/><a href=\"http:\/\/radiozapatista.org\/Audios\/rzchiapas\/capillaojalaquelluevacafe.mp3\">http:\/\/radiozapatista.org\/Audios\/rzchiapas\/capillaojalaquelluevacafe.mp3<\/a><\/audio>\n<p>&nbsp;<\/p>\n<audio class=\"wp-audio-shortcode\" id=\"audio-18402-7\" preload=\"none\" style=\"width: 100%;\" controls=\"controls\"><source type=\"audio\/mpeg\" src=\"http:\/\/radiozapatista.org\/Audios\/rzchiapas\/makilados.mp3?_=7\" \/><a href=\"http:\/\/radiozapatista.org\/Audios\/rzchiapas\/makilados.mp3\">http:\/\/radiozapatista.org\/Audios\/rzchiapas\/makilados.mp3<\/a><\/audio>\n<p>&nbsp;<\/p>\n<audio class=\"wp-audio-shortcode\" id=\"audio-18402-8\" preload=\"none\" style=\"width: 100%;\" controls=\"controls\"><source type=\"audio\/mpeg\" src=\"http:\/\/radiozapatista.org\/Audios\/rzchiapas\/maixtres.mp3?_=8\" \/><a href=\"http:\/\/radiozapatista.org\/Audios\/rzchiapas\/maixtres.mp3\">http:\/\/radiozapatista.org\/Audios\/rzchiapas\/maixtres.mp3<\/a><\/audio>\n<p>&nbsp;<\/p>\n<audio class=\"wp-audio-shortcode\" id=\"audio-18402-9\" preload=\"none\" style=\"width: 100%;\" controls=\"controls\"><source type=\"audio\/mpeg\" src=\"http:\/\/radiozapatista.org\/Audios\/rzchiapas\/lengualertauno.mp3?_=9\" \/><a href=\"http:\/\/radiozapatista.org\/Audios\/rzchiapas\/lengualertauno.mp3\">http:\/\/radiozapatista.org\/Audios\/rzchiapas\/lengualertauno.mp3<\/a><\/audio>\n<p>&nbsp;<\/p>\n<audio class=\"wp-audio-shortcode\" id=\"audio-18402-10\" preload=\"none\" style=\"width: 100%;\" controls=\"controls\"><source type=\"audio\/mpeg\" src=\"http:\/\/radiozapatista.org\/Audios\/rzchiapas\/rococochavezuno.mp3?_=10\" \/><a href=\"http:\/\/radiozapatista.org\/Audios\/rzchiapas\/rococochavezuno.mp3\">http:\/\/radiozapatista.org\/Audios\/rzchiapas\/rococochavezuno.mp3<\/a><\/audio>\n<p>&nbsp;<\/p>\n<audio class=\"wp-audio-shortcode\" id=\"audio-18402-11\" preload=\"none\" style=\"width: 100%;\" controls=\"controls\"><source type=\"audio\/mpeg\" src=\"http:\/\/radiozapatista.org\/Audios\/rzchiapas\/makilatres.mp3?_=11\" \/><a href=\"http:\/\/radiozapatista.org\/Audios\/rzchiapas\/makilatres.mp3\">http:\/\/radiozapatista.org\/Audios\/rzchiapas\/makilatres.mp3<\/a><\/audio>\n<p>&nbsp;<\/p>\n<audio class=\"wp-audio-shortcode\" id=\"audio-18402-12\" preload=\"none\" style=\"width: 100%;\" controls=\"controls\"><source type=\"audio\/mpeg\" src=\"http:\/\/radiozapatista.org\/Audios\/rzchiapas\/lengualertados.mp3?_=12\" \/><a href=\"http:\/\/radiozapatista.org\/Audios\/rzchiapas\/lengualertados.mp3\">http:\/\/radiozapatista.org\/Audios\/rzchiapas\/lengualertados.mp3<\/a><\/audio>\n<p>&nbsp;<\/p>\n<audio class=\"wp-audio-shortcode\" id=\"audio-18402-13\" preload=\"none\" style=\"width: 100%;\" controls=\"controls\"><source type=\"audio\/mpeg\" src=\"http:\/\/radiozapatista.org\/Audios\/rzchiapas\/makilauno.mp3?_=13\" \/><a href=\"http:\/\/radiozapatista.org\/Audios\/rzchiapas\/makilauno.mp3\">http:\/\/radiozapatista.org\/Audios\/rzchiapas\/makilauno.mp3<\/a><\/audio>\n<p>&nbsp;<\/p>\n<audio class=\"wp-audio-shortcode\" id=\"audio-18402-14\" preload=\"none\" style=\"width: 100%;\" controls=\"controls\"><source type=\"audio\/mpeg\" src=\"http:\/\/radiozapatista.org\/Audios\/rzchiapas\/maixdos.mp3?_=14\" \/><a href=\"http:\/\/radiozapatista.org\/Audios\/rzchiapas\/maixdos.mp3\">http:\/\/radiozapatista.org\/Audios\/rzchiapas\/maixdos.mp3<\/a><\/audio>\n<p>&nbsp;<\/p>\n<audio class=\"wp-audio-shortcode\" id=\"audio-18402-15\" preload=\"none\" style=\"width: 100%;\" controls=\"controls\"><source type=\"audio\/mpeg\" src=\"http:\/\/radiozapatista.org\/Audios\/rzchiapas\/capillados.mp3?_=15\" \/><a href=\"http:\/\/radiozapatista.org\/Audios\/rzchiapas\/capillados.mp3\">http:\/\/radiozapatista.org\/Audios\/rzchiapas\/capillados.mp3<\/a><\/audio>\n<p>&nbsp;<\/p>\n<audio class=\"wp-audio-shortcode\" id=\"audio-18402-16\" preload=\"none\" style=\"width: 100%;\" controls=\"controls\"><source type=\"audio\/mpeg\" src=\"http:\/\/radiozapatista.org\/Audios\/rzchiapas\/lengualertauno.mp3?_=16\" \/><a href=\"http:\/\/radiozapatista.org\/Audios\/rzchiapas\/lengualertauno.mp3\">http:\/\/radiozapatista.org\/Audios\/rzchiapas\/lengualertauno.mp3<\/a><\/audio>\n<p>&nbsp;<\/p>\n<audio class=\"wp-audio-shortcode\" id=\"audio-18402-17\" preload=\"none\" style=\"width: 100%;\" controls=\"controls\"><source type=\"audio\/mpeg\" src=\"http:\/\/radiozapatista.org\/Audios\/rzchiapas\/moyeneidos.mp3?_=17\" \/><a href=\"http:\/\/radiozapatista.org\/Audios\/rzchiapas\/moyeneidos.mp3\">http:\/\/radiozapatista.org\/Audios\/rzchiapas\/moyeneidos.mp3<\/a><\/audio>\n<p>&nbsp;<\/p>\n<audio class=\"wp-audio-shortcode\" id=\"audio-18402-18\" preload=\"none\" style=\"width: 100%;\" controls=\"controls\"><source type=\"audio\/mpeg\" src=\"http:\/\/radiozapatista.org\/Audios\/rzchiapas\/maixuno.mp3?_=18\" \/><a href=\"http:\/\/radiozapatista.org\/Audios\/rzchiapas\/maixuno.mp3\">http:\/\/radiozapatista.org\/Audios\/rzchiapas\/maixuno.mp3<\/a><\/audio>\n<p>&nbsp;<\/p>\n<audio class=\"wp-audio-shortcode\" id=\"audio-18402-19\" preload=\"none\" style=\"width: 100%;\" controls=\"controls\"><source type=\"audio\/mpeg\" src=\"http:\/\/radiozapatista.org\/Audios\/rzchiapas\/moyeneiuno.mp3?_=19\" \/><a href=\"http:\/\/radiozapatista.org\/Audios\/rzchiapas\/moyeneiuno.mp3\">http:\/\/radiozapatista.org\/Audios\/rzchiapas\/moyeneiuno.mp3<\/a><\/audio>\n<p>&nbsp;<\/p>\n<audio class=\"wp-audio-shortcode\" id=\"audio-18402-20\" preload=\"none\" style=\"width: 100%;\" controls=\"controls\"><source type=\"audio\/mpeg\" src=\"http:\/\/radiozapatista.org\/Audios\/rzchiapas\/rococochavezdos.mp3?_=20\" \/><a href=\"http:\/\/radiozapatista.org\/Audios\/rzchiapas\/rococochavezdos.mp3\">http:\/\/radiozapatista.org\/Audios\/rzchiapas\/rococochavezdos.mp3<\/a><\/audio>\n<p>&nbsp;<\/p>\n<audio class=\"wp-audio-shortcode\" id=\"audio-18402-21\" preload=\"none\" style=\"width: 100%;\" controls=\"controls\"><source type=\"audio\/mpeg\" src=\"http:\/\/radiozapatista.org\/Audios\/rzchiapas\/lengualertatres.mp3?_=21\" \/><a href=\"http:\/\/radiozapatista.org\/Audios\/rzchiapas\/lengualertatres.mp3\">http:\/\/radiozapatista.org\/Audios\/rzchiapas\/lengualertatres.mp3<\/a><\/audio>\n<p>&nbsp;<\/p>\n<audio class=\"wp-audio-shortcode\" id=\"audio-18402-22\" preload=\"none\" style=\"width: 100%;\" controls=\"controls\"><source type=\"audio\/mpeg\" src=\"http:\/\/radiozapatista.org\/Audios\/rzchiapas\/orquestados.mp3?_=22\" \/><a href=\"http:\/\/radiozapatista.org\/Audios\/rzchiapas\/orquestados.mp3\">http:\/\/radiozapatista.org\/Audios\/rzchiapas\/orquestados.mp3<\/a><\/audio>\n<p>&nbsp;<\/p>\n<audio class=\"wp-audio-shortcode\" id=\"audio-18402-23\" preload=\"none\" style=\"width: 100%;\" controls=\"controls\"><source type=\"audio\/mpeg\" src=\"http:\/\/radiozapatista.org\/Audios\/rzchiapas\/capacidaddelasmujeres.mp3?_=23\" \/><a href=\"http:\/\/radiozapatista.org\/Audios\/rzchiapas\/capacidaddelasmujeres.mp3\">http:\/\/radiozapatista.org\/Audios\/rzchiapas\/capacidaddelasmujeres.mp3<\/a><\/audio>\n<p>&nbsp;<\/p>\n<audio class=\"wp-audio-shortcode\" id=\"audio-18402-24\" preload=\"none\" style=\"width: 100%;\" controls=\"controls\"><source type=\"audio\/mpeg\" src=\"http:\/\/radiozapatista.org\/Audios\/rzchiapas\/panteonrococotres.mp3?_=24\" \/><a href=\"http:\/\/radiozapatista.org\/Audios\/rzchiapas\/panteonrococotres.mp3\">http:\/\/radiozapatista.org\/Audios\/rzchiapas\/panteonrococotres.mp3<\/a><\/audio>\n<p><a href=\"http:\/\/radiozapatista.org\/?p=17054\" target=\"_blank\">http:\/\/radiozapatista.org\/?p=17054<\/a><\/p>\n","protected":false},"excerpt":{"rendered":"<p>Radio Zapatista Festival CompARTE por la humanidad 30 de julio de 2016 Cideci \/ Universidad de la Tierra Chiapas Sabado 30 de julio.- Jovel-San Crist\u00f3bal de Las Casas, Chiapas. Finaliza &hellip; <a href=\"http:\/\/www.grieta.org.mx\/index.php\/2016\/07\/31\/dia-8-comparte-por-la-humanidad-cideci\/\" class=\"more-link\">Leer m\u00e1s<\/a><\/p>\n","protected":false},"author":2,"featured_media":21928,"comment_status":"closed","ping_status":"closed","sticky":false,"template":"","format":"standard","meta":{"ngg_post_thumbnail":0,"_jetpack_newsletter_access":"","_jetpack_dont_email_post_to_subs":false,"_jetpack_newsletter_tier_id":0,"_jetpack_memberships_contains_paywalled_content":false,"_jetpack_memberships_contains_paid_content":false,"footnotes":""},"categories":[80,817],"tags":[818],"class_list":["post-18402","post","type-post","status-publish","format-standard","has-post-thumbnail","hentry","category-cintillo","category-festival-comparte-por-la-humanidad","tag-festival-comparte","entry"],"jetpack_featured_media_url":"http:\/\/www.grieta.org.mx\/wp-content\/uploads\/2018\/03\/14524434_1106112876131411_958039263622046936_o.jpg","jetpack_sharing_enabled":true,"jetpack_shortlink":"https:\/\/wp.me\/p7ZJR4-4MO","jetpack_likes_enabled":false,"jetpack-related-posts":[{"id":18735,"url":"http:\/\/www.grieta.org.mx\/index.php\/2016\/07\/30\/finaliza-el-festival-comparte-por-la-humanidad-en-cideci-unitierra-continua-ahora-en-los-caracoles-zapatistas\/","url_meta":{"origin":18402,"position":0},"title":"Finaliza el Festival \u201ccompARTE por la Humanidad\u201d en CIDECI-Unitierra. Contin\u00faa ahora en los caracoles zapatistas.","author":"grieta","date":"30 julio, 2016","format":false,"excerpt":"Sabado 30 de julio.- Radio Zapatista. Jovel-San Crist\u00f3bal de Las Casas, Chiapas. Finaliza el Festival \u201ccompARTE por la Humanidad\u201d en CIDECI-Unitierra, con mucha alegr\u00eda, fiesta, colores y sabores se da por terminado el festival compArte en lo que corresponde a la sede del CIDECI, ya que la fiesta, creatividad, arte\u2026","rel":"","context":"En &quot;CINTILLO&quot;","block_context":{"text":"CINTILLO","link":"http:\/\/www.grieta.org.mx\/index.php\/category\/cintillo\/"},"img":{"alt_text":"","src":"https:\/\/i0.wp.com\/www.grieta.org.mx\/wp-content\/uploads\/2018\/03\/14524434_1106112876131411_958039263622046936_o.jpg?resize=350%2C200","width":350,"height":200,"srcset":"https:\/\/i0.wp.com\/www.grieta.org.mx\/wp-content\/uploads\/2018\/03\/14524434_1106112876131411_958039263622046936_o.jpg?resize=350%2C200 1x, https:\/\/i0.wp.com\/www.grieta.org.mx\/wp-content\/uploads\/2018\/03\/14524434_1106112876131411_958039263622046936_o.jpg?resize=525%2C300 1.5x, https:\/\/i0.wp.com\/www.grieta.org.mx\/wp-content\/uploads\/2018\/03\/14524434_1106112876131411_958039263622046936_o.jpg?resize=700%2C400 2x"},"classes":[]},{"id":17621,"url":"http:\/\/www.grieta.org.mx\/index.php\/2016\/07\/24\/dia-1-comparte-por-la-humanidad-cideci\/","url_meta":{"origin":18402,"position":1},"title":"D\u00eda 1 \u2013 CompARTE por la humanidad \u2013 Cideci (Audios)","author":"grieta","date":"24 julio, 2016","format":false,"excerpt":"Radio Zapatista Festival CompARTE por la humanidad 23 de julio de 2016 Cideci \/ Universidad de la Tierra Chiapas Inicia el Festival CompArte en el Cideci-Unitierra Chiapas \u2026 \u201clas artes\u201d porque son ellas (y no la pol\u00edtica) quienes cavan en lo m\u00e1s profundo del ser humano y rescatan su esencia.\u2026","rel":"","context":"En &quot;CINTILLO&quot;","block_context":{"text":"CINTILLO","link":"http:\/\/www.grieta.org.mx\/index.php\/category\/cintillo\/"},"img":{"alt_text":"","src":"https:\/\/i0.wp.com\/www.grieta.org.mx\/wp-content\/uploads\/2018\/03\/14524434_1106112876131411_958039263622046936_o.jpg?resize=350%2C200","width":350,"height":200,"srcset":"https:\/\/i0.wp.com\/www.grieta.org.mx\/wp-content\/uploads\/2018\/03\/14524434_1106112876131411_958039263622046936_o.jpg?resize=350%2C200 1x, https:\/\/i0.wp.com\/www.grieta.org.mx\/wp-content\/uploads\/2018\/03\/14524434_1106112876131411_958039263622046936_o.jpg?resize=525%2C300 1.5x, https:\/\/i0.wp.com\/www.grieta.org.mx\/wp-content\/uploads\/2018\/03\/14524434_1106112876131411_958039263622046936_o.jpg?resize=700%2C400 2x"},"classes":[]},{"id":18527,"url":"http:\/\/www.grieta.org.mx\/index.php\/2016\/07\/30\/hip-hop-zapatista\/","url_meta":{"origin":18402,"position":2},"title":"Participaciones del EZLN en el festival CompArte. 29 de julio, Oventik","author":"grieta","date":"30 julio, 2016","format":false,"excerpt":"Festival compARTE por la humanidad - Comparte Zapatistas Compartici\u00f3n de bases de apoyo del EZLN. Oventic, Chiapas, M\u00e9xico... 29 de Julio 2016 Corrido Zapatista El Gavil\u00e1n y Jos\u00e9 en el #CompArte #Oventik #EZLN #Comparte #CompArte #CIDECI #zapatistas #orgullosamentezapatistas El Querreque Danza Zapatista en el #CompArte Las mujeres zapatistas cant\u00e1ndole a\u2026","rel":"","context":"En &quot;CINTILLO&quot;","block_context":{"text":"CINTILLO","link":"http:\/\/www.grieta.org.mx\/index.php\/category\/cintillo\/"},"img":{"alt_text":"","src":"https:\/\/i0.wp.com\/www.grieta.org.mx\/wp-content\/uploads\/2018\/03\/14524434_1106112876131411_958039263622046936_o.jpg?resize=350%2C200","width":350,"height":200,"srcset":"https:\/\/i0.wp.com\/www.grieta.org.mx\/wp-content\/uploads\/2018\/03\/14524434_1106112876131411_958039263622046936_o.jpg?resize=350%2C200 1x, https:\/\/i0.wp.com\/www.grieta.org.mx\/wp-content\/uploads\/2018\/03\/14524434_1106112876131411_958039263622046936_o.jpg?resize=525%2C300 1.5x, https:\/\/i0.wp.com\/www.grieta.org.mx\/wp-content\/uploads\/2018\/03\/14524434_1106112876131411_958039263622046936_o.jpg?resize=700%2C400 2x"},"classes":[]},{"id":17636,"url":"http:\/\/www.grieta.org.mx\/index.php\/2016\/07\/24\/dia-2-comparte-por-la-humanidad-cideci\/","url_meta":{"origin":18402,"position":3},"title":"D\u00eda 2 \u2013 CompARTE por la humanidad \u2013 Cideci (Audios)","author":"grieta","date":"24 julio, 2016","format":false,"excerpt":"Radio Zapatista Festival CompARTE por la humanidad 24 de julio de 2016 Cideci \/ Universidad de la Tierra Chiapas Domingo 24 de julio.- Jovel-San Crist\u00f3bal de Las Casas, Chiapas. Durante este segundo d\u00eda del Festival #CompArte por la Humanidad continuaron las comparticiones por parte de los y las compa\u00f1eras que\u2026","rel":"","context":"En &quot;CINTILLO&quot;","block_context":{"text":"CINTILLO","link":"http:\/\/www.grieta.org.mx\/index.php\/category\/cintillo\/"},"img":{"alt_text":"","src":"https:\/\/i0.wp.com\/www.grieta.org.mx\/wp-content\/uploads\/2018\/03\/14524434_1106112876131411_958039263622046936_o.jpg?resize=350%2C200","width":350,"height":200,"srcset":"https:\/\/i0.wp.com\/www.grieta.org.mx\/wp-content\/uploads\/2018\/03\/14524434_1106112876131411_958039263622046936_o.jpg?resize=350%2C200 1x, https:\/\/i0.wp.com\/www.grieta.org.mx\/wp-content\/uploads\/2018\/03\/14524434_1106112876131411_958039263622046936_o.jpg?resize=525%2C300 1.5x, https:\/\/i0.wp.com\/www.grieta.org.mx\/wp-content\/uploads\/2018\/03\/14524434_1106112876131411_958039263622046936_o.jpg?resize=700%2C400 2x"},"classes":[]},{"id":17839,"url":"http:\/\/www.grieta.org.mx\/index.php\/2016\/07\/26\/dia-3-comparte-por-la-humanidad-cideci\/","url_meta":{"origin":18402,"position":4},"title":"D\u00eda 3 \u2013 CompARTE por la humanidad \u2013 Cideci (Audios)","author":"grieta","date":"26 julio, 2016","format":false,"excerpt":"Radio Zapatista Festival CompARTE por la humanidad 25 de julio de 2016 Cideci \/ Universidad de la Tierra Chiapas Lunes 25 de julio.- Jovel-San Crist\u00f3bal de Las Casas, Chiapas. Es el tercer d\u00eda del #CompArte por la Humanidad y los cuerpos, sonidos y trazos siguen interviniendo el espacio, tiempo, los\u2026","rel":"","context":"En &quot;CINTILLO&quot;","block_context":{"text":"CINTILLO","link":"http:\/\/www.grieta.org.mx\/index.php\/category\/cintillo\/"},"img":{"alt_text":"","src":"https:\/\/i0.wp.com\/www.grieta.org.mx\/wp-content\/uploads\/2018\/03\/14524434_1106112876131411_958039263622046936_o.jpg?resize=350%2C200","width":350,"height":200,"srcset":"https:\/\/i0.wp.com\/www.grieta.org.mx\/wp-content\/uploads\/2018\/03\/14524434_1106112876131411_958039263622046936_o.jpg?resize=350%2C200 1x, https:\/\/i0.wp.com\/www.grieta.org.mx\/wp-content\/uploads\/2018\/03\/14524434_1106112876131411_958039263622046936_o.jpg?resize=525%2C300 1.5x, https:\/\/i0.wp.com\/www.grieta.org.mx\/wp-content\/uploads\/2018\/03\/14524434_1106112876131411_958039263622046936_o.jpg?resize=700%2C400 2x"},"classes":[]},{"id":18719,"url":"http:\/\/www.grieta.org.mx\/index.php\/2016\/08\/01\/festival-comparte-de-los-altos-de-chiapas-a-los-caracoles\/","url_meta":{"origin":18402,"position":5},"title":"Festival #CompArte, de los Altos de Chiapas a los #Caracoles","author":"grieta","date":"1 agosto, 2016","format":false,"excerpt":"Koman Ilel El Festival CompArte por la Humanidad, convocado por loas zapatistas, finaliz\u00f3 el s\u00e1bado 30 de julio en los Altos de Chiapas, para continuar en los caracoles de La Realidad, La Garrucha, Morelia y Roberto Barrios durante las pr\u00f3ximas dos semanas. Como bien explic\u00f3 la comandancia del EZLN en\u2026","rel":"","context":"En &quot;CINTILLO&quot;","block_context":{"text":"CINTILLO","link":"http:\/\/www.grieta.org.mx\/index.php\/category\/cintillo\/"},"img":{"alt_text":"","src":"https:\/\/i0.wp.com\/www.grieta.org.mx\/wp-content\/uploads\/2018\/03\/14524434_1106112876131411_958039263622046936_o.jpg?resize=350%2C200","width":350,"height":200,"srcset":"https:\/\/i0.wp.com\/www.grieta.org.mx\/wp-content\/uploads\/2018\/03\/14524434_1106112876131411_958039263622046936_o.jpg?resize=350%2C200 1x, https:\/\/i0.wp.com\/www.grieta.org.mx\/wp-content\/uploads\/2018\/03\/14524434_1106112876131411_958039263622046936_o.jpg?resize=525%2C300 1.5x, https:\/\/i0.wp.com\/www.grieta.org.mx\/wp-content\/uploads\/2018\/03\/14524434_1106112876131411_958039263622046936_o.jpg?resize=700%2C400 2x"},"classes":[]}],"_links":{"self":[{"href":"http:\/\/www.grieta.org.mx\/index.php\/wp-json\/wp\/v2\/posts\/18402","targetHints":{"allow":["GET"]}}],"collection":[{"href":"http:\/\/www.grieta.org.mx\/index.php\/wp-json\/wp\/v2\/posts"}],"about":[{"href":"http:\/\/www.grieta.org.mx\/index.php\/wp-json\/wp\/v2\/types\/post"}],"author":[{"embeddable":true,"href":"http:\/\/www.grieta.org.mx\/index.php\/wp-json\/wp\/v2\/users\/2"}],"replies":[{"embeddable":true,"href":"http:\/\/www.grieta.org.mx\/index.php\/wp-json\/wp\/v2\/comments?post=18402"}],"version-history":[{"count":1,"href":"http:\/\/www.grieta.org.mx\/index.php\/wp-json\/wp\/v2\/posts\/18402\/revisions"}],"predecessor-version":[{"id":18740,"href":"http:\/\/www.grieta.org.mx\/index.php\/wp-json\/wp\/v2\/posts\/18402\/revisions\/18740"}],"wp:featuredmedia":[{"embeddable":true,"href":"http:\/\/www.grieta.org.mx\/index.php\/wp-json\/wp\/v2\/media\/21928"}],"wp:attachment":[{"href":"http:\/\/www.grieta.org.mx\/index.php\/wp-json\/wp\/v2\/media?parent=18402"}],"wp:term":[{"taxonomy":"category","embeddable":true,"href":"http:\/\/www.grieta.org.mx\/index.php\/wp-json\/wp\/v2\/categories?post=18402"},{"taxonomy":"post_tag","embeddable":true,"href":"http:\/\/www.grieta.org.mx\/index.php\/wp-json\/wp\/v2\/tags?post=18402"}],"curies":[{"name":"wp","href":"https:\/\/api.w.org\/{rel}","templated":true}]}}