{"id":18364,"date":"2016-07-25T10:02:03","date_gmt":"2016-07-25T15:02:03","guid":{"rendered":"http:\/\/www.grieta.org.mx\/?p=18364"},"modified":"2016-08-01T10:07:57","modified_gmt":"2016-08-01T15:07:57","slug":"feminicidios-o-no-siguen-matando-mujeres-en-cancun-y-la-riviera-maya-una-decena-de-casos-en-lo-que-va-del-ano","status":"publish","type":"post","link":"http:\/\/www.grieta.org.mx\/index.php\/2016\/07\/25\/feminicidios-o-no-siguen-matando-mujeres-en-cancun-y-la-riviera-maya-una-decena-de-casos-en-lo-que-va-del-ano\/","title":{"rendered":"Feminicidios o no; siguen matando mujeres en Canc\u00fan y la Riviera Maya. Una decena de casos en lo que va del a\u00f1o"},"content":{"rendered":"<p> Fabiola Cort\u00e9s Miranda<\/p>\n<p>CANC\u00daN, MX.- Feminicidios o no, en Canc\u00fan y la Riviera Maya las mujeres siguen siendo v\u00edctima de violentos homicidios, los dos \u00faltimos, con tintes de asesinatos por raz\u00f3n de g\u00e9nero, ya que las mujeres presentaban a simple vista signos de violencia sexual y sus cuerpos fueron dejados semidesnudos.<br \/>\n Esta ma\u00f1ana, fue localizado en Canc\u00fan el cuerpo de una mujer en un vivero de la Regi\u00f3n 218, frente a una tienda departamental ubicada entre las avenidas Talleres y Chac Mool.<\/p>\n<p>La occisa fue identificada como Margarita E.S. de 19 a\u00f1os; estaba completamente desnuda y ten\u00eda la cara y cabeza destrozados, encontr\u00e1ndose en el lugar una piedra con la que aparentemente fue agredida. <\/p>\n<p>Apenas el s\u00e1bado pasado, una joven  de 25 a\u00f1os, fue asesinada de ocho pu\u00f1aladas y ultrajada sexualmente, por sujetos que ingresaron a su vivienda en un edificio del fraccionamiento Mundo H\u00e1bitat.<\/p>\n<p>De acuerdo a la edici\u00f3n de hoy del peri\u00f3dico Por Esto, vecinos llamaron al centro de control C4 al escuchar gritos de la joven, pero no obtuvieron respuesta sino hasta despu\u00e9s de m\u00faltiples intentos, aunque jam\u00e1s arrib\u00f3 una patrulla. Fue el domingo a las 6 de la ma\u00f1ana que el novio de la occisa lleg\u00f3 a su domicilio y la encontr\u00f3 muerta.<\/p>\n<p>El 4 de julio pasado, una mesera de la taquer\u00eda Billy the Kid, ubicada en el centro de Playa del Carmen, fue asesinada por su ex pareja, quien tom\u00f3 un cuchillo que estaba en el local y asesin\u00f3 a la mujer porque se negaba a volver con \u00e9l. La mujer hab\u00eda interpuesto dos denuncias en contra de su ex pareja por violencia familiar. La v\u00edctima dej\u00f3 a cuatro hijos en la orfandad.<\/p>\n<p>Un d\u00eda despu\u00e9s, el 5 de julio, los cuerpos de una madre de familia y el de su peque\u00f1o hijo de 5 a\u00f1os, fueron hallados con marcas de agresiones causadas con un cuchillo, dentro de su domicilio, ubicado en el fraccionamiento Ciudad Natura, en la supermanzana 260, en Canc\u00fan. La mujer de 25 a\u00f1os fue degollada, en tanto que el ni\u00f1o ten\u00eda un cuchillo clavado en la cabeza.<\/p>\n<p>En Chetumal, la capital del estado, el 30 de abril, Erandi Hern\u00e1ndez P\u00e9rez, perito contable en la Subprocuradur\u00eda de Justicia, en Canc\u00fan, fue asesinada, y su cuerpo fue hallado en un paraje de la carretera Valladolid Nuevo-Kantunilk\u00edn; siendo su novio, el principal sospechoso.<\/p>\n<p>El 28 de mayo pasado otra mujer fue encontrada muerta dentro de una de las habitaciones del Hotel Playa del Carmen; la v\u00edctima fue identificada como Leydi M. de 39 a\u00f1os, quien radicaba en el poblado de Akumal. Por este hecho la Polic\u00eda Ministerial detuvo a Pablo Ger\u00f3nimo N, como presunto responsable, quien habr\u00eda conocido a la mujer luego de prestarle un servicio de transportaci\u00f3n.<\/p>\n<p>Hasta marzo del 2016, se hab\u00edan registrado por lo menos seis asesinatos de mujeres en Canc\u00fan, Playa del Carmen y Tulum.<\/p>\n<p> Adem\u00e1s, el 17 de abril se dio a conocer el hallazgo del cuerpo descuartizado de una mujer, el cual fue dejado en dos maletas que fueron abandonadas en el centro de Playa del Carmen, en la terminal de colectivos que enlazan esta ciudad tur\u00edstica con Canc\u00fan, Tulum y Felipe Carrillo Puerto.<\/p>\n<p>Las maletas estaban afuera de una fonda sin que nadie se interesara por ellas, por lo que choferes de las camionetas preguntaron a los pasajeros sobre la propiedad del equipaje, pero nadie dijo ser el due\u00f1o, minutos despu\u00e9s los dependientes de una fonda trataron de levantar las maletas, pero su peso result\u00f3 sospechoso, por lo que abrieron uno de los cierres principales, avistando la punta del pie, al parecer de una mujer. Por el feminicidio fue detenido el novio de la v\u00edctima.<\/p>\n<p> Durante este a\u00f1o, en Canc\u00fan, se han perpetrado los siguientes homicidios violentos en agravio de mujeres:<\/p>\n<p>El 13 de enero de este a\u00f1o, una ni\u00f1a de 7 a\u00f1os de edad identificada como R.E.N.G. fue violada y estrangulada al interior de su vivienda, presuntamente por su padre, quien fue detenido y enfrenta un proceso penal.<\/p>\n<p>El 7 de marzo el cuerpo de V.D.P. fue encontrado en un \u00e1rea verde de la colonia El Pedregal, la mujer fue estrangulada.<\/p>\n<p>El 10 de marzo fue hallado el cuerpo de Mar\u00eda Isabel Torres Cruz, quien muri\u00f3 a consecuencia de m\u00faltiples golpes que recibi\u00f3 en la cabeza. Por el homicidio, la Polic\u00eda detuvo a integrantes de la banda delictiva Los Pelones, quienes presuntamente asesinaron a la joven por vender drogas de manera independiente.<\/p>\n<p>El 5 de mayo, una joven identificada con las iniciales G.J.M.O fue degollada dentro de su vivienda en la regi\u00f3n 260, mientras que su hijo de cuatro a\u00f1os tambi\u00e9n perdi\u00f3 la vida tras recibir varias pu\u00f1aladas, una de \u00e9stas en la cabeza. Por los hechos, la ex pareja de la mujer, Jes\u00fas R.P., fue vinculado a proceso.  <\/p>\n<p>El 29 de mayo fue encontrado el cuerpo de J.A.P.O. en el ba\u00f1o de una vivienda en la regi\u00f3n 256, presentaba varias pu\u00f1aladas. El homicidio contin\u00faa impune.<\/p>\n<p>El 19 de junio E.B.L. fue asesinada a pu\u00f1aladas por su ex pareja en la colonia Bethel, en la regi\u00f3n 241, sin que la Polic\u00eda tenga alg\u00fan avance en la investigaci\u00f3n.<br \/>\nAunque la Secretar\u00eda de Gobernaci\u00f3n ya tiene un informe del grupo de expertas convocadas por la Comisi\u00f3n Nacional para Prevenir y Erradicar la Violencia Contra las Mujeres (CONAVIM), sobre la situaci\u00f3n de las mujeres en Quintana Roo, la dependencia a cargo de Miguel \u00c1ngel Osorio Chong contin\u00faa \u201canalizando\u201d si recomienda emitir la alerta de g\u00e9nero en cinco municipios del estado.<\/p>\n<p><a href=\"http:\/\/noticaribenews.blogspot.mx\/2016\/07\/feminicidios-o-no-siguen-matando.html\" target=\"_blank\">http:\/\/noticaribenews.blogspot.mx\/2016\/07\/feminicidios-o-no-siguen-matando.html<\/a><\/p>\n","protected":false},"excerpt":{"rendered":"<p>Fabiola Cort\u00e9s Miranda CANC\u00daN, MX.- Feminicidios o no, en Canc\u00fan y la Riviera Maya las mujeres siguen siendo v\u00edctima de violentos homicidios, los dos \u00faltimos, con tintes de asesinatos por &hellip; <a href=\"http:\/\/www.grieta.org.mx\/index.php\/2016\/07\/25\/feminicidios-o-no-siguen-matando-mujeres-en-cancun-y-la-riviera-maya-una-decena-de-casos-en-lo-que-va-del-ano\/\" class=\"more-link\">Leer m\u00e1s<\/a><\/p>\n","protected":false},"author":2,"featured_media":21928,"comment_status":"closed","ping_status":"closed","sticky":false,"template":"","format":"standard","meta":{"ngg_post_thumbnail":0,"_jetpack_newsletter_access":"","_jetpack_dont_email_post_to_subs":false,"_jetpack_newsletter_tier_id":0,"_jetpack_memberships_contains_paywalled_content":false,"_jetpack_memberships_contains_paid_content":false,"footnotes":""},"categories":[80,151],"tags":[81],"class_list":["post-18364","post","type-post","status-publish","format-standard","has-post-thumbnail","hentry","category-cintillo","category-quintana-roo","tag-feminicidios","entry"],"jetpack_featured_media_url":"http:\/\/www.grieta.org.mx\/wp-content\/uploads\/2018\/03\/14524434_1106112876131411_958039263622046936_o.jpg","jetpack_sharing_enabled":true,"jetpack_shortlink":"https:\/\/wp.me\/p7ZJR4-4Mc","jetpack_likes_enabled":false,"jetpack-related-posts":[{"id":5710,"url":"http:\/\/www.grieta.org.mx\/index.php\/2016\/08\/03\/feminicidios-en-quintana-roo\/","url_meta":{"origin":18364,"position":0},"title":"Feminicidios en Quintana Roo","author":"grieta","date":"3 agosto, 2016","format":false,"excerpt":"03\/08\/16. Otro feminicidio en Canc\u00fan y otra manifestaci\u00f3n ignorada por las autoridades NoticaribeNews 25\/07\/16. Feminicidios o no; siguen matando mujeres en Canc\u00fan y la Riviera Maya. Una decena de casos en lo que va del a\u00f1o NoticaribeNews 24\/04\/16. Alcanzan feminicidios a mujeres extranjeras en la Riviera Maya. Detienen a sujeto\u2026","rel":"","context":"En &quot;Feminicidios&quot;","block_context":{"text":"Feminicidios","link":"http:\/\/www.grieta.org.mx\/index.php\/category\/temas-nacionales\/feminicidios\/"},"img":{"alt_text":"","src":"https:\/\/i0.wp.com\/www.grieta.org.mx\/wp-content\/uploads\/2018\/03\/14524434_1106112876131411_958039263622046936_o.jpg?resize=350%2C200","width":350,"height":200,"srcset":"https:\/\/i0.wp.com\/www.grieta.org.mx\/wp-content\/uploads\/2018\/03\/14524434_1106112876131411_958039263622046936_o.jpg?resize=350%2C200 1x, https:\/\/i0.wp.com\/www.grieta.org.mx\/wp-content\/uploads\/2018\/03\/14524434_1106112876131411_958039263622046936_o.jpg?resize=525%2C300 1.5x, https:\/\/i0.wp.com\/www.grieta.org.mx\/wp-content\/uploads\/2018\/03\/14524434_1106112876131411_958039263622046936_o.jpg?resize=700%2C400 2x"},"classes":[]},{"id":18386,"url":"http:\/\/www.grieta.org.mx\/index.php\/2016\/04\/24\/alcanzan-feminicidios-a-mujeres-extranjeras-en-la-riviera-maya-detienen-a-sujeto-que-enmaleto-a-su-novia-canadiense\/","url_meta":{"origin":18364,"position":1},"title":"Alcanzan feminicidios a mujeres extranjeras en la Riviera Maya. Detienen a sujeto que \u201cenmalet\u00f3\u201d a su novia canadiense","author":"grieta","date":"24 abril, 2016","format":false,"excerpt":"PLAYA DEL CARMEN, MX.- El clima de agresi\u00f3n contra las mujeres en Quintana Roo ha alcanzado a las turistas y residentes extranjeras. La madrugada del domingo pasado fueron halladas dos maletas que conten\u00edan el cuerpo cercenado de una mujer. El \u201cequipaje\u201d fue dejado en el centro de Playa del Carmen,\u2026","rel":"","context":"En &quot;CINTILLO&quot;","block_context":{"text":"CINTILLO","link":"http:\/\/www.grieta.org.mx\/index.php\/category\/cintillo\/"},"img":{"alt_text":"","src":"https:\/\/i0.wp.com\/www.grieta.org.mx\/wp-content\/uploads\/2018\/03\/14524434_1106112876131411_958039263622046936_o.jpg?resize=350%2C200","width":350,"height":200,"srcset":"https:\/\/i0.wp.com\/www.grieta.org.mx\/wp-content\/uploads\/2018\/03\/14524434_1106112876131411_958039263622046936_o.jpg?resize=350%2C200 1x, https:\/\/i0.wp.com\/www.grieta.org.mx\/wp-content\/uploads\/2018\/03\/14524434_1106112876131411_958039263622046936_o.jpg?resize=525%2C300 1.5x, https:\/\/i0.wp.com\/www.grieta.org.mx\/wp-content\/uploads\/2018\/03\/14524434_1106112876131411_958039263622046936_o.jpg?resize=700%2C400 2x"},"classes":[]},{"id":56198,"url":"http:\/\/www.grieta.org.mx\/index.php\/2021\/01\/09\/feministas-se-manifiestan-para-recordar-represion-policial-en-cancun\/","url_meta":{"origin":18364,"position":2},"title":"Feministas se manifiestan para recordar represi\u00f3n policial en Canc\u00fan","author":"grieta","date":"9 enero, 2021","format":false,"excerpt":"Alonso Cupul \/ MegaNews CANC\u00daN.- Nuevamente el Palacio Municipal de Benito Ju\u00e1rez y la Plaza de la Reforma, se convirtieron en el escenario de una manifestaci\u00f3n feminista para recordar la represi\u00f3n policial del pasado 9 de noviembre del 2020, cuando decenas de mujeres y hombres ped\u00edan justicia por los feminicidios.\u2026","rel":"","context":"En &quot;CINTILLO&quot;","block_context":{"text":"CINTILLO","link":"http:\/\/www.grieta.org.mx\/index.php\/category\/cintillo\/"},"img":{"alt_text":"","src":"https:\/\/i0.wp.com\/www.grieta.org.mx\/wp-content\/uploads\/2021\/01\/FeministasCancun.png?resize=350%2C200","width":350,"height":200,"srcset":"https:\/\/i0.wp.com\/www.grieta.org.mx\/wp-content\/uploads\/2021\/01\/FeministasCancun.png?resize=350%2C200 1x, https:\/\/i0.wp.com\/www.grieta.org.mx\/wp-content\/uploads\/2021\/01\/FeministasCancun.png?resize=525%2C300 1.5x, https:\/\/i0.wp.com\/www.grieta.org.mx\/wp-content\/uploads\/2021\/01\/FeministasCancun.png?resize=700%2C400 2x"},"classes":[]},{"id":23810,"url":"http:\/\/www.grieta.org.mx\/index.php\/2018\/06\/18\/estudiantes-protestan-por-violencia-y-feminicidios-en-cancun\/","url_meta":{"origin":18364,"position":3},"title":"Estudiantes protestan por violencia y feminicidios en Canc\u00fan","author":"grieta","date":"18 junio, 2018","format":false,"excerpt":"CANC\u00daN, Q.ROO.- Estudiantes y familiares de v\u00edctimas de violencia contra la mujer protestaron a la afueras del Ayuntamiento de Benito Ju\u00e1rez para exigir que las autoridades investiguen a profundidad y parar la violencia en el destino tur\u00edstico. Con mantas que exig\u00edan justicia para las v\u00edctimas de feminicidios m\u00e1s de 20\u2026","rel":"","context":"En &quot;CINTILLO&quot;","block_context":{"text":"CINTILLO","link":"http:\/\/www.grieta.org.mx\/index.php\/category\/cintillo\/"},"img":{"alt_text":"","src":"https:\/\/i0.wp.com\/www.grieta.org.mx\/wp-content\/uploads\/2018\/06\/ProtestaFeminicidiosCancun2.png?resize=350%2C200","width":350,"height":200,"srcset":"https:\/\/i0.wp.com\/www.grieta.org.mx\/wp-content\/uploads\/2018\/06\/ProtestaFeminicidiosCancun2.png?resize=350%2C200 1x, https:\/\/i0.wp.com\/www.grieta.org.mx\/wp-content\/uploads\/2018\/06\/ProtestaFeminicidiosCancun2.png?resize=525%2C300 1.5x"},"classes":[]},{"id":5724,"url":"http:\/\/www.grieta.org.mx\/index.php\/2015\/11\/02\/miles-marchan-en-cancun-contra-feminicidios-y-horas-despues-asesinan-a-otra-mujer\/","url_meta":{"origin":18364,"position":4},"title":"Miles marchan en Canc\u00fan contra feminicidios y horas despu\u00e9s asesinan a otra mujer","author":"grieta","date":"2 noviembre, 2015","format":false,"excerpt":"Ciudad de M\u00e9xico, 2 de noviembre (SinEmbargo).- Unas cuantas horas despu\u00e9s de que aproximadamente 5 mil personas marcharon contra los feminicidios en Canc\u00fan, Quintana Roo, una joven fue encontrada apu\u00f1alada hoy por la ma\u00f1ana, con lo que ya suman tres homicidios de mujeres en menos de un mes. Ayer, la\u2026","rel":"","context":"En &quot;CINTILLO&quot;","block_context":{"text":"CINTILLO","link":"http:\/\/www.grieta.org.mx\/index.php\/category\/cintillo\/"},"img":{"alt_text":"","src":"https:\/\/i0.wp.com\/www.grieta.org.mx\/wp-content\/uploads\/2018\/03\/14524434_1106112876131411_958039263622046936_o.jpg?resize=350%2C200","width":350,"height":200,"srcset":"https:\/\/i0.wp.com\/www.grieta.org.mx\/wp-content\/uploads\/2018\/03\/14524434_1106112876131411_958039263622046936_o.jpg?resize=350%2C200 1x, https:\/\/i0.wp.com\/www.grieta.org.mx\/wp-content\/uploads\/2018\/03\/14524434_1106112876131411_958039263622046936_o.jpg?resize=525%2C300 1.5x, https:\/\/i0.wp.com\/www.grieta.org.mx\/wp-content\/uploads\/2018\/03\/14524434_1106112876131411_958039263622046936_o.jpg?resize=700%2C400 2x"},"classes":[]},{"id":5735,"url":"http:\/\/www.grieta.org.mx\/index.php\/2015\/10\/31\/exigimos-que-se-investiguen-y-sancionen-los-feminicidios-cometidos-en-cancun-quintana-roo\/","url_meta":{"origin":18364,"position":5},"title":"Exigimos que se investiguen y sancionen los feminicidios cometidos en Canc\u00fan, Quintana Roo","author":"grieta","date":"31 octubre, 2015","format":false,"excerpt":"La Red de Feministas Peninsulares, integrada por feministas organizadas de Quintana Roo, Yucat\u00e1n y Campeche, convoca a las asociaciones civiles, colectivas y ciudadan\u00eda en General a unirse y expresar la profunda pena e indignaci\u00f3n por los feminicidios cometidos en la Ciudad de Canc\u00fan, Quintana Roo. Demandamos una respuesta inmediata del\u2026","rel":"","context":"En &quot;CINTILLO&quot;","block_context":{"text":"CINTILLO","link":"http:\/\/www.grieta.org.mx\/index.php\/category\/cintillo\/"},"img":{"alt_text":"","src":"https:\/\/i0.wp.com\/www.grieta.org.mx\/wp-content\/uploads\/2018\/03\/14524434_1106112876131411_958039263622046936_o.jpg?resize=350%2C200","width":350,"height":200,"srcset":"https:\/\/i0.wp.com\/www.grieta.org.mx\/wp-content\/uploads\/2018\/03\/14524434_1106112876131411_958039263622046936_o.jpg?resize=350%2C200 1x, https:\/\/i0.wp.com\/www.grieta.org.mx\/wp-content\/uploads\/2018\/03\/14524434_1106112876131411_958039263622046936_o.jpg?resize=525%2C300 1.5x, https:\/\/i0.wp.com\/www.grieta.org.mx\/wp-content\/uploads\/2018\/03\/14524434_1106112876131411_958039263622046936_o.jpg?resize=700%2C400 2x"},"classes":[]}],"_links":{"self":[{"href":"http:\/\/www.grieta.org.mx\/index.php\/wp-json\/wp\/v2\/posts\/18364","targetHints":{"allow":["GET"]}}],"collection":[{"href":"http:\/\/www.grieta.org.mx\/index.php\/wp-json\/wp\/v2\/posts"}],"about":[{"href":"http:\/\/www.grieta.org.mx\/index.php\/wp-json\/wp\/v2\/types\/post"}],"author":[{"embeddable":true,"href":"http:\/\/www.grieta.org.mx\/index.php\/wp-json\/wp\/v2\/users\/2"}],"replies":[{"embeddable":true,"href":"http:\/\/www.grieta.org.mx\/index.php\/wp-json\/wp\/v2\/comments?post=18364"}],"version-history":[{"count":1,"href":"http:\/\/www.grieta.org.mx\/index.php\/wp-json\/wp\/v2\/posts\/18364\/revisions"}],"predecessor-version":[{"id":18371,"href":"http:\/\/www.grieta.org.mx\/index.php\/wp-json\/wp\/v2\/posts\/18364\/revisions\/18371"}],"wp:featuredmedia":[{"embeddable":true,"href":"http:\/\/www.grieta.org.mx\/index.php\/wp-json\/wp\/v2\/media\/21928"}],"wp:attachment":[{"href":"http:\/\/www.grieta.org.mx\/index.php\/wp-json\/wp\/v2\/media?parent=18364"}],"wp:term":[{"taxonomy":"category","embeddable":true,"href":"http:\/\/www.grieta.org.mx\/index.php\/wp-json\/wp\/v2\/categories?post=18364"},{"taxonomy":"post_tag","embeddable":true,"href":"http:\/\/www.grieta.org.mx\/index.php\/wp-json\/wp\/v2\/tags?post=18364"}],"curies":[{"name":"wp","href":"https:\/\/api.w.org\/{rel}","templated":true}]}}