{"id":1833,"date":"2015-12-03T21:56:47","date_gmt":"2015-12-03T21:56:47","guid":{"rendered":"http:\/\/50.22.11.12\/~grietaor\/?p=1833"},"modified":"2016-03-09T21:58:55","modified_gmt":"2016-03-09T21:58:55","slug":"los-xicale-confirman-que-mantendran-su-activismo-politico","status":"publish","type":"post","link":"http:\/\/www.grieta.org.mx\/index.php\/2015\/12\/03\/los-xicale-confirman-que-mantendran-su-activismo-politico\/","title":{"rendered":"Los Xicale confirman que mantendr\u00e1n su activismo pol\u00edtico"},"content":{"rendered":"<p>diciembre 03, 2015<br \/>\nArturo Manzano<\/p>\n<p>San Pedro Cholula, Pue.- Tras haber salido de la c\u00e1rcel luego de m\u00e1s de un a\u00f1o de reclusi\u00f3n por oponerse a la construcci\u00f3n del Parque Intermunicipal de Cholula, Ad\u00e1n y Paul Xicale dejaron en claro que no buscan revanchismos y adelantan que seguir\u00e1n en su activismo para lograr la liberaci\u00f3n de los presos pol\u00edticos.<\/p>\n<p>Durante el Foro Ciudadano sobre \u201cMovilidad Rural, Reformas Municipales, Deuda P\u00fablica, Pobreza y Presos Pol\u00edticos\u201d, enviaron un mensaje al edil de San Andr\u00e9s Cholula, Leoncio Paisano Arias, a quien acusaron de traici\u00f3n a la salida del penal: \u201cle invito a que retome el camino de la legalidad, que retome el camino de la realidad social que se est\u00e1 viviendo en San Andr\u00e9s y que rectifique su camino\u201d.<\/p>\n<p>Ad\u00e1n Xicale, padre de Paul, se\u00f1al\u00f3 que pese a que vivieron la reclusi\u00f3n injusta por m\u00e1s de un a\u00f1o, no tienen odio y dijo que est\u00e1n tranquilos y concentrados en seguir en la lucha de las causas sociales.<\/p>\n<p>Expresaron su solidaridad a las personas que est\u00e1n recluidas por oponerse a los proyectos promovidos desde la administraci\u00f3n estatal y mantenerse en la lucha social. Les pidi\u00f3 aguantar, mantener firma la bandera y estar confiados en que van a recuperar la libertad.<\/p>\n<p>Detall\u00f3 que en la medida de sus posibilidades van a apoyar sus causas, por medio de visitas para darles palabras de aliento.    <\/p>\n<p>Insisti\u00f3 que lo ocurrido con su caso confirma que el Ministerio P\u00fablico sirve para reprimir y el Poder Judicial para tener a la gente en la c\u00e1rcel.<\/p>\n<p><a href=\"http:\/\/municipiospuebla.com.mx\/nota\/2015-12-03\/san-pedro-cholula\/los-xicale-confirman-que-mantendr\u00e1n-su-activismo-pol%C3%ADtico\" target=\"_blank\">http:\/\/municipiospuebla.com.mx\/nota\/2015-12-03\/san-pedro-cholula\/los-xicale-confirman-que-mantendr\u00e1n-su-activismo-pol%C3%ADtico<\/a><\/p>\n","protected":false},"excerpt":{"rendered":"<p>diciembre 03, 2015 Arturo Manzano San Pedro Cholula, Pue.- Tras haber salido de la c\u00e1rcel luego de m\u00e1s de un a\u00f1o de reclusi\u00f3n por oponerse a la construcci\u00f3n del Parque &hellip; <a href=\"http:\/\/www.grieta.org.mx\/index.php\/2015\/12\/03\/los-xicale-confirman-que-mantendran-su-activismo-politico\/\" class=\"more-link\">Leer m\u00e1s<\/a><\/p>\n","protected":false},"author":2,"featured_media":21928,"comment_status":"closed","ping_status":"open","sticky":false,"template":"","format":"standard","meta":{"ngg_post_thumbnail":0,"_jetpack_newsletter_access":"","_jetpack_dont_email_post_to_subs":false,"_jetpack_newsletter_tier_id":0,"_jetpack_memberships_contains_paywalled_content":false,"_jetpack_memberships_contains_paid_content":false,"footnotes":""},"categories":[80],"tags":[213],"class_list":["post-1833","post","type-post","status-publish","format-standard","has-post-thumbnail","hentry","category-cintillo","tag-cholula","entry"],"jetpack_featured_media_url":"http:\/\/www.grieta.org.mx\/wp-content\/uploads\/2018\/03\/14524434_1106112876131411_958039263622046936_o.jpg","jetpack_sharing_enabled":true,"jetpack_shortlink":"https:\/\/wp.me\/p7ZJR4-tz","jetpack_likes_enabled":false,"jetpack-related-posts":[{"id":1830,"url":"http:\/\/www.grieta.org.mx\/index.php\/2015\/12\/01\/opositores-a-proyecto-en-cholula-libres\/","url_meta":{"origin":1833,"position":0},"title":"Opositores a proyecto en Cholula, libres","author":"grieta","date":"1 diciembre, 2015","format":false,"excerpt":"diciembre 01, 2015 Yadira Llaven, Puebla Con el pago de una fianza de 50 mil pesos, anoche fueron liberados los activistas poblanos Ad\u00e1n Xicale Huitle y Paul Xicale Coyopol \u2013opositores al proyecto tur\u00edstico que el gobierno del estado pretende construir sobre los vestigios arqueol\u00f3gicos de Cholula\u2013, quienes permanecieron en prisi\u00f3n\u2026","rel":"","context":"En &quot;CINTILLO&quot;","block_context":{"text":"CINTILLO","link":"http:\/\/www.grieta.org.mx\/index.php\/category\/cintillo\/"},"img":{"alt_text":"","src":"https:\/\/i0.wp.com\/www.grieta.org.mx\/wp-content\/uploads\/2018\/03\/14524434_1106112876131411_958039263622046936_o.jpg?resize=350%2C200","width":350,"height":200,"srcset":"https:\/\/i0.wp.com\/www.grieta.org.mx\/wp-content\/uploads\/2018\/03\/14524434_1106112876131411_958039263622046936_o.jpg?resize=350%2C200 1x, https:\/\/i0.wp.com\/www.grieta.org.mx\/wp-content\/uploads\/2018\/03\/14524434_1106112876131411_958039263622046936_o.jpg?resize=525%2C300 1.5x, https:\/\/i0.wp.com\/www.grieta.org.mx\/wp-content\/uploads\/2018\/03\/14524434_1106112876131411_958039263622046936_o.jpg?resize=700%2C400 2x"},"classes":[]},{"id":1774,"url":"http:\/\/www.grieta.org.mx\/index.php\/2015\/04\/02\/dilacion-de-la-pgj-en-juzgado-de-cholula-para-prorrogar-encarcelamiento-de-los-xicale\/","url_meta":{"origin":1833,"position":1},"title":"Dilaci\u00f3n de la PGJ en juzgado de Cholula, para prorrogar encarcelamiento de los Xicale","author":"grieta","date":"2 abril, 2015","format":false,"excerpt":"abril 02, 2015 Yadira Llaven Anzures, Puebla Este mi\u00e9rcoles fue aplazada la audiencia de los presos pol\u00edticos Ad\u00e1n y Paul Xicale, porque no estuvo presente el perito que ten\u00eda la \u00fanica funci\u00f3n de meter el disco compacto a una computadora para la revisi\u00f3n de una videograbaci\u00f3n. La audiencia estaba programada\u2026","rel":"","context":"En &quot;CINTILLO&quot;","block_context":{"text":"CINTILLO","link":"http:\/\/www.grieta.org.mx\/index.php\/category\/cintillo\/"},"img":{"alt_text":"","src":"https:\/\/i0.wp.com\/www.grieta.org.mx\/wp-content\/uploads\/2018\/03\/14524434_1106112876131411_958039263622046936_o.jpg?resize=350%2C200","width":350,"height":200,"srcset":"https:\/\/i0.wp.com\/www.grieta.org.mx\/wp-content\/uploads\/2018\/03\/14524434_1106112876131411_958039263622046936_o.jpg?resize=350%2C200 1x, https:\/\/i0.wp.com\/www.grieta.org.mx\/wp-content\/uploads\/2018\/03\/14524434_1106112876131411_958039263622046936_o.jpg?resize=525%2C300 1.5x, https:\/\/i0.wp.com\/www.grieta.org.mx\/wp-content\/uploads\/2018\/03\/14524434_1106112876131411_958039263622046936_o.jpg?resize=700%2C400 2x"},"classes":[]},{"id":1827,"url":"http:\/\/www.grieta.org.mx\/index.php\/2015\/10\/08\/liberan-a-teodulo-cuaya-teutle-tras-liquidar-la-fianza-por-el-delito-de-motin\/","url_meta":{"origin":1833,"position":2},"title":"Liberan a Te\u00f3dulo Cuaya Teutle tras liquidar la fianza por el delito de mot\u00edn","author":"grieta","date":"8 octubre, 2015","format":false,"excerpt":"octubre 08, 2015 Yadira Llaven Anzures, Puebla La ma\u00f1ana de este mi\u00e9rcoles fue liberado Te\u00f3dulo Cuaya Teutle, vecino de San Bernardino Tlaxcalancingo y opositor al parque de las siete culturas, que se construye por la fuerza en la pir\u00e1mide de Cholula, tras pagar una fianza de 25 mil pesos por\u2026","rel":"","context":"En &quot;CINTILLO&quot;","block_context":{"text":"CINTILLO","link":"http:\/\/www.grieta.org.mx\/index.php\/category\/cintillo\/"},"img":{"alt_text":"","src":"https:\/\/i0.wp.com\/www.grieta.org.mx\/wp-content\/uploads\/2018\/03\/14524434_1106112876131411_958039263622046936_o.jpg?resize=350%2C200","width":350,"height":200,"srcset":"https:\/\/i0.wp.com\/www.grieta.org.mx\/wp-content\/uploads\/2018\/03\/14524434_1106112876131411_958039263622046936_o.jpg?resize=350%2C200 1x, https:\/\/i0.wp.com\/www.grieta.org.mx\/wp-content\/uploads\/2018\/03\/14524434_1106112876131411_958039263622046936_o.jpg?resize=525%2C300 1.5x, https:\/\/i0.wp.com\/www.grieta.org.mx\/wp-content\/uploads\/2018\/03\/14524434_1106112876131411_958039263622046936_o.jpg?resize=700%2C400 2x"},"classes":[]},{"id":1796,"url":"http:\/\/www.grieta.org.mx\/index.php\/2015\/07\/02\/al-final-del-amparo-una-pregunta-simple-cuando-liberaran-a-los-xicale-presos-en-cholula\/","url_meta":{"origin":1833,"position":3},"title":"Al final del amparo una pregunta simple: \u00bfcu\u00e1ndo liberar\u00e1n a los Xicale presos en Cholula?","author":"grieta","date":"2 julio, 2015","format":false,"excerpt":"julio 02, 2015 Sergio Mastretta, Puebla Los tiempos de la justicia en M\u00e9xico son largos, pero al final, llegan a cumplirse. Los tiempos de los pol\u00edticos en M\u00e9xico son cortos, as\u00ed que expropian, despojan y construyen, y en paralelo reprimen y encarcelan de la mano con sus jueces. Ambos tiempos\u2026","rel":"","context":"En &quot;CINTILLO&quot;","block_context":{"text":"CINTILLO","link":"http:\/\/www.grieta.org.mx\/index.php\/category\/cintillo\/"},"img":{"alt_text":"","src":"https:\/\/i0.wp.com\/www.grieta.org.mx\/wp-content\/uploads\/2018\/03\/14524434_1106112876131411_958039263622046936_o.jpg?resize=350%2C200","width":350,"height":200,"srcset":"https:\/\/i0.wp.com\/www.grieta.org.mx\/wp-content\/uploads\/2018\/03\/14524434_1106112876131411_958039263622046936_o.jpg?resize=350%2C200 1x, https:\/\/i0.wp.com\/www.grieta.org.mx\/wp-content\/uploads\/2018\/03\/14524434_1106112876131411_958039263622046936_o.jpg?resize=525%2C300 1.5x, https:\/\/i0.wp.com\/www.grieta.org.mx\/wp-content\/uploads\/2018\/03\/14524434_1106112876131411_958039263622046936_o.jpg?resize=700%2C400 2x"},"classes":[]},{"id":1768,"url":"http:\/\/www.grieta.org.mx\/index.php\/2016\/09\/05\/oposicion-a-proyectos-turisticos-en-zona-arqueologica-de-cholula-puebla\/","url_meta":{"origin":1833,"position":4},"title":"Defensa de zonas arqueol\u00f3gicas y culturales en Puebla","author":"grieta","date":"5 septiembre, 2016","format":false,"excerpt":"05\/08\/16. Activistas temen m\u00e1s obras del CAPCEE en zona arqueol\u00f3gica de Cholula Municipios Puebla 29\/07\/16. Aseguran que obras en Cholula carecen de permisos del INAH El Sol de Puebla 12\/07\/16. Parque Cholula: gobierno de Puebla excava en zona arqueol\u00f3gica sin autorizaci\u00f3n del INAH Milenio 25\/06\/16. Denunciar\u00e1n obras en zona arqueol\u00f3gica\u2026","rel":"","context":"En &quot;NOTICIAS NACIONALES&quot;","block_context":{"text":"NOTICIAS NACIONALES","link":"http:\/\/www.grieta.org.mx\/index.php\/category\/noticias-nacionales\/"},"img":{"alt_text":"","src":"https:\/\/i0.wp.com\/www.grieta.org.mx\/wp-content\/uploads\/2018\/03\/14524434_1106112876131411_958039263622046936_o.jpg?resize=350%2C200","width":350,"height":200,"srcset":"https:\/\/i0.wp.com\/www.grieta.org.mx\/wp-content\/uploads\/2018\/03\/14524434_1106112876131411_958039263622046936_o.jpg?resize=350%2C200 1x, https:\/\/i0.wp.com\/www.grieta.org.mx\/wp-content\/uploads\/2018\/03\/14524434_1106112876131411_958039263622046936_o.jpg?resize=525%2C300 1.5x, https:\/\/i0.wp.com\/www.grieta.org.mx\/wp-content\/uploads\/2018\/03\/14524434_1106112876131411_958039263622046936_o.jpg?resize=700%2C400 2x"},"classes":[]},{"id":1809,"url":"http:\/\/www.grieta.org.mx\/index.php\/2015\/07\/27\/giran-14-nuevas-ordenes-de-aprehension-contra-defensores-del-patrimonio-en-cholula\/","url_meta":{"origin":1833,"position":5},"title":"Giran 14 nuevas ordenes de aprehensi\u00f3n contra defensores del patrimonio en Cholula","author":"grieta","date":"27 julio, 2015","format":false,"excerpt":"julio 27, 2015 Mart\u00edn Hern\u00e1ndez Alc\u00e1ntara, Puebla Por solicitud de la agente del ministerio publico adscrita al juzgado penal de Cholula, Rubicelia Perez, esta \u00faltima instancia emiti\u00f3 14 nuevas ordenes de aprehensi\u00f3n contras las mismas personas a las que en octubre del a\u00f1o pasado se les emitieron otras ordenes por\u2026","rel":"","context":"En &quot;CINTILLO&quot;","block_context":{"text":"CINTILLO","link":"http:\/\/www.grieta.org.mx\/index.php\/category\/cintillo\/"},"img":{"alt_text":"","src":"https:\/\/i0.wp.com\/www.grieta.org.mx\/wp-content\/uploads\/2018\/03\/14524434_1106112876131411_958039263622046936_o.jpg?resize=350%2C200","width":350,"height":200,"srcset":"https:\/\/i0.wp.com\/www.grieta.org.mx\/wp-content\/uploads\/2018\/03\/14524434_1106112876131411_958039263622046936_o.jpg?resize=350%2C200 1x, https:\/\/i0.wp.com\/www.grieta.org.mx\/wp-content\/uploads\/2018\/03\/14524434_1106112876131411_958039263622046936_o.jpg?resize=525%2C300 1.5x, https:\/\/i0.wp.com\/www.grieta.org.mx\/wp-content\/uploads\/2018\/03\/14524434_1106112876131411_958039263622046936_o.jpg?resize=700%2C400 2x"},"classes":[]}],"_links":{"self":[{"href":"http:\/\/www.grieta.org.mx\/index.php\/wp-json\/wp\/v2\/posts\/1833","targetHints":{"allow":["GET"]}}],"collection":[{"href":"http:\/\/www.grieta.org.mx\/index.php\/wp-json\/wp\/v2\/posts"}],"about":[{"href":"http:\/\/www.grieta.org.mx\/index.php\/wp-json\/wp\/v2\/types\/post"}],"author":[{"embeddable":true,"href":"http:\/\/www.grieta.org.mx\/index.php\/wp-json\/wp\/v2\/users\/2"}],"replies":[{"embeddable":true,"href":"http:\/\/www.grieta.org.mx\/index.php\/wp-json\/wp\/v2\/comments?post=1833"}],"version-history":[{"count":1,"href":"http:\/\/www.grieta.org.mx\/index.php\/wp-json\/wp\/v2\/posts\/1833\/revisions"}],"predecessor-version":[{"id":1834,"href":"http:\/\/www.grieta.org.mx\/index.php\/wp-json\/wp\/v2\/posts\/1833\/revisions\/1834"}],"wp:featuredmedia":[{"embeddable":true,"href":"http:\/\/www.grieta.org.mx\/index.php\/wp-json\/wp\/v2\/media\/21928"}],"wp:attachment":[{"href":"http:\/\/www.grieta.org.mx\/index.php\/wp-json\/wp\/v2\/media?parent=1833"}],"wp:term":[{"taxonomy":"category","embeddable":true,"href":"http:\/\/www.grieta.org.mx\/index.php\/wp-json\/wp\/v2\/categories?post=1833"},{"taxonomy":"post_tag","embeddable":true,"href":"http:\/\/www.grieta.org.mx\/index.php\/wp-json\/wp\/v2\/tags?post=1833"}],"curies":[{"name":"wp","href":"https:\/\/api.w.org\/{rel}","templated":true}]}}