{"id":1830,"date":"2015-12-01T21:36:05","date_gmt":"2015-12-01T21:36:05","guid":{"rendered":"http:\/\/50.22.11.12\/~grietaor\/?p=1830"},"modified":"2018-07-06T23:29:56","modified_gmt":"2018-07-07T04:29:56","slug":"opositores-a-proyecto-en-cholula-libres","status":"publish","type":"post","link":"http:\/\/www.grieta.org.mx\/index.php\/2015\/12\/01\/opositores-a-proyecto-en-cholula-libres\/","title":{"rendered":"Opositores a proyecto en Cholula, libres"},"content":{"rendered":"<p>diciembre 01, 2015<br \/>\nYadira Llaven, Puebla <\/p>\n<p>Con el pago de una fianza de 50 mil pesos, anoche fueron liberados los activistas poblanos Ad\u00e1n Xicale Huitle y Paul Xicale Coyopol \u2013opositores al proyecto tur\u00edstico que el gobierno del estado pretende construir sobre los vestigios arqueol\u00f3gicos de Cholula\u2013, quienes permanecieron en prisi\u00f3n un a\u00f1o y dos meses, acusados de mot\u00edn y da\u00f1o en propiedad ajena.<\/p>\n<p>Su abogado, Josu\u00e9 Xicale, hijo de Ad\u00e1n y hermano de Paul, inform\u00f3 que ganaron un amparo liso y llano que dej\u00f3 sin efecto el proceso penal 323\/2015 y les permitir\u00e1 continuar el proceso en libertad bajo cauci\u00f3n. No hab\u00eda argumentos para que Ad\u00e1n y Paul continuaran en prisi\u00f3n, coment\u00f3.<\/p>\n<p>A las 20:30 horas de ayer, los opositores a las obras del gobierno encabezado por el panista Rafael Moreno Valle recuperaron su libertad luego de una serie de trabas administrativas que retrasaron su salida casi 12 horas.<\/p>\n<p>Una vez fuera del penal regional de Cholula, con el pu\u00f1o en alto, Ad\u00e1n Xicale Huitle y Paul Xicale Coyopol, padre e hijo, advirtieron a las autoridades que no abandonar\u00e1n su lucha.<\/p>\n<p>Aunque estuvimos en prisi\u00f3n, siempre fuimos libres de coraz\u00f3n, expres\u00f3 con voz entrecortada Paul Xicale, quien agradeci\u00f3 el respaldo de la comunidad cholulteca, organizaciones sociales y pol\u00edticas.<\/p>\n<p>El 7 de octubre de 2014 Ad\u00e1n y Paul, este \u00faltimo de 24 a\u00f1os, fueron detenidos durante un desalojo de manifestantes frente a la alcald\u00eda de San Andr\u00e9s Cholula.<\/p>\n<p>Los Xicale fueron recibidos por unas 200 personas, entre familiares, amigos, autoridades, dirigentes sociales y pol\u00edticos, y miembros de la comunidad.<\/p>\n<p>Realizaron un mitin frente a la c\u00e1rcel y luego una caminata a la parroquia de San Andr\u00e9s, donde se ofici\u00f3 una misa en honor al santo patrono de la localidad.<\/p>\n<p><a href=\"http:\/\/www.jornada.unam.mx\/2015\/12\/01\/estados\/034n3est\" target=\"_blank\">http:\/\/www.jornada.unam.mx\/2015\/12\/01\/estados\/034n3est<\/a><\/p>\n","protected":false},"excerpt":{"rendered":"<p>diciembre 01, 2015 Yadira Llaven, Puebla Con el pago de una fianza de 50 mil pesos, anoche fueron liberados los activistas poblanos Ad\u00e1n Xicale Huitle y Paul Xicale Coyopol \u2013opositores &hellip; <a href=\"http:\/\/www.grieta.org.mx\/index.php\/2015\/12\/01\/opositores-a-proyecto-en-cholula-libres\/\" class=\"more-link\">Leer m\u00e1s<\/a><\/p>\n","protected":false},"author":2,"featured_media":21928,"comment_status":"closed","ping_status":"open","sticky":false,"template":"","format":"standard","meta":{"ngg_post_thumbnail":0,"_jetpack_newsletter_access":"","_jetpack_dont_email_post_to_subs":false,"_jetpack_newsletter_tier_id":0,"_jetpack_memberships_contains_paywalled_content":false,"_jetpack_memberships_contains_paid_content":false,"footnotes":""},"categories":[80,1264,2,26],"tags":[213],"class_list":["post-1830","post","type-post","status-publish","format-standard","has-post-thumbnail","hentry","category-cintillo","category-defensa-de-zonas-arqueologicas-en-puebla","category-noticias-nacionales","category-puebla","tag-cholula","entry"],"jetpack_featured_media_url":"http:\/\/www.grieta.org.mx\/wp-content\/uploads\/2018\/03\/14524434_1106112876131411_958039263622046936_o.jpg","jetpack_sharing_enabled":true,"jetpack_shortlink":"https:\/\/wp.me\/p7ZJR4-tw","jetpack_likes_enabled":false,"jetpack-related-posts":[{"id":1768,"url":"http:\/\/www.grieta.org.mx\/index.php\/2016\/09\/05\/oposicion-a-proyectos-turisticos-en-zona-arqueologica-de-cholula-puebla\/","url_meta":{"origin":1830,"position":0},"title":"Defensa de zonas arqueol\u00f3gicas y culturales en Puebla","author":"grieta","date":"5 septiembre, 2016","format":false,"excerpt":"05\/08\/16. Activistas temen m\u00e1s obras del CAPCEE en zona arqueol\u00f3gica de Cholula Municipios Puebla 29\/07\/16. Aseguran que obras en Cholula carecen de permisos del INAH El Sol de Puebla 12\/07\/16. Parque Cholula: gobierno de Puebla excava en zona arqueol\u00f3gica sin autorizaci\u00f3n del INAH Milenio 25\/06\/16. Denunciar\u00e1n obras en zona arqueol\u00f3gica\u2026","rel":"","context":"En &quot;NOTICIAS NACIONALES&quot;","block_context":{"text":"NOTICIAS NACIONALES","link":"http:\/\/www.grieta.org.mx\/index.php\/category\/noticias-nacionales\/"},"img":{"alt_text":"","src":"https:\/\/i0.wp.com\/www.grieta.org.mx\/wp-content\/uploads\/2018\/03\/14524434_1106112876131411_958039263622046936_o.jpg?resize=350%2C200","width":350,"height":200,"srcset":"https:\/\/i0.wp.com\/www.grieta.org.mx\/wp-content\/uploads\/2018\/03\/14524434_1106112876131411_958039263622046936_o.jpg?resize=350%2C200 1x, https:\/\/i0.wp.com\/www.grieta.org.mx\/wp-content\/uploads\/2018\/03\/14524434_1106112876131411_958039263622046936_o.jpg?resize=525%2C300 1.5x, https:\/\/i0.wp.com\/www.grieta.org.mx\/wp-content\/uploads\/2018\/03\/14524434_1106112876131411_958039263622046936_o.jpg?resize=700%2C400 2x"},"classes":[]},{"id":1827,"url":"http:\/\/www.grieta.org.mx\/index.php\/2015\/10\/08\/liberan-a-teodulo-cuaya-teutle-tras-liquidar-la-fianza-por-el-delito-de-motin\/","url_meta":{"origin":1830,"position":1},"title":"Liberan a Te\u00f3dulo Cuaya Teutle tras liquidar la fianza por el delito de mot\u00edn","author":"grieta","date":"8 octubre, 2015","format":false,"excerpt":"octubre 08, 2015 Yadira Llaven Anzures, Puebla La ma\u00f1ana de este mi\u00e9rcoles fue liberado Te\u00f3dulo Cuaya Teutle, vecino de San Bernardino Tlaxcalancingo y opositor al parque de las siete culturas, que se construye por la fuerza en la pir\u00e1mide de Cholula, tras pagar una fianza de 25 mil pesos por\u2026","rel":"","context":"En &quot;CINTILLO&quot;","block_context":{"text":"CINTILLO","link":"http:\/\/www.grieta.org.mx\/index.php\/category\/cintillo\/"},"img":{"alt_text":"","src":"https:\/\/i0.wp.com\/www.grieta.org.mx\/wp-content\/uploads\/2018\/03\/14524434_1106112876131411_958039263622046936_o.jpg?resize=350%2C200","width":350,"height":200,"srcset":"https:\/\/i0.wp.com\/www.grieta.org.mx\/wp-content\/uploads\/2018\/03\/14524434_1106112876131411_958039263622046936_o.jpg?resize=350%2C200 1x, https:\/\/i0.wp.com\/www.grieta.org.mx\/wp-content\/uploads\/2018\/03\/14524434_1106112876131411_958039263622046936_o.jpg?resize=525%2C300 1.5x, https:\/\/i0.wp.com\/www.grieta.org.mx\/wp-content\/uploads\/2018\/03\/14524434_1106112876131411_958039263622046936_o.jpg?resize=700%2C400 2x"},"classes":[]},{"id":1809,"url":"http:\/\/www.grieta.org.mx\/index.php\/2015\/07\/27\/giran-14-nuevas-ordenes-de-aprehension-contra-defensores-del-patrimonio-en-cholula\/","url_meta":{"origin":1830,"position":2},"title":"Giran 14 nuevas ordenes de aprehensi\u00f3n contra defensores del patrimonio en Cholula","author":"grieta","date":"27 julio, 2015","format":false,"excerpt":"julio 27, 2015 Mart\u00edn Hern\u00e1ndez Alc\u00e1ntara, Puebla Por solicitud de la agente del ministerio publico adscrita al juzgado penal de Cholula, Rubicelia Perez, esta \u00faltima instancia emiti\u00f3 14 nuevas ordenes de aprehensi\u00f3n contras las mismas personas a las que en octubre del a\u00f1o pasado se les emitieron otras ordenes por\u2026","rel":"","context":"En &quot;CINTILLO&quot;","block_context":{"text":"CINTILLO","link":"http:\/\/www.grieta.org.mx\/index.php\/category\/cintillo\/"},"img":{"alt_text":"","src":"https:\/\/i0.wp.com\/www.grieta.org.mx\/wp-content\/uploads\/2018\/03\/14524434_1106112876131411_958039263622046936_o.jpg?resize=350%2C200","width":350,"height":200,"srcset":"https:\/\/i0.wp.com\/www.grieta.org.mx\/wp-content\/uploads\/2018\/03\/14524434_1106112876131411_958039263622046936_o.jpg?resize=350%2C200 1x, https:\/\/i0.wp.com\/www.grieta.org.mx\/wp-content\/uploads\/2018\/03\/14524434_1106112876131411_958039263622046936_o.jpg?resize=525%2C300 1.5x, https:\/\/i0.wp.com\/www.grieta.org.mx\/wp-content\/uploads\/2018\/03\/14524434_1106112876131411_958039263622046936_o.jpg?resize=700%2C400 2x"},"classes":[]},{"id":1806,"url":"http:\/\/www.grieta.org.mx\/index.php\/2015\/07\/22\/juzgado-incumple-amparo-para-liberar-a-defensores-de-cholula\/","url_meta":{"origin":1830,"position":3},"title":"Juzgado incumple amparo para liberar a defensores de Cholula","author":"grieta","date":"22 julio, 2015","format":false,"excerpt":"julio 22, 2015 Gabriela Hern\u00e1ndez SAN ANDR\u00c9S CHOLULA, Pue. (apro).- La organizaci\u00f3n Cholula Viva y Digna denunci\u00f3 que el juzgado penal de esta localidad incumpli\u00f3 con el amparo que otorg\u00f3 la justicia federal para la liberaci\u00f3n de Adan y Paul Xicale, considerados defensores del patrimonio hist\u00f3rico y cultural cholulteca. Aunque\u2026","rel":"","context":"En &quot;CINTILLO&quot;","block_context":{"text":"CINTILLO","link":"http:\/\/www.grieta.org.mx\/index.php\/category\/cintillo\/"},"img":{"alt_text":"","src":"https:\/\/i0.wp.com\/www.grieta.org.mx\/wp-content\/uploads\/2018\/03\/14524434_1106112876131411_958039263622046936_o.jpg?resize=350%2C200","width":350,"height":200,"srcset":"https:\/\/i0.wp.com\/www.grieta.org.mx\/wp-content\/uploads\/2018\/03\/14524434_1106112876131411_958039263622046936_o.jpg?resize=350%2C200 1x, https:\/\/i0.wp.com\/www.grieta.org.mx\/wp-content\/uploads\/2018\/03\/14524434_1106112876131411_958039263622046936_o.jpg?resize=525%2C300 1.5x, https:\/\/i0.wp.com\/www.grieta.org.mx\/wp-content\/uploads\/2018\/03\/14524434_1106112876131411_958039263622046936_o.jpg?resize=700%2C400 2x"},"classes":[]},{"id":1774,"url":"http:\/\/www.grieta.org.mx\/index.php\/2015\/04\/02\/dilacion-de-la-pgj-en-juzgado-de-cholula-para-prorrogar-encarcelamiento-de-los-xicale\/","url_meta":{"origin":1830,"position":4},"title":"Dilaci\u00f3n de la PGJ en juzgado de Cholula, para prorrogar encarcelamiento de los Xicale","author":"grieta","date":"2 abril, 2015","format":false,"excerpt":"abril 02, 2015 Yadira Llaven Anzures, Puebla Este mi\u00e9rcoles fue aplazada la audiencia de los presos pol\u00edticos Ad\u00e1n y Paul Xicale, porque no estuvo presente el perito que ten\u00eda la \u00fanica funci\u00f3n de meter el disco compacto a una computadora para la revisi\u00f3n de una videograbaci\u00f3n. La audiencia estaba programada\u2026","rel":"","context":"En &quot;CINTILLO&quot;","block_context":{"text":"CINTILLO","link":"http:\/\/www.grieta.org.mx\/index.php\/category\/cintillo\/"},"img":{"alt_text":"","src":"https:\/\/i0.wp.com\/www.grieta.org.mx\/wp-content\/uploads\/2018\/03\/14524434_1106112876131411_958039263622046936_o.jpg?resize=350%2C200","width":350,"height":200,"srcset":"https:\/\/i0.wp.com\/www.grieta.org.mx\/wp-content\/uploads\/2018\/03\/14524434_1106112876131411_958039263622046936_o.jpg?resize=350%2C200 1x, https:\/\/i0.wp.com\/www.grieta.org.mx\/wp-content\/uploads\/2018\/03\/14524434_1106112876131411_958039263622046936_o.jpg?resize=525%2C300 1.5x, https:\/\/i0.wp.com\/www.grieta.org.mx\/wp-content\/uploads\/2018\/03\/14524434_1106112876131411_958039263622046936_o.jpg?resize=700%2C400 2x"},"classes":[]},{"id":1770,"url":"http:\/\/www.grieta.org.mx\/index.php\/2015\/02\/19\/los-xicale-y-los-tlachi-ganan-primer-amparo-contra-el-gobierno-de-san-andres-cholula\/","url_meta":{"origin":1830,"position":5},"title":"Los Xicale y los Tlachi ganan primer amparo contra el gobierno de San Andr\u00e9s Cholula","author":"grieta","date":"19 febrero, 2015","format":false,"excerpt":"febrero, 19, 2015 Yadira Llaven Anzures, Puebla Los cuatro pobladores de San Andr\u00e9s Cholula encarcelados desde octubre pasado por defender las \u201ctierras sagradas\u201d del sitio arqueol\u00f3gico ganaron el primer amparo interpuesto bajo el n\u00famero de expediente 1725\/2014, radicado en el Juzgado Segundo de Distrito, por el delito de mot\u00edn. Se\u2026","rel":"","context":"En &quot;CINTILLO&quot;","block_context":{"text":"CINTILLO","link":"http:\/\/www.grieta.org.mx\/index.php\/category\/cintillo\/"},"img":{"alt_text":"","src":"https:\/\/i0.wp.com\/www.grieta.org.mx\/wp-content\/uploads\/2018\/03\/14524434_1106112876131411_958039263622046936_o.jpg?resize=350%2C200","width":350,"height":200,"srcset":"https:\/\/i0.wp.com\/www.grieta.org.mx\/wp-content\/uploads\/2018\/03\/14524434_1106112876131411_958039263622046936_o.jpg?resize=350%2C200 1x, https:\/\/i0.wp.com\/www.grieta.org.mx\/wp-content\/uploads\/2018\/03\/14524434_1106112876131411_958039263622046936_o.jpg?resize=525%2C300 1.5x, https:\/\/i0.wp.com\/www.grieta.org.mx\/wp-content\/uploads\/2018\/03\/14524434_1106112876131411_958039263622046936_o.jpg?resize=700%2C400 2x"},"classes":[]}],"_links":{"self":[{"href":"http:\/\/www.grieta.org.mx\/index.php\/wp-json\/wp\/v2\/posts\/1830","targetHints":{"allow":["GET"]}}],"collection":[{"href":"http:\/\/www.grieta.org.mx\/index.php\/wp-json\/wp\/v2\/posts"}],"about":[{"href":"http:\/\/www.grieta.org.mx\/index.php\/wp-json\/wp\/v2\/types\/post"}],"author":[{"embeddable":true,"href":"http:\/\/www.grieta.org.mx\/index.php\/wp-json\/wp\/v2\/users\/2"}],"replies":[{"embeddable":true,"href":"http:\/\/www.grieta.org.mx\/index.php\/wp-json\/wp\/v2\/comments?post=1830"}],"version-history":[{"count":1,"href":"http:\/\/www.grieta.org.mx\/index.php\/wp-json\/wp\/v2\/posts\/1830\/revisions"}],"predecessor-version":[{"id":1831,"href":"http:\/\/www.grieta.org.mx\/index.php\/wp-json\/wp\/v2\/posts\/1830\/revisions\/1831"}],"wp:featuredmedia":[{"embeddable":true,"href":"http:\/\/www.grieta.org.mx\/index.php\/wp-json\/wp\/v2\/media\/21928"}],"wp:attachment":[{"href":"http:\/\/www.grieta.org.mx\/index.php\/wp-json\/wp\/v2\/media?parent=1830"}],"wp:term":[{"taxonomy":"category","embeddable":true,"href":"http:\/\/www.grieta.org.mx\/index.php\/wp-json\/wp\/v2\/categories?post=1830"},{"taxonomy":"post_tag","embeddable":true,"href":"http:\/\/www.grieta.org.mx\/index.php\/wp-json\/wp\/v2\/tags?post=1830"}],"curies":[{"name":"wp","href":"https:\/\/api.w.org\/{rel}","templated":true}]}}