{"id":1827,"date":"2015-10-08T21:26:15","date_gmt":"2015-10-08T21:26:15","guid":{"rendered":"http:\/\/50.22.11.12\/~grietaor\/?p=1827"},"modified":"2016-03-09T21:27:47","modified_gmt":"2016-03-09T21:27:47","slug":"liberan-a-teodulo-cuaya-teutle-tras-liquidar-la-fianza-por-el-delito-de-motin","status":"publish","type":"post","link":"http:\/\/www.grieta.org.mx\/index.php\/2015\/10\/08\/liberan-a-teodulo-cuaya-teutle-tras-liquidar-la-fianza-por-el-delito-de-motin\/","title":{"rendered":"Liberan a Te\u00f3dulo Cuaya Teutle tras liquidar la fianza por el delito de mot\u00edn"},"content":{"rendered":"<p>octubre 08, 2015<br \/>\nYadira Llaven Anzures, Puebla<\/p>\n<p>La ma\u00f1ana de este mi\u00e9rcoles fue liberado Te\u00f3dulo Cuaya Teutle, vecino de San Bernardino Tlaxcalancingo y opositor al parque de las siete culturas, que se construye por la fuerza en la pir\u00e1mide de Cholula, tras pagar una fianza de 25 mil pesos por el delito de mot\u00edn.<\/p>\n<p>Llam\u00f3 la atenci\u00f3n que la liberaci\u00f3n del activista no fue dado a conocer por las organizaciones sociales o su comunidad, que desconoc\u00edan del tema, sino por el propio alcalde Leoncio Paisano Arias, al t\u00e9rmino del anuncio del programa \u201cTaxi Vigilante\u201d.<\/p>\n<p>Trascendido de manera extraoficial que el gobierno de San Andr\u00e9s Cholula lleg\u00f3 a un acuerdo con los familiares del activista para su liberaci\u00f3n, sin conocerse a precisi\u00f3n en qu\u00e9 t\u00e9rminos.<\/p>\n<p>Incluso se supo que el director de Comunicaci\u00f3n Social del ayuntamiento busc\u00f3 a reporteros para que entrevistaran a Te\u00f3dulo Cuaya Teutle para que relatara que fue Paisano Arias quien intervino para su excarcelaci\u00f3n.<\/p>\n<p>El encarcelamiento de Te\u00f3dulo habr\u00eda preocupado al gobierno de Leoncio Paisano \u2013quien d\u00edas antes se comprometi\u00f3 a frenar las detenciones en la comunidad\u2013, ante un posible conflicto social en puerta.<\/p>\n<p>Incluso se habl\u00f3 de que la fianza habr\u00eda sido pagada por el ayuntamiento sanandrese\u00f1o, aunque tampoco se pudo corroborar.<\/p>\n<p>Cuaya Teutle estuvo privado de su libertad por m\u00e1s de 24 horas, quien fue detenido por agentes ministeriales del gobierno del estado, entre las inmediaciones a la comunidad de Tlaxcalancingo y la colonia Zapata.<\/p>\n<p>Ese mismo martes al mediod\u00eda el integrante del movimiento ciudadano Cholula Viva y Digna fue ingresado al penal de San Pedro Cholula, donde se vio con Ad\u00e1n y Paul Xicale, presos desde hace un a\u00f1o por los mismos delitos y proceso penal n\u00famero 445\/2014.<\/p>\n<p>La liberaci\u00f3n de Te\u00f3dulo se dio coincidentemente con el cumplimiento del primer a\u00f1o del arresto y encarcelamiento de los tambi\u00e9n opositores al parque, Ad\u00e1n y Paul Xicale, as\u00ed como de los hermanos Primo Manuel y Albino Tlachi Valencia, quienes tras pactar con la autoridad municipal lograron su liberaci\u00f3n.<\/p>\n<p>Llama la atenci\u00f3n que es por este mismo delito que Ad\u00e1n y Paul Xicale se encuentran en prisi\u00f3n, a excepci\u00f3n que los activistas contin\u00faan en reclusi\u00f3n por representar un peligro para la comunidad.<\/p>\n<p>Adem\u00e1s de Te\u00f3dulo, otros 13 integrantes de Cholula Viva y Digna tienen \u00f3rdenes de detenci\u00f3n por tomar hace un a\u00f1o exactamente la presidencia municipal de San Andr\u00e9s Cholula y bloquear el Perif\u00e9rico Ecol\u00f3gico, entre los que se encuentran nuevamente los hermanos Tlachi Valencia.<\/p>\n<p>Sin embargo, familiares aseguraron en su momento que Leoncio Paisano tambi\u00e9n lleg\u00f3 a un acuerdo con los hermanos Tlachi, a quienes oblig\u00f3 a que se deslindaran de los Xicale, cambiar\u00e1n su defensa legal y evitaran dar declaraciones a los reporteros que dan seguimiento al caso.<\/p>\n<p>Ante la continua represi\u00f3n del gobierno de Paisano Arias, la comunidad cholulteca protege el paradero del resto de los lugare\u00f1os perseguidos por la autoridad.<\/p>\n<p>La Procuradur\u00eda General de Justicia liber\u00f3 \u00f3rdenes de aprehensi\u00f3n contra Ad\u00e1n y Pa\u00fal Xicale, el mismo Te\u00f3dulo Cuaya Teutle, as\u00ed como V\u00edctor Blanco, Karina P\u00e9rez, Arturo Huelitl, Braulio Coy\u00f3pol, Edgar Larrinaga, Paola de La Concha, Armando P\u00e9rez y Roberto Formacio.<\/p>\n<p><a href=\"http:\/\/www.lajornadadeoriente.com.mx\/2015\/10\/08\/liberan-a-teodulo-cuaya-teutle-tras-liquidar-la-fianza-por-el-delito-de-motin\/\" target=\"_blank\">http:\/\/www.lajornadadeoriente.com.mx\/2015\/10\/08\/liberan-a-teodulo-cuaya-teutle-tras-liquidar-la-fianza-por-el-delito-de-motin\/<\/a><\/p>\n","protected":false},"excerpt":{"rendered":"<p>octubre 08, 2015 Yadira Llaven Anzures, Puebla La ma\u00f1ana de este mi\u00e9rcoles fue liberado Te\u00f3dulo Cuaya Teutle, vecino de San Bernardino Tlaxcalancingo y opositor al parque de las siete culturas, &hellip; <a href=\"http:\/\/www.grieta.org.mx\/index.php\/2015\/10\/08\/liberan-a-teodulo-cuaya-teutle-tras-liquidar-la-fianza-por-el-delito-de-motin\/\" class=\"more-link\">Leer m\u00e1s<\/a><\/p>\n","protected":false},"author":2,"featured_media":21928,"comment_status":"closed","ping_status":"open","sticky":false,"template":"","format":"standard","meta":{"ngg_post_thumbnail":0,"_jetpack_newsletter_access":"","_jetpack_dont_email_post_to_subs":false,"_jetpack_newsletter_tier_id":0,"_jetpack_memberships_contains_paywalled_content":false,"_jetpack_memberships_contains_paid_content":false,"footnotes":""},"categories":[80],"tags":[213],"class_list":["post-1827","post","type-post","status-publish","format-standard","has-post-thumbnail","hentry","category-cintillo","tag-cholula","entry"],"jetpack_featured_media_url":"http:\/\/www.grieta.org.mx\/wp-content\/uploads\/2018\/03\/14524434_1106112876131411_958039263622046936_o.jpg","jetpack_sharing_enabled":true,"jetpack_shortlink":"https:\/\/wp.me\/p7ZJR4-tt","jetpack_likes_enabled":false,"jetpack-related-posts":[{"id":1821,"url":"http:\/\/www.grieta.org.mx\/index.php\/2015\/10\/06\/detienen-en-puebla-a-opositor-al-proyecto-de-parque-cholula\/","url_meta":{"origin":1827,"position":0},"title":"Detienen en Puebla a opositor al proyecto de Parque Cholula","author":"grieta","date":"6 octubre, 2015","format":false,"excerpt":"octubre 06, 2015 Gabriela Hern\u00e1ndez PUEBLA, Pue. (apro).- Al cumplirse un a\u00f1o de que la organizaci\u00f3n Cholula Viva y Digna tom\u00f3 la presidencia de San Andr\u00e9s para manifestar su rechazo a la construcci\u00f3n de un parque en las inmediaciones de la Gran Pir\u00e1mide, polic\u00edas ministeriales detuvieron a T\u00e9odulo Cuaya Teutle,\u2026","rel":"","context":"En &quot;CINTILLO&quot;","block_context":{"text":"CINTILLO","link":"http:\/\/www.grieta.org.mx\/index.php\/category\/cintillo\/"},"img":{"alt_text":"","src":"https:\/\/i0.wp.com\/www.grieta.org.mx\/wp-content\/uploads\/2018\/03\/14524434_1106112876131411_958039263622046936_o.jpg?resize=350%2C200","width":350,"height":200,"srcset":"https:\/\/i0.wp.com\/www.grieta.org.mx\/wp-content\/uploads\/2018\/03\/14524434_1106112876131411_958039263622046936_o.jpg?resize=350%2C200 1x, https:\/\/i0.wp.com\/www.grieta.org.mx\/wp-content\/uploads\/2018\/03\/14524434_1106112876131411_958039263622046936_o.jpg?resize=525%2C300 1.5x, https:\/\/i0.wp.com\/www.grieta.org.mx\/wp-content\/uploads\/2018\/03\/14524434_1106112876131411_958039263622046936_o.jpg?resize=700%2C400 2x"},"classes":[]},{"id":1824,"url":"http:\/\/www.grieta.org.mx\/index.php\/2015\/10\/07\/teodulo-cuaya-es-encarcelado-justo-un-ano-despues-de-iniciar-la-resistencia-cholulteca-en-defensa-de-la-identidad\/","url_meta":{"origin":1827,"position":1},"title":"Teodulo Cuaya es encarcelado justo un a\u00f1o despu\u00e9s de iniciar la resistencia Cholulteca en defensa de la identidad","author":"grieta","date":"7 octubre, 2015","format":false,"excerpt":"octubre 07, 2015 Puebla \u201cNo vamos a permitir m\u00e1s injusticias en contra de la gente del pueblo, que vean que s\u00ed estamos organiz\u00e1ndonos, por m\u00ednimo que seamos somos muy importantes. Eso es lo que le preocupa al gobierno; la gente cuando se organiza y se une para exigir sus derechos\u2026","rel":"","context":"En &quot;CINTILLO&quot;","block_context":{"text":"CINTILLO","link":"http:\/\/www.grieta.org.mx\/index.php\/category\/cintillo\/"},"img":{"alt_text":"","src":"https:\/\/i0.wp.com\/www.grieta.org.mx\/wp-content\/uploads\/2018\/03\/14524434_1106112876131411_958039263622046936_o.jpg?resize=350%2C200","width":350,"height":200,"srcset":"https:\/\/i0.wp.com\/www.grieta.org.mx\/wp-content\/uploads\/2018\/03\/14524434_1106112876131411_958039263622046936_o.jpg?resize=350%2C200 1x, https:\/\/i0.wp.com\/www.grieta.org.mx\/wp-content\/uploads\/2018\/03\/14524434_1106112876131411_958039263622046936_o.jpg?resize=525%2C300 1.5x, https:\/\/i0.wp.com\/www.grieta.org.mx\/wp-content\/uploads\/2018\/03\/14524434_1106112876131411_958039263622046936_o.jpg?resize=700%2C400 2x"},"classes":[]},{"id":1768,"url":"http:\/\/www.grieta.org.mx\/index.php\/2016\/09\/05\/oposicion-a-proyectos-turisticos-en-zona-arqueologica-de-cholula-puebla\/","url_meta":{"origin":1827,"position":2},"title":"Defensa de zonas arqueol\u00f3gicas y culturales en Puebla","author":"grieta","date":"5 septiembre, 2016","format":false,"excerpt":"05\/08\/16. Activistas temen m\u00e1s obras del CAPCEE en zona arqueol\u00f3gica de Cholula Municipios Puebla 29\/07\/16. Aseguran que obras en Cholula carecen de permisos del INAH El Sol de Puebla 12\/07\/16. Parque Cholula: gobierno de Puebla excava en zona arqueol\u00f3gica sin autorizaci\u00f3n del INAH Milenio 25\/06\/16. Denunciar\u00e1n obras en zona arqueol\u00f3gica\u2026","rel":"","context":"En &quot;NOTICIAS NACIONALES&quot;","block_context":{"text":"NOTICIAS NACIONALES","link":"http:\/\/www.grieta.org.mx\/index.php\/category\/noticias-nacionales\/"},"img":{"alt_text":"","src":"https:\/\/i0.wp.com\/www.grieta.org.mx\/wp-content\/uploads\/2018\/03\/14524434_1106112876131411_958039263622046936_o.jpg?resize=350%2C200","width":350,"height":200,"srcset":"https:\/\/i0.wp.com\/www.grieta.org.mx\/wp-content\/uploads\/2018\/03\/14524434_1106112876131411_958039263622046936_o.jpg?resize=350%2C200 1x, https:\/\/i0.wp.com\/www.grieta.org.mx\/wp-content\/uploads\/2018\/03\/14524434_1106112876131411_958039263622046936_o.jpg?resize=525%2C300 1.5x, https:\/\/i0.wp.com\/www.grieta.org.mx\/wp-content\/uploads\/2018\/03\/14524434_1106112876131411_958039263622046936_o.jpg?resize=700%2C400 2x"},"classes":[]},{"id":1770,"url":"http:\/\/www.grieta.org.mx\/index.php\/2015\/02\/19\/los-xicale-y-los-tlachi-ganan-primer-amparo-contra-el-gobierno-de-san-andres-cholula\/","url_meta":{"origin":1827,"position":3},"title":"Los Xicale y los Tlachi ganan primer amparo contra el gobierno de San Andr\u00e9s Cholula","author":"grieta","date":"19 febrero, 2015","format":false,"excerpt":"febrero, 19, 2015 Yadira Llaven Anzures, Puebla Los cuatro pobladores de San Andr\u00e9s Cholula encarcelados desde octubre pasado por defender las \u201ctierras sagradas\u201d del sitio arqueol\u00f3gico ganaron el primer amparo interpuesto bajo el n\u00famero de expediente 1725\/2014, radicado en el Juzgado Segundo de Distrito, por el delito de mot\u00edn. Se\u2026","rel":"","context":"En &quot;CINTILLO&quot;","block_context":{"text":"CINTILLO","link":"http:\/\/www.grieta.org.mx\/index.php\/category\/cintillo\/"},"img":{"alt_text":"","src":"https:\/\/i0.wp.com\/www.grieta.org.mx\/wp-content\/uploads\/2018\/03\/14524434_1106112876131411_958039263622046936_o.jpg?resize=350%2C200","width":350,"height":200,"srcset":"https:\/\/i0.wp.com\/www.grieta.org.mx\/wp-content\/uploads\/2018\/03\/14524434_1106112876131411_958039263622046936_o.jpg?resize=350%2C200 1x, https:\/\/i0.wp.com\/www.grieta.org.mx\/wp-content\/uploads\/2018\/03\/14524434_1106112876131411_958039263622046936_o.jpg?resize=525%2C300 1.5x, https:\/\/i0.wp.com\/www.grieta.org.mx\/wp-content\/uploads\/2018\/03\/14524434_1106112876131411_958039263622046936_o.jpg?resize=700%2C400 2x"},"classes":[]},{"id":1806,"url":"http:\/\/www.grieta.org.mx\/index.php\/2015\/07\/22\/juzgado-incumple-amparo-para-liberar-a-defensores-de-cholula\/","url_meta":{"origin":1827,"position":4},"title":"Juzgado incumple amparo para liberar a defensores de Cholula","author":"grieta","date":"22 julio, 2015","format":false,"excerpt":"julio 22, 2015 Gabriela Hern\u00e1ndez SAN ANDR\u00c9S CHOLULA, Pue. (apro).- La organizaci\u00f3n Cholula Viva y Digna denunci\u00f3 que el juzgado penal de esta localidad incumpli\u00f3 con el amparo que otorg\u00f3 la justicia federal para la liberaci\u00f3n de Adan y Paul Xicale, considerados defensores del patrimonio hist\u00f3rico y cultural cholulteca. Aunque\u2026","rel":"","context":"En &quot;CINTILLO&quot;","block_context":{"text":"CINTILLO","link":"http:\/\/www.grieta.org.mx\/index.php\/category\/cintillo\/"},"img":{"alt_text":"","src":"https:\/\/i0.wp.com\/www.grieta.org.mx\/wp-content\/uploads\/2018\/03\/14524434_1106112876131411_958039263622046936_o.jpg?resize=350%2C200","width":350,"height":200,"srcset":"https:\/\/i0.wp.com\/www.grieta.org.mx\/wp-content\/uploads\/2018\/03\/14524434_1106112876131411_958039263622046936_o.jpg?resize=350%2C200 1x, https:\/\/i0.wp.com\/www.grieta.org.mx\/wp-content\/uploads\/2018\/03\/14524434_1106112876131411_958039263622046936_o.jpg?resize=525%2C300 1.5x, https:\/\/i0.wp.com\/www.grieta.org.mx\/wp-content\/uploads\/2018\/03\/14524434_1106112876131411_958039263622046936_o.jpg?resize=700%2C400 2x"},"classes":[]},{"id":1830,"url":"http:\/\/www.grieta.org.mx\/index.php\/2015\/12\/01\/opositores-a-proyecto-en-cholula-libres\/","url_meta":{"origin":1827,"position":5},"title":"Opositores a proyecto en Cholula, libres","author":"grieta","date":"1 diciembre, 2015","format":false,"excerpt":"diciembre 01, 2015 Yadira Llaven, Puebla Con el pago de una fianza de 50 mil pesos, anoche fueron liberados los activistas poblanos Ad\u00e1n Xicale Huitle y Paul Xicale Coyopol \u2013opositores al proyecto tur\u00edstico que el gobierno del estado pretende construir sobre los vestigios arqueol\u00f3gicos de Cholula\u2013, quienes permanecieron en prisi\u00f3n\u2026","rel":"","context":"En &quot;CINTILLO&quot;","block_context":{"text":"CINTILLO","link":"http:\/\/www.grieta.org.mx\/index.php\/category\/cintillo\/"},"img":{"alt_text":"","src":"https:\/\/i0.wp.com\/www.grieta.org.mx\/wp-content\/uploads\/2018\/03\/14524434_1106112876131411_958039263622046936_o.jpg?resize=350%2C200","width":350,"height":200,"srcset":"https:\/\/i0.wp.com\/www.grieta.org.mx\/wp-content\/uploads\/2018\/03\/14524434_1106112876131411_958039263622046936_o.jpg?resize=350%2C200 1x, https:\/\/i0.wp.com\/www.grieta.org.mx\/wp-content\/uploads\/2018\/03\/14524434_1106112876131411_958039263622046936_o.jpg?resize=525%2C300 1.5x, https:\/\/i0.wp.com\/www.grieta.org.mx\/wp-content\/uploads\/2018\/03\/14524434_1106112876131411_958039263622046936_o.jpg?resize=700%2C400 2x"},"classes":[]}],"_links":{"self":[{"href":"http:\/\/www.grieta.org.mx\/index.php\/wp-json\/wp\/v2\/posts\/1827","targetHints":{"allow":["GET"]}}],"collection":[{"href":"http:\/\/www.grieta.org.mx\/index.php\/wp-json\/wp\/v2\/posts"}],"about":[{"href":"http:\/\/www.grieta.org.mx\/index.php\/wp-json\/wp\/v2\/types\/post"}],"author":[{"embeddable":true,"href":"http:\/\/www.grieta.org.mx\/index.php\/wp-json\/wp\/v2\/users\/2"}],"replies":[{"embeddable":true,"href":"http:\/\/www.grieta.org.mx\/index.php\/wp-json\/wp\/v2\/comments?post=1827"}],"version-history":[{"count":1,"href":"http:\/\/www.grieta.org.mx\/index.php\/wp-json\/wp\/v2\/posts\/1827\/revisions"}],"predecessor-version":[{"id":1828,"href":"http:\/\/www.grieta.org.mx\/index.php\/wp-json\/wp\/v2\/posts\/1827\/revisions\/1828"}],"wp:featuredmedia":[{"embeddable":true,"href":"http:\/\/www.grieta.org.mx\/index.php\/wp-json\/wp\/v2\/media\/21928"}],"wp:attachment":[{"href":"http:\/\/www.grieta.org.mx\/index.php\/wp-json\/wp\/v2\/media?parent=1827"}],"wp:term":[{"taxonomy":"category","embeddable":true,"href":"http:\/\/www.grieta.org.mx\/index.php\/wp-json\/wp\/v2\/categories?post=1827"},{"taxonomy":"post_tag","embeddable":true,"href":"http:\/\/www.grieta.org.mx\/index.php\/wp-json\/wp\/v2\/tags?post=1827"}],"curies":[{"name":"wp","href":"https:\/\/api.w.org\/{rel}","templated":true}]}}