{"id":1824,"date":"2015-10-07T21:17:19","date_gmt":"2015-10-07T21:17:19","guid":{"rendered":"http:\/\/50.22.11.12\/~grietaor\/?p=1824"},"modified":"2016-03-09T21:21:11","modified_gmt":"2016-03-09T21:21:11","slug":"teodulo-cuaya-es-encarcelado-justo-un-ano-despues-de-iniciar-la-resistencia-cholulteca-en-defensa-de-la-identidad","status":"publish","type":"post","link":"http:\/\/www.grieta.org.mx\/index.php\/2015\/10\/07\/teodulo-cuaya-es-encarcelado-justo-un-ano-despues-de-iniciar-la-resistencia-cholulteca-en-defensa-de-la-identidad\/","title":{"rendered":"Teodulo Cuaya es encarcelado justo un a\u00f1o despu\u00e9s de iniciar la resistencia Cholulteca en defensa de la identidad"},"content":{"rendered":"<p>octubre 07, 2015<br \/>\nPuebla<\/p>\n<p>\u201cNo vamos a permitir m\u00e1s injusticias en contra de la gente del pueblo, que vean que s\u00ed estamos organiz\u00e1ndonos, por m\u00ednimo que seamos somos muy importantes. Eso es lo que le preocupa al gobierno; la gente cuando se organiza y se une para exigir sus derechos para protestar en contra de lo que nos perjudica\u201d<\/p>\n<p>El 7 de octubre del 2014 es una fecha imborrable para la memoria colectiva de los cholultecas. En la madrugada de ese d\u00eda encarcelaron a Ad\u00e1n Xicale y el joven Alejandro Pa\u00fal Xicale, quienes incluso desde la c\u00e1rcel han continuado en la defensa del Tlachihualtepetl (Cerro hecho a mamo) donde se encuentra la gran pir\u00e1mide de Cholula y la Iglesia de la Virgen de los Remedios.<\/p>\n<p>Horas m\u00e1s tarde de esa madruga del 7 de octubre detuvieron a los hermanos Albino y Primo Tlachi Valencia, su delito fue llamar al pueblo por medio de las campanas instaladas en la parroquia de San Andr\u00e9s Cholula. Los Tlachi Valencia alcanzaron su libertad el 25 de marzo del presente a\u00f1o. Ad\u00e1n y Pa\u00fal Xicale siguen presos.<\/p>\n<p>Esa misma madrugada se fabricaron 10 ordenes de aprehensi\u00f3n, donde se encuentran tres habitantes de Tlaxcalancingo; Armando P\u00e9rez, Teodulo Cuaya Teutle y Karina P\u00e9rez Popoca. Este mismo proceso judicial lo comparten Roberto Formacio, Mafa Larri\u00f1aga, Victor Blanco, Leonor Romero, Braulio Coyopol, Paola de la Concha y Arturo Huelitl.<\/p>\n<p>Sin embargo, el 6 de octubre de 2015 se ejecut\u00f3 una de las 10 ordenes de aprehensi\u00f3n que hab\u00edan sido guardadas durante un largo a\u00f1o. Es as\u00ed como se suma un preso pol\u00edtico m\u00e1s en Cholula \u2013 Puebla; Teodulo Cuaya Teutle.<\/p>\n<p>\u00c9l fue detenido muy cerca de la terminal de Red Urbana de Transporte Articulado (RUTA) ubicado en Tlaxcalancingo de donde es originario. Cuaya estuvo desaparecido poco menos de dos horas, hasta que se le remiti\u00f3 al Centro de Reinserci\u00f3n Social (CERESO) de San Pedro Cholula.<\/p>\n<p>Teodulo es una persona muy conocida en Tlaxcalancingo por su trabajo como promotor cultural que emprendi\u00f3 desde su juventud.<\/p>\n<p>Este acontecimiento se da justo a un a\u00f1o en que los habitantes de comunidades Cholultecas iniciaron la resistencia haciendo uso de su derecho a la libre manifestaci\u00f3n en la explanada p\u00fablica del palacio municipal para exigir la derogaci\u00f3n a las reformas a la ley org\u00e1nica municipal con el objetivo de recuperar las facultades operativas y administrativas en las juntas auxiliares, as\u00ed como la cancelaci\u00f3n del proyecto \u201cParque de las siete culturas y\/o Parque Intermunicipal\u201d.<\/p>\n<p>Todos estos hechos han girado en torno a la defensa del patrimonio cultural, el territorio, la identidad y la autonom\u00eda de las juntas auxiliares en una l\u00ednea de acciones colectivas de forma pac\u00edfica, que el estado ha judicializado con delitos fabricados por funcionarios p\u00fablicos de la comuna sanandrese\u00f1a.<\/p>\n<p>Hasta el momento, jur\u00eddicamente, en el caso de Ad\u00e1n y Pa\u00fal Xicale no se ha encontrado ninguna prueba de acci\u00f3n il\u00edcita, hechos que los han llevado a ganar una serie de amparos por parte de la justicia federal, t\u00e9rminos legales que no han importado para el juez penal de Cholula Alejandro Le\u00f3n Flores porque \u201cel poder judicial esta podrido en Puebla\u201d, como en reiteradas ocasiones desde la c\u00e1rcel ha manifestado Adan Xicale Huitle.<\/p>\n<p>Tlaxcalancingo se reactiva<\/p>\n<p>Despu\u00e9s de la detenci\u00f3n de Teodulo Cuaya, vecinos de la comunidad iban informando a Cholollan Radio Comunitaria que tres judiciales a bordo de una camioneta lobo color negra transitaba en la comunidad de Tlaxcalancingo, ahora en busca de Armando P\u00e9rez.<\/p>\n<p>Pasando las 20:00 horas del mi\u00e9rcoles 6 de octubre de 2015, la gente se congreg\u00f3 en la plaza principal donde se record\u00f3 lo sucedido en la madrugada del 7 de octubre de 2014 durante la toma pac\u00edfica de la presidencia municipal.<\/p>\n<p>Fue hasta ese momento en que se dio a conocer a los asistentes que Teodulo Cuaya Teutle cuenta con dos procesos judiciales; uno sobre mot\u00edn, despojo, da\u00f1o en propiedad ajena, ataques a las v\u00edas de comunicaci\u00f3n y transporte. De este proceso se gan\u00f3 un amparo, quedando vigente \u00fanicamente el delito de mot\u00edn.<\/p>\n<p>En el segundo proceso, armado el d\u00eda 27 de julio de 2015, se le acusa por despojo en hip\u00f3tesis de perturbaci\u00f3n (delito que desaparece a los dos d\u00edas por no existir), qued\u00e1ndose solo el delito contra funcionarios p\u00fablicos. De respetar la ley -al ser delitos no graves- tendr\u00eda que alcanzar fianza. Estas mismas acusaciones son para las diez personas con \u00f3rdenes de aprehensi\u00f3n, incluyendo a los hermanos Albino y Primo Tlachi Valencia.<\/p>\n<p>No obstante, se dijo que en todo esto \u201chay l\u00ednea del gobierno del estado para no permitir la salida de los compa\u00f1eros, aun cuando tengan derecho a la cauci\u00f3n para su libertad. Sabemos que no lo va a permitir la gente de este gobierno. Por eso es importante que nos mantengamos unidos y nos apoyemos, para no permitir que se pierda ese esp\u00edritu combativo de nuestra comunidad, no debemos de permitir que se pierda ese esp\u00edritu de solidaridad que desde a\u00f1os atr\u00e1s nos ha caracterizado, porque hoy parece que cada quien est\u00e1 por sus intereses personales, y eso es lo que ha permitido que el gobierno venga a imponernos sus proyectos, porque cuando necesitamos estamos aqu\u00ed, pero cuando no necesitamos no estamos.<\/p>\n<p>No vamos a permitir m\u00e1s injusticias en contra de la gente del pueblo, que vean que s\u00ed estamos organiz\u00e1ndonos, por m\u00ednimo que seamos somos muy importantes. Eso es lo que le preocupa al gobierno; la gente cuando se organiza y se une para exigir sus derechos para protestar en contra de lo que nos perjudica\u201d.<\/p>\n<p>En conmemoraci\u00f3n de la toma de la presidencia, la detenci\u00f3n de Ad\u00e1n y Pa\u00fal Xicale, as\u00ed como de la reciente detenci\u00f3n de Teodulo Cuaya, Cholula Viva y Digna junto a los habitantes de Tlaxcalancingo hicieron la invitaci\u00f3n para que este mi\u00e9rcoles 7 de octubre los ciudadanos se concentren frente a la parroquia de San Andr\u00e9s en punto de las 12:30 horas donde se realizar\u00e1 una rueda de prensa en la que diversas organizaciones sociales y pol\u00edticas exigir\u00e1n se liberen a los presos pol\u00edticos, se respeten nuestras tradiciones, y para decir que los proyectos que vienen a terminar con nuestras costumbres y vida comunitaria no los queremos.<\/p>\n<p>Tlaxcalancingo refrend\u00f3 que seguir\u00e1 defendiendo su registro civil y las juntas auxiliares para las pr\u00f3ximas administraciones que se vienen, aun cuando en la ley org\u00e1nica municipal ya las haya desaparecido.<\/p>\n<p><a href=\"http:\/\/www.fmcholollan.org.mx\/teodulo_cuaya_es_encarcelado_doce_meses_despues_de_la_resistencia_cholulteca\" target=\"_blank\">http:\/\/www.fmcholollan.org.mx\/teodulo_cuaya_es_encarcelado_doce_meses_despues_de_la_resistencia_cholulteca<\/a><\/p>\n","protected":false},"excerpt":{"rendered":"<p>octubre 07, 2015 Puebla \u201cNo vamos a permitir m\u00e1s injusticias en contra de la gente del pueblo, que vean que s\u00ed estamos organiz\u00e1ndonos, por m\u00ednimo que seamos somos muy importantes. &hellip; <a href=\"http:\/\/www.grieta.org.mx\/index.php\/2015\/10\/07\/teodulo-cuaya-es-encarcelado-justo-un-ano-despues-de-iniciar-la-resistencia-cholulteca-en-defensa-de-la-identidad\/\" class=\"more-link\">Leer m\u00e1s<\/a><\/p>\n","protected":false},"author":2,"featured_media":21928,"comment_status":"closed","ping_status":"open","sticky":false,"template":"","format":"standard","meta":{"ngg_post_thumbnail":0,"_jetpack_newsletter_access":"","_jetpack_dont_email_post_to_subs":false,"_jetpack_newsletter_tier_id":0,"_jetpack_memberships_contains_paywalled_content":false,"_jetpack_memberships_contains_paid_content":false,"footnotes":""},"categories":[80],"tags":[213],"class_list":["post-1824","post","type-post","status-publish","format-standard","has-post-thumbnail","hentry","category-cintillo","tag-cholula","entry"],"jetpack_featured_media_url":"http:\/\/www.grieta.org.mx\/wp-content\/uploads\/2018\/03\/14524434_1106112876131411_958039263622046936_o.jpg","jetpack_sharing_enabled":true,"jetpack_shortlink":"https:\/\/wp.me\/p7ZJR4-tq","jetpack_likes_enabled":false,"jetpack-related-posts":[{"id":1809,"url":"http:\/\/www.grieta.org.mx\/index.php\/2015\/07\/27\/giran-14-nuevas-ordenes-de-aprehension-contra-defensores-del-patrimonio-en-cholula\/","url_meta":{"origin":1824,"position":0},"title":"Giran 14 nuevas ordenes de aprehensi\u00f3n contra defensores del patrimonio en Cholula","author":"grieta","date":"27 julio, 2015","format":false,"excerpt":"julio 27, 2015 Mart\u00edn Hern\u00e1ndez Alc\u00e1ntara, Puebla Por solicitud de la agente del ministerio publico adscrita al juzgado penal de Cholula, Rubicelia Perez, esta \u00faltima instancia emiti\u00f3 14 nuevas ordenes de aprehensi\u00f3n contras las mismas personas a las que en octubre del a\u00f1o pasado se les emitieron otras ordenes por\u2026","rel":"","context":"En &quot;CINTILLO&quot;","block_context":{"text":"CINTILLO","link":"http:\/\/www.grieta.org.mx\/index.php\/category\/cintillo\/"},"img":{"alt_text":"","src":"https:\/\/i0.wp.com\/www.grieta.org.mx\/wp-content\/uploads\/2018\/03\/14524434_1106112876131411_958039263622046936_o.jpg?resize=350%2C200","width":350,"height":200,"srcset":"https:\/\/i0.wp.com\/www.grieta.org.mx\/wp-content\/uploads\/2018\/03\/14524434_1106112876131411_958039263622046936_o.jpg?resize=350%2C200 1x, https:\/\/i0.wp.com\/www.grieta.org.mx\/wp-content\/uploads\/2018\/03\/14524434_1106112876131411_958039263622046936_o.jpg?resize=525%2C300 1.5x, https:\/\/i0.wp.com\/www.grieta.org.mx\/wp-content\/uploads\/2018\/03\/14524434_1106112876131411_958039263622046936_o.jpg?resize=700%2C400 2x"},"classes":[]},{"id":1830,"url":"http:\/\/www.grieta.org.mx\/index.php\/2015\/12\/01\/opositores-a-proyecto-en-cholula-libres\/","url_meta":{"origin":1824,"position":1},"title":"Opositores a proyecto en Cholula, libres","author":"grieta","date":"1 diciembre, 2015","format":false,"excerpt":"diciembre 01, 2015 Yadira Llaven, Puebla Con el pago de una fianza de 50 mil pesos, anoche fueron liberados los activistas poblanos Ad\u00e1n Xicale Huitle y Paul Xicale Coyopol \u2013opositores al proyecto tur\u00edstico que el gobierno del estado pretende construir sobre los vestigios arqueol\u00f3gicos de Cholula\u2013, quienes permanecieron en prisi\u00f3n\u2026","rel":"","context":"En &quot;CINTILLO&quot;","block_context":{"text":"CINTILLO","link":"http:\/\/www.grieta.org.mx\/index.php\/category\/cintillo\/"},"img":{"alt_text":"","src":"https:\/\/i0.wp.com\/www.grieta.org.mx\/wp-content\/uploads\/2018\/03\/14524434_1106112876131411_958039263622046936_o.jpg?resize=350%2C200","width":350,"height":200,"srcset":"https:\/\/i0.wp.com\/www.grieta.org.mx\/wp-content\/uploads\/2018\/03\/14524434_1106112876131411_958039263622046936_o.jpg?resize=350%2C200 1x, https:\/\/i0.wp.com\/www.grieta.org.mx\/wp-content\/uploads\/2018\/03\/14524434_1106112876131411_958039263622046936_o.jpg?resize=525%2C300 1.5x, https:\/\/i0.wp.com\/www.grieta.org.mx\/wp-content\/uploads\/2018\/03\/14524434_1106112876131411_958039263622046936_o.jpg?resize=700%2C400 2x"},"classes":[]},{"id":1768,"url":"http:\/\/www.grieta.org.mx\/index.php\/2016\/09\/05\/oposicion-a-proyectos-turisticos-en-zona-arqueologica-de-cholula-puebla\/","url_meta":{"origin":1824,"position":2},"title":"Defensa de zonas arqueol\u00f3gicas y culturales en Puebla","author":"grieta","date":"5 septiembre, 2016","format":false,"excerpt":"05\/08\/16. Activistas temen m\u00e1s obras del CAPCEE en zona arqueol\u00f3gica de Cholula Municipios Puebla 29\/07\/16. Aseguran que obras en Cholula carecen de permisos del INAH El Sol de Puebla 12\/07\/16. Parque Cholula: gobierno de Puebla excava en zona arqueol\u00f3gica sin autorizaci\u00f3n del INAH Milenio 25\/06\/16. Denunciar\u00e1n obras en zona arqueol\u00f3gica\u2026","rel":"","context":"En &quot;NOTICIAS NACIONALES&quot;","block_context":{"text":"NOTICIAS NACIONALES","link":"http:\/\/www.grieta.org.mx\/index.php\/category\/noticias-nacionales\/"},"img":{"alt_text":"","src":"https:\/\/i0.wp.com\/www.grieta.org.mx\/wp-content\/uploads\/2018\/03\/14524434_1106112876131411_958039263622046936_o.jpg?resize=350%2C200","width":350,"height":200,"srcset":"https:\/\/i0.wp.com\/www.grieta.org.mx\/wp-content\/uploads\/2018\/03\/14524434_1106112876131411_958039263622046936_o.jpg?resize=350%2C200 1x, https:\/\/i0.wp.com\/www.grieta.org.mx\/wp-content\/uploads\/2018\/03\/14524434_1106112876131411_958039263622046936_o.jpg?resize=525%2C300 1.5x, https:\/\/i0.wp.com\/www.grieta.org.mx\/wp-content\/uploads\/2018\/03\/14524434_1106112876131411_958039263622046936_o.jpg?resize=700%2C400 2x"},"classes":[]},{"id":1774,"url":"http:\/\/www.grieta.org.mx\/index.php\/2015\/04\/02\/dilacion-de-la-pgj-en-juzgado-de-cholula-para-prorrogar-encarcelamiento-de-los-xicale\/","url_meta":{"origin":1824,"position":3},"title":"Dilaci\u00f3n de la PGJ en juzgado de Cholula, para prorrogar encarcelamiento de los Xicale","author":"grieta","date":"2 abril, 2015","format":false,"excerpt":"abril 02, 2015 Yadira Llaven Anzures, Puebla Este mi\u00e9rcoles fue aplazada la audiencia de los presos pol\u00edticos Ad\u00e1n y Paul Xicale, porque no estuvo presente el perito que ten\u00eda la \u00fanica funci\u00f3n de meter el disco compacto a una computadora para la revisi\u00f3n de una videograbaci\u00f3n. La audiencia estaba programada\u2026","rel":"","context":"En &quot;CINTILLO&quot;","block_context":{"text":"CINTILLO","link":"http:\/\/www.grieta.org.mx\/index.php\/category\/cintillo\/"},"img":{"alt_text":"","src":"https:\/\/i0.wp.com\/www.grieta.org.mx\/wp-content\/uploads\/2018\/03\/14524434_1106112876131411_958039263622046936_o.jpg?resize=350%2C200","width":350,"height":200,"srcset":"https:\/\/i0.wp.com\/www.grieta.org.mx\/wp-content\/uploads\/2018\/03\/14524434_1106112876131411_958039263622046936_o.jpg?resize=350%2C200 1x, https:\/\/i0.wp.com\/www.grieta.org.mx\/wp-content\/uploads\/2018\/03\/14524434_1106112876131411_958039263622046936_o.jpg?resize=525%2C300 1.5x, https:\/\/i0.wp.com\/www.grieta.org.mx\/wp-content\/uploads\/2018\/03\/14524434_1106112876131411_958039263622046936_o.jpg?resize=700%2C400 2x"},"classes":[]},{"id":1770,"url":"http:\/\/www.grieta.org.mx\/index.php\/2015\/02\/19\/los-xicale-y-los-tlachi-ganan-primer-amparo-contra-el-gobierno-de-san-andres-cholula\/","url_meta":{"origin":1824,"position":4},"title":"Los Xicale y los Tlachi ganan primer amparo contra el gobierno de San Andr\u00e9s Cholula","author":"grieta","date":"19 febrero, 2015","format":false,"excerpt":"febrero, 19, 2015 Yadira Llaven Anzures, Puebla Los cuatro pobladores de San Andr\u00e9s Cholula encarcelados desde octubre pasado por defender las \u201ctierras sagradas\u201d del sitio arqueol\u00f3gico ganaron el primer amparo interpuesto bajo el n\u00famero de expediente 1725\/2014, radicado en el Juzgado Segundo de Distrito, por el delito de mot\u00edn. Se\u2026","rel":"","context":"En &quot;CINTILLO&quot;","block_context":{"text":"CINTILLO","link":"http:\/\/www.grieta.org.mx\/index.php\/category\/cintillo\/"},"img":{"alt_text":"","src":"https:\/\/i0.wp.com\/www.grieta.org.mx\/wp-content\/uploads\/2018\/03\/14524434_1106112876131411_958039263622046936_o.jpg?resize=350%2C200","width":350,"height":200,"srcset":"https:\/\/i0.wp.com\/www.grieta.org.mx\/wp-content\/uploads\/2018\/03\/14524434_1106112876131411_958039263622046936_o.jpg?resize=350%2C200 1x, https:\/\/i0.wp.com\/www.grieta.org.mx\/wp-content\/uploads\/2018\/03\/14524434_1106112876131411_958039263622046936_o.jpg?resize=525%2C300 1.5x, https:\/\/i0.wp.com\/www.grieta.org.mx\/wp-content\/uploads\/2018\/03\/14524434_1106112876131411_958039263622046936_o.jpg?resize=700%2C400 2x"},"classes":[]},{"id":1833,"url":"http:\/\/www.grieta.org.mx\/index.php\/2015\/12\/03\/los-xicale-confirman-que-mantendran-su-activismo-politico\/","url_meta":{"origin":1824,"position":5},"title":"Los Xicale confirman que mantendr\u00e1n su activismo pol\u00edtico","author":"grieta","date":"3 diciembre, 2015","format":false,"excerpt":"diciembre 03, 2015 Arturo Manzano San Pedro Cholula, Pue.- Tras haber salido de la c\u00e1rcel luego de m\u00e1s de un a\u00f1o de reclusi\u00f3n por oponerse a la construcci\u00f3n del Parque Intermunicipal de Cholula, Ad\u00e1n y Paul Xicale dejaron en claro que no buscan revanchismos y adelantan que seguir\u00e1n en su\u2026","rel":"","context":"En &quot;CINTILLO&quot;","block_context":{"text":"CINTILLO","link":"http:\/\/www.grieta.org.mx\/index.php\/category\/cintillo\/"},"img":{"alt_text":"","src":"https:\/\/i0.wp.com\/www.grieta.org.mx\/wp-content\/uploads\/2018\/03\/14524434_1106112876131411_958039263622046936_o.jpg?resize=350%2C200","width":350,"height":200,"srcset":"https:\/\/i0.wp.com\/www.grieta.org.mx\/wp-content\/uploads\/2018\/03\/14524434_1106112876131411_958039263622046936_o.jpg?resize=350%2C200 1x, https:\/\/i0.wp.com\/www.grieta.org.mx\/wp-content\/uploads\/2018\/03\/14524434_1106112876131411_958039263622046936_o.jpg?resize=525%2C300 1.5x, https:\/\/i0.wp.com\/www.grieta.org.mx\/wp-content\/uploads\/2018\/03\/14524434_1106112876131411_958039263622046936_o.jpg?resize=700%2C400 2x"},"classes":[]}],"_links":{"self":[{"href":"http:\/\/www.grieta.org.mx\/index.php\/wp-json\/wp\/v2\/posts\/1824","targetHints":{"allow":["GET"]}}],"collection":[{"href":"http:\/\/www.grieta.org.mx\/index.php\/wp-json\/wp\/v2\/posts"}],"about":[{"href":"http:\/\/www.grieta.org.mx\/index.php\/wp-json\/wp\/v2\/types\/post"}],"author":[{"embeddable":true,"href":"http:\/\/www.grieta.org.mx\/index.php\/wp-json\/wp\/v2\/users\/2"}],"replies":[{"embeddable":true,"href":"http:\/\/www.grieta.org.mx\/index.php\/wp-json\/wp\/v2\/comments?post=1824"}],"version-history":[{"count":1,"href":"http:\/\/www.grieta.org.mx\/index.php\/wp-json\/wp\/v2\/posts\/1824\/revisions"}],"predecessor-version":[{"id":1825,"href":"http:\/\/www.grieta.org.mx\/index.php\/wp-json\/wp\/v2\/posts\/1824\/revisions\/1825"}],"wp:featuredmedia":[{"embeddable":true,"href":"http:\/\/www.grieta.org.mx\/index.php\/wp-json\/wp\/v2\/media\/21928"}],"wp:attachment":[{"href":"http:\/\/www.grieta.org.mx\/index.php\/wp-json\/wp\/v2\/media?parent=1824"}],"wp:term":[{"taxonomy":"category","embeddable":true,"href":"http:\/\/www.grieta.org.mx\/index.php\/wp-json\/wp\/v2\/categories?post=1824"},{"taxonomy":"post_tag","embeddable":true,"href":"http:\/\/www.grieta.org.mx\/index.php\/wp-json\/wp\/v2\/tags?post=1824"}],"curies":[{"name":"wp","href":"https:\/\/api.w.org\/{rel}","templated":true}]}}