{"id":1821,"date":"2015-10-06T21:07:43","date_gmt":"2015-10-06T21:07:43","guid":{"rendered":"http:\/\/50.22.11.12\/~grietaor\/?p=1821"},"modified":"2018-07-06T23:28:19","modified_gmt":"2018-07-07T04:28:19","slug":"detienen-en-puebla-a-opositor-al-proyecto-de-parque-cholula","status":"publish","type":"post","link":"http:\/\/www.grieta.org.mx\/index.php\/2015\/10\/06\/detienen-en-puebla-a-opositor-al-proyecto-de-parque-cholula\/","title":{"rendered":"Detienen en Puebla a opositor al proyecto de Parque Cholula"},"content":{"rendered":"<p>octubre 06, 2015<br \/>\nGabriela Hern\u00e1ndez <\/p>\n<p>PUEBLA, Pue. (apro).- Al cumplirse un a\u00f1o de que la organizaci\u00f3n Cholula Viva y Digna tom\u00f3 la presidencia de San Andr\u00e9s para manifestar su rechazo a la construcci\u00f3n de un parque en las inmediaciones de la Gran Pir\u00e1mide, polic\u00edas ministeriales detuvieron a T\u00e9odulo Cuaya Teutle, integrante de esa agrupaci\u00f3n.<\/p>\n<p>La vocera de Cholula Viva y Digna, X\u00f3chitl Formaccio, dijo que Cuaya Teutle fue arrestado este martes alrededor de las 11:00, cuando caminaba hacia la terminal del Metrob\u00fas en Tlaxcalancingo, para acudir a su trabajo.<\/p>\n<p>La captura del activista se suma a la del abogado Ad\u00e1n Xicale, y su hijo Paul, as\u00ed como de los hermanos Primo y Albino Tachi, ocurridas hace un a\u00f1o, cuando los activistas realizaban un plant\u00f3n pac\u00edfico afuera de la presidencia municipal de San Andr\u00e9s Cholula.<\/p>\n<p>La organizaci\u00f3n reclamaba que las autoridades estatales y municipales tomaran en cuenta la oposici\u00f3n de los habitantes de San Pedro y San Andr\u00e9s Cholula a la construcci\u00f3n del parque tem\u00e1tico.<\/p>\n<p>El paseo tur\u00edstico que proyecta la administraci\u00f3n de Rafael Moreno Valle incluye un lago, fuentes, canchas deportivas y un hotel, restaurantes, as\u00ed como una reja perimetral, aparte de un tren tur\u00edstico que llevar\u00eda visitantes desde Puebla a Cholula.<\/p>\n<p>Especialistas del Instituto Nacional de Antropolog\u00eda e Historia (INAH) han advertido que la construcci\u00f3n del parque tur\u00edstico que pretende Moreno Valle, adem\u00e1s de afectar el patrimonio arqueol\u00f3gico, impactar\u00eda rituales religiosos en torno a la Virgen de los Remedios.<\/p>\n<p>Tras esa protesta ciudadana, se giraron \u00f3rdenes de aprehensi\u00f3n contra 10 integrantes de Cholula Viva y Digna, entre ellos Te\u00f3dulo Cuaya. Algunos de los se\u00f1alados lograron obtener un amparo, pero el gobierno del estado volvi\u00f3 a emitir \u00f3rdenes de aprehensi\u00f3n con los mismos cargos pero con otro expediente.<\/p>\n<p>El 25 de marzo pasado, los hermanos Tlachi pudieron abandonar la c\u00e1rcel al obtener un amparo, mientras que los Xicale siguen en el penal de Cholula, pese a que han ganado ya distintos juicios de garant\u00edas que han sido impugnados por la autoridad estatal.<\/p>\n<p>Josu\u00e9 Xicale, hijo de Ad\u00e1n, inform\u00f3 que Cuaya Teutle fue llevado desde el momento de su detenci\u00f3n directo al penal de Cholula.<\/p>\n<p>Los otros activistas que igual cuentan con orden de aprehensi\u00f3n son Leonor Romero Balseca, Armando P\u00e9rez, Paola de la Concha, \u00c9dgar Larri\u00f1aga, V\u00edctor Blanco, Braulio Coyopol, Karina P\u00e9rez y Roberto Formacio.<\/p>\n<p><a href=\"http:\/\/www.proceso.com.mx\/417422\" target=\"_blank\">http:\/\/www.proceso.com.mx\/417422<\/a><\/p>\n","protected":false},"excerpt":{"rendered":"<p>octubre 06, 2015 Gabriela Hern\u00e1ndez PUEBLA, Pue. (apro).- Al cumplirse un a\u00f1o de que la organizaci\u00f3n Cholula Viva y Digna tom\u00f3 la presidencia de San Andr\u00e9s para manifestar su rechazo &hellip; <a href=\"http:\/\/www.grieta.org.mx\/index.php\/2015\/10\/06\/detienen-en-puebla-a-opositor-al-proyecto-de-parque-cholula\/\" class=\"more-link\">Leer m\u00e1s<\/a><\/p>\n","protected":false},"author":2,"featured_media":21928,"comment_status":"closed","ping_status":"open","sticky":false,"template":"","format":"standard","meta":{"ngg_post_thumbnail":0,"_jetpack_newsletter_access":"","_jetpack_dont_email_post_to_subs":false,"_jetpack_newsletter_tier_id":0,"_jetpack_memberships_contains_paywalled_content":false,"_jetpack_memberships_contains_paid_content":false,"footnotes":""},"categories":[80,1264,2,26],"tags":[213],"class_list":["post-1821","post","type-post","status-publish","format-standard","has-post-thumbnail","hentry","category-cintillo","category-defensa-de-zonas-arqueologicas-en-puebla","category-noticias-nacionales","category-puebla","tag-cholula","entry"],"jetpack_featured_media_url":"http:\/\/www.grieta.org.mx\/wp-content\/uploads\/2018\/03\/14524434_1106112876131411_958039263622046936_o.jpg","jetpack_sharing_enabled":true,"jetpack_shortlink":"https:\/\/wp.me\/p7ZJR4-tn","jetpack_likes_enabled":false,"jetpack-related-posts":[{"id":1827,"url":"http:\/\/www.grieta.org.mx\/index.php\/2015\/10\/08\/liberan-a-teodulo-cuaya-teutle-tras-liquidar-la-fianza-por-el-delito-de-motin\/","url_meta":{"origin":1821,"position":0},"title":"Liberan a Te\u00f3dulo Cuaya Teutle tras liquidar la fianza por el delito de mot\u00edn","author":"grieta","date":"8 octubre, 2015","format":false,"excerpt":"octubre 08, 2015 Yadira Llaven Anzures, Puebla La ma\u00f1ana de este mi\u00e9rcoles fue liberado Te\u00f3dulo Cuaya Teutle, vecino de San Bernardino Tlaxcalancingo y opositor al parque de las siete culturas, que se construye por la fuerza en la pir\u00e1mide de Cholula, tras pagar una fianza de 25 mil pesos por\u2026","rel":"","context":"En &quot;CINTILLO&quot;","block_context":{"text":"CINTILLO","link":"http:\/\/www.grieta.org.mx\/index.php\/category\/cintillo\/"},"img":{"alt_text":"","src":"https:\/\/i0.wp.com\/www.grieta.org.mx\/wp-content\/uploads\/2018\/03\/14524434_1106112876131411_958039263622046936_o.jpg?resize=350%2C200","width":350,"height":200,"srcset":"https:\/\/i0.wp.com\/www.grieta.org.mx\/wp-content\/uploads\/2018\/03\/14524434_1106112876131411_958039263622046936_o.jpg?resize=350%2C200 1x, https:\/\/i0.wp.com\/www.grieta.org.mx\/wp-content\/uploads\/2018\/03\/14524434_1106112876131411_958039263622046936_o.jpg?resize=525%2C300 1.5x, https:\/\/i0.wp.com\/www.grieta.org.mx\/wp-content\/uploads\/2018\/03\/14524434_1106112876131411_958039263622046936_o.jpg?resize=700%2C400 2x"},"classes":[]},{"id":1768,"url":"http:\/\/www.grieta.org.mx\/index.php\/2016\/09\/05\/oposicion-a-proyectos-turisticos-en-zona-arqueologica-de-cholula-puebla\/","url_meta":{"origin":1821,"position":1},"title":"Defensa de zonas arqueol\u00f3gicas y culturales en Puebla","author":"grieta","date":"5 septiembre, 2016","format":false,"excerpt":"05\/08\/16. Activistas temen m\u00e1s obras del CAPCEE en zona arqueol\u00f3gica de Cholula Municipios Puebla 29\/07\/16. Aseguran que obras en Cholula carecen de permisos del INAH El Sol de Puebla 12\/07\/16. Parque Cholula: gobierno de Puebla excava en zona arqueol\u00f3gica sin autorizaci\u00f3n del INAH Milenio 25\/06\/16. Denunciar\u00e1n obras en zona arqueol\u00f3gica\u2026","rel":"","context":"En &quot;NOTICIAS NACIONALES&quot;","block_context":{"text":"NOTICIAS NACIONALES","link":"http:\/\/www.grieta.org.mx\/index.php\/category\/noticias-nacionales\/"},"img":{"alt_text":"","src":"https:\/\/i0.wp.com\/www.grieta.org.mx\/wp-content\/uploads\/2018\/03\/14524434_1106112876131411_958039263622046936_o.jpg?resize=350%2C200","width":350,"height":200,"srcset":"https:\/\/i0.wp.com\/www.grieta.org.mx\/wp-content\/uploads\/2018\/03\/14524434_1106112876131411_958039263622046936_o.jpg?resize=350%2C200 1x, https:\/\/i0.wp.com\/www.grieta.org.mx\/wp-content\/uploads\/2018\/03\/14524434_1106112876131411_958039263622046936_o.jpg?resize=525%2C300 1.5x, https:\/\/i0.wp.com\/www.grieta.org.mx\/wp-content\/uploads\/2018\/03\/14524434_1106112876131411_958039263622046936_o.jpg?resize=700%2C400 2x"},"classes":[]},{"id":1824,"url":"http:\/\/www.grieta.org.mx\/index.php\/2015\/10\/07\/teodulo-cuaya-es-encarcelado-justo-un-ano-despues-de-iniciar-la-resistencia-cholulteca-en-defensa-de-la-identidad\/","url_meta":{"origin":1821,"position":2},"title":"Teodulo Cuaya es encarcelado justo un a\u00f1o despu\u00e9s de iniciar la resistencia Cholulteca en defensa de la identidad","author":"grieta","date":"7 octubre, 2015","format":false,"excerpt":"octubre 07, 2015 Puebla \u201cNo vamos a permitir m\u00e1s injusticias en contra de la gente del pueblo, que vean que s\u00ed estamos organiz\u00e1ndonos, por m\u00ednimo que seamos somos muy importantes. Eso es lo que le preocupa al gobierno; la gente cuando se organiza y se une para exigir sus derechos\u2026","rel":"","context":"En &quot;CINTILLO&quot;","block_context":{"text":"CINTILLO","link":"http:\/\/www.grieta.org.mx\/index.php\/category\/cintillo\/"},"img":{"alt_text":"","src":"https:\/\/i0.wp.com\/www.grieta.org.mx\/wp-content\/uploads\/2018\/03\/14524434_1106112876131411_958039263622046936_o.jpg?resize=350%2C200","width":350,"height":200,"srcset":"https:\/\/i0.wp.com\/www.grieta.org.mx\/wp-content\/uploads\/2018\/03\/14524434_1106112876131411_958039263622046936_o.jpg?resize=350%2C200 1x, https:\/\/i0.wp.com\/www.grieta.org.mx\/wp-content\/uploads\/2018\/03\/14524434_1106112876131411_958039263622046936_o.jpg?resize=525%2C300 1.5x, https:\/\/i0.wp.com\/www.grieta.org.mx\/wp-content\/uploads\/2018\/03\/14524434_1106112876131411_958039263622046936_o.jpg?resize=700%2C400 2x"},"classes":[]},{"id":1777,"url":"http:\/\/www.grieta.org.mx\/index.php\/2015\/04\/23\/liberan-ordenes-de-aprehension-contra-activistas-de-cholula\/","url_meta":{"origin":1821,"position":3},"title":"Liberan \u00f3rdenes de aprehensi\u00f3n contra activistas de Cholula","author":"grieta","date":"23 abril, 2015","format":false,"excerpt":"abril 23, 2015 Puebla El Movimiento Cholula Viva y Digna fue notificado de la existencia de tres nuevas \u00f3rdenes de aprehensi\u00f3n en contra de sus integrantes, por haber participado en las protestas contra el Parque Intermunicipal los d\u00edas 6 y 7 de octubre del a\u00f1o pasado. A trav\u00e9s de un\u2026","rel":"","context":"En &quot;CINTILLO&quot;","block_context":{"text":"CINTILLO","link":"http:\/\/www.grieta.org.mx\/index.php\/category\/cintillo\/"},"img":{"alt_text":"","src":"https:\/\/i0.wp.com\/www.grieta.org.mx\/wp-content\/uploads\/2018\/03\/14524434_1106112876131411_958039263622046936_o.jpg?resize=350%2C200","width":350,"height":200,"srcset":"https:\/\/i0.wp.com\/www.grieta.org.mx\/wp-content\/uploads\/2018\/03\/14524434_1106112876131411_958039263622046936_o.jpg?resize=350%2C200 1x, https:\/\/i0.wp.com\/www.grieta.org.mx\/wp-content\/uploads\/2018\/03\/14524434_1106112876131411_958039263622046936_o.jpg?resize=525%2C300 1.5x, https:\/\/i0.wp.com\/www.grieta.org.mx\/wp-content\/uploads\/2018\/03\/14524434_1106112876131411_958039263622046936_o.jpg?resize=700%2C400 2x"},"classes":[]},{"id":1790,"url":"http:\/\/www.grieta.org.mx\/index.php\/2015\/06\/30\/dan-reves-a-moreno-valle-en-su-proyecto-de-parque-en-cholula\/","url_meta":{"origin":1821,"position":4},"title":"Dan rev\u00e9s a Moreno Valle en su proyecto de parque en Cholula","author":"grieta","date":"30 junio, 2015","format":false,"excerpt":"junio 30, 2015 Gabriela Hern\u00e1ndez PUEBLA, Pue. (apro).- El proyecto del gobernador Rafael Moreno Valle de construir un parque en los alrededores de la gran Pir\u00e1mide de Cholula y del templo de la Virgen de los Remedios se vino abajo, asegur\u00f3 la agrupaci\u00f3n Cholula Viva y Digna. Este lunes, el\u2026","rel":"","context":"En &quot;CINTILLO&quot;","block_context":{"text":"CINTILLO","link":"http:\/\/www.grieta.org.mx\/index.php\/category\/cintillo\/"},"img":{"alt_text":"","src":"https:\/\/i0.wp.com\/www.grieta.org.mx\/wp-content\/uploads\/2018\/03\/14524434_1106112876131411_958039263622046936_o.jpg?resize=350%2C200","width":350,"height":200,"srcset":"https:\/\/i0.wp.com\/www.grieta.org.mx\/wp-content\/uploads\/2018\/03\/14524434_1106112876131411_958039263622046936_o.jpg?resize=350%2C200 1x, https:\/\/i0.wp.com\/www.grieta.org.mx\/wp-content\/uploads\/2018\/03\/14524434_1106112876131411_958039263622046936_o.jpg?resize=525%2C300 1.5x, https:\/\/i0.wp.com\/www.grieta.org.mx\/wp-content\/uploads\/2018\/03\/14524434_1106112876131411_958039263622046936_o.jpg?resize=700%2C400 2x"},"classes":[]},{"id":1787,"url":"http:\/\/www.grieta.org.mx\/index.php\/2015\/06\/03\/detienen-a-tres-integrantes-de-cholula-viva-y-digna\/","url_meta":{"origin":1821,"position":5},"title":"Detienen a tres integrantes de Cholula Viva y Digna","author":"grieta","date":"3 junio, 2015","format":false,"excerpt":"junio 03, 2015 Yadira Llaven Anzures, Puebla Por repartir volantes en la colonia Zapata, esta tarde fueron detenidos tres integrantes del movimiento ciudadano \u201cPor una Cholula Viva y Digna\u201d. Se trata de Salustino Antonio Sol\u00eds, Carlos Formacio y su esposa, quienes fueron detenidos por la polic\u00eda municipal de San Andr\u00e9s\u2026","rel":"","context":"En &quot;CINTILLO&quot;","block_context":{"text":"CINTILLO","link":"http:\/\/www.grieta.org.mx\/index.php\/category\/cintillo\/"},"img":{"alt_text":"","src":"https:\/\/i0.wp.com\/www.grieta.org.mx\/wp-content\/uploads\/2018\/03\/14524434_1106112876131411_958039263622046936_o.jpg?resize=350%2C200","width":350,"height":200,"srcset":"https:\/\/i0.wp.com\/www.grieta.org.mx\/wp-content\/uploads\/2018\/03\/14524434_1106112876131411_958039263622046936_o.jpg?resize=350%2C200 1x, https:\/\/i0.wp.com\/www.grieta.org.mx\/wp-content\/uploads\/2018\/03\/14524434_1106112876131411_958039263622046936_o.jpg?resize=525%2C300 1.5x, https:\/\/i0.wp.com\/www.grieta.org.mx\/wp-content\/uploads\/2018\/03\/14524434_1106112876131411_958039263622046936_o.jpg?resize=700%2C400 2x"},"classes":[]}],"_links":{"self":[{"href":"http:\/\/www.grieta.org.mx\/index.php\/wp-json\/wp\/v2\/posts\/1821","targetHints":{"allow":["GET"]}}],"collection":[{"href":"http:\/\/www.grieta.org.mx\/index.php\/wp-json\/wp\/v2\/posts"}],"about":[{"href":"http:\/\/www.grieta.org.mx\/index.php\/wp-json\/wp\/v2\/types\/post"}],"author":[{"embeddable":true,"href":"http:\/\/www.grieta.org.mx\/index.php\/wp-json\/wp\/v2\/users\/2"}],"replies":[{"embeddable":true,"href":"http:\/\/www.grieta.org.mx\/index.php\/wp-json\/wp\/v2\/comments?post=1821"}],"version-history":[{"count":1,"href":"http:\/\/www.grieta.org.mx\/index.php\/wp-json\/wp\/v2\/posts\/1821\/revisions"}],"predecessor-version":[{"id":1822,"href":"http:\/\/www.grieta.org.mx\/index.php\/wp-json\/wp\/v2\/posts\/1821\/revisions\/1822"}],"wp:featuredmedia":[{"embeddable":true,"href":"http:\/\/www.grieta.org.mx\/index.php\/wp-json\/wp\/v2\/media\/21928"}],"wp:attachment":[{"href":"http:\/\/www.grieta.org.mx\/index.php\/wp-json\/wp\/v2\/media?parent=1821"}],"wp:term":[{"taxonomy":"category","embeddable":true,"href":"http:\/\/www.grieta.org.mx\/index.php\/wp-json\/wp\/v2\/categories?post=1821"},{"taxonomy":"post_tag","embeddable":true,"href":"http:\/\/www.grieta.org.mx\/index.php\/wp-json\/wp\/v2\/tags?post=1821"}],"curies":[{"name":"wp","href":"https:\/\/api.w.org\/{rel}","templated":true}]}}