{"id":1818,"date":"2015-10-04T20:57:42","date_gmt":"2015-10-04T20:57:42","guid":{"rendered":"http:\/\/50.22.11.12\/~grietaor\/?p=1818"},"modified":"2016-03-09T21:03:20","modified_gmt":"2016-03-09T21:03:20","slug":"sindicos-municipales-omisos-ante-violaciones-a-derechos-humanos","status":"publish","type":"post","link":"http:\/\/www.grieta.org.mx\/index.php\/2015\/10\/04\/sindicos-municipales-omisos-ante-violaciones-a-derechos-humanos\/","title":{"rendered":"S\u00edndicos municipales, omisos ante violaciones a derechos humanos"},"content":{"rendered":"<p>octubre 04, 2015<br \/>\nAranzaz\u00fa Ayala Mart\u00ednez, Puebla<\/p>\n<p>La \u00faltima reforma a la Ley Org\u00e1nica Municipal en Puebla establece que los s\u00edndicos municipales son la figura encargada de vigilar y garantizar el respeto y cumplimiento de los Derechos Humanos en la poblaci\u00f3n.<\/p>\n<p>De hecho, en la modificaci\u00f3n aprobada el 4 de diciembre de 2013 por el Congreso del estado, se faculta a los s\u00edndicos a fungir de enlace con la Comisi\u00f3n Nacional o la Comisi\u00f3n Estatal de Derechos Humanos, ante una situaci\u00f3n violatoria hacia la poblaci\u00f3n.<\/p>\n<p>En el Art\u00edculo 100 de la ley reformada, apartado donde se establecen los derechos y obligaciones del s\u00edndico, est\u00e1 contemplado en el punto XV que le otorga la funci\u00f3n de \u201cvigilar que en los actos del Ayuntamiento, se respeten los derechos humanos y se observen las leyes y dem\u00e1s ordenamientos vigentes\u201d.<\/p>\n<p>Sin embargo, los s\u00edndicos municipales en Puebla no han cumplido este papel y durante varios conflictos incluso han dado la espalda a su comunidad.<\/p>\n<p>Un caso muy concreto es el de San Andr\u00e9s Cholula, donde en 2014 la poblaci\u00f3n se manifest\u00f3 contra la construcci\u00f3n del Parque Intermunicipal de las 7 culturas en los alrededores de la Gran Pir\u00e1mide. Durante la toma pac\u00edfica del edificio del Ayuntamiento hubo un desalojo violento por parte de la polic\u00eda municipal y varias personas fueron detenidas \u2013dos, Ad\u00e1n y Paul Xicale, siguen encarcelados\u2013. Al momento de hacer la demanda, el primero en declarar en contra de los defensores del territorio fue Pedro Lozada, s\u00edndico municipal.<\/p>\n<p>En otros conflictos en varias partes del estado la figura del s\u00edndico ha pasado totalmente desapercibida. Uno de los casos m\u00e1s sonados en cuanto a violaciones de Derechos Humanos ha sido el de la junta auxiliar de San Bernardino Chalchihuapan, que protest\u00f3 precisamente por la reforma a la ley org\u00e1nica municipal que le quit\u00f3 autonom\u00eda y facultades.<\/p>\n<p>Como se sabe, el enfrentamiento entre pobladores y la polic\u00eda estatal deriv\u00f3 en la muerte del ni\u00f1o Jos\u00e9 Luis Tehuatle, varias personas presas y heridas, sin embargo el municipio nunca se pronunci\u00f3 al respecto. El s\u00edndico municipal fue omiso en un caso que incluso fue motivo de una investigaci\u00f3n y recomendaci\u00f3n de la Comisi\u00f3n Nacional de Derechos Humanos (CNDH).<\/p>\n<p>Lo mismo ha sucedido en lugares donde la poblaci\u00f3n se opone, como en Cholula, a ciertos proyectos, sobre todo en la Sierra Norte con los movimientos de resistencia en contra de las mineras e hidroel\u00e9ctricas.<\/p>\n<p>Por ejemplo, en el municipio de Ixtacamaxtitl\u00e1n, en la comunidad de Santa Mar\u00eda Sotoltepec, donde la empresa canadiense Almaden Mineras junto con Minera Gorri\u00f3n tienen la concesi\u00f3n de explotaci\u00f3n para buscar oro en lo que es el yacimiento m\u00e1s grande del pa\u00eds, una parte de la poblaci\u00f3n se organiz\u00f3 en contra de la extracci\u00f3n e incluso gan\u00f3 a principios de a\u00f1o un amparo deteniendo provisionalmente la obra. Ah\u00ed, el municipio ha apoyado las labores de la minera y el s\u00edndico no ha cumplido con su obligaci\u00f3n de vigilar el respeto a los Derechos Humanos.<\/p>\n<p>En Tetela de Ocampo, Minera Frisco, propiedad del magnate Carlos Slim, no respet\u00f3 el derecho de los pueblos ind\u00edgenas a una consulta y por ello se detuvo tambi\u00e9n temporalmente la obra. El s\u00edndico tampoco se involucr\u00f3 o hizo pronunciamiento alguno.<\/p>\n<p>En Ocotepec, municipio al norte de la ciudad de Libres, la fundaci\u00f3n Living Water International entr\u00f3 para construir un tanque de almacenamiento de agua y rehabilitar la tuber\u00eda, obra que los pobladores rechazan argumentando que no la necesitan. Ah\u00ed incluso fue la presidenta municipal quien firm\u00f3 el acuerdo con la fundaci\u00f3n y nuevamente el s\u00edndico ha sido omiso.<\/p>\n<p>Al respecto, en la sesi\u00f3n ordinaria del Congreso del pasado mi\u00e9rcoles 30 de septiembre, el diputado Sergio Salom\u00f3n present\u00f3 un punto de acuerdo para exhortar a los s\u00edndicos a que asuman la responsabilidad como encargados de proteger los derechos humanos, adem\u00e1s de capacitarse en la materia, para agilizar el cumplimiento de las garant\u00edas individuales. El legislador mencion\u00f3 que los municipios son las entidades m\u00e1s cercanas a la ciudadan\u00eda. Dicho punto fue turnado a la comisi\u00f3n correspondiente para su aprobaci\u00f3n.<\/p>\n<p><a href=\"http:\/\/ladobe.com.mx\/2015\/10\/sindicos-municipales-omisos-antes-las-violaciones-a-derechos-humanos\/\" target=\"_blank\">http:\/\/ladobe.com.mx\/2015\/10\/sindicos-municipales-omisos-antes-las-violaciones-a-derechos-humanos\/<\/a><\/p>\n","protected":false},"excerpt":{"rendered":"<p>octubre 04, 2015 Aranzaz\u00fa Ayala Mart\u00ednez, Puebla La \u00faltima reforma a la Ley Org\u00e1nica Municipal en Puebla establece que los s\u00edndicos municipales son la figura encargada de vigilar y garantizar &hellip; <a href=\"http:\/\/www.grieta.org.mx\/index.php\/2015\/10\/04\/sindicos-municipales-omisos-ante-violaciones-a-derechos-humanos\/\" class=\"more-link\">Leer m\u00e1s<\/a><\/p>\n","protected":false},"author":2,"featured_media":21928,"comment_status":"closed","ping_status":"open","sticky":false,"template":"","format":"standard","meta":{"ngg_post_thumbnail":0,"_jetpack_newsletter_access":"","_jetpack_dont_email_post_to_subs":false,"_jetpack_newsletter_tier_id":0,"_jetpack_memberships_contains_paywalled_content":false,"_jetpack_memberships_contains_paid_content":false,"footnotes":""},"categories":[80],"tags":[213],"class_list":["post-1818","post","type-post","status-publish","format-standard","has-post-thumbnail","hentry","category-cintillo","tag-cholula","entry"],"jetpack_featured_media_url":"http:\/\/www.grieta.org.mx\/wp-content\/uploads\/2018\/03\/14524434_1106112876131411_958039263622046936_o.jpg","jetpack_sharing_enabled":true,"jetpack_shortlink":"https:\/\/wp.me\/p7ZJR4-tk","jetpack_likes_enabled":false,"jetpack-related-posts":[{"id":34336,"url":"http:\/\/www.grieta.org.mx\/index.php\/2019\/06\/05\/afectados-por-calidra-interponen-queja-ante-derechos-humanos-san-luis-potosi\/","url_meta":{"origin":1818,"position":0},"title":"Afectados por Calidra interponen queja ante Derechos Humanos (San Luis Potos\u00ed)","author":"grieta","date":"5 junio, 2019","format":false,"excerpt":"Jorge Torres \/ Plano Informativo Es una queja contra autoridades del Ayuntamiento de San Luis Potos\u00ed por la permisibilidad de un cambio de usos de suelo y diversos permisos municipales San Luis Potos\u00ed, SLP.- El presidente de la Comisi\u00f3n Estatal de Derechos Humanos (CEDH), Jorge Andr\u00e9s L\u00f3pez Espinosa, informo que\u2026","rel":"","context":"En &quot;CINTILLO&quot;","block_context":{"text":"CINTILLO","link":"http:\/\/www.grieta.org.mx\/index.php\/category\/cintillo\/"},"img":{"alt_text":"","src":"https:\/\/i0.wp.com\/www.grieta.org.mx\/wp-content\/uploads\/2019\/06\/Afectados-por-Calidra-interponen-queja-ante-Derechos-Humanos-slp-jun.jpg?resize=350%2C200","width":350,"height":200,"srcset":"https:\/\/i0.wp.com\/www.grieta.org.mx\/wp-content\/uploads\/2019\/06\/Afectados-por-Calidra-interponen-queja-ante-Derechos-Humanos-slp-jun.jpg?resize=350%2C200 1x, https:\/\/i0.wp.com\/www.grieta.org.mx\/wp-content\/uploads\/2019\/06\/Afectados-por-Calidra-interponen-queja-ante-Derechos-Humanos-slp-jun.jpg?resize=525%2C300 1.5x, https:\/\/i0.wp.com\/www.grieta.org.mx\/wp-content\/uploads\/2019\/06\/Afectados-por-Calidra-interponen-queja-ante-Derechos-Humanos-slp-jun.jpg?resize=700%2C400 2x"},"classes":[]},{"id":8375,"url":"http:\/\/www.grieta.org.mx\/index.php\/2015\/06\/14\/indignacion-de-ong-por-la-posible-masacre-de-migrantes-en-sonora-preocupa-la-ausencia-de-respuesta-de-cndh\/","url_meta":{"origin":1818,"position":1},"title":"Indignaci\u00f3n de ONG por la posible masacre de migrantes en Sonora; preocupa la ausencia de respuesta de CNDH","author":"grieta","date":"14 junio, 2015","format":false,"excerpt":"K\u00e9Huelga Domingo 14 de junio de 2015 Sobre la masacre en Caborca, Sonora, la informaci\u00f3n es confusa y a\u00fan no se sabe con certeza el n\u00famero de v\u00edctimas de homicidio y sobrevivientes. Existe gran preocupaci\u00f3n porque los medios se\u00f1alan que hab\u00eda mujeres y ni\u00f1os entre las v\u00edctimas. Las ONGs llaman\u2026","rel":"","context":"En &quot;CINTILLO&quot;","block_context":{"text":"CINTILLO","link":"http:\/\/www.grieta.org.mx\/index.php\/category\/cintillo\/"},"img":{"alt_text":"","src":"https:\/\/i0.wp.com\/www.grieta.org.mx\/wp-content\/uploads\/2018\/03\/14524434_1106112876131411_958039263622046936_o.jpg?resize=350%2C200","width":350,"height":200,"srcset":"https:\/\/i0.wp.com\/www.grieta.org.mx\/wp-content\/uploads\/2018\/03\/14524434_1106112876131411_958039263622046936_o.jpg?resize=350%2C200 1x, https:\/\/i0.wp.com\/www.grieta.org.mx\/wp-content\/uploads\/2018\/03\/14524434_1106112876131411_958039263622046936_o.jpg?resize=525%2C300 1.5x, https:\/\/i0.wp.com\/www.grieta.org.mx\/wp-content\/uploads\/2018\/03\/14524434_1106112876131411_958039263622046936_o.jpg?resize=700%2C400 2x"},"classes":[]},{"id":21012,"url":"http:\/\/www.grieta.org.mx\/index.php\/2016\/08\/31\/denuncian-violaciones-a-derechos-humanos-por-minas-e-hidroelectricas-puebla\/","url_meta":{"origin":1818,"position":2},"title":"Denuncian violaciones a derechos humanos por minas e hidroel\u00e9ctricas (Puebla)","author":"grieta","date":"31 agosto, 2016","format":false,"excerpt":"Por Leticia \u00c1nimas Vargas Huauchinango, Pue.- M\u00e1s de 60 casos de violaciones a los derechos humanos, del territorio y a los bienes naturales fueron presentados al Grupo de Trabajo sobre Empresas y Derechos Humanos de la Organizaci\u00f3n de las Naciones Unidas (ONU) que se encuentra de visita oficial en M\u00e9xico,\u2026","rel":"","context":"En &quot;CINTILLO&quot;","block_context":{"text":"CINTILLO","link":"http:\/\/www.grieta.org.mx\/index.php\/category\/cintillo\/"},"img":{"alt_text":"","src":"https:\/\/i0.wp.com\/www.grieta.org.mx\/wp-content\/uploads\/2018\/03\/14524434_1106112876131411_958039263622046936_o.jpg?resize=350%2C200","width":350,"height":200,"srcset":"https:\/\/i0.wp.com\/www.grieta.org.mx\/wp-content\/uploads\/2018\/03\/14524434_1106112876131411_958039263622046936_o.jpg?resize=350%2C200 1x, https:\/\/i0.wp.com\/www.grieta.org.mx\/wp-content\/uploads\/2018\/03\/14524434_1106112876131411_958039263622046936_o.jpg?resize=525%2C300 1.5x, https:\/\/i0.wp.com\/www.grieta.org.mx\/wp-content\/uploads\/2018\/03\/14524434_1106112876131411_958039263622046936_o.jpg?resize=700%2C400 2x"},"classes":[]},{"id":27865,"url":"http:\/\/www.grieta.org.mx\/index.php\/2018\/12\/09\/policias-de-tepatlan-hostigaron-al-activista-galindo-trinidad-puebla\/","url_meta":{"origin":1818,"position":3},"title":"Polic\u00edas de Tepatl\u00e1n hostigaron al activista Galindo Trinidad (Puebla)","author":"grieta","date":"9 diciembre, 2018","format":false,"excerpt":"Redacci\u00f3n \/ Municipios Puebla San Felipe Tepatl\u00e1n, Pue.- Polic\u00edas municipales de San Felipe Tepatl\u00e1n hostigaron al activista Jos\u00e9 Galindo Trinidad por oponerse al proyecto hidroel\u00e9ctrico Puebla 1 de la empresa brit\u00e1nica Comexhidro-Deselec 1, el cual afecta al r\u00edo Ajajalpan en la Sierra Norte del estado. Fue el pasado primero de\u2026","rel":"","context":"En &quot;26. Sierra Puebla&quot;","block_context":{"text":"26. Sierra Puebla","link":"http:\/\/www.grieta.org.mx\/index.php\/category\/espejos-de-la-resistencia\/26-sierra-puebla\/"},"img":{"alt_text":"","src":"https:\/\/i0.wp.com\/www.grieta.org.mx\/wp-content\/uploads\/2018\/12\/whatsapp_image_2017-01-16_at_4.jpg?resize=350%2C200","width":350,"height":200,"srcset":"https:\/\/i0.wp.com\/www.grieta.org.mx\/wp-content\/uploads\/2018\/12\/whatsapp_image_2017-01-16_at_4.jpg?resize=350%2C200 1x, https:\/\/i0.wp.com\/www.grieta.org.mx\/wp-content\/uploads\/2018\/12\/whatsapp_image_2017-01-16_at_4.jpg?resize=525%2C300 1.5x, https:\/\/i0.wp.com\/www.grieta.org.mx\/wp-content\/uploads\/2018\/12\/whatsapp_image_2017-01-16_at_4.jpg?resize=700%2C400 2x, https:\/\/i0.wp.com\/www.grieta.org.mx\/wp-content\/uploads\/2018\/12\/whatsapp_image_2017-01-16_at_4.jpg?resize=1050%2C600 3x"},"classes":[]},{"id":1768,"url":"http:\/\/www.grieta.org.mx\/index.php\/2016\/09\/05\/oposicion-a-proyectos-turisticos-en-zona-arqueologica-de-cholula-puebla\/","url_meta":{"origin":1818,"position":4},"title":"Defensa de zonas arqueol\u00f3gicas y culturales en Puebla","author":"grieta","date":"5 septiembre, 2016","format":false,"excerpt":"05\/08\/16. Activistas temen m\u00e1s obras del CAPCEE en zona arqueol\u00f3gica de Cholula Municipios Puebla 29\/07\/16. Aseguran que obras en Cholula carecen de permisos del INAH El Sol de Puebla 12\/07\/16. Parque Cholula: gobierno de Puebla excava en zona arqueol\u00f3gica sin autorizaci\u00f3n del INAH Milenio 25\/06\/16. Denunciar\u00e1n obras en zona arqueol\u00f3gica\u2026","rel":"","context":"En &quot;NOTICIAS NACIONALES&quot;","block_context":{"text":"NOTICIAS NACIONALES","link":"http:\/\/www.grieta.org.mx\/index.php\/category\/noticias-nacionales\/"},"img":{"alt_text":"","src":"https:\/\/i0.wp.com\/www.grieta.org.mx\/wp-content\/uploads\/2018\/03\/14524434_1106112876131411_958039263622046936_o.jpg?resize=350%2C200","width":350,"height":200,"srcset":"https:\/\/i0.wp.com\/www.grieta.org.mx\/wp-content\/uploads\/2018\/03\/14524434_1106112876131411_958039263622046936_o.jpg?resize=350%2C200 1x, https:\/\/i0.wp.com\/www.grieta.org.mx\/wp-content\/uploads\/2018\/03\/14524434_1106112876131411_958039263622046936_o.jpg?resize=525%2C300 1.5x, https:\/\/i0.wp.com\/www.grieta.org.mx\/wp-content\/uploads\/2018\/03\/14524434_1106112876131411_958039263622046936_o.jpg?resize=700%2C400 2x"},"classes":[]},{"id":58182,"url":"http:\/\/www.grieta.org.mx\/index.php\/2021\/03\/31\/ejercito-suma-5-mil-500-quejas-por-abusos-a-migrantes-ante-derechos-humanos\/","url_meta":{"origin":1818,"position":5},"title":"Ej\u00e9rcito suma 5 mil 500 quejas por abusos a migrantes ante Derechos Humanos","author":"grieta","date":"31 marzo, 2021","format":false,"excerpt":"Marcos Muedano\/La Silla Rota 31 marzo 2021 La\u00a0pol\u00edtica\u00a0del\u00a0gobierno federal\u00a0para evitar el ingreso de\u00a0migrantes\u00a0a territorio nacional no ha dado resultados. Durante los \u00faltimos dos a\u00f1os, por lo menos, m\u00e1s de\u00a0130 mil personas de distintas nacionalidades\u00a0lograron evadir lo\u00a0filtros de seguridad\u00a0implementados durante el\u00a0gobierno de Andr\u00e9s Manuel L\u00f3pez Obrador. Tan s\u00f3lo el\u00a0Ej\u00e9rcito\u00a0detuvo, cada 24\u2026","rel":"","context":"En &quot;CINTILLO&quot;","block_context":{"text":"CINTILLO","link":"http:\/\/www.grieta.org.mx\/index.php\/category\/cintillo\/"},"img":{"alt_text":"","src":"https:\/\/i0.wp.com\/www.grieta.org.mx\/wp-content\/uploads\/2021\/04\/migrante2-focus-0.29-0.16-983-557.jpg?resize=350%2C200","width":350,"height":200,"srcset":"https:\/\/i0.wp.com\/www.grieta.org.mx\/wp-content\/uploads\/2021\/04\/migrante2-focus-0.29-0.16-983-557.jpg?resize=350%2C200 1x, https:\/\/i0.wp.com\/www.grieta.org.mx\/wp-content\/uploads\/2021\/04\/migrante2-focus-0.29-0.16-983-557.jpg?resize=525%2C300 1.5x, https:\/\/i0.wp.com\/www.grieta.org.mx\/wp-content\/uploads\/2021\/04\/migrante2-focus-0.29-0.16-983-557.jpg?resize=700%2C400 2x"},"classes":[]}],"_links":{"self":[{"href":"http:\/\/www.grieta.org.mx\/index.php\/wp-json\/wp\/v2\/posts\/1818","targetHints":{"allow":["GET"]}}],"collection":[{"href":"http:\/\/www.grieta.org.mx\/index.php\/wp-json\/wp\/v2\/posts"}],"about":[{"href":"http:\/\/www.grieta.org.mx\/index.php\/wp-json\/wp\/v2\/types\/post"}],"author":[{"embeddable":true,"href":"http:\/\/www.grieta.org.mx\/index.php\/wp-json\/wp\/v2\/users\/2"}],"replies":[{"embeddable":true,"href":"http:\/\/www.grieta.org.mx\/index.php\/wp-json\/wp\/v2\/comments?post=1818"}],"version-history":[{"count":1,"href":"http:\/\/www.grieta.org.mx\/index.php\/wp-json\/wp\/v2\/posts\/1818\/revisions"}],"predecessor-version":[{"id":1819,"href":"http:\/\/www.grieta.org.mx\/index.php\/wp-json\/wp\/v2\/posts\/1818\/revisions\/1819"}],"wp:featuredmedia":[{"embeddable":true,"href":"http:\/\/www.grieta.org.mx\/index.php\/wp-json\/wp\/v2\/media\/21928"}],"wp:attachment":[{"href":"http:\/\/www.grieta.org.mx\/index.php\/wp-json\/wp\/v2\/media?parent=1818"}],"wp:term":[{"taxonomy":"category","embeddable":true,"href":"http:\/\/www.grieta.org.mx\/index.php\/wp-json\/wp\/v2\/categories?post=1818"},{"taxonomy":"post_tag","embeddable":true,"href":"http:\/\/www.grieta.org.mx\/index.php\/wp-json\/wp\/v2\/tags?post=1818"}],"curies":[{"name":"wp","href":"https:\/\/api.w.org\/{rel}","templated":true}]}}