{"id":1809,"date":"2015-07-27T20:43:53","date_gmt":"2015-07-27T20:43:53","guid":{"rendered":"http:\/\/50.22.11.12\/~grietaor\/?p=1809"},"modified":"2016-03-09T20:50:01","modified_gmt":"2016-03-09T20:50:01","slug":"giran-14-nuevas-ordenes-de-aprehension-contra-defensores-del-patrimonio-en-cholula","status":"publish","type":"post","link":"http:\/\/www.grieta.org.mx\/index.php\/2015\/07\/27\/giran-14-nuevas-ordenes-de-aprehension-contra-defensores-del-patrimonio-en-cholula\/","title":{"rendered":"Giran 14 nuevas ordenes de aprehensi\u00f3n contra defensores del patrimonio en Cholula"},"content":{"rendered":"<p>julio 27, 2015<br \/>\nMart\u00edn Hern\u00e1ndez Alc\u00e1ntara, Puebla<\/p>\n<p>Por solicitud de la agente del ministerio publico adscrita al juzgado penal de Cholula, Rubicelia Perez, esta \u00faltima instancia emiti\u00f3 14 nuevas ordenes de aprehensi\u00f3n contras las mismas personas a las que en octubre del a\u00f1o pasado se les emitieron otras ordenes por la toma de la alcald\u00eda de San Andr\u00e9s Cholula que participan en el movimiento de defensa del patrimonio hist\u00f3rico de Cholula, amenazado por el proyecto del Parque de las Siete Culturas.<\/p>\n<p>Lo anterior fue dado a conocer hace unos momentos por Adan, Paul y Jose Xicale quienes consideraron en diferentes mensajes que la agilidad con la que se emitieron las ordenes de aprensi\u00f3n en apenas cuatro d\u00edas demuestra el uso faccioso y represor de parte del poder judicial para reprimir a activistas por \u00f3rdenes del gobernador Rafael Moreno Valle Rosas.<\/p>\n<p>Cabe recordar que de las 14 ordenes emitidas en octubre del a\u00f1o pasado, cuatro se aplicaron a Ad\u00e1n y Paul Xicale y otras a Albino y Manuel Tlachi. Los Tlachi abandonaron en marzo pasado la c\u00e1rcel mientras que los Xicale permanecen encerrados por que las nuevas ordenes se ejecutaron hoy.<\/p>\n<p>Las 10 personas restantes que tienen ordenes de aprehensi\u00f3n en su contra desde octubre permanecen ocultas.<\/p>\n<p>Los juzgados federales han determinado que los delitos que el gobierno de San Andr\u00e9s Cholula imputa a los Xicale y los Tlachi no son fundados.<\/p>\n<p>Los nuevos delitos de lo que se acusa a los defensores del patrimonio en Cholula son: despojo en su hip\u00f3tesis de perturbaci\u00f3n, da\u00f1o en propiedad ajena y ataques a funcionarios p\u00fablicos.<\/p>\n<p><a href=\"http:\/\/www.lajornadadeoriente.com.mx\/2015\/07\/27\/giran-14-nuevas-ordenes-de-aprehension-contra-defensores-del-patrimonio-en-cholula\/\" target=\"_blank\">http:\/\/www.lajornadadeoriente.com.mx\/2015\/07\/27\/giran-14-nuevas-ordenes-de-aprehension-contra-defensores-del-patrimonio-en-cholula\/<\/a><\/p>\n","protected":false},"excerpt":{"rendered":"<p>julio 27, 2015 Mart\u00edn Hern\u00e1ndez Alc\u00e1ntara, Puebla Por solicitud de la agente del ministerio publico adscrita al juzgado penal de Cholula, Rubicelia Perez, esta \u00faltima instancia emiti\u00f3 14 nuevas ordenes &hellip; <a href=\"http:\/\/www.grieta.org.mx\/index.php\/2015\/07\/27\/giran-14-nuevas-ordenes-de-aprehension-contra-defensores-del-patrimonio-en-cholula\/\" class=\"more-link\">Leer m\u00e1s<\/a><\/p>\n","protected":false},"author":2,"featured_media":21928,"comment_status":"closed","ping_status":"open","sticky":false,"template":"","format":"standard","meta":{"ngg_post_thumbnail":0,"_jetpack_newsletter_access":"","_jetpack_dont_email_post_to_subs":false,"_jetpack_newsletter_tier_id":0,"_jetpack_memberships_contains_paywalled_content":false,"_jetpack_memberships_contains_paid_content":false,"footnotes":""},"categories":[80],"tags":[213],"class_list":["post-1809","post","type-post","status-publish","format-standard","has-post-thumbnail","hentry","category-cintillo","tag-cholula","entry"],"jetpack_featured_media_url":"http:\/\/www.grieta.org.mx\/wp-content\/uploads\/2018\/03\/14524434_1106112876131411_958039263622046936_o.jpg","jetpack_sharing_enabled":true,"jetpack_shortlink":"https:\/\/wp.me\/p7ZJR4-tb","jetpack_likes_enabled":false,"jetpack-related-posts":[{"id":1777,"url":"http:\/\/www.grieta.org.mx\/index.php\/2015\/04\/23\/liberan-ordenes-de-aprehension-contra-activistas-de-cholula\/","url_meta":{"origin":1809,"position":0},"title":"Liberan \u00f3rdenes de aprehensi\u00f3n contra activistas de Cholula","author":"grieta","date":"23 abril, 2015","format":false,"excerpt":"abril 23, 2015 Puebla El Movimiento Cholula Viva y Digna fue notificado de la existencia de tres nuevas \u00f3rdenes de aprehensi\u00f3n en contra de sus integrantes, por haber participado en las protestas contra el Parque Intermunicipal los d\u00edas 6 y 7 de octubre del a\u00f1o pasado. A trav\u00e9s de un\u2026","rel":"","context":"En &quot;CINTILLO&quot;","block_context":{"text":"CINTILLO","link":"http:\/\/www.grieta.org.mx\/index.php\/category\/cintillo\/"},"img":{"alt_text":"","src":"https:\/\/i0.wp.com\/www.grieta.org.mx\/wp-content\/uploads\/2018\/03\/14524434_1106112876131411_958039263622046936_o.jpg?resize=350%2C200","width":350,"height":200,"srcset":"https:\/\/i0.wp.com\/www.grieta.org.mx\/wp-content\/uploads\/2018\/03\/14524434_1106112876131411_958039263622046936_o.jpg?resize=350%2C200 1x, https:\/\/i0.wp.com\/www.grieta.org.mx\/wp-content\/uploads\/2018\/03\/14524434_1106112876131411_958039263622046936_o.jpg?resize=525%2C300 1.5x, https:\/\/i0.wp.com\/www.grieta.org.mx\/wp-content\/uploads\/2018\/03\/14524434_1106112876131411_958039263622046936_o.jpg?resize=700%2C400 2x"},"classes":[]},{"id":1768,"url":"http:\/\/www.grieta.org.mx\/index.php\/2016\/09\/05\/oposicion-a-proyectos-turisticos-en-zona-arqueologica-de-cholula-puebla\/","url_meta":{"origin":1809,"position":1},"title":"Defensa de zonas arqueol\u00f3gicas y culturales en Puebla","author":"grieta","date":"5 septiembre, 2016","format":false,"excerpt":"05\/08\/16. Activistas temen m\u00e1s obras del CAPCEE en zona arqueol\u00f3gica de Cholula Municipios Puebla 29\/07\/16. Aseguran que obras en Cholula carecen de permisos del INAH El Sol de Puebla 12\/07\/16. Parque Cholula: gobierno de Puebla excava en zona arqueol\u00f3gica sin autorizaci\u00f3n del INAH Milenio 25\/06\/16. Denunciar\u00e1n obras en zona arqueol\u00f3gica\u2026","rel":"","context":"En &quot;NOTICIAS NACIONALES&quot;","block_context":{"text":"NOTICIAS NACIONALES","link":"http:\/\/www.grieta.org.mx\/index.php\/category\/noticias-nacionales\/"},"img":{"alt_text":"","src":"https:\/\/i0.wp.com\/www.grieta.org.mx\/wp-content\/uploads\/2018\/03\/14524434_1106112876131411_958039263622046936_o.jpg?resize=350%2C200","width":350,"height":200,"srcset":"https:\/\/i0.wp.com\/www.grieta.org.mx\/wp-content\/uploads\/2018\/03\/14524434_1106112876131411_958039263622046936_o.jpg?resize=350%2C200 1x, https:\/\/i0.wp.com\/www.grieta.org.mx\/wp-content\/uploads\/2018\/03\/14524434_1106112876131411_958039263622046936_o.jpg?resize=525%2C300 1.5x, https:\/\/i0.wp.com\/www.grieta.org.mx\/wp-content\/uploads\/2018\/03\/14524434_1106112876131411_958039263622046936_o.jpg?resize=700%2C400 2x"},"classes":[]},{"id":1821,"url":"http:\/\/www.grieta.org.mx\/index.php\/2015\/10\/06\/detienen-en-puebla-a-opositor-al-proyecto-de-parque-cholula\/","url_meta":{"origin":1809,"position":2},"title":"Detienen en Puebla a opositor al proyecto de Parque Cholula","author":"grieta","date":"6 octubre, 2015","format":false,"excerpt":"octubre 06, 2015 Gabriela Hern\u00e1ndez PUEBLA, Pue. (apro).- Al cumplirse un a\u00f1o de que la organizaci\u00f3n Cholula Viva y Digna tom\u00f3 la presidencia de San Andr\u00e9s para manifestar su rechazo a la construcci\u00f3n de un parque en las inmediaciones de la Gran Pir\u00e1mide, polic\u00edas ministeriales detuvieron a T\u00e9odulo Cuaya Teutle,\u2026","rel":"","context":"En &quot;CINTILLO&quot;","block_context":{"text":"CINTILLO","link":"http:\/\/www.grieta.org.mx\/index.php\/category\/cintillo\/"},"img":{"alt_text":"","src":"https:\/\/i0.wp.com\/www.grieta.org.mx\/wp-content\/uploads\/2018\/03\/14524434_1106112876131411_958039263622046936_o.jpg?resize=350%2C200","width":350,"height":200,"srcset":"https:\/\/i0.wp.com\/www.grieta.org.mx\/wp-content\/uploads\/2018\/03\/14524434_1106112876131411_958039263622046936_o.jpg?resize=350%2C200 1x, https:\/\/i0.wp.com\/www.grieta.org.mx\/wp-content\/uploads\/2018\/03\/14524434_1106112876131411_958039263622046936_o.jpg?resize=525%2C300 1.5x, https:\/\/i0.wp.com\/www.grieta.org.mx\/wp-content\/uploads\/2018\/03\/14524434_1106112876131411_958039263622046936_o.jpg?resize=700%2C400 2x"},"classes":[]},{"id":21007,"url":"http:\/\/www.grieta.org.mx\/index.php\/2016\/09\/05\/activistas-temen-mas-obras-del-capcee-en-zona-arqueologica-de-cholula\/","url_meta":{"origin":1809,"position":3},"title":"Activistas temen m\u00e1s obras del CAPCEE en zona arqueol\u00f3gica de Cholula","author":"grieta","date":"5 septiembre, 2016","format":false,"excerpt":"Por Arturo Manzano San Andr\u00e9s Cholula, Pue.- El Movimiento colectivo Cholula Viva y Digna alert\u00f3 que recientemente han sido depositadas camionadas de grava en las inmediaciones del Patio de Los Altares, las cuales podr\u00edan ser utilizadas por el Comit\u00e9 Administrador Poblano para la Construcci\u00f3n de Espacios Educativos (CAPCEE) para continuar\u2026","rel":"","context":"En &quot;CINTILLO&quot;","block_context":{"text":"CINTILLO","link":"http:\/\/www.grieta.org.mx\/index.php\/category\/cintillo\/"},"img":{"alt_text":"","src":"https:\/\/i0.wp.com\/www.grieta.org.mx\/wp-content\/uploads\/2016\/09\/fototeca-141020141529imgpng14oct2014chol08_0.jpg?resize=350%2C200","width":350,"height":200,"srcset":"https:\/\/i0.wp.com\/www.grieta.org.mx\/wp-content\/uploads\/2016\/09\/fototeca-141020141529imgpng14oct2014chol08_0.jpg?resize=350%2C200 1x, https:\/\/i0.wp.com\/www.grieta.org.mx\/wp-content\/uploads\/2016\/09\/fototeca-141020141529imgpng14oct2014chol08_0.jpg?resize=525%2C300 1.5x"},"classes":[]},{"id":1827,"url":"http:\/\/www.grieta.org.mx\/index.php\/2015\/10\/08\/liberan-a-teodulo-cuaya-teutle-tras-liquidar-la-fianza-por-el-delito-de-motin\/","url_meta":{"origin":1809,"position":4},"title":"Liberan a Te\u00f3dulo Cuaya Teutle tras liquidar la fianza por el delito de mot\u00edn","author":"grieta","date":"8 octubre, 2015","format":false,"excerpt":"octubre 08, 2015 Yadira Llaven Anzures, Puebla La ma\u00f1ana de este mi\u00e9rcoles fue liberado Te\u00f3dulo Cuaya Teutle, vecino de San Bernardino Tlaxcalancingo y opositor al parque de las siete culturas, que se construye por la fuerza en la pir\u00e1mide de Cholula, tras pagar una fianza de 25 mil pesos por\u2026","rel":"","context":"En &quot;CINTILLO&quot;","block_context":{"text":"CINTILLO","link":"http:\/\/www.grieta.org.mx\/index.php\/category\/cintillo\/"},"img":{"alt_text":"","src":"https:\/\/i0.wp.com\/www.grieta.org.mx\/wp-content\/uploads\/2018\/03\/14524434_1106112876131411_958039263622046936_o.jpg?resize=350%2C200","width":350,"height":200,"srcset":"https:\/\/i0.wp.com\/www.grieta.org.mx\/wp-content\/uploads\/2018\/03\/14524434_1106112876131411_958039263622046936_o.jpg?resize=350%2C200 1x, https:\/\/i0.wp.com\/www.grieta.org.mx\/wp-content\/uploads\/2018\/03\/14524434_1106112876131411_958039263622046936_o.jpg?resize=525%2C300 1.5x, https:\/\/i0.wp.com\/www.grieta.org.mx\/wp-content\/uploads\/2018\/03\/14524434_1106112876131411_958039263622046936_o.jpg?resize=700%2C400 2x"},"classes":[]},{"id":1784,"url":"http:\/\/www.grieta.org.mx\/index.php\/2015\/05\/19\/luz-bajo-la-tierra-la-destruccion-de-cholula-documental\/","url_meta":{"origin":1809,"position":5},"title":"Luz Bajo La Tierra, la Destrucci\u00f3n de Cholula (Documental)","author":"grieta","date":"19 mayo, 2015","format":false,"excerpt":"mayo 19, 2015 Puebla El Gobierno de Puebla realiza la construcci\u00f3n de un parque comercial sobre la zona arqueol\u00f3gica de Cholula. Este documental muestra la destrucci\u00f3n del patrimonio hist\u00f3rico producto de las obras irregulares, adem\u00e1s de la represi\u00f3n que han sufrido los habitantes de Cholula por oponerse el proyecto. Gui\u00f3n,\u2026","rel":"","context":"En &quot;CINTILLO&quot;","block_context":{"text":"CINTILLO","link":"http:\/\/www.grieta.org.mx\/index.php\/category\/cintillo\/"},"img":{"alt_text":"","src":"https:\/\/i0.wp.com\/www.grieta.org.mx\/wp-content\/uploads\/2018\/03\/14524434_1106112876131411_958039263622046936_o.jpg?resize=350%2C200","width":350,"height":200,"srcset":"https:\/\/i0.wp.com\/www.grieta.org.mx\/wp-content\/uploads\/2018\/03\/14524434_1106112876131411_958039263622046936_o.jpg?resize=350%2C200 1x, https:\/\/i0.wp.com\/www.grieta.org.mx\/wp-content\/uploads\/2018\/03\/14524434_1106112876131411_958039263622046936_o.jpg?resize=525%2C300 1.5x, https:\/\/i0.wp.com\/www.grieta.org.mx\/wp-content\/uploads\/2018\/03\/14524434_1106112876131411_958039263622046936_o.jpg?resize=700%2C400 2x"},"classes":[]}],"_links":{"self":[{"href":"http:\/\/www.grieta.org.mx\/index.php\/wp-json\/wp\/v2\/posts\/1809","targetHints":{"allow":["GET"]}}],"collection":[{"href":"http:\/\/www.grieta.org.mx\/index.php\/wp-json\/wp\/v2\/posts"}],"about":[{"href":"http:\/\/www.grieta.org.mx\/index.php\/wp-json\/wp\/v2\/types\/post"}],"author":[{"embeddable":true,"href":"http:\/\/www.grieta.org.mx\/index.php\/wp-json\/wp\/v2\/users\/2"}],"replies":[{"embeddable":true,"href":"http:\/\/www.grieta.org.mx\/index.php\/wp-json\/wp\/v2\/comments?post=1809"}],"version-history":[{"count":1,"href":"http:\/\/www.grieta.org.mx\/index.php\/wp-json\/wp\/v2\/posts\/1809\/revisions"}],"predecessor-version":[{"id":1813,"href":"http:\/\/www.grieta.org.mx\/index.php\/wp-json\/wp\/v2\/posts\/1809\/revisions\/1813"}],"wp:featuredmedia":[{"embeddable":true,"href":"http:\/\/www.grieta.org.mx\/index.php\/wp-json\/wp\/v2\/media\/21928"}],"wp:attachment":[{"href":"http:\/\/www.grieta.org.mx\/index.php\/wp-json\/wp\/v2\/media?parent=1809"}],"wp:term":[{"taxonomy":"category","embeddable":true,"href":"http:\/\/www.grieta.org.mx\/index.php\/wp-json\/wp\/v2\/categories?post=1809"},{"taxonomy":"post_tag","embeddable":true,"href":"http:\/\/www.grieta.org.mx\/index.php\/wp-json\/wp\/v2\/tags?post=1809"}],"curies":[{"name":"wp","href":"https:\/\/api.w.org\/{rel}","templated":true}]}}