{"id":17965,"date":"2016-09-11T14:47:33","date_gmt":"2016-09-11T19:47:33","guid":{"rendered":"http:\/\/www.grieta.org.mx\/?p=17965"},"modified":"2016-09-13T21:52:54","modified_gmt":"2016-09-14T02:52:54","slug":"protestan-profesores-de-telebachilleratos-por-falta-de-pagos-en-chihuahua","status":"publish","type":"post","link":"http:\/\/www.grieta.org.mx\/index.php\/2016\/09\/11\/protestan-profesores-de-telebachilleratos-por-falta-de-pagos-en-chihuahua\/","title":{"rendered":"Conflictos laborales en la industria maquiladora de Chihuahua"},"content":{"rendered":"<p><strong>10\/09\/16. <\/strong><a href=\"http:\/\/www.grieta.org.mx\/index.php\/2016\/09\/10\/convocan-a-obreros-a-grito-maquilero-vs-campana-mediatica-de-empresas-ciudad-juarez\/\">Convocan a obreros a grito \u201cMaquilero\u201d vs campa\u00f1a medi\u00e1tica de empresas, Ciudad Ju\u00e1rez<\/a><br  \/><em>El Pueblo<\/em><br  \/><\/p>\n<p><strong>06\/09\/16. <\/strong><a href=\"http:\/\/www.grieta.org.mx\/index.php\/2016\/09\/06\/preparan-obreros-verbena-contra-compana-de-index-ciudad-juarez\/\">Preparan obreros verbena contra compa\u00f1a de Index, Ciudad Ju\u00e1rez<\/a><br  \/><em>El Mexicano<\/em><br  \/><\/p>\n<p><strong>30\/08\/16. <\/strong><a href=\"http:\/\/www.grieta.org.mx\/index.php\/2016\/08\/30\/cruza-fronteras-lucha-maquilera-contra-explotacion-laboral-chihuahua\/\">Cruza fronteras lucha maquilera contra explotaci\u00f3n laboral, Chihuahua<\/a><br  \/><em>El Pueblo<\/em><br  \/><\/p>\n<p><strong>20\/08\/16. <\/strong><a href=\"http:\/\/www.grieta.org.mx\/index.php\/2016\/08\/20\/salario-maquilador-en-dolares-baja-13-chihuahua\/\">Salario maquilador en d\u00f3lares baja 13%, Chihuahua<\/a><br  \/><em>El Diario<\/em><br  \/><\/p>\n<p><strong>05\/08\/16. <\/strong><a href=\"http:\/\/www.grieta.org.mx\/index.php\/2016\/08\/05\/revela-abogada-prieto-los-medios-vendidos-esconden-y-tergiversan-notas-sobre-problemas-laborales-en-juarez\/\">Revela abogada Prieto los medios &#8216;vendidos&#8217; esconden y tergiversan notas sobre problemas laborales en Ju\u00e1rez<\/a><br  \/><em>El Mexicanos<\/em><br  \/><\/p>\n<p><strong>23\/07\/16. <\/strong><a href=\"http:\/\/www.grieta.org.mx\/index.php\/2016\/07\/23\/demandan-maquiladoras-a-trabajadores-por-bloqueos-al-exigir-mejores-salarios\/\">Demandan maquiladoras a trabajadores por bloqueos al exigir mejores salarios<\/a><br  \/><em>Entrelineas<\/em><br  \/><\/p>\n<p><strong>10\/07\/16. <\/strong><a href=\"http:\/\/www.grieta.org.mx\/index.php\/2016\/07\/10\/obreros-de-ciudad-juarez-cierran-planta-maquiladora\/\">Obreros de Ciudad Ju\u00e1rez cierran planta maquiladora<\/a><br  \/><em>La jornada<\/em><br  \/><\/p>\n<p><strong>10\/07\/16. <\/strong><a href=\"http:\/\/www.grieta.org.mx\/index.php\/2016\/07\/10\/obreros-de-maquilas-en-juarez-marchan-y-bloquean-puente-fronterizo\/\">Obreros de maquilas en Ju\u00e1rez marchan y bloquean puente fronterizo<\/a><br  \/><em>Proceso<\/em><br  \/><\/p>\n<p><strong>26\/06\/16. <\/strong><a href=\"http:\/\/www.grieta.org.mx\/index.php\/2016\/06\/26\/protestan-por-mejores-salarios-en-ciudad-juarez\/\">Protestan por mejores salarios en Ciudad Ju\u00e1rez<\/a><br \/>\n<em>El Diario<\/em><\/p>\n<p><strong>17\/02\/16. <\/strong><a href=\"http:\/\/grieta.org.mx\/index.php\/2016\/02\/16\/tras-despidos-mantienen-campamento-frente-a-lexmark-en-ciudad-juarez\/\">Tras despidos, mantienen campamento frente a Lexmark en Ciudad Ju\u00e1rez<\/a><br \/>\n<em>Aristegui Noticias<\/em><\/p>\n<p><strong>14\/01\/16. <\/strong><a href=\"http:\/\/grieta.org.mx\/index.php\/2016\/01\/14\/trabajadores-de-lexmark-protestan-en-el-df-obreros-de-las-maquilas-son-esclavos-del-siglo-xxi-y-el-gobierno-lo-permite\/\">Trabajadores de Lexmark protestan en el DF: \u201cobreros de las maquilas son esclavos del siglo XXI y el gobierno lo permite\u201d<\/a><br \/>\n<em>RevolucionTresPuntoCero<\/em><\/p>\n<p><strong>11\/01\/16. <\/strong><a href=\"http:\/\/grieta.org.mx\/index.php\/2016\/01\/11\/el-infierno-de-los-salarios-de-miseria-en-ciudad-juarez\/\">EL INFIERNO DE LOS SALARIOS DE MISERIA EN CIUDAD JU\u00c1REZ<\/a><br \/>\n<em>sin embargo<\/em><\/p>\n<p><strong>24\/12\/15. <\/strong><a href=\"http:\/\/grieta.org.mx\/index.php\/2015\/12\/24\/lexmark-junta-niega-sindicato-a-obreros-seguiran-planton-en-un-juarez-con-nieve-y-bajo-cero\/\">Lexmark: Junta niega sindicato a obreros; seguir\u00e1n plant\u00f3n en un Ju\u00e1rez con nieve y bajo cero<\/a><br \/>\n<em>sin embargo<\/em><\/p>\n<p><strong>30\/12\/15. <\/strong><a href=\"http:\/\/grieta.org.mx\/index.php\/2015\/12\/30\/niega-jlca-a-obreros-de-lexmark-sindicato-en-ciudad-juarez\/\">Niega JLCA a obreros de Lexmark sindicato en Ciudad Ju\u00e1rez<\/a><br \/>\n<em>El Mexicano<\/em><\/p>\n<p><strong>15\/12\/2015. <\/strong><a href=\"http:\/\/grieta.org.mx\/index.php\/2015\/12\/15\/obreros-exhiben-la-explotacion-laboral-de-maquiladoras-en-chihuahua\/\">Obreros exhiben la explotaci\u00f3n laboral de maquiladoras en Chihuahua<\/a><br \/>\n<em>Proceso<\/em><\/p>\n<p><strong>15\/12\/2016. <\/strong><a href=\"http:\/\/grieta.org.mx\/index.php\/2015\/12\/15\/lexmark-habria-despedido-a-120-empleados-por-pedir-aumento-y-crear-sindicato\/\">Lexmark habr\u00eda despedido a 120 empleados por pedir aumento y crear sindicato<\/a><br \/>\n<em>El Financiero<\/em><\/p>\n<p><strong>15\/12\/2015. <\/strong><a href=\"http:\/\/grieta.org.mx\/index.php\/2015\/12\/14\/maquila-despide-a-obreros-en-juarez-por-pedir-aumento-de-salario\/\">Maquila despide a obreros en Ju\u00e1rez por pedir aumento de salario<\/a><br \/>\n<em>sin embargo<\/em><\/p>\n<p><strong>10\/12\/2015. <\/strong><a href=\"http:\/\/grieta.org.mx\/index.php\/2015\/12\/10\/prohibe-lexmark-entrada-a-18-obreros-en-rebeldia-en-ciudad-juarez\/\">Proh\u00edbe Lexmark entrada a 18 obreros en rebeld\u00eda en Ciudad Ju\u00e1rez<\/a><br \/>\n<em>El Mexicanos<\/em><\/p>\n<p><strong>10\/12\/2015. <\/strong><a href=\"http:\/\/grieta.org.mx\/index.php\/2015\/12\/11\/cronica-del-tercer-paro-laboral-en-la-maquila-lexmark-de-ciudad-juarez\/\">Cr\u00f3nica del tercer paro laboral en la maquila LEXMARK de Ciudad Ju\u00e1rez<\/a><br \/>\n<em>Izquierda Diario<\/em><\/p>\n<p><strong>09\/12\/15. <\/strong><a href=\"http:\/\/grieta.org.mx\/index.php\/2015\/12\/09\/denunciaran-a-activistas-que-motivaron-protesta-en-maquiladoras-de-ciudad-juarez\/\">Denunciar\u00e1n a activistas que motivaron protesta en maquiladoras de Ciudad Ju\u00e1rez<\/a><br \/>\n<em>El Mexicano<\/em><\/p>\n<p><strong>09\/12\/16. <\/strong><a href=\"http:\/\/grieta.org.mx\/index.php\/2015\/12\/09\/paro-en-maquiladora-de-lexmark-en-juarez\/\">Paro en maquiladora de Lexmark en Ju\u00e1rez<\/a><br \/>\n<em>La Jornada<\/em><\/p>\n<p><strong>30\/11\/15. <\/strong><a href=\"http:\/\/grieta.org.mx\/index.php\/2015\/11\/20\/sostienen-plantones-en-maquiladoras-de-chihuahua\/\">Sostienen plantones en maquiladoras de Chihuahua<\/a><br \/>\n<em>El Mexicano<\/em><\/p>\n<p><strong>25\/11\/15. <\/strong><a href=\"http:\/\/grieta.org.mx\/index.php\/2015\/11\/25\/se-manifiestan-empleados-de-mead-johnson-delicias-por-acoso-laboral\/\">Se manifiestan empleados de Mead Johnson Delicias por acoso laboral<\/a><br \/>\n<em>Ju\u00e1rez Noticias<\/em><\/p>\n<p><strong>17\/11\/15. <\/strong><a href=\"http:\/\/grieta.org.mx\/index.php\/2016\/03\/19\/huelga-en-4-maquiladoras-de-ciudad-juarez-es-por-sueldos-miserables\/\">Huelga en 4 maquiladoras de Ciudad Ju\u00e1rez es por sueldos miserables<\/a><br \/>\n<em>El Mexicano<\/em><\/p>\n<p><strong>15\/11\/15. <\/strong><a href=\"http:\/\/grieta.org.mx\/index.php\/2015\/11\/17\/bloquean-maquiladora-en-ciudad-juarez-exigen-mejor-salario\/\">Bloquean maquiladora en Ciudad Ju\u00e1rez; exigen mejor salario<\/a><br \/>\n<em>La Jornada<\/em><\/p>\n<p><strong>14\/11\/15. <\/strong><a href=\"http:\/\/grieta.org.mx\/index.php\/2015\/11\/14\/te-vamos-a-poner-en-lista-negra-y-te-vas-a-morir-de-hambre-empresas-extranjeras-a-trabajadores-en-cd-juarez\/\">\u201cTe vamos a poner en lista negra y te vas a morir de hambre\u201d: empresas extranjeras a trabajadores en Cd. Ju\u00e1rez<\/a><br \/>\n<em>Revoluci\u00f3n TresPuntoCero<\/em><\/p>\n<p><strong>13\/11\/15. <\/strong><a href=\"http:\/\/grieta.org.mx\/index.php\/2015\/11\/13\/autoridades-laborales-complices-de-maquiladoras-en-ciudad-juarez\/\">Autoridades laborales, c\u00f3mplices de maquiladoras en Ciudad Ju\u00e1rez<\/a><br \/>\n<em>La Jornada<\/em><\/p>\n<p><strong>23\/09\/15. <\/strong><a href=\"http:\/\/grieta.org.mx\/index.php\/2015\/09\/23\/frenan-huelga-en-maquiladora-aamsa-de-ncg\/\">Frenan huelga en maquiladora AAMSA de NCG<\/a><br \/>\n<em>Akronoticias<\/em><\/p>\n<p><strong>21\/09\/15. <\/strong><a href=\"http:\/\/grieta.org.mx\/index.php\/2015\/09\/21\/piden-en-aamsa-que-la-ctm-quede-fuera-del-sindicato\/\">Piden en AAMSA que la CTM quede fuera del sindicato<\/a><br \/>\n<em>Akronoticias<\/em><\/p>\n<p><strong>19\/09\/15. <\/strong><a href=\"http:\/\/grieta.org.mx\/index.php\/2015\/09\/18\/protestas-por-despido-injustificado-de-empleados-en-aamsa\/\">Protestas por despido injustificado de empleados en AAMSA<\/a><br \/>\n<em>Akronoticias<\/em><\/p>\n","protected":false},"excerpt":{"rendered":"<p>10\/09\/16. Convocan a obreros a grito \u201cMaquilero\u201d vs campa\u00f1a medi\u00e1tica de empresas, Ciudad Ju\u00e1rezEl Pueblo 06\/09\/16. Preparan obreros verbena contra compa\u00f1a de Index, Ciudad Ju\u00e1rezEl Mexicano 30\/08\/16. Cruza fronteras lucha &hellip; <a href=\"http:\/\/www.grieta.org.mx\/index.php\/2016\/09\/11\/protestan-profesores-de-telebachilleratos-por-falta-de-pagos-en-chihuahua\/\" class=\"more-link\">Leer m\u00e1s<\/a><\/p>\n","protected":false},"author":2,"featured_media":21928,"comment_status":"closed","ping_status":"closed","sticky":false,"template":"","format":"standard","meta":{"ngg_post_thumbnail":0,"_jetpack_newsletter_access":"","_jetpack_dont_email_post_to_subs":false,"_jetpack_newsletter_tier_id":0,"_jetpack_memberships_contains_paywalled_content":false,"_jetpack_memberships_contains_paid_content":false,"footnotes":""},"categories":[12,709],"tags":[],"class_list":["post-17965","post","type-post","status-publish","format-standard","has-post-thumbnail","hentry","category-chihuahua","category-corredores-industriales","entry"],"jetpack_featured_media_url":"http:\/\/www.grieta.org.mx\/wp-content\/uploads\/2018\/03\/14524434_1106112876131411_958039263622046936_o.jpg","jetpack_sharing_enabled":true,"jetpack_shortlink":"https:\/\/wp.me\/p7ZJR4-4FL","jetpack_likes_enabled":false,"jetpack-related-posts":[{"id":21624,"url":"http:\/\/www.grieta.org.mx\/index.php\/2016\/09\/10\/convocan-a-obreros-a-grito-maquilero-vs-campana-mediatica-de-empresas-ciudad-juarez\/","url_meta":{"origin":17965,"position":0},"title":"Convocan a obreros a grito \u201cMaquilero\u201d vs campa\u00f1a medi\u00e1tica de empresas, Ciudad Ju\u00e1rez","author":"grieta","date":"10 septiembre, 2016","format":false,"excerpt":"Gustavo Ramos\/EL PUEBLO A trav\u00e9s de las redes sociales se lanza la convocatoria para que los trabajadores y sus familias se diviertan y festejen la fecha del comienzo de la independencia de M\u00e9xico, con un grito de exigencia laboral. \u201cEs una respuesta a la multimillonaria campa\u00f1a lanzada por las peores\u2026","rel":"","context":"En &quot;Chihuahua&quot;","block_context":{"text":"Chihuahua","link":"http:\/\/www.grieta.org.mx\/index.php\/category\/noticias-nacionales\/chihuahua\/"},"img":{"alt_text":"","src":"https:\/\/i0.wp.com\/www.grieta.org.mx\/wp-content\/uploads\/2018\/03\/14524434_1106112876131411_958039263622046936_o.jpg?resize=350%2C200","width":350,"height":200,"srcset":"https:\/\/i0.wp.com\/www.grieta.org.mx\/wp-content\/uploads\/2018\/03\/14524434_1106112876131411_958039263622046936_o.jpg?resize=350%2C200 1x, https:\/\/i0.wp.com\/www.grieta.org.mx\/wp-content\/uploads\/2018\/03\/14524434_1106112876131411_958039263622046936_o.jpg?resize=525%2C300 1.5x, https:\/\/i0.wp.com\/www.grieta.org.mx\/wp-content\/uploads\/2018\/03\/14524434_1106112876131411_958039263622046936_o.jpg?resize=700%2C400 2x"},"classes":[]},{"id":2199,"url":"http:\/\/www.grieta.org.mx\/index.php\/2016\/01\/14\/trabajadores-de-lexmark-protestan-en-el-df-obreros-de-las-maquilas-son-esclavos-del-siglo-xxi-y-el-gobierno-lo-permite\/","url_meta":{"origin":17965,"position":1},"title":"Trabajadores de Lexmark protestan en el DF: \u201cobreros de las maquilas son esclavos del siglo XXI y el gobierno lo permite\u201d","author":"grieta","date":"14 enero, 2016","format":false,"excerpt":"Revoluci\u00f3nTresPuntoCero Edgar Rosas Luego de ser despedidos por reclamar respeto a sus derechos y exigir la constituci\u00f3n de un sindicato independiente, trabajadores de Lexmark provenientes de Ciudad Ju\u00e1rez, Chihuahua, realizaron este mi\u00e9rcoles 13 de enero una serie de protestas en la Ciudad de M\u00e9xico con el objetivo de visibilizar la\u2026","rel":"","context":"En &quot;chihuahua&quot;","block_context":{"text":"chihuahua","link":"http:\/\/www.grieta.org.mx\/index.php\/category\/chihuahua\/"},"img":{"alt_text":"","src":"https:\/\/i0.wp.com\/www.grieta.org.mx\/wp-content\/uploads\/2018\/03\/14524434_1106112876131411_958039263622046936_o.jpg?resize=350%2C200","width":350,"height":200,"srcset":"https:\/\/i0.wp.com\/www.grieta.org.mx\/wp-content\/uploads\/2018\/03\/14524434_1106112876131411_958039263622046936_o.jpg?resize=350%2C200 1x, https:\/\/i0.wp.com\/www.grieta.org.mx\/wp-content\/uploads\/2018\/03\/14524434_1106112876131411_958039263622046936_o.jpg?resize=525%2C300 1.5x, https:\/\/i0.wp.com\/www.grieta.org.mx\/wp-content\/uploads\/2018\/03\/14524434_1106112876131411_958039263622046936_o.jpg?resize=700%2C400 2x"},"classes":[]},{"id":4006,"url":"http:\/\/www.grieta.org.mx\/index.php\/2015\/12\/09\/denunciaran-a-activistas-que-motivaron-protesta-en-maquiladoras-de-ciudad-juarez\/","url_meta":{"origin":17965,"position":2},"title":"Denunciar\u00e1n a activistas que motivaron protesta en maquiladoras de Ciudad Ju\u00e1rez","author":"grieta","date":"9 diciembre, 2015","format":false,"excerpt":"Omar Garc\u00eda\/EL MEXICANO Ciudad Ju\u00e1rez,Chihuahua.-En el segundo d\u00eda consecutivo de protestas en la maquiladora Lexmark, la Secretar\u00eda del Trabajo y Previsi\u00f3n Social anunci\u00f3 que prepara una propuesta de soluci\u00f3n y anticip\u00f3 que los directivos de esa empresa est\u00e1n analizando la posibilidad de interponer una demanda penal por la intromisi\u00f3n de\u2026","rel":"","context":"En &quot;Chihuahua&quot;","block_context":{"text":"Chihuahua","link":"http:\/\/www.grieta.org.mx\/index.php\/category\/noticias-nacionales\/chihuahua\/"},"img":{"alt_text":"","src":"https:\/\/i0.wp.com\/www.grieta.org.mx\/wp-content\/uploads\/2018\/03\/14524434_1106112876131411_958039263622046936_o.jpg?resize=350%2C200","width":350,"height":200,"srcset":"https:\/\/i0.wp.com\/www.grieta.org.mx\/wp-content\/uploads\/2018\/03\/14524434_1106112876131411_958039263622046936_o.jpg?resize=350%2C200 1x, https:\/\/i0.wp.com\/www.grieta.org.mx\/wp-content\/uploads\/2018\/03\/14524434_1106112876131411_958039263622046936_o.jpg?resize=525%2C300 1.5x, https:\/\/i0.wp.com\/www.grieta.org.mx\/wp-content\/uploads\/2018\/03\/14524434_1106112876131411_958039263622046936_o.jpg?resize=700%2C400 2x"},"classes":[]},{"id":21621,"url":"http:\/\/www.grieta.org.mx\/index.php\/2016\/09\/06\/preparan-obreros-verbena-contra-compana-de-index-ciudad-juarez\/","url_meta":{"origin":17965,"position":3},"title":"Preparan obreros verbena contra compa\u00f1a de Index, Ciudad Ju\u00e1rez","author":"grieta","date":"6 septiembre, 2016","format":false,"excerpt":"El Mexicano Omar Garc\u00eda Ciudad Ju\u00e1rez, Chihuahua.- Como una repuesta a la campa\u00f1a que lanz\u00f3 la industria maquiladora Index Ju\u00e1rez el pasado 25 agosto y que fue nombrada \"Maquila de Ju\u00e1rez; trabajo con coraz\u00f3n\", en donde afirman que ofrecen trabajos con coraz\u00f3n, a la cual invirtieron 32 empresas millones de\u2026","rel":"","context":"En &quot;CINTILLO&quot;","block_context":{"text":"CINTILLO","link":"http:\/\/www.grieta.org.mx\/index.php\/category\/cintillo\/"},"img":{"alt_text":"","src":"https:\/\/i0.wp.com\/www.grieta.org.mx\/wp-content\/uploads\/2018\/03\/14524434_1106112876131411_958039263622046936_o.jpg?resize=350%2C200","width":350,"height":200,"srcset":"https:\/\/i0.wp.com\/www.grieta.org.mx\/wp-content\/uploads\/2018\/03\/14524434_1106112876131411_958039263622046936_o.jpg?resize=350%2C200 1x, https:\/\/i0.wp.com\/www.grieta.org.mx\/wp-content\/uploads\/2018\/03\/14524434_1106112876131411_958039263622046936_o.jpg?resize=525%2C300 1.5x, https:\/\/i0.wp.com\/www.grieta.org.mx\/wp-content\/uploads\/2018\/03\/14524434_1106112876131411_958039263622046936_o.jpg?resize=700%2C400 2x"},"classes":[]},{"id":4018,"url":"http:\/\/www.grieta.org.mx\/index.php\/2016\/03\/19\/huelga-en-4-maquiladoras-de-ciudad-juarez-es-por-sueldos-miserables\/","url_meta":{"origin":17965,"position":4},"title":"Huelga en 4 maquiladoras de Ciudad Ju\u00e1rez es por sueldos miserables","author":"grieta","date":"19 marzo, 2016","format":false,"excerpt":"Carlos Ram\u00edrez\/EL MEXICANO Ciudad Ju\u00e1rez,Chihuahua.-La abogada Susana Prieto Terrazas insiste en se\u00f1alar los contubernios y corrupci\u00f3n de empresarios maquiladores con el gobierno con el prop\u00f3sito de afectar a los trabajadores, que reciben sueldos m\u00edseros y p\u00e9simas condiciones laborales, por eso es que contin\u00faan en huelga cuatro empresas manufactureras, dos de\u2026","rel":"","context":"En &quot;Chihuahua&quot;","block_context":{"text":"Chihuahua","link":"http:\/\/www.grieta.org.mx\/index.php\/category\/noticias-nacionales\/chihuahua\/"},"img":{"alt_text":"","src":"https:\/\/i0.wp.com\/www.grieta.org.mx\/wp-content\/uploads\/2018\/03\/14524434_1106112876131411_958039263622046936_o.jpg?resize=350%2C200","width":350,"height":200,"srcset":"https:\/\/i0.wp.com\/www.grieta.org.mx\/wp-content\/uploads\/2018\/03\/14524434_1106112876131411_958039263622046936_o.jpg?resize=350%2C200 1x, https:\/\/i0.wp.com\/www.grieta.org.mx\/wp-content\/uploads\/2018\/03\/14524434_1106112876131411_958039263622046936_o.jpg?resize=525%2C300 1.5x, https:\/\/i0.wp.com\/www.grieta.org.mx\/wp-content\/uploads\/2018\/03\/14524434_1106112876131411_958039263622046936_o.jpg?resize=700%2C400 2x"},"classes":[]},{"id":16419,"url":"http:\/\/www.grieta.org.mx\/index.php\/2016\/07\/10\/obreros-de-ciudad-juarez-cierran-planta-maquiladora\/","url_meta":{"origin":17965,"position":5},"title":"Obreros de Ciudad Ju\u00e1rez cierran planta maquiladora","author":"grieta","date":"10 julio, 2016","format":false,"excerpt":"La Jornada Rub\u00e9n Villalpando Obreros de la maquiladora Johnson Controls, ubicada en la avenida \u00d3scar Flores, bloquearon la entrada a la planta ayer a las 6 horas para exigir mejor trato y aumento salarial, adem\u00e1s de que aseguraron padecer explotaci\u00f3n laboral y acoso sexual. Los alrededor de 800 obreros protestan\u2026","rel":"","context":"En &quot;chihuahua&quot;","block_context":{"text":"chihuahua","link":"http:\/\/www.grieta.org.mx\/index.php\/category\/chihuahua\/"},"img":{"alt_text":"","src":"https:\/\/i0.wp.com\/www.grieta.org.mx\/wp-content\/uploads\/2018\/03\/14524434_1106112876131411_958039263622046936_o.jpg?resize=350%2C200","width":350,"height":200,"srcset":"https:\/\/i0.wp.com\/www.grieta.org.mx\/wp-content\/uploads\/2018\/03\/14524434_1106112876131411_958039263622046936_o.jpg?resize=350%2C200 1x, https:\/\/i0.wp.com\/www.grieta.org.mx\/wp-content\/uploads\/2018\/03\/14524434_1106112876131411_958039263622046936_o.jpg?resize=525%2C300 1.5x, https:\/\/i0.wp.com\/www.grieta.org.mx\/wp-content\/uploads\/2018\/03\/14524434_1106112876131411_958039263622046936_o.jpg?resize=700%2C400 2x"},"classes":[]}],"_links":{"self":[{"href":"http:\/\/www.grieta.org.mx\/index.php\/wp-json\/wp\/v2\/posts\/17965","targetHints":{"allow":["GET"]}}],"collection":[{"href":"http:\/\/www.grieta.org.mx\/index.php\/wp-json\/wp\/v2\/posts"}],"about":[{"href":"http:\/\/www.grieta.org.mx\/index.php\/wp-json\/wp\/v2\/types\/post"}],"author":[{"embeddable":true,"href":"http:\/\/www.grieta.org.mx\/index.php\/wp-json\/wp\/v2\/users\/2"}],"replies":[{"embeddable":true,"href":"http:\/\/www.grieta.org.mx\/index.php\/wp-json\/wp\/v2\/comments?post=17965"}],"version-history":[{"count":1,"href":"http:\/\/www.grieta.org.mx\/index.php\/wp-json\/wp\/v2\/posts\/17965\/revisions"}],"predecessor-version":[{"id":21626,"href":"http:\/\/www.grieta.org.mx\/index.php\/wp-json\/wp\/v2\/posts\/17965\/revisions\/21626"}],"wp:featuredmedia":[{"embeddable":true,"href":"http:\/\/www.grieta.org.mx\/index.php\/wp-json\/wp\/v2\/media\/21928"}],"wp:attachment":[{"href":"http:\/\/www.grieta.org.mx\/index.php\/wp-json\/wp\/v2\/media?parent=17965"}],"wp:term":[{"taxonomy":"category","embeddable":true,"href":"http:\/\/www.grieta.org.mx\/index.php\/wp-json\/wp\/v2\/categories?post=17965"},{"taxonomy":"post_tag","embeddable":true,"href":"http:\/\/www.grieta.org.mx\/index.php\/wp-json\/wp\/v2\/tags?post=17965"}],"curies":[{"name":"wp","href":"https:\/\/api.w.org\/{rel}","templated":true}]}}