{"id":1796,"date":"2015-07-02T20:22:07","date_gmt":"2015-07-02T20:22:07","guid":{"rendered":"http:\/\/50.22.11.12\/~grietaor\/?p=1796"},"modified":"2016-03-09T20:31:45","modified_gmt":"2016-03-09T20:31:45","slug":"al-final-del-amparo-una-pregunta-simple-cuando-liberaran-a-los-xicale-presos-en-cholula","status":"publish","type":"post","link":"http:\/\/www.grieta.org.mx\/index.php\/2015\/07\/02\/al-final-del-amparo-una-pregunta-simple-cuando-liberaran-a-los-xicale-presos-en-cholula\/","title":{"rendered":"Al final del amparo una pregunta simple: \u00bfcu\u00e1ndo liberar\u00e1n a los Xicale presos en Cholula?"},"content":{"rendered":"<p>julio 02, 2015<br \/>\nSergio Mastretta, Puebla<\/p>\n<p>Los tiempos de la justicia en M\u00e9xico son largos, pero al final, llegan a cumplirse.<\/p>\n<p>Los tiempos de los pol\u00edticos en M\u00e9xico son cortos, as\u00ed que expropian, despojan y construyen, y en paralelo reprimen y encarcelan de la mano con sus jueces.<\/p>\n<p>Ambos tiempos contienen una pregunta simple: \u00bfCu\u00e1ndo liberar\u00e1n a los Xicale presos en la c\u00e1rcel de cholula?<\/p>\n<p>Hace un a\u00f1o, el 4 de julio, se dio a conocer la declaratoria de expropiaci\u00f3n de los terrenos del entorno de la Pir\u00e1mide de Cholula. Eran los tiempos del gobierno estatal: impuso un proyecto no consensado de intervenci\u00f3n en una zona arqueol\u00f3gica legalmente resguardada por un decreto federal de 1993l, y sin el menor aprecio por el valor hist\u00f3rico y cultural que la Pir\u00e1mide y el templo de la Virgen de los Remedios siginifican para los pueblos cholultecas ; rebel\u00f3 el sometimiento de los ayuntamientos de San Pedro y San Andr\u00e9s a las decisiones del gobernador al cargarles las consecuencias de la operaci\u00f3n expropiatoria; gener\u00f3 un conflicto que deriv\u00f3 en el encarcelamiento de cuatro de los activistas que encabezaron la rebeli\u00f3n de los pueblos cholultecas, dos de los cuales Ad\u00e1n y Pa\u00fal Xicale permanecen en prisi\u00f3n; e inici\u00f3 obras de construcci\u00f3n sin contar con los permisos de intervenci\u00f3n de la autoridad federal responsable.<\/p>\n<p>Pero el tiempo de la ley llega. As\u00ed lo informaron los medios al finalizar junio:<\/p>\n<p>\u201cEl Primer Tribunal Colegiado de Sexto Circuito declar\u00f3 inconstitucional el decreto de expropiaci\u00f3n que aplic\u00f3 el gobierno del estado en la zona arqueol\u00f3gica de Cholula para iniciar la construcci\u00f3n del Parque Intermunicipal.<\/p>\n<p>\u201cEn el juicio de amparo que inici\u00f3 uno de los ciudadanos que se consideraron afectados, el tribunal determin\u00f3 que no se puede amparar la expropiaci\u00f3n porque la declaratoria \u201ces incongruente, contradictoria y tendenciosa\u201d, seg\u00fan lo se\u00f1ala el expediente RA-22\/2015.<\/p>\n<p>\u201cLos magistrados consideraron que el poblador afectado no debe padecer las consecuencias directas o indirectas de la expropiaci\u00f3n, por lo que conservar\u00e1 su predio y no podr\u00e1 verse afectado en lo m\u00ednimo por el proyecto.<\/p>\n<p>\u201cEn consecuencia, se concede la protecci\u00f3n constitucional para efecto de que el Gobernador y el Secretario Ejecutivo del Consejo Estatal para la Cultura y las Artes, dejen sin efecto la declaratoria reclamada de veintis\u00e9is de junio de dos mil catorce, publicada el cuatro de julio siguiente, as\u00ed como todas sus consecuencias, directas e indirectas\u201d.<\/p>\n<p>El mismo d\u00eda 30, los grupos civiles organizados en defensa de la Pir\u00e1mide dieron a conocer su postura con este desplegado:<\/p>\n<p><img loading=\"lazy\" decoding=\"async\" data-attachment-id=\"1798\" data-permalink=\"http:\/\/www.grieta.org.mx\/index.php\/2015\/07\/02\/al-final-del-amparo-una-pregunta-simple-cuando-liberaran-a-los-xicale-presos-en-cholula\/amparo2\/\" data-orig-file=\"http:\/\/www.grieta.org.mx\/wp-content\/uploads\/2016\/03\/amparo2.png\" data-orig-size=\"921,1010\" data-comments-opened=\"0\" data-image-meta=\"{&quot;aperture&quot;:&quot;0&quot;,&quot;credit&quot;:&quot;&quot;,&quot;camera&quot;:&quot;&quot;,&quot;caption&quot;:&quot;&quot;,&quot;created_timestamp&quot;:&quot;0&quot;,&quot;copyright&quot;:&quot;&quot;,&quot;focal_length&quot;:&quot;0&quot;,&quot;iso&quot;:&quot;0&quot;,&quot;shutter_speed&quot;:&quot;0&quot;,&quot;title&quot;:&quot;&quot;,&quot;orientation&quot;:&quot;0&quot;}\" data-image-title=\"amparo2\" data-image-description=\"\" data-image-caption=\"\" data-medium-file=\"http:\/\/www.grieta.org.mx\/wp-content\/uploads\/2016\/03\/amparo2-274x300.png\" data-large-file=\"http:\/\/www.grieta.org.mx\/wp-content\/uploads\/2016\/03\/amparo2.png\" src=\"http:\/\/grieta.org.mx\/wp-content\/uploads\/2016\/03\/amparo2-274x300.png\" alt=\"amparo2\" width=\"274\" height=\"300\" class=\"alignnone size-medium wp-image-1798\" srcset=\"http:\/\/www.grieta.org.mx\/wp-content\/uploads\/2016\/03\/amparo2-274x300.png 274w, http:\/\/www.grieta.org.mx\/wp-content\/uploads\/2016\/03\/amparo2-768x842.png 768w, http:\/\/www.grieta.org.mx\/wp-content\/uploads\/2016\/03\/amparo2.png 921w\" sizes=\"auto, (max-width: 274px) 100vw, 274px\" \/><\/p>\n<p>Y as\u00ed, la pregunta se sostiene: \u00bfcu\u00e1ndo liberar\u00e1n a los presos Ad\u00e1n y Pa\u00fal Xicale?<\/p>\n<p><a href=\"http:\/\/mundonuestro.e-consulta.com\/index.php\/cronica\/item\/al-final-del-amparo-una-pregunta-simple-cuando-liberaran-a-los-xicale-presos-en-cholula\" target=\"_blank\">http:\/\/mundonuestro.e-consulta.com\/index.php\/cronica\/item\/al-final-del-amparo-una-pregunta-simple-cuando-liberaran-a-los-xicale-presos-en-cholula<\/a><\/p>\n","protected":false},"excerpt":{"rendered":"<p>julio 02, 2015 Sergio Mastretta, Puebla Los tiempos de la justicia en M\u00e9xico son largos, pero al final, llegan a cumplirse. Los tiempos de los pol\u00edticos en M\u00e9xico son cortos, &hellip; <a href=\"http:\/\/www.grieta.org.mx\/index.php\/2015\/07\/02\/al-final-del-amparo-una-pregunta-simple-cuando-liberaran-a-los-xicale-presos-en-cholula\/\" class=\"more-link\">Leer m\u00e1s<\/a><\/p>\n","protected":false},"author":2,"featured_media":21928,"comment_status":"closed","ping_status":"open","sticky":false,"template":"","format":"standard","meta":{"ngg_post_thumbnail":0,"_jetpack_newsletter_access":"","_jetpack_dont_email_post_to_subs":false,"_jetpack_newsletter_tier_id":0,"_jetpack_memberships_contains_paywalled_content":false,"_jetpack_memberships_contains_paid_content":false,"footnotes":""},"categories":[80],"tags":[213],"class_list":["post-1796","post","type-post","status-publish","format-standard","has-post-thumbnail","hentry","category-cintillo","tag-cholula","entry"],"jetpack_featured_media_url":"http:\/\/www.grieta.org.mx\/wp-content\/uploads\/2018\/03\/14524434_1106112876131411_958039263622046936_o.jpg","jetpack_sharing_enabled":true,"jetpack_shortlink":"https:\/\/wp.me\/p7ZJR4-sY","jetpack_likes_enabled":false,"jetpack-related-posts":[{"id":1768,"url":"http:\/\/www.grieta.org.mx\/index.php\/2016\/09\/05\/oposicion-a-proyectos-turisticos-en-zona-arqueologica-de-cholula-puebla\/","url_meta":{"origin":1796,"position":0},"title":"Defensa de zonas arqueol\u00f3gicas y culturales en Puebla","author":"grieta","date":"5 septiembre, 2016","format":false,"excerpt":"05\/08\/16. Activistas temen m\u00e1s obras del CAPCEE en zona arqueol\u00f3gica de Cholula Municipios Puebla 29\/07\/16. Aseguran que obras en Cholula carecen de permisos del INAH El Sol de Puebla 12\/07\/16. Parque Cholula: gobierno de Puebla excava en zona arqueol\u00f3gica sin autorizaci\u00f3n del INAH Milenio 25\/06\/16. Denunciar\u00e1n obras en zona arqueol\u00f3gica\u2026","rel":"","context":"En &quot;NOTICIAS NACIONALES&quot;","block_context":{"text":"NOTICIAS NACIONALES","link":"http:\/\/www.grieta.org.mx\/index.php\/category\/noticias-nacionales\/"},"img":{"alt_text":"","src":"https:\/\/i0.wp.com\/www.grieta.org.mx\/wp-content\/uploads\/2018\/03\/14524434_1106112876131411_958039263622046936_o.jpg?resize=350%2C200","width":350,"height":200,"srcset":"https:\/\/i0.wp.com\/www.grieta.org.mx\/wp-content\/uploads\/2018\/03\/14524434_1106112876131411_958039263622046936_o.jpg?resize=350%2C200 1x, https:\/\/i0.wp.com\/www.grieta.org.mx\/wp-content\/uploads\/2018\/03\/14524434_1106112876131411_958039263622046936_o.jpg?resize=525%2C300 1.5x, https:\/\/i0.wp.com\/www.grieta.org.mx\/wp-content\/uploads\/2018\/03\/14524434_1106112876131411_958039263622046936_o.jpg?resize=700%2C400 2x"},"classes":[]},{"id":1774,"url":"http:\/\/www.grieta.org.mx\/index.php\/2015\/04\/02\/dilacion-de-la-pgj-en-juzgado-de-cholula-para-prorrogar-encarcelamiento-de-los-xicale\/","url_meta":{"origin":1796,"position":1},"title":"Dilaci\u00f3n de la PGJ en juzgado de Cholula, para prorrogar encarcelamiento de los Xicale","author":"grieta","date":"2 abril, 2015","format":false,"excerpt":"abril 02, 2015 Yadira Llaven Anzures, Puebla Este mi\u00e9rcoles fue aplazada la audiencia de los presos pol\u00edticos Ad\u00e1n y Paul Xicale, porque no estuvo presente el perito que ten\u00eda la \u00fanica funci\u00f3n de meter el disco compacto a una computadora para la revisi\u00f3n de una videograbaci\u00f3n. La audiencia estaba programada\u2026","rel":"","context":"En &quot;CINTILLO&quot;","block_context":{"text":"CINTILLO","link":"http:\/\/www.grieta.org.mx\/index.php\/category\/cintillo\/"},"img":{"alt_text":"","src":"https:\/\/i0.wp.com\/www.grieta.org.mx\/wp-content\/uploads\/2018\/03\/14524434_1106112876131411_958039263622046936_o.jpg?resize=350%2C200","width":350,"height":200,"srcset":"https:\/\/i0.wp.com\/www.grieta.org.mx\/wp-content\/uploads\/2018\/03\/14524434_1106112876131411_958039263622046936_o.jpg?resize=350%2C200 1x, https:\/\/i0.wp.com\/www.grieta.org.mx\/wp-content\/uploads\/2018\/03\/14524434_1106112876131411_958039263622046936_o.jpg?resize=525%2C300 1.5x, https:\/\/i0.wp.com\/www.grieta.org.mx\/wp-content\/uploads\/2018\/03\/14524434_1106112876131411_958039263622046936_o.jpg?resize=700%2C400 2x"},"classes":[]},{"id":1806,"url":"http:\/\/www.grieta.org.mx\/index.php\/2015\/07\/22\/juzgado-incumple-amparo-para-liberar-a-defensores-de-cholula\/","url_meta":{"origin":1796,"position":2},"title":"Juzgado incumple amparo para liberar a defensores de Cholula","author":"grieta","date":"22 julio, 2015","format":false,"excerpt":"julio 22, 2015 Gabriela Hern\u00e1ndez SAN ANDR\u00c9S CHOLULA, Pue. (apro).- La organizaci\u00f3n Cholula Viva y Digna denunci\u00f3 que el juzgado penal de esta localidad incumpli\u00f3 con el amparo que otorg\u00f3 la justicia federal para la liberaci\u00f3n de Adan y Paul Xicale, considerados defensores del patrimonio hist\u00f3rico y cultural cholulteca. Aunque\u2026","rel":"","context":"En &quot;CINTILLO&quot;","block_context":{"text":"CINTILLO","link":"http:\/\/www.grieta.org.mx\/index.php\/category\/cintillo\/"},"img":{"alt_text":"","src":"https:\/\/i0.wp.com\/www.grieta.org.mx\/wp-content\/uploads\/2018\/03\/14524434_1106112876131411_958039263622046936_o.jpg?resize=350%2C200","width":350,"height":200,"srcset":"https:\/\/i0.wp.com\/www.grieta.org.mx\/wp-content\/uploads\/2018\/03\/14524434_1106112876131411_958039263622046936_o.jpg?resize=350%2C200 1x, https:\/\/i0.wp.com\/www.grieta.org.mx\/wp-content\/uploads\/2018\/03\/14524434_1106112876131411_958039263622046936_o.jpg?resize=525%2C300 1.5x, https:\/\/i0.wp.com\/www.grieta.org.mx\/wp-content\/uploads\/2018\/03\/14524434_1106112876131411_958039263622046936_o.jpg?resize=700%2C400 2x"},"classes":[]},{"id":1809,"url":"http:\/\/www.grieta.org.mx\/index.php\/2015\/07\/27\/giran-14-nuevas-ordenes-de-aprehension-contra-defensores-del-patrimonio-en-cholula\/","url_meta":{"origin":1796,"position":3},"title":"Giran 14 nuevas ordenes de aprehensi\u00f3n contra defensores del patrimonio en Cholula","author":"grieta","date":"27 julio, 2015","format":false,"excerpt":"julio 27, 2015 Mart\u00edn Hern\u00e1ndez Alc\u00e1ntara, Puebla Por solicitud de la agente del ministerio publico adscrita al juzgado penal de Cholula, Rubicelia Perez, esta \u00faltima instancia emiti\u00f3 14 nuevas ordenes de aprehensi\u00f3n contras las mismas personas a las que en octubre del a\u00f1o pasado se les emitieron otras ordenes por\u2026","rel":"","context":"En &quot;CINTILLO&quot;","block_context":{"text":"CINTILLO","link":"http:\/\/www.grieta.org.mx\/index.php\/category\/cintillo\/"},"img":{"alt_text":"","src":"https:\/\/i0.wp.com\/www.grieta.org.mx\/wp-content\/uploads\/2018\/03\/14524434_1106112876131411_958039263622046936_o.jpg?resize=350%2C200","width":350,"height":200,"srcset":"https:\/\/i0.wp.com\/www.grieta.org.mx\/wp-content\/uploads\/2018\/03\/14524434_1106112876131411_958039263622046936_o.jpg?resize=350%2C200 1x, https:\/\/i0.wp.com\/www.grieta.org.mx\/wp-content\/uploads\/2018\/03\/14524434_1106112876131411_958039263622046936_o.jpg?resize=525%2C300 1.5x, https:\/\/i0.wp.com\/www.grieta.org.mx\/wp-content\/uploads\/2018\/03\/14524434_1106112876131411_958039263622046936_o.jpg?resize=700%2C400 2x"},"classes":[]},{"id":1833,"url":"http:\/\/www.grieta.org.mx\/index.php\/2015\/12\/03\/los-xicale-confirman-que-mantendran-su-activismo-politico\/","url_meta":{"origin":1796,"position":4},"title":"Los Xicale confirman que mantendr\u00e1n su activismo pol\u00edtico","author":"grieta","date":"3 diciembre, 2015","format":false,"excerpt":"diciembre 03, 2015 Arturo Manzano San Pedro Cholula, Pue.- Tras haber salido de la c\u00e1rcel luego de m\u00e1s de un a\u00f1o de reclusi\u00f3n por oponerse a la construcci\u00f3n del Parque Intermunicipal de Cholula, Ad\u00e1n y Paul Xicale dejaron en claro que no buscan revanchismos y adelantan que seguir\u00e1n en su\u2026","rel":"","context":"En &quot;CINTILLO&quot;","block_context":{"text":"CINTILLO","link":"http:\/\/www.grieta.org.mx\/index.php\/category\/cintillo\/"},"img":{"alt_text":"","src":"https:\/\/i0.wp.com\/www.grieta.org.mx\/wp-content\/uploads\/2018\/03\/14524434_1106112876131411_958039263622046936_o.jpg?resize=350%2C200","width":350,"height":200,"srcset":"https:\/\/i0.wp.com\/www.grieta.org.mx\/wp-content\/uploads\/2018\/03\/14524434_1106112876131411_958039263622046936_o.jpg?resize=350%2C200 1x, https:\/\/i0.wp.com\/www.grieta.org.mx\/wp-content\/uploads\/2018\/03\/14524434_1106112876131411_958039263622046936_o.jpg?resize=525%2C300 1.5x, https:\/\/i0.wp.com\/www.grieta.org.mx\/wp-content\/uploads\/2018\/03\/14524434_1106112876131411_958039263622046936_o.jpg?resize=700%2C400 2x"},"classes":[]},{"id":1821,"url":"http:\/\/www.grieta.org.mx\/index.php\/2015\/10\/06\/detienen-en-puebla-a-opositor-al-proyecto-de-parque-cholula\/","url_meta":{"origin":1796,"position":5},"title":"Detienen en Puebla a opositor al proyecto de Parque Cholula","author":"grieta","date":"6 octubre, 2015","format":false,"excerpt":"octubre 06, 2015 Gabriela Hern\u00e1ndez PUEBLA, Pue. (apro).- Al cumplirse un a\u00f1o de que la organizaci\u00f3n Cholula Viva y Digna tom\u00f3 la presidencia de San Andr\u00e9s para manifestar su rechazo a la construcci\u00f3n de un parque en las inmediaciones de la Gran Pir\u00e1mide, polic\u00edas ministeriales detuvieron a T\u00e9odulo Cuaya Teutle,\u2026","rel":"","context":"En &quot;CINTILLO&quot;","block_context":{"text":"CINTILLO","link":"http:\/\/www.grieta.org.mx\/index.php\/category\/cintillo\/"},"img":{"alt_text":"","src":"https:\/\/i0.wp.com\/www.grieta.org.mx\/wp-content\/uploads\/2018\/03\/14524434_1106112876131411_958039263622046936_o.jpg?resize=350%2C200","width":350,"height":200,"srcset":"https:\/\/i0.wp.com\/www.grieta.org.mx\/wp-content\/uploads\/2018\/03\/14524434_1106112876131411_958039263622046936_o.jpg?resize=350%2C200 1x, https:\/\/i0.wp.com\/www.grieta.org.mx\/wp-content\/uploads\/2018\/03\/14524434_1106112876131411_958039263622046936_o.jpg?resize=525%2C300 1.5x, https:\/\/i0.wp.com\/www.grieta.org.mx\/wp-content\/uploads\/2018\/03\/14524434_1106112876131411_958039263622046936_o.jpg?resize=700%2C400 2x"},"classes":[]}],"_links":{"self":[{"href":"http:\/\/www.grieta.org.mx\/index.php\/wp-json\/wp\/v2\/posts\/1796","targetHints":{"allow":["GET"]}}],"collection":[{"href":"http:\/\/www.grieta.org.mx\/index.php\/wp-json\/wp\/v2\/posts"}],"about":[{"href":"http:\/\/www.grieta.org.mx\/index.php\/wp-json\/wp\/v2\/types\/post"}],"author":[{"embeddable":true,"href":"http:\/\/www.grieta.org.mx\/index.php\/wp-json\/wp\/v2\/users\/2"}],"replies":[{"embeddable":true,"href":"http:\/\/www.grieta.org.mx\/index.php\/wp-json\/wp\/v2\/comments?post=1796"}],"version-history":[{"count":1,"href":"http:\/\/www.grieta.org.mx\/index.php\/wp-json\/wp\/v2\/posts\/1796\/revisions"}],"predecessor-version":[{"id":1799,"href":"http:\/\/www.grieta.org.mx\/index.php\/wp-json\/wp\/v2\/posts\/1796\/revisions\/1799"}],"wp:featuredmedia":[{"embeddable":true,"href":"http:\/\/www.grieta.org.mx\/index.php\/wp-json\/wp\/v2\/media\/21928"}],"wp:attachment":[{"href":"http:\/\/www.grieta.org.mx\/index.php\/wp-json\/wp\/v2\/media?parent=1796"}],"wp:term":[{"taxonomy":"category","embeddable":true,"href":"http:\/\/www.grieta.org.mx\/index.php\/wp-json\/wp\/v2\/categories?post=1796"},{"taxonomy":"post_tag","embeddable":true,"href":"http:\/\/www.grieta.org.mx\/index.php\/wp-json\/wp\/v2\/tags?post=1796"}],"curies":[{"name":"wp","href":"https:\/\/api.w.org\/{rel}","templated":true}]}}