{"id":1790,"date":"2015-06-30T20:13:17","date_gmt":"2015-06-30T20:13:17","guid":{"rendered":"http:\/\/50.22.11.12\/~grietaor\/?p=1790"},"modified":"2018-07-06T23:24:35","modified_gmt":"2018-07-07T04:24:35","slug":"dan-reves-a-moreno-valle-en-su-proyecto-de-parque-en-cholula","status":"publish","type":"post","link":"http:\/\/www.grieta.org.mx\/index.php\/2015\/06\/30\/dan-reves-a-moreno-valle-en-su-proyecto-de-parque-en-cholula\/","title":{"rendered":"Dan rev\u00e9s a Moreno Valle en su proyecto de parque en Cholula"},"content":{"rendered":"<p>junio 30, 2015<br \/>\nGabriela Hern\u00e1ndez<\/p>\n<p>PUEBLA, Pue. (apro).- El proyecto del gobernador Rafael Moreno Valle de construir un parque en los alrededores de la gran Pir\u00e1mide de Cholula y del templo de la Virgen de los Remedios se vino abajo, asegur\u00f3 la agrupaci\u00f3n Cholula Viva y Digna.<\/p>\n<p>Este lunes, el Primer Tribunal Colegiado en Materia Administrativa del Sexto Circuito declar\u00f3 inconstitucional la expropiaci\u00f3n del terreno de una familia, acci\u00f3n que el gobierno estatal llev\u00f3 a cabo desde el a\u00f1o pasado en la zona afectada por el proyecto de parque.<\/p>\n<p>Josu\u00e9 Xicale, integrante de Cholula Viva y Digna, dijo que tras este fallo es de preverse que otras familias que fueron afectadas por las expropiaciones tambi\u00e9n saldr\u00e1n beneficiadas y podr\u00e1n revertir los procesos para recuperar sus terrenos.<\/p>\n<p>Esto, explic\u00f3, representar\u00eda el fin del proyecto del mandatario poblano de construir un parque tur\u00edstico sobre la zona de vestigios arqueol\u00f3gicos de Cholula.<\/p>\n<p>En su fallo del expediente RA-22\/2015, el Tribunal determin\u00f3 que la expropiaci\u00f3n es improcedente, debido a que la declaratoria \u201ces incongruente, contradictoria y tendenciosa\u201d.<\/p>\n<p>Por ello, el Tribunal orden\u00f3 al gobierno de Moreno Valle devolver el predio a los afectados.<\/p>\n<p>Esta tarde, el gobierno estatal hab\u00eda anunciado que entregar\u00eda el terreno a la familia Guevara, beneficiada por el amparo.<\/p>\n<p>Reunidos en el lote en menci\u00f3n, ubicado en la calle 12 Oriente 304, en el municipio de San Andr\u00e9s Cholula, los vecinos opositores al parque pidieron al gobierno de Moreno Valle desistir de una vez por todas de su proyecto al que consideran atentatorio contra las tradiciones y del patrimonio hist\u00f3rico y cultural de los cholultecas.<\/p>\n<p>Igual, se volvieron a pronunciar por la liberaci\u00f3n del l\u00edder del movimiento, el abogado Ad\u00e1n Xicale y su hijo Paul, quienes tambi\u00e9n han sido beneficiados por amparos de la justicia federal, pero siguen encarcelados por los ministerios p\u00fablicos que impugnaron la resoluci\u00f3n s\u00f3lo para alargar su liberaci\u00f3n.<\/p>\n<p><a href=\"http:\/\/www.proceso.com.mx\/409283\" target=\"_blank\">http:\/\/www.proceso.com.mx\/409283<\/a><\/p>\n","protected":false},"excerpt":{"rendered":"<p>junio 30, 2015 Gabriela Hern\u00e1ndez PUEBLA, Pue. (apro).- El proyecto del gobernador Rafael Moreno Valle de construir un parque en los alrededores de la gran Pir\u00e1mide de Cholula y del &hellip; <a href=\"http:\/\/www.grieta.org.mx\/index.php\/2015\/06\/30\/dan-reves-a-moreno-valle-en-su-proyecto-de-parque-en-cholula\/\" class=\"more-link\">Leer m\u00e1s<\/a><\/p>\n","protected":false},"author":2,"featured_media":21928,"comment_status":"closed","ping_status":"open","sticky":false,"template":"","format":"standard","meta":{"ngg_post_thumbnail":0,"_jetpack_newsletter_access":"","_jetpack_dont_email_post_to_subs":false,"_jetpack_newsletter_tier_id":0,"_jetpack_memberships_contains_paywalled_content":false,"_jetpack_memberships_contains_paid_content":false,"footnotes":""},"categories":[80,1264,2,26],"tags":[213],"class_list":["post-1790","post","type-post","status-publish","format-standard","has-post-thumbnail","hentry","category-cintillo","category-defensa-de-zonas-arqueologicas-en-puebla","category-noticias-nacionales","category-puebla","tag-cholula","entry"],"jetpack_featured_media_url":"http:\/\/www.grieta.org.mx\/wp-content\/uploads\/2018\/03\/14524434_1106112876131411_958039263622046936_o.jpg","jetpack_sharing_enabled":true,"jetpack_shortlink":"https:\/\/wp.me\/p7ZJR4-sS","jetpack_likes_enabled":false,"jetpack-related-posts":[{"id":1821,"url":"http:\/\/www.grieta.org.mx\/index.php\/2015\/10\/06\/detienen-en-puebla-a-opositor-al-proyecto-de-parque-cholula\/","url_meta":{"origin":1790,"position":0},"title":"Detienen en Puebla a opositor al proyecto de Parque Cholula","author":"grieta","date":"6 octubre, 2015","format":false,"excerpt":"octubre 06, 2015 Gabriela Hern\u00e1ndez PUEBLA, Pue. (apro).- Al cumplirse un a\u00f1o de que la organizaci\u00f3n Cholula Viva y Digna tom\u00f3 la presidencia de San Andr\u00e9s para manifestar su rechazo a la construcci\u00f3n de un parque en las inmediaciones de la Gran Pir\u00e1mide, polic\u00edas ministeriales detuvieron a T\u00e9odulo Cuaya Teutle,\u2026","rel":"","context":"En &quot;CINTILLO&quot;","block_context":{"text":"CINTILLO","link":"http:\/\/www.grieta.org.mx\/index.php\/category\/cintillo\/"},"img":{"alt_text":"","src":"https:\/\/i0.wp.com\/www.grieta.org.mx\/wp-content\/uploads\/2018\/03\/14524434_1106112876131411_958039263622046936_o.jpg?resize=350%2C200","width":350,"height":200,"srcset":"https:\/\/i0.wp.com\/www.grieta.org.mx\/wp-content\/uploads\/2018\/03\/14524434_1106112876131411_958039263622046936_o.jpg?resize=350%2C200 1x, https:\/\/i0.wp.com\/www.grieta.org.mx\/wp-content\/uploads\/2018\/03\/14524434_1106112876131411_958039263622046936_o.jpg?resize=525%2C300 1.5x, https:\/\/i0.wp.com\/www.grieta.org.mx\/wp-content\/uploads\/2018\/03\/14524434_1106112876131411_958039263622046936_o.jpg?resize=700%2C400 2x"},"classes":[]},{"id":1768,"url":"http:\/\/www.grieta.org.mx\/index.php\/2016\/09\/05\/oposicion-a-proyectos-turisticos-en-zona-arqueologica-de-cholula-puebla\/","url_meta":{"origin":1790,"position":1},"title":"Defensa de zonas arqueol\u00f3gicas y culturales en Puebla","author":"grieta","date":"5 septiembre, 2016","format":false,"excerpt":"05\/08\/16. Activistas temen m\u00e1s obras del CAPCEE en zona arqueol\u00f3gica de Cholula Municipios Puebla 29\/07\/16. Aseguran que obras en Cholula carecen de permisos del INAH El Sol de Puebla 12\/07\/16. Parque Cholula: gobierno de Puebla excava en zona arqueol\u00f3gica sin autorizaci\u00f3n del INAH Milenio 25\/06\/16. Denunciar\u00e1n obras en zona arqueol\u00f3gica\u2026","rel":"","context":"En &quot;NOTICIAS NACIONALES&quot;","block_context":{"text":"NOTICIAS NACIONALES","link":"http:\/\/www.grieta.org.mx\/index.php\/category\/noticias-nacionales\/"},"img":{"alt_text":"","src":"https:\/\/i0.wp.com\/www.grieta.org.mx\/wp-content\/uploads\/2018\/03\/14524434_1106112876131411_958039263622046936_o.jpg?resize=350%2C200","width":350,"height":200,"srcset":"https:\/\/i0.wp.com\/www.grieta.org.mx\/wp-content\/uploads\/2018\/03\/14524434_1106112876131411_958039263622046936_o.jpg?resize=350%2C200 1x, https:\/\/i0.wp.com\/www.grieta.org.mx\/wp-content\/uploads\/2018\/03\/14524434_1106112876131411_958039263622046936_o.jpg?resize=525%2C300 1.5x, https:\/\/i0.wp.com\/www.grieta.org.mx\/wp-content\/uploads\/2018\/03\/14524434_1106112876131411_958039263622046936_o.jpg?resize=700%2C400 2x"},"classes":[]},{"id":16470,"url":"http:\/\/www.grieta.org.mx\/index.php\/2016\/06\/24\/gobierno-de-puebla-reanuda-obras-para-en-zona-arqueologica-de-cholula\/","url_meta":{"origin":1790,"position":2},"title":"Gobierno de Puebla reanuda obras para en zona arqueol\u00f3gica de Cholula","author":"grieta","date":"24 junio, 2016","format":false,"excerpt":"Por Gabriela Hern\u00e1ndez SAN ANDR\u00c9S CHOLULA, Pue. (apro).- Con una retroexcavadora y a s\u00f3lo unos metros del Patio de los Altares de la zona arqueol\u00f3gica de Cholula, el gobierno de Puebla reinici\u00f3 excavaciones para la construcci\u00f3n del parque de las Siete Culturas. Juan Manuel Ram\u00edrez, realizador del documental Luz bajo\u2026","rel":"","context":"En &quot;CINTILLO&quot;","block_context":{"text":"CINTILLO","link":"http:\/\/www.grieta.org.mx\/index.php\/category\/cintillo\/"},"img":{"alt_text":"","src":"https:\/\/i0.wp.com\/www.grieta.org.mx\/wp-content\/uploads\/2016\/07\/Gran-piramide-de-Cholula.jpg?resize=350%2C200","width":350,"height":200,"srcset":"https:\/\/i0.wp.com\/www.grieta.org.mx\/wp-content\/uploads\/2016\/07\/Gran-piramide-de-Cholula.jpg?resize=350%2C200 1x, https:\/\/i0.wp.com\/www.grieta.org.mx\/wp-content\/uploads\/2016\/07\/Gran-piramide-de-Cholula.jpg?resize=525%2C300 1.5x, https:\/\/i0.wp.com\/www.grieta.org.mx\/wp-content\/uploads\/2016\/07\/Gran-piramide-de-Cholula.jpg?resize=700%2C400 2x"},"classes":[]},{"id":1777,"url":"http:\/\/www.grieta.org.mx\/index.php\/2015\/04\/23\/liberan-ordenes-de-aprehension-contra-activistas-de-cholula\/","url_meta":{"origin":1790,"position":3},"title":"Liberan \u00f3rdenes de aprehensi\u00f3n contra activistas de Cholula","author":"grieta","date":"23 abril, 2015","format":false,"excerpt":"abril 23, 2015 Puebla El Movimiento Cholula Viva y Digna fue notificado de la existencia de tres nuevas \u00f3rdenes de aprehensi\u00f3n en contra de sus integrantes, por haber participado en las protestas contra el Parque Intermunicipal los d\u00edas 6 y 7 de octubre del a\u00f1o pasado. A trav\u00e9s de un\u2026","rel":"","context":"En &quot;CINTILLO&quot;","block_context":{"text":"CINTILLO","link":"http:\/\/www.grieta.org.mx\/index.php\/category\/cintillo\/"},"img":{"alt_text":"","src":"https:\/\/i0.wp.com\/www.grieta.org.mx\/wp-content\/uploads\/2018\/03\/14524434_1106112876131411_958039263622046936_o.jpg?resize=350%2C200","width":350,"height":200,"srcset":"https:\/\/i0.wp.com\/www.grieta.org.mx\/wp-content\/uploads\/2018\/03\/14524434_1106112876131411_958039263622046936_o.jpg?resize=350%2C200 1x, https:\/\/i0.wp.com\/www.grieta.org.mx\/wp-content\/uploads\/2018\/03\/14524434_1106112876131411_958039263622046936_o.jpg?resize=525%2C300 1.5x, https:\/\/i0.wp.com\/www.grieta.org.mx\/wp-content\/uploads\/2018\/03\/14524434_1106112876131411_958039263622046936_o.jpg?resize=700%2C400 2x"},"classes":[]},{"id":1784,"url":"http:\/\/www.grieta.org.mx\/index.php\/2015\/05\/19\/luz-bajo-la-tierra-la-destruccion-de-cholula-documental\/","url_meta":{"origin":1790,"position":4},"title":"Luz Bajo La Tierra, la Destrucci\u00f3n de Cholula (Documental)","author":"grieta","date":"19 mayo, 2015","format":false,"excerpt":"mayo 19, 2015 Puebla El Gobierno de Puebla realiza la construcci\u00f3n de un parque comercial sobre la zona arqueol\u00f3gica de Cholula. Este documental muestra la destrucci\u00f3n del patrimonio hist\u00f3rico producto de las obras irregulares, adem\u00e1s de la represi\u00f3n que han sufrido los habitantes de Cholula por oponerse el proyecto. Gui\u00f3n,\u2026","rel":"","context":"En &quot;CINTILLO&quot;","block_context":{"text":"CINTILLO","link":"http:\/\/www.grieta.org.mx\/index.php\/category\/cintillo\/"},"img":{"alt_text":"","src":"https:\/\/i0.wp.com\/www.grieta.org.mx\/wp-content\/uploads\/2018\/03\/14524434_1106112876131411_958039263622046936_o.jpg?resize=350%2C200","width":350,"height":200,"srcset":"https:\/\/i0.wp.com\/www.grieta.org.mx\/wp-content\/uploads\/2018\/03\/14524434_1106112876131411_958039263622046936_o.jpg?resize=350%2C200 1x, https:\/\/i0.wp.com\/www.grieta.org.mx\/wp-content\/uploads\/2018\/03\/14524434_1106112876131411_958039263622046936_o.jpg?resize=525%2C300 1.5x, https:\/\/i0.wp.com\/www.grieta.org.mx\/wp-content\/uploads\/2018\/03\/14524434_1106112876131411_958039263622046936_o.jpg?resize=700%2C400 2x"},"classes":[]},{"id":1787,"url":"http:\/\/www.grieta.org.mx\/index.php\/2015\/06\/03\/detienen-a-tres-integrantes-de-cholula-viva-y-digna\/","url_meta":{"origin":1790,"position":5},"title":"Detienen a tres integrantes de Cholula Viva y Digna","author":"grieta","date":"3 junio, 2015","format":false,"excerpt":"junio 03, 2015 Yadira Llaven Anzures, Puebla Por repartir volantes en la colonia Zapata, esta tarde fueron detenidos tres integrantes del movimiento ciudadano \u201cPor una Cholula Viva y Digna\u201d. Se trata de Salustino Antonio Sol\u00eds, Carlos Formacio y su esposa, quienes fueron detenidos por la polic\u00eda municipal de San Andr\u00e9s\u2026","rel":"","context":"En &quot;CINTILLO&quot;","block_context":{"text":"CINTILLO","link":"http:\/\/www.grieta.org.mx\/index.php\/category\/cintillo\/"},"img":{"alt_text":"","src":"https:\/\/i0.wp.com\/www.grieta.org.mx\/wp-content\/uploads\/2018\/03\/14524434_1106112876131411_958039263622046936_o.jpg?resize=350%2C200","width":350,"height":200,"srcset":"https:\/\/i0.wp.com\/www.grieta.org.mx\/wp-content\/uploads\/2018\/03\/14524434_1106112876131411_958039263622046936_o.jpg?resize=350%2C200 1x, https:\/\/i0.wp.com\/www.grieta.org.mx\/wp-content\/uploads\/2018\/03\/14524434_1106112876131411_958039263622046936_o.jpg?resize=525%2C300 1.5x, https:\/\/i0.wp.com\/www.grieta.org.mx\/wp-content\/uploads\/2018\/03\/14524434_1106112876131411_958039263622046936_o.jpg?resize=700%2C400 2x"},"classes":[]}],"_links":{"self":[{"href":"http:\/\/www.grieta.org.mx\/index.php\/wp-json\/wp\/v2\/posts\/1790","targetHints":{"allow":["GET"]}}],"collection":[{"href":"http:\/\/www.grieta.org.mx\/index.php\/wp-json\/wp\/v2\/posts"}],"about":[{"href":"http:\/\/www.grieta.org.mx\/index.php\/wp-json\/wp\/v2\/types\/post"}],"author":[{"embeddable":true,"href":"http:\/\/www.grieta.org.mx\/index.php\/wp-json\/wp\/v2\/users\/2"}],"replies":[{"embeddable":true,"href":"http:\/\/www.grieta.org.mx\/index.php\/wp-json\/wp\/v2\/comments?post=1790"}],"version-history":[{"count":1,"href":"http:\/\/www.grieta.org.mx\/index.php\/wp-json\/wp\/v2\/posts\/1790\/revisions"}],"predecessor-version":[{"id":1793,"href":"http:\/\/www.grieta.org.mx\/index.php\/wp-json\/wp\/v2\/posts\/1790\/revisions\/1793"}],"wp:featuredmedia":[{"embeddable":true,"href":"http:\/\/www.grieta.org.mx\/index.php\/wp-json\/wp\/v2\/media\/21928"}],"wp:attachment":[{"href":"http:\/\/www.grieta.org.mx\/index.php\/wp-json\/wp\/v2\/media?parent=1790"}],"wp:term":[{"taxonomy":"category","embeddable":true,"href":"http:\/\/www.grieta.org.mx\/index.php\/wp-json\/wp\/v2\/categories?post=1790"},{"taxonomy":"post_tag","embeddable":true,"href":"http:\/\/www.grieta.org.mx\/index.php\/wp-json\/wp\/v2\/tags?post=1790"}],"curies":[{"name":"wp","href":"https:\/\/api.w.org\/{rel}","templated":true}]}}