{"id":1787,"date":"2015-06-03T20:09:09","date_gmt":"2015-06-03T20:09:09","guid":{"rendered":"http:\/\/50.22.11.12\/~grietaor\/?p=1787"},"modified":"2016-03-09T20:09:57","modified_gmt":"2016-03-09T20:09:57","slug":"detienen-a-tres-integrantes-de-cholula-viva-y-digna","status":"publish","type":"post","link":"http:\/\/www.grieta.org.mx\/index.php\/2015\/06\/03\/detienen-a-tres-integrantes-de-cholula-viva-y-digna\/","title":{"rendered":"Detienen a tres integrantes de Cholula Viva y Digna"},"content":{"rendered":"<p>junio 03, 2015<br \/>\nYadira Llaven Anzures, Puebla<\/p>\n<p>Por repartir volantes en la colonia Zapata, esta tarde fueron detenidos tres integrantes del movimiento ciudadano \u201cPor una Cholula Viva y Digna\u201d.<\/p>\n<p>Se trata de Salustino Antonio Sol\u00eds, Carlos Formacio y su esposa, quienes fueron detenidos por la polic\u00eda municipal de San Andr\u00e9s Cholula.<\/p>\n<p>De acuerdo con integrantes de la asociaci\u00f3n los presuntos detenidos habr\u00edan sido trasladados a las instalaciones del complejo de seguridad p\u00fablica de San Andr\u00e9s Cholula.<\/p>\n<p>Por su parte Cholula Viva y Digna, convoc\u00f3 a trav\u00e9s de redes sociales a la poblaci\u00f3n a reunirse en el curato de la parroquia de San Andr\u00e9s, para exigir la liberaci\u00f3n de los detenidos.<\/p>\n<p>Hasta el momento el gobierno de Leoncio Paisano Arias no ha fijado una postura al respecto.<\/p>\n<p>En octubre pasado dos miembros de esta misma asociaci\u00f3n fueron detenidos y encarcelados en el penal regional de Cholula, por encabezar movimientos sociales en contra de la construcci\u00f3n de un complejo tur\u00edstico en el sitio arqueol\u00f3gico.<\/p>\n<p><a href=\"http:\/\/www.lajornadadeoriente.com.mx\/2015\/06\/03\/detienen-a-tres-integrantes-de-cholula-viva-y-digna\/\" target=\"_blank\">http:\/\/www.lajornadadeoriente.com.mx\/2015\/06\/03\/detienen-a-tres-integrantes-de-cholula-viva-y-digna\/<\/a><\/p>\n","protected":false},"excerpt":{"rendered":"<p>junio 03, 2015 Yadira Llaven Anzures, Puebla Por repartir volantes en la colonia Zapata, esta tarde fueron detenidos tres integrantes del movimiento ciudadano \u201cPor una Cholula Viva y Digna\u201d. Se &hellip; <a href=\"http:\/\/www.grieta.org.mx\/index.php\/2015\/06\/03\/detienen-a-tres-integrantes-de-cholula-viva-y-digna\/\" class=\"more-link\">Leer m\u00e1s<\/a><\/p>\n","protected":false},"author":2,"featured_media":21928,"comment_status":"closed","ping_status":"open","sticky":false,"template":"","format":"standard","meta":{"ngg_post_thumbnail":0,"_jetpack_newsletter_access":"","_jetpack_dont_email_post_to_subs":false,"_jetpack_newsletter_tier_id":0,"_jetpack_memberships_contains_paywalled_content":false,"_jetpack_memberships_contains_paid_content":false,"footnotes":""},"categories":[80],"tags":[213],"class_list":["post-1787","post","type-post","status-publish","format-standard","has-post-thumbnail","hentry","category-cintillo","tag-cholula","entry"],"jetpack_featured_media_url":"http:\/\/www.grieta.org.mx\/wp-content\/uploads\/2018\/03\/14524434_1106112876131411_958039263622046936_o.jpg","jetpack_sharing_enabled":true,"jetpack_shortlink":"https:\/\/wp.me\/p7ZJR4-sP","jetpack_likes_enabled":false,"jetpack-related-posts":[{"id":1777,"url":"http:\/\/www.grieta.org.mx\/index.php\/2015\/04\/23\/liberan-ordenes-de-aprehension-contra-activistas-de-cholula\/","url_meta":{"origin":1787,"position":0},"title":"Liberan \u00f3rdenes de aprehensi\u00f3n contra activistas de Cholula","author":"grieta","date":"23 abril, 2015","format":false,"excerpt":"abril 23, 2015 Puebla El Movimiento Cholula Viva y Digna fue notificado de la existencia de tres nuevas \u00f3rdenes de aprehensi\u00f3n en contra de sus integrantes, por haber participado en las protestas contra el Parque Intermunicipal los d\u00edas 6 y 7 de octubre del a\u00f1o pasado. A trav\u00e9s de un\u2026","rel":"","context":"En &quot;CINTILLO&quot;","block_context":{"text":"CINTILLO","link":"http:\/\/www.grieta.org.mx\/index.php\/category\/cintillo\/"},"img":{"alt_text":"","src":"https:\/\/i0.wp.com\/www.grieta.org.mx\/wp-content\/uploads\/2018\/03\/14524434_1106112876131411_958039263622046936_o.jpg?resize=350%2C200","width":350,"height":200,"srcset":"https:\/\/i0.wp.com\/www.grieta.org.mx\/wp-content\/uploads\/2018\/03\/14524434_1106112876131411_958039263622046936_o.jpg?resize=350%2C200 1x, https:\/\/i0.wp.com\/www.grieta.org.mx\/wp-content\/uploads\/2018\/03\/14524434_1106112876131411_958039263622046936_o.jpg?resize=525%2C300 1.5x, https:\/\/i0.wp.com\/www.grieta.org.mx\/wp-content\/uploads\/2018\/03\/14524434_1106112876131411_958039263622046936_o.jpg?resize=700%2C400 2x"},"classes":[]},{"id":1821,"url":"http:\/\/www.grieta.org.mx\/index.php\/2015\/10\/06\/detienen-en-puebla-a-opositor-al-proyecto-de-parque-cholula\/","url_meta":{"origin":1787,"position":1},"title":"Detienen en Puebla a opositor al proyecto de Parque Cholula","author":"grieta","date":"6 octubre, 2015","format":false,"excerpt":"octubre 06, 2015 Gabriela Hern\u00e1ndez PUEBLA, Pue. (apro).- Al cumplirse un a\u00f1o de que la organizaci\u00f3n Cholula Viva y Digna tom\u00f3 la presidencia de San Andr\u00e9s para manifestar su rechazo a la construcci\u00f3n de un parque en las inmediaciones de la Gran Pir\u00e1mide, polic\u00edas ministeriales detuvieron a T\u00e9odulo Cuaya Teutle,\u2026","rel":"","context":"En &quot;CINTILLO&quot;","block_context":{"text":"CINTILLO","link":"http:\/\/www.grieta.org.mx\/index.php\/category\/cintillo\/"},"img":{"alt_text":"","src":"https:\/\/i0.wp.com\/www.grieta.org.mx\/wp-content\/uploads\/2018\/03\/14524434_1106112876131411_958039263622046936_o.jpg?resize=350%2C200","width":350,"height":200,"srcset":"https:\/\/i0.wp.com\/www.grieta.org.mx\/wp-content\/uploads\/2018\/03\/14524434_1106112876131411_958039263622046936_o.jpg?resize=350%2C200 1x, https:\/\/i0.wp.com\/www.grieta.org.mx\/wp-content\/uploads\/2018\/03\/14524434_1106112876131411_958039263622046936_o.jpg?resize=525%2C300 1.5x, https:\/\/i0.wp.com\/www.grieta.org.mx\/wp-content\/uploads\/2018\/03\/14524434_1106112876131411_958039263622046936_o.jpg?resize=700%2C400 2x"},"classes":[]},{"id":1806,"url":"http:\/\/www.grieta.org.mx\/index.php\/2015\/07\/22\/juzgado-incumple-amparo-para-liberar-a-defensores-de-cholula\/","url_meta":{"origin":1787,"position":2},"title":"Juzgado incumple amparo para liberar a defensores de Cholula","author":"grieta","date":"22 julio, 2015","format":false,"excerpt":"julio 22, 2015 Gabriela Hern\u00e1ndez SAN ANDR\u00c9S CHOLULA, Pue. (apro).- La organizaci\u00f3n Cholula Viva y Digna denunci\u00f3 que el juzgado penal de esta localidad incumpli\u00f3 con el amparo que otorg\u00f3 la justicia federal para la liberaci\u00f3n de Adan y Paul Xicale, considerados defensores del patrimonio hist\u00f3rico y cultural cholulteca. Aunque\u2026","rel":"","context":"En &quot;CINTILLO&quot;","block_context":{"text":"CINTILLO","link":"http:\/\/www.grieta.org.mx\/index.php\/category\/cintillo\/"},"img":{"alt_text":"","src":"https:\/\/i0.wp.com\/www.grieta.org.mx\/wp-content\/uploads\/2018\/03\/14524434_1106112876131411_958039263622046936_o.jpg?resize=350%2C200","width":350,"height":200,"srcset":"https:\/\/i0.wp.com\/www.grieta.org.mx\/wp-content\/uploads\/2018\/03\/14524434_1106112876131411_958039263622046936_o.jpg?resize=350%2C200 1x, https:\/\/i0.wp.com\/www.grieta.org.mx\/wp-content\/uploads\/2018\/03\/14524434_1106112876131411_958039263622046936_o.jpg?resize=525%2C300 1.5x, https:\/\/i0.wp.com\/www.grieta.org.mx\/wp-content\/uploads\/2018\/03\/14524434_1106112876131411_958039263622046936_o.jpg?resize=700%2C400 2x"},"classes":[]},{"id":1768,"url":"http:\/\/www.grieta.org.mx\/index.php\/2016\/09\/05\/oposicion-a-proyectos-turisticos-en-zona-arqueologica-de-cholula-puebla\/","url_meta":{"origin":1787,"position":3},"title":"Defensa de zonas arqueol\u00f3gicas y culturales en Puebla","author":"grieta","date":"5 septiembre, 2016","format":false,"excerpt":"05\/08\/16. Activistas temen m\u00e1s obras del CAPCEE en zona arqueol\u00f3gica de Cholula Municipios Puebla 29\/07\/16. Aseguran que obras en Cholula carecen de permisos del INAH El Sol de Puebla 12\/07\/16. Parque Cholula: gobierno de Puebla excava en zona arqueol\u00f3gica sin autorizaci\u00f3n del INAH Milenio 25\/06\/16. Denunciar\u00e1n obras en zona arqueol\u00f3gica\u2026","rel":"","context":"En &quot;NOTICIAS NACIONALES&quot;","block_context":{"text":"NOTICIAS NACIONALES","link":"http:\/\/www.grieta.org.mx\/index.php\/category\/noticias-nacionales\/"},"img":{"alt_text":"","src":"https:\/\/i0.wp.com\/www.grieta.org.mx\/wp-content\/uploads\/2018\/03\/14524434_1106112876131411_958039263622046936_o.jpg?resize=350%2C200","width":350,"height":200,"srcset":"https:\/\/i0.wp.com\/www.grieta.org.mx\/wp-content\/uploads\/2018\/03\/14524434_1106112876131411_958039263622046936_o.jpg?resize=350%2C200 1x, https:\/\/i0.wp.com\/www.grieta.org.mx\/wp-content\/uploads\/2018\/03\/14524434_1106112876131411_958039263622046936_o.jpg?resize=525%2C300 1.5x, https:\/\/i0.wp.com\/www.grieta.org.mx\/wp-content\/uploads\/2018\/03\/14524434_1106112876131411_958039263622046936_o.jpg?resize=700%2C400 2x"},"classes":[]},{"id":1790,"url":"http:\/\/www.grieta.org.mx\/index.php\/2015\/06\/30\/dan-reves-a-moreno-valle-en-su-proyecto-de-parque-en-cholula\/","url_meta":{"origin":1787,"position":4},"title":"Dan rev\u00e9s a Moreno Valle en su proyecto de parque en Cholula","author":"grieta","date":"30 junio, 2015","format":false,"excerpt":"junio 30, 2015 Gabriela Hern\u00e1ndez PUEBLA, Pue. (apro).- El proyecto del gobernador Rafael Moreno Valle de construir un parque en los alrededores de la gran Pir\u00e1mide de Cholula y del templo de la Virgen de los Remedios se vino abajo, asegur\u00f3 la agrupaci\u00f3n Cholula Viva y Digna. Este lunes, el\u2026","rel":"","context":"En &quot;CINTILLO&quot;","block_context":{"text":"CINTILLO","link":"http:\/\/www.grieta.org.mx\/index.php\/category\/cintillo\/"},"img":{"alt_text":"","src":"https:\/\/i0.wp.com\/www.grieta.org.mx\/wp-content\/uploads\/2018\/03\/14524434_1106112876131411_958039263622046936_o.jpg?resize=350%2C200","width":350,"height":200,"srcset":"https:\/\/i0.wp.com\/www.grieta.org.mx\/wp-content\/uploads\/2018\/03\/14524434_1106112876131411_958039263622046936_o.jpg?resize=350%2C200 1x, https:\/\/i0.wp.com\/www.grieta.org.mx\/wp-content\/uploads\/2018\/03\/14524434_1106112876131411_958039263622046936_o.jpg?resize=525%2C300 1.5x, https:\/\/i0.wp.com\/www.grieta.org.mx\/wp-content\/uploads\/2018\/03\/14524434_1106112876131411_958039263622046936_o.jpg?resize=700%2C400 2x"},"classes":[]},{"id":18660,"url":"http:\/\/www.grieta.org.mx\/index.php\/2016\/07\/29\/aseguran-que-obras-en-cholula-carecen-de-permisos-del-inah\/","url_meta":{"origin":1787,"position":5},"title":"Aseguran que obras en Cholula carecen de permisos del INAH","author":"grieta","date":"29 julio, 2016","format":false,"excerpt":"Por Norma Marcial SAN ANDR\u00c9S CHOLULA, Pue. Por en\u00e9sima ocasi\u00f3n, integrantes del Colectivo Cholula Viva y Digna, exigieron la cancelaci\u00f3n inmediata de las obras de embellecimiento que autoridades estatales realizan en puntos colindantes a la zona arqueol\u00f3gica de Cholula, tras se\u00f1alar que carecen de los permisos correspondientes por parte del\u2026","rel":"","context":"En &quot;CINTILLO&quot;","block_context":{"text":"CINTILLO","link":"http:\/\/www.grieta.org.mx\/index.php\/category\/cintillo\/"},"img":{"alt_text":"","src":"https:\/\/i0.wp.com\/www.grieta.org.mx\/wp-content\/uploads\/2018\/03\/14524434_1106112876131411_958039263622046936_o.jpg?resize=350%2C200","width":350,"height":200,"srcset":"https:\/\/i0.wp.com\/www.grieta.org.mx\/wp-content\/uploads\/2018\/03\/14524434_1106112876131411_958039263622046936_o.jpg?resize=350%2C200 1x, https:\/\/i0.wp.com\/www.grieta.org.mx\/wp-content\/uploads\/2018\/03\/14524434_1106112876131411_958039263622046936_o.jpg?resize=525%2C300 1.5x, https:\/\/i0.wp.com\/www.grieta.org.mx\/wp-content\/uploads\/2018\/03\/14524434_1106112876131411_958039263622046936_o.jpg?resize=700%2C400 2x"},"classes":[]}],"_links":{"self":[{"href":"http:\/\/www.grieta.org.mx\/index.php\/wp-json\/wp\/v2\/posts\/1787","targetHints":{"allow":["GET"]}}],"collection":[{"href":"http:\/\/www.grieta.org.mx\/index.php\/wp-json\/wp\/v2\/posts"}],"about":[{"href":"http:\/\/www.grieta.org.mx\/index.php\/wp-json\/wp\/v2\/types\/post"}],"author":[{"embeddable":true,"href":"http:\/\/www.grieta.org.mx\/index.php\/wp-json\/wp\/v2\/users\/2"}],"replies":[{"embeddable":true,"href":"http:\/\/www.grieta.org.mx\/index.php\/wp-json\/wp\/v2\/comments?post=1787"}],"version-history":[{"count":1,"href":"http:\/\/www.grieta.org.mx\/index.php\/wp-json\/wp\/v2\/posts\/1787\/revisions"}],"predecessor-version":[{"id":1788,"href":"http:\/\/www.grieta.org.mx\/index.php\/wp-json\/wp\/v2\/posts\/1787\/revisions\/1788"}],"wp:featuredmedia":[{"embeddable":true,"href":"http:\/\/www.grieta.org.mx\/index.php\/wp-json\/wp\/v2\/media\/21928"}],"wp:attachment":[{"href":"http:\/\/www.grieta.org.mx\/index.php\/wp-json\/wp\/v2\/media?parent=1787"}],"wp:term":[{"taxonomy":"category","embeddable":true,"href":"http:\/\/www.grieta.org.mx\/index.php\/wp-json\/wp\/v2\/categories?post=1787"},{"taxonomy":"post_tag","embeddable":true,"href":"http:\/\/www.grieta.org.mx\/index.php\/wp-json\/wp\/v2\/tags?post=1787"}],"curies":[{"name":"wp","href":"https:\/\/api.w.org\/{rel}","templated":true}]}}