{"id":17788,"date":"2016-02-12T20:27:06","date_gmt":"2016-02-13T02:27:06","guid":{"rendered":"http:\/\/www.grieta.org.mx\/?p=17788"},"modified":"2016-07-26T20:28:52","modified_gmt":"2016-07-27T01:28:52","slug":"segundo-dia-desde-el-penal-del-topochico-monterrey-un-laboratorio-de-exterminio","status":"publish","type":"post","link":"http:\/\/www.grieta.org.mx\/index.php\/2016\/02\/12\/segundo-dia-desde-el-penal-del-topochico-monterrey-un-laboratorio-de-exterminio\/","title":{"rendered":"Segundo d\u00eda desde el Penal del Topochico. Monterrey, un Laboratorio de Exterminio"},"content":{"rendered":"<h1 class=\"entry-title\"><\/h1>\n<p align=\"JUSTIFY\"><b><a href=\"https:\/\/i2.wp.com\/www.centrodemedioslibres.org\/wp-content\/uploads\/2016\/02\/IMG_3342.jpg?ssl=1\" rel=\"lightbox[27187] attachment wp-att-27202\"><img loading=\"lazy\" decoding=\"async\" class=\"alignleft size-thumbnail wp-image-27202\" src=\"https:\/\/i2.wp.com\/www.centrodemedioslibres.org\/wp-content\/uploads\/2016\/02\/IMG_3342.jpg?resize=300%2C400&amp;ssl=1\" alt=\"IMG_3342\" width=\"300\" height=\"400\" \/><\/a><a href=\"https:\/\/i2.wp.com\/www.centrodemedioslibres.org\/wp-content\/uploads\/2016\/02\/IMG_3382.jpg?ssl=1\" rel=\"lightbox[27187] attachment wp-att-27203\"><img loading=\"lazy\" decoding=\"async\" class=\"alignright size-thumbnail wp-image-27203\" src=\"https:\/\/i2.wp.com\/www.centrodemedioslibres.org\/wp-content\/uploads\/2016\/02\/IMG_3382.jpg?resize=300%2C225&amp;ssl=1\" alt=\"IMG_3382\" width=\"300\" height=\"225\" \/><\/a><\/b><\/p>\n<p align=\"JUSTIFY\">\n<p align=\"JUSTIFY\">\n<p align=\"JUSTIFY\">\n<p align=\"JUSTIFY\">\n<p align=\"JUSTIFY\">\n<p align=\"JUSTIFY\">\n<p align=\"JUSTIFY\">\n<p align=\"JUSTIFY\">\n<p align=\"JUSTIFY\">\n<p align=\"JUSTIFY\">\n<p><b>Monterrey, Nuevo Le\u00f3n, 12 de febrero de 2016.- <\/b>Este viernes amanec\u00eda con m\u00faltiples noticias: Dos autobuses con presos partieron a primeras horas de la ma\u00f1ana. Los traslados continuaban y las familias no sab\u00edan nada del destino de sus familiares, ninguna informaci\u00f3n, ning\u00fan aviso por parte de las autoridades.<\/p>\n<p>&gt;A primeras horas las noticias eran que el Gobernador Jaime Rodr\u00edguez Calder\u00f3n \u201cEl Bronco\u201d, afirmaba que era urgente continuar con la construcci\u00f3n del Penal de Mina, Nuevo Le\u00f3n, del que se termin\u00f3 su primera etapa en 2012 ( <a href=\"https:\/\/obrasparanuevoleon.files.wordpress.com\/2012\/08\/planta-penal.pdf\">Planos preliminares<\/a>), quedando en suspensi\u00f3n hasta 2013. En ese momento su situaci\u00f3n era as\u00ed descrita en el peri\u00f3dico Milenio: <i>\u201cJorge Domene Zambrano, Jefe de la oficina de gubernatura, explic<\/i><i>\u00f3<\/i><i> que el plan consiste en que el gobierno federal se haga cargo de la parte econ\u00f3mica y log\u00edstica de las instalaciones, que originalmente estaban pensadas como un centro de readaptaci\u00f3n para procesados por delitos del fuero com\u00fan\u201d. (<a href=\"http:\/\/www.milenio.com\/monterrey\/Penal-Mina-federal-maxima-seguridad_0_190781400.html\">http:\/\/www.milenio.com\/monterrey\/Penal-Mina-federal-maxima-seguridad_0_190781400.html<\/a>)<\/i><\/p>\n<p>Es as\u00ed que este \u201cmot\u00edn\u201d del cual hasta el momento se desconoce la informaci\u00f3n real en cuanto al numero de personas cuyo paradero se desconoceo que puedan estar fallecidas (a pesar de que la CNDH confirmo la cifra de 49 muertos dada por el gobernador, la gente fuera del penal sigue hablando de cientos de los cuales no se esta diciendo nada) ahora sirve como excusa perfecta para poner sobre la mesa la construcci\u00f3n de esta c\u00e1rcel de m\u00e1xima seguridad, o centro de exterminio como se les ha llamado a este tipo de c\u00e1rceles tambi\u00e9n conocidas como CEFERESOS. C\u00e1rceles que est\u00e1n importando el modelo de centros penitenciarios privatizados de los Estados Unidos, que mas que centros de reintegraci\u00f3n se convierten en laboratorios de deshumanizaci\u00f3n y mercantilizaci\u00f3n de la vida de hombres y mujeres quienes est\u00e1n confinados a vivir una vida indigna y denigrante.<\/p>\n<p align=\"JUSTIFY\">A las afueras de las instalaciones alrededor de las 13:00, el ambiente era distinto, se percib\u00eda en el ambiente el cansancio y agotamiento de cientos de personas que ya iban a cumplir 48 hrs. de estar a la espera de alguna informaci\u00f3n que les diera esperanza.<\/p>\n<p align=\"JUSTIFY\">Esta vez la ayuda por parte del gobierno se multiplicaba: tamales, tortas, botellas de agua se repart\u00edan por doquier, la gente segu\u00eda gritando que la comida deber\u00eda de ser para los reos, eran ellos quienes no estaban comiendo. Algunas madres ca\u00edan al suelo en quiebre psicol\u00f3gico al no saber donde estaba su familiar, o bien por enterarse de la noticia de que hab\u00eda fallecido.<\/p>\n<p align=\"JUSTIFY\">\u00c9ste d\u00eda aquellos que lograron entrar, solo lograban ver a su familiar por escasos minutos. Al salir lo \u00fanico que dec\u00edan, era que estaba bien, que ya lo hab\u00edan visto y que no quer\u00edan decir nada por miedo a que algo malo les pasara adentro. Los presos llevaban ya horas sin agua, luz y alimento, y de igual manera se les hab\u00edan quitado sus pertenencias en un cateo. \u00bfPor qu\u00e9 el miedo? \u00bfPor qu\u00e9 callar? \u00bfQu\u00e9 hay detr\u00e1s?<\/p>\n<p align=\"JUSTIFY\">A las 4:00 de la tarde sali\u00f3 un oficial para anunciar m\u00e1s traslados, esta vez de mujeres, pero de nuevo no se dec\u00eda nada concreto que ayudara a los familiares a saber d\u00f3nde estaban y a quienes se iban a llevar. Les proveyeron un n\u00famero para informes, el cual minutos despu\u00e9s se constataba que no funcionaba.<\/p>\n<p align=\"CENTER\">**<\/p>\n<p align=\"JUSTIFY\">La CNDH se hizo presente, y la noticia era que ya iban a publicar la lista de presos y el estado al que fueron trasladados.<\/p>\n<p align=\"JUSTIFY\">Rumbo a las 6:30 de la tarde se instal\u00f3 una bocina y se dio la noticia, las madres se amontonaban cerca de la pared en donde estaba siendo pegada la lista y escuchaban por las bocinas el nombre de sus hijos. La rabia empezaba a nacer cuando escuchaban<\/p>\n<p align=\"JUSTIFY\">\u2013 \u201cChiapas\u201d, \u201cNayarit\u201d, \u201cCd. Juarez\u201d<\/p>\n<p align=\"JUSTIFY\">\u2013 \u00a1Y como chingados creen que vamos a ir, nosotras no tenemos dinero!.<\/p>\n<p align=\"JUSTIFY\">La Tercera Visitadora General, Ruth Villanueva Castilleja representante de la CNDH era abordada por muchas mujeres exigi\u00e9ndole que resolviera su situaci\u00f3n, la respuesta era que ya estaban las listas y que ah\u00ed dec\u00eda el nombre del preso y el estado en donde estaban, \u00bfpero por qu\u00e9 se los llevaron, sin ninguna notificaci\u00f3n? Se le cuestion\u00f3 sobre la informaci\u00f3n que indicaba que el numero de personas fallecidas no eran s\u00f3lo 49 sino que eran muchas m\u00e1s, seg\u00fan los familiares que estaban entrando y yendo al Hospital Universitario, a lo cual respondi\u00f3 \u00fanicamente que eso no era verdad.<\/p>\n<p align=\"JUSTIFY\">Esas eran las respuestas, la inconformidad creci\u00f3 entre las madres presentes; con gritos de Justicia, exig\u00edan ver a sus presos, acto seguido se tom\u00f3 la avenida principal ubicada al lado de las instalaciones del Topo Chico. Por media hora se bloque\u00f3 el tr\u00e1fico, las granaderas de Fuerza Civil se movilizaban para prever cualquier acto, sin embargo lo que parec\u00eda ser\u00eda una protesta que avanzar\u00eda hacia el centro de la ciudad, termin\u00f3 qued\u00e1ndose a las afueras del penal.<\/p>\n<p align=\"JUSTIFY\">Al finalizar los bloqueos se escuch\u00f3 la canci\u00f3n de \u201cSe muri\u00f3 mi amigo el bronco, se fue para el m\u00e1s all\u00e1\u201d y se exig\u00eda la destituci\u00f3n del Gobernador. Finalmente se acord\u00f3 que el d\u00eda 13 de febrero se har\u00eda una protesta a partir de las 7 AM, marchando desde el penal del Topo Chico hasta el palacio municipal, esperando que la ciudadan\u00eda se solidarice con el dolor de cientos de madres que no saben en donde est\u00e1n sus hijos, que est\u00e1n desconsoladas porque se los llevaron lejos o por que les quitaron la vida.<\/p>\n<p align=\"JUSTIFY\">Seguimos contemplando los efectos de una masacre, los efectos de la guerra que en esta ciudad solamente va mutando en forma, pero en donde el resultado final es el mismo: dolor y cada vez mas coraje.<\/p>\n<div id=\"gallery-1\" class=\"gallery galleryid-27187 gallery-columns-3 gallery-size-thumbnail\">\n<dl class=\"gallery-item\">\n<dt class=\"gallery-icon portrait\"><a href=\"https:\/\/www.centrodemedioslibres.org\/2016\/02\/13\/segundo-dia-desde-el-penal-del-topochico-monterrey-un-laboratorio-de-exterminio\/img_3340\/\"><img loading=\"lazy\" decoding=\"async\" class=\"attachment-thumbnail size-thumbnail\" src=\"https:\/\/i2.wp.com\/www.centrodemedioslibres.org\/wp-content\/uploads\/2016\/02\/IMG_3340.jpg?resize=300%2C400&amp;ssl=1\" alt=\"IMG_3340\" width=\"300\" height=\"400\" \/><\/a><\/dt>\n<\/dl>\n<dl class=\"gallery-item\">\n<dt class=\"gallery-icon portrait\"><a href=\"https:\/\/www.centrodemedioslibres.org\/2016\/02\/13\/segundo-dia-desde-el-penal-del-topochico-monterrey-un-laboratorio-de-exterminio\/img_3341\/\"><img loading=\"lazy\" decoding=\"async\" class=\"attachment-thumbnail size-thumbnail\" src=\"https:\/\/i0.wp.com\/www.centrodemedioslibres.org\/wp-content\/uploads\/2016\/02\/IMG_3341.jpg?resize=300%2C400&amp;ssl=1\" alt=\"IMG_3341\" width=\"300\" height=\"400\" \/><\/a><\/dt>\n<\/dl>\n<dl class=\"gallery-item\">\n<dt class=\"gallery-icon portrait\"><a href=\"https:\/\/www.centrodemedioslibres.org\/2016\/02\/13\/segundo-dia-desde-el-penal-del-topochico-monterrey-un-laboratorio-de-exterminio\/img_3343\/\"><img loading=\"lazy\" decoding=\"async\" class=\"attachment-thumbnail size-thumbnail\" src=\"https:\/\/i0.wp.com\/www.centrodemedioslibres.org\/wp-content\/uploads\/2016\/02\/IMG_3343.jpg?resize=300%2C400&amp;ssl=1\" alt=\"IMG_3343\" width=\"300\" height=\"400\" \/><\/a><\/dt>\n<\/dl>\n<dl class=\"gallery-item\">\n<dt class=\"gallery-icon portrait\"><a href=\"https:\/\/www.centrodemedioslibres.org\/2016\/02\/13\/segundo-dia-desde-el-penal-del-topochico-monterrey-un-laboratorio-de-exterminio\/img_3347\/\"><img loading=\"lazy\" decoding=\"async\" class=\"attachment-thumbnail size-thumbnail\" src=\"https:\/\/i0.wp.com\/www.centrodemedioslibres.org\/wp-content\/uploads\/2016\/02\/IMG_3347.jpg?resize=300%2C510&amp;ssl=1\" alt=\"IMG_3347\" width=\"300\" height=\"510\" \/><\/a><\/dt>\n<\/dl>\n<dl class=\"gallery-item\">\n<dt class=\"gallery-icon portrait\"><a href=\"https:\/\/www.centrodemedioslibres.org\/2016\/02\/13\/segundo-dia-desde-el-penal-del-topochico-monterrey-un-laboratorio-de-exterminio\/img_3365\/\"><img loading=\"lazy\" decoding=\"async\" class=\"attachment-thumbnail size-thumbnail\" src=\"https:\/\/i1.wp.com\/www.centrodemedioslibres.org\/wp-content\/uploads\/2016\/02\/IMG_3365.jpg?resize=300%2C400&amp;ssl=1\" alt=\"IMG_3365\" width=\"300\" height=\"400\" \/><\/a><\/dt>\n<\/dl>\n<dl class=\"gallery-item\">\n<dt class=\"gallery-icon landscape\"><a href=\"https:\/\/www.centrodemedioslibres.org\/2016\/02\/13\/segundo-dia-desde-el-penal-del-topochico-monterrey-un-laboratorio-de-exterminio\/img_3366\/\"><img loading=\"lazy\" decoding=\"async\" class=\"attachment-thumbnail size-thumbnail\" src=\"https:\/\/i2.wp.com\/www.centrodemedioslibres.org\/wp-content\/uploads\/2016\/02\/IMG_3366.jpg?resize=300%2C225&amp;ssl=1\" alt=\"IMG_3366\" width=\"300\" height=\"225\" \/><\/a><\/dt>\n<\/dl>\n<dl class=\"gallery-item\">\n<dt class=\"gallery-icon portrait\"><a href=\"https:\/\/www.centrodemedioslibres.org\/2016\/02\/13\/segundo-dia-desde-el-penal-del-topochico-monterrey-un-laboratorio-de-exterminio\/img_3377\/\"><img loading=\"lazy\" decoding=\"async\" class=\"attachment-thumbnail size-thumbnail\" src=\"https:\/\/i1.wp.com\/www.centrodemedioslibres.org\/wp-content\/uploads\/2016\/02\/IMG_3377.jpg?resize=300%2C400&amp;ssl=1\" alt=\"IMG_3377\" width=\"300\" height=\"400\" \/><\/a><\/dt>\n<\/dl>\n<dl class=\"gallery-item\">\n<dt class=\"gallery-icon portrait\"><a href=\"https:\/\/www.centrodemedioslibres.org\/2016\/02\/13\/segundo-dia-desde-el-penal-del-topochico-monterrey-un-laboratorio-de-exterminio\/img_3380\/\"><img loading=\"lazy\" decoding=\"async\" class=\"attachment-thumbnail size-thumbnail\" src=\"https:\/\/i0.wp.com\/www.centrodemedioslibres.org\/wp-content\/uploads\/2016\/02\/IMG_3380.jpg?resize=300%2C412&amp;ssl=1\" alt=\"IMG_3380\" width=\"300\" height=\"412\" \/><\/a><\/dt>\n<\/dl>\n<\/div>\n<h3 class=\"sd-title\"><a href=\"https:\/\/www.centrodemedioslibres.org\/2016\/02\/13\/segundo-dia-desde-el-penal-del-topochico-monterrey-un-laboratorio-de-exterminio\/\" target=\"_blank\">https:\/\/www.centrodemedioslibres.org\/2016\/02\/13\/segundo-dia-desde-el-penal-del-topochico-monterrey-un-laboratorio-de-exterminio\/<\/a><\/h3>\n","protected":false},"excerpt":{"rendered":"<p>Monterrey, Nuevo Le\u00f3n, 12 de febrero de 2016.- Este viernes amanec\u00eda con m\u00faltiples noticias: Dos autobuses con presos partieron a primeras horas de la ma\u00f1ana. Los traslados continuaban y las &hellip; <a href=\"http:\/\/www.grieta.org.mx\/index.php\/2016\/02\/12\/segundo-dia-desde-el-penal-del-topochico-monterrey-un-laboratorio-de-exterminio\/\" class=\"more-link\">Leer m\u00e1s<\/a><\/p>\n","protected":false},"author":2,"featured_media":21928,"comment_status":"closed","ping_status":"closed","sticky":false,"template":"","format":"standard","meta":{"ngg_post_thumbnail":0,"_jetpack_newsletter_access":"","_jetpack_dont_email_post_to_subs":false,"_jetpack_newsletter_tier_id":0,"_jetpack_memberships_contains_paywalled_content":false,"_jetpack_memberships_contains_paid_content":false,"footnotes":""},"categories":[80,202],"tags":[380,364,803,804],"class_list":["post-17788","post","type-post","status-publish","format-standard","has-post-thumbnail","hentry","category-cintillo","category-nuevo-leon","tag-desprecio","tag-monterr","tag-penal","tag-topo-chico","entry"],"jetpack_featured_media_url":"http:\/\/www.grieta.org.mx\/wp-content\/uploads\/2018\/03\/14524434_1106112876131411_958039263622046936_o.jpg","jetpack_sharing_enabled":true,"jetpack_shortlink":"https:\/\/wp.me\/p7ZJR4-4CU","jetpack_likes_enabled":false,"jetpack-related-posts":[{"id":5145,"url":"http:\/\/www.grieta.org.mx\/index.php\/2016\/07\/01\/protesta-de-familiares-de-reos-en-penal-de-topo-chico-nuevo-leon\/","url_meta":{"origin":17788,"position":0},"title":"Protesta de familiares de reos en penal de Topo Chico  Nuevo Le\u00f3n y an\u00e1lisis de la situaci\u00f3n","author":"grieta","date":"1 julio, 2016","format":false,"excerpt":"16\/06\/16. \u00bfQui\u00e9n est\u00e1 detr\u00e1s de la violencia en el penal de Topo Chico? Subversiones 13\/02\/16. Familiares hacen fila por informaci\u00f3n en el Penal del Topo Chico. Listas de fallecidos y trasladados Centro de Medios Libres 13\/02\/16. Tercer d\u00eda desde el Penal del Topo Chico: La inquietud despu\u00e9s de la Masacre.\u2026","rel":"","context":"En &quot;NOTICIAS NACIONALES&quot;","block_context":{"text":"NOTICIAS NACIONALES","link":"http:\/\/www.grieta.org.mx\/index.php\/category\/noticias-nacionales\/"},"img":{"alt_text":"","src":"https:\/\/i0.wp.com\/www.grieta.org.mx\/wp-content\/uploads\/2018\/03\/14524434_1106112876131411_958039263622046936_o.jpg?resize=350%2C200","width":350,"height":200,"srcset":"https:\/\/i0.wp.com\/www.grieta.org.mx\/wp-content\/uploads\/2018\/03\/14524434_1106112876131411_958039263622046936_o.jpg?resize=350%2C200 1x, https:\/\/i0.wp.com\/www.grieta.org.mx\/wp-content\/uploads\/2018\/03\/14524434_1106112876131411_958039263622046936_o.jpg?resize=525%2C300 1.5x, https:\/\/i0.wp.com\/www.grieta.org.mx\/wp-content\/uploads\/2018\/03\/14524434_1106112876131411_958039263622046936_o.jpg?resize=700%2C400 2x"},"classes":[]},{"id":14808,"url":"http:\/\/www.grieta.org.mx\/index.php\/2016\/09\/11\/movilizaciones-contra-la-reforma-educativa-y-evaluacion-magisterial-2\/","url_meta":{"origin":17788,"position":1},"title":"Movilizaciones contra la Reforma Educativa en Nuevo Le\u00f3n","author":"grieta","date":"11 septiembre, 2016","format":false,"excerpt":"10\/09\/16. Marchan maestros al aeropuerto de Nuevo Le\u00f3nVanguardia Mx 18\/08\/16. Vuelven marchas de maestros; analizan paro de labores (NL) Milenio Monterrey 10\/08\/16. Maestros de Nuevo Le\u00f3n realizan 'funeral de pol\u00edticos' El Horizonte 22\/07\/16. Nuevo Le\u00f3n tambi\u00e9n es M\u00e9xico: \u00a1Chiapas, Aguanta, Nuevo Le\u00f3n se levanta! Centro de Medios Libres 19\/07\/16. Hacen\u2026","rel":"","context":"En &quot;NOTICIAS NACIONALES&quot;","block_context":{"text":"NOTICIAS NACIONALES","link":"http:\/\/www.grieta.org.mx\/index.php\/category\/noticias-nacionales\/"},"img":{"alt_text":"","src":"https:\/\/i0.wp.com\/www.grieta.org.mx\/wp-content\/uploads\/2018\/03\/14524434_1106112876131411_958039263622046936_o.jpg?resize=350%2C200","width":350,"height":200,"srcset":"https:\/\/i0.wp.com\/www.grieta.org.mx\/wp-content\/uploads\/2018\/03\/14524434_1106112876131411_958039263622046936_o.jpg?resize=350%2C200 1x, https:\/\/i0.wp.com\/www.grieta.org.mx\/wp-content\/uploads\/2018\/03\/14524434_1106112876131411_958039263622046936_o.jpg?resize=525%2C300 1.5x, https:\/\/i0.wp.com\/www.grieta.org.mx\/wp-content\/uploads\/2018\/03\/14524434_1106112876131411_958039263622046936_o.jpg?resize=700%2C400 2x"},"classes":[]},{"id":44810,"url":"http:\/\/www.grieta.org.mx\/index.php\/2020\/02\/21\/galeria-de-fotos-de-accion-dislocada-en-monterrey-nuevo-leon-jornadas-samir-somos-todas-y-todos\/","url_meta":{"origin":17788,"position":2},"title":"Galer\u00eda de fotos de acci\u00f3n dislocada en Monterrey, Nuevo Le\u00f3n. Jornadas \u201cSamir Somos Todas y Todos\u201d","author":"Admin","date":"21 febrero, 2020","format":false,"excerpt":"Colectivo Grieta \u00a0 Galer\u00eda de fotos de Brigadas de informaci\u00f3n y volanteo en Nuevo Le\u00f3n Fotos NL 1 y NL 2: Estaci\u00f3n Metro Cuauht\u00e9moc, Monterrey, N. L. Foto NL 3: Estaci\u00f3n Metro Universidad, San Nicol\u00e1s de los Garza, N. L. Foto NL 4: Mercado Ju\u00e1rez, Ju\u00e1rez y Ruperto Mart\u00ednez, Monterrey,\u2026","rel":"","context":"En &quot;CINTILLO&quot;","block_context":{"text":"CINTILLO","link":"http:\/\/www.grieta.org.mx\/index.php\/category\/cintillo\/"},"img":{"alt_text":"","src":"https:\/\/i0.wp.com\/www.grieta.org.mx\/wp-content\/uploads\/2020\/02\/NL-3.jpg?resize=350%2C200","width":350,"height":200,"srcset":"https:\/\/i0.wp.com\/www.grieta.org.mx\/wp-content\/uploads\/2020\/02\/NL-3.jpg?resize=350%2C200 1x, https:\/\/i0.wp.com\/www.grieta.org.mx\/wp-content\/uploads\/2020\/02\/NL-3.jpg?resize=525%2C300 1.5x, https:\/\/i0.wp.com\/www.grieta.org.mx\/wp-content\/uploads\/2020\/02\/NL-3.jpg?resize=700%2C400 2x"},"classes":[]},{"id":31970,"url":"http:\/\/www.grieta.org.mx\/index.php\/2019\/04\/08\/policia-de-monterrey-encabeza-quejas-ante-cedh-nuevo-leon\/","url_meta":{"origin":17788,"position":3},"title":"Polic\u00eda de Monterrey encabeza quejas ante CEDH (Nuevo Le\u00f3n)","author":"grieta","date":"8 abril, 2019","format":false,"excerpt":"Uriel V\u00e9lez \/ abcnoticias La corporaci\u00f3n municipal fue la que present\u00f3 mayor n\u00famero de denuncias ante el organismo, se\u00f1al\u00f3 su presidenta, Sof\u00eda Velasco Monterrey.- Durante el 2018, la polic\u00eda de Monterrey encabez\u00f3 la lista de quejas recibidas por supuestas violaciones a los derechos humanos, asegur\u00f3 Sof\u00eda Velasco. La presidenta de\u2026","rel":"","context":"En &quot;CINTILLO&quot;","block_context":{"text":"CINTILLO","link":"http:\/\/www.grieta.org.mx\/index.php\/category\/cintillo\/"},"img":{"alt_text":"","src":"https:\/\/i0.wp.com\/www.grieta.org.mx\/wp-content\/uploads\/2019\/04\/Polic%C3%ADa-de-Monterrey-encabeza-quejas-ante-CEDH-nl-abr.jpg?resize=350%2C200","width":350,"height":200,"srcset":"https:\/\/i0.wp.com\/www.grieta.org.mx\/wp-content\/uploads\/2019\/04\/Polic%C3%ADa-de-Monterrey-encabeza-quejas-ante-CEDH-nl-abr.jpg?resize=350%2C200 1x, https:\/\/i0.wp.com\/www.grieta.org.mx\/wp-content\/uploads\/2019\/04\/Polic%C3%ADa-de-Monterrey-encabeza-quejas-ante-CEDH-nl-abr.jpg?resize=525%2C300 1.5x, https:\/\/i0.wp.com\/www.grieta.org.mx\/wp-content\/uploads\/2019\/04\/Polic%C3%ADa-de-Monterrey-encabeza-quejas-ante-CEDH-nl-abr.jpg?resize=700%2C400 2x"},"classes":[]},{"id":4792,"url":"http:\/\/www.grieta.org.mx\/index.php\/2015\/01\/29\/piden-ong-cancelar-proyecto-hidraulico-monterrey-vi-de-consorcio-de-higa\/","url_meta":{"origin":17788,"position":4},"title":"Piden ONG cancelar proyecto hidr\u00e1ulico Monterrey VI de consorcio de Higa","author":"grieta","date":"29 enero, 2015","format":false,"excerpt":"La Jornada Por Erick Mu\u00f1iz Monterrey, NL. Organismos civiles de Nuevo Le\u00f3n solicitaron, a trav\u00e9s de desplegados publicados en Monterrey y la ciudad de M\u00e9xico, cancelar el proyecto hidr\u00e1ulico Monterrey VI, que consiste en trasladar agua del r\u00edo P\u00e1nuco, en Veracruz, a la presa Cerro Prieto, en Monterrey. La petici\u00f3n\u2026","rel":"","context":"En &quot;CINTILLO&quot;","block_context":{"text":"CINTILLO","link":"http:\/\/www.grieta.org.mx\/index.php\/category\/cintillo\/"},"img":{"alt_text":"","src":"https:\/\/i0.wp.com\/www.grieta.org.mx\/wp-content\/uploads\/2018\/03\/14524434_1106112876131411_958039263622046936_o.jpg?resize=350%2C200","width":350,"height":200,"srcset":"https:\/\/i0.wp.com\/www.grieta.org.mx\/wp-content\/uploads\/2018\/03\/14524434_1106112876131411_958039263622046936_o.jpg?resize=350%2C200 1x, https:\/\/i0.wp.com\/www.grieta.org.mx\/wp-content\/uploads\/2018\/03\/14524434_1106112876131411_958039263622046936_o.jpg?resize=525%2C300 1.5x, https:\/\/i0.wp.com\/www.grieta.org.mx\/wp-content\/uploads\/2018\/03\/14524434_1106112876131411_958039263622046936_o.jpg?resize=700%2C400 2x"},"classes":[]},{"id":4700,"url":"http:\/\/www.grieta.org.mx\/index.php\/2015\/07\/07\/costara-14-millones-de-pesos-cancelar-proyecto-monterrey-vi\/","url_meta":{"origin":17788,"position":5},"title":"Costar\u00e1 14 millones de pesos cancelar proyecto Monterrey VI","author":"grieta","date":"7 julio, 2015","format":false,"excerpt":"El Financiero Directivos de Servicios de Agua y Drenaje de Monterrey se\u00f1alaron que el monto tendr\u00eda que pagarlo el gobierno de Nuevo Le\u00f3n, en caso de rescindir el contrato ya pactado. Juan Antonio Lara MONTERREY.- Servicios de Agua y Drenaje de Monterrey (SADM) se\u00f1al\u00f3 que el proyecto de Monterrey VI\u2026","rel":"","context":"En &quot;CINTILLO&quot;","block_context":{"text":"CINTILLO","link":"http:\/\/www.grieta.org.mx\/index.php\/category\/cintillo\/"},"img":{"alt_text":"","src":"https:\/\/i0.wp.com\/www.grieta.org.mx\/wp-content\/uploads\/2018\/03\/14524434_1106112876131411_958039263622046936_o.jpg?resize=350%2C200","width":350,"height":200,"srcset":"https:\/\/i0.wp.com\/www.grieta.org.mx\/wp-content\/uploads\/2018\/03\/14524434_1106112876131411_958039263622046936_o.jpg?resize=350%2C200 1x, https:\/\/i0.wp.com\/www.grieta.org.mx\/wp-content\/uploads\/2018\/03\/14524434_1106112876131411_958039263622046936_o.jpg?resize=525%2C300 1.5x, https:\/\/i0.wp.com\/www.grieta.org.mx\/wp-content\/uploads\/2018\/03\/14524434_1106112876131411_958039263622046936_o.jpg?resize=700%2C400 2x"},"classes":[]}],"_links":{"self":[{"href":"http:\/\/www.grieta.org.mx\/index.php\/wp-json\/wp\/v2\/posts\/17788","targetHints":{"allow":["GET"]}}],"collection":[{"href":"http:\/\/www.grieta.org.mx\/index.php\/wp-json\/wp\/v2\/posts"}],"about":[{"href":"http:\/\/www.grieta.org.mx\/index.php\/wp-json\/wp\/v2\/types\/post"}],"author":[{"embeddable":true,"href":"http:\/\/www.grieta.org.mx\/index.php\/wp-json\/wp\/v2\/users\/2"}],"replies":[{"embeddable":true,"href":"http:\/\/www.grieta.org.mx\/index.php\/wp-json\/wp\/v2\/comments?post=17788"}],"version-history":[{"count":1,"href":"http:\/\/www.grieta.org.mx\/index.php\/wp-json\/wp\/v2\/posts\/17788\/revisions"}],"predecessor-version":[{"id":17789,"href":"http:\/\/www.grieta.org.mx\/index.php\/wp-json\/wp\/v2\/posts\/17788\/revisions\/17789"}],"wp:featuredmedia":[{"embeddable":true,"href":"http:\/\/www.grieta.org.mx\/index.php\/wp-json\/wp\/v2\/media\/21928"}],"wp:attachment":[{"href":"http:\/\/www.grieta.org.mx\/index.php\/wp-json\/wp\/v2\/media?parent=17788"}],"wp:term":[{"taxonomy":"category","embeddable":true,"href":"http:\/\/www.grieta.org.mx\/index.php\/wp-json\/wp\/v2\/categories?post=17788"},{"taxonomy":"post_tag","embeddable":true,"href":"http:\/\/www.grieta.org.mx\/index.php\/wp-json\/wp\/v2\/tags?post=17788"}],"curies":[{"name":"wp","href":"https:\/\/api.w.org\/{rel}","templated":true}]}}