{"id":1777,"date":"2015-04-23T19:44:38","date_gmt":"2015-04-23T19:44:38","guid":{"rendered":"http:\/\/50.22.11.12\/~grietaor\/?p=1777"},"modified":"2018-07-06T23:21:03","modified_gmt":"2018-07-07T04:21:03","slug":"liberan-ordenes-de-aprehension-contra-activistas-de-cholula","status":"publish","type":"post","link":"http:\/\/www.grieta.org.mx\/index.php\/2015\/04\/23\/liberan-ordenes-de-aprehension-contra-activistas-de-cholula\/","title":{"rendered":"Liberan \u00f3rdenes de aprehensi\u00f3n contra activistas de Cholula"},"content":{"rendered":"<p>abril 23, 2015<br \/>\nPuebla<\/p>\n<p>El Movimiento Cholula Viva y Digna fue notificado de la existencia de tres nuevas \u00f3rdenes de aprehensi\u00f3n en contra de sus integrantes, por haber participado en las protestas contra el Parque Intermunicipal los d\u00edas 6 y 7 de octubre del a\u00f1o pasado. <\/p>\n<p>A trav\u00e9s de un comunicado de prensa, la organizaci\u00f3n confirma que los acusados son Braulio Coyopol, Karina P\u00e9rez y Roberto Formacio a quienes se les imputan los delitos de mot\u00edn en agravio de la seguridad del estado y orden constitucional, y despojo presuntamente cometido en contra del ayuntamiento de San Andr\u00e9s Cholula. <\/p>\n<p>Adem\u00e1s se les imputa da\u00f1o en propiedad ajena doloso, ataques a las v\u00edas de comunicaci\u00f3n y a la seguridad en los medios de transporte; presuntamente en agravio de la sociedad, y privaci\u00f3n ilegal de la libertad en contra de Jes\u00fas Salvador Zald\u00edvar Benavides, Manuel Alonso Garc\u00eda, Jos\u00e9 H\u00e9ctor Huerta Calvario, Josu\u00e9 Rivardo Garc\u00eda y Enrique Nacer Hern\u00e1ndez, algunos todav\u00eda funcionarios de gobierno. <\/p>\n<p>El documento refiere el rechazo de Cholula Viva y Digna a las nuevas \u00f3rdenes de aprehensi\u00f3n y recuerda que los tres acusados, adem\u00e1s de Arturo Huelitl, hab\u00edan logrado ganar amparos por lo que acusa que el juez de Cholula infringe la sentencia. <\/p>\n<p>A pesar de ello el movimiento confirma que mantiene su rechazo a las obras que se pretende llevar a cabo en la zona arqueol\u00f3gica de Cholula. <\/p>\n<p><a href=\"http:\/\/www.municipiospuebla.com.mx\/nota\/2015-04-23\/san-andr%C3%A9s-cholula\/liberan-%C3%B3rdenes-de-aprehensi%C3%B3n-contra-activistas-de-cholula\" target=\"_blank\">http:\/\/www.municipiospuebla.com.mx\/nota\/2015-04-23\/san-andr%C3%A9s-cholula\/liberan-%C3%B3rdenes-de-aprehensi%C3%B3n-contra-activistas-de-cholula<\/a><\/p>\n","protected":false},"excerpt":{"rendered":"<p>abril 23, 2015 Puebla El Movimiento Cholula Viva y Digna fue notificado de la existencia de tres nuevas \u00f3rdenes de aprehensi\u00f3n en contra de sus integrantes, por haber participado en &hellip; <a href=\"http:\/\/www.grieta.org.mx\/index.php\/2015\/04\/23\/liberan-ordenes-de-aprehension-contra-activistas-de-cholula\/\" class=\"more-link\">Leer m\u00e1s<\/a><\/p>\n","protected":false},"author":2,"featured_media":21928,"comment_status":"closed","ping_status":"open","sticky":false,"template":"","format":"standard","meta":{"ngg_post_thumbnail":0,"_jetpack_newsletter_access":"","_jetpack_dont_email_post_to_subs":false,"_jetpack_newsletter_tier_id":0,"_jetpack_memberships_contains_paywalled_content":false,"_jetpack_memberships_contains_paid_content":false,"footnotes":""},"categories":[80,1264,2,26],"tags":[213],"class_list":["post-1777","post","type-post","status-publish","format-standard","has-post-thumbnail","hentry","category-cintillo","category-defensa-de-zonas-arqueologicas-en-puebla","category-noticias-nacionales","category-puebla","tag-cholula","entry"],"jetpack_featured_media_url":"http:\/\/www.grieta.org.mx\/wp-content\/uploads\/2018\/03\/14524434_1106112876131411_958039263622046936_o.jpg","jetpack_sharing_enabled":true,"jetpack_shortlink":"https:\/\/wp.me\/p7ZJR4-sF","jetpack_likes_enabled":false,"jetpack-related-posts":[{"id":1809,"url":"http:\/\/www.grieta.org.mx\/index.php\/2015\/07\/27\/giran-14-nuevas-ordenes-de-aprehension-contra-defensores-del-patrimonio-en-cholula\/","url_meta":{"origin":1777,"position":0},"title":"Giran 14 nuevas ordenes de aprehensi\u00f3n contra defensores del patrimonio en Cholula","author":"grieta","date":"27 julio, 2015","format":false,"excerpt":"julio 27, 2015 Mart\u00edn Hern\u00e1ndez Alc\u00e1ntara, Puebla Por solicitud de la agente del ministerio publico adscrita al juzgado penal de Cholula, Rubicelia Perez, esta \u00faltima instancia emiti\u00f3 14 nuevas ordenes de aprehensi\u00f3n contras las mismas personas a las que en octubre del a\u00f1o pasado se les emitieron otras ordenes por\u2026","rel":"","context":"En &quot;CINTILLO&quot;","block_context":{"text":"CINTILLO","link":"http:\/\/www.grieta.org.mx\/index.php\/category\/cintillo\/"},"img":{"alt_text":"","src":"https:\/\/i0.wp.com\/www.grieta.org.mx\/wp-content\/uploads\/2018\/03\/14524434_1106112876131411_958039263622046936_o.jpg?resize=350%2C200","width":350,"height":200,"srcset":"https:\/\/i0.wp.com\/www.grieta.org.mx\/wp-content\/uploads\/2018\/03\/14524434_1106112876131411_958039263622046936_o.jpg?resize=350%2C200 1x, https:\/\/i0.wp.com\/www.grieta.org.mx\/wp-content\/uploads\/2018\/03\/14524434_1106112876131411_958039263622046936_o.jpg?resize=525%2C300 1.5x, https:\/\/i0.wp.com\/www.grieta.org.mx\/wp-content\/uploads\/2018\/03\/14524434_1106112876131411_958039263622046936_o.jpg?resize=700%2C400 2x"},"classes":[]},{"id":1768,"url":"http:\/\/www.grieta.org.mx\/index.php\/2016\/09\/05\/oposicion-a-proyectos-turisticos-en-zona-arqueologica-de-cholula-puebla\/","url_meta":{"origin":1777,"position":1},"title":"Defensa de zonas arqueol\u00f3gicas y culturales en Puebla","author":"grieta","date":"5 septiembre, 2016","format":false,"excerpt":"05\/08\/16. Activistas temen m\u00e1s obras del CAPCEE en zona arqueol\u00f3gica de Cholula Municipios Puebla 29\/07\/16. Aseguran que obras en Cholula carecen de permisos del INAH El Sol de Puebla 12\/07\/16. Parque Cholula: gobierno de Puebla excava en zona arqueol\u00f3gica sin autorizaci\u00f3n del INAH Milenio 25\/06\/16. Denunciar\u00e1n obras en zona arqueol\u00f3gica\u2026","rel":"","context":"En &quot;NOTICIAS NACIONALES&quot;","block_context":{"text":"NOTICIAS NACIONALES","link":"http:\/\/www.grieta.org.mx\/index.php\/category\/noticias-nacionales\/"},"img":{"alt_text":"","src":"https:\/\/i0.wp.com\/www.grieta.org.mx\/wp-content\/uploads\/2018\/03\/14524434_1106112876131411_958039263622046936_o.jpg?resize=350%2C200","width":350,"height":200,"srcset":"https:\/\/i0.wp.com\/www.grieta.org.mx\/wp-content\/uploads\/2018\/03\/14524434_1106112876131411_958039263622046936_o.jpg?resize=350%2C200 1x, https:\/\/i0.wp.com\/www.grieta.org.mx\/wp-content\/uploads\/2018\/03\/14524434_1106112876131411_958039263622046936_o.jpg?resize=525%2C300 1.5x, https:\/\/i0.wp.com\/www.grieta.org.mx\/wp-content\/uploads\/2018\/03\/14524434_1106112876131411_958039263622046936_o.jpg?resize=700%2C400 2x"},"classes":[]},{"id":1821,"url":"http:\/\/www.grieta.org.mx\/index.php\/2015\/10\/06\/detienen-en-puebla-a-opositor-al-proyecto-de-parque-cholula\/","url_meta":{"origin":1777,"position":2},"title":"Detienen en Puebla a opositor al proyecto de Parque Cholula","author":"grieta","date":"6 octubre, 2015","format":false,"excerpt":"octubre 06, 2015 Gabriela Hern\u00e1ndez PUEBLA, Pue. (apro).- Al cumplirse un a\u00f1o de que la organizaci\u00f3n Cholula Viva y Digna tom\u00f3 la presidencia de San Andr\u00e9s para manifestar su rechazo a la construcci\u00f3n de un parque en las inmediaciones de la Gran Pir\u00e1mide, polic\u00edas ministeriales detuvieron a T\u00e9odulo Cuaya Teutle,\u2026","rel":"","context":"En &quot;CINTILLO&quot;","block_context":{"text":"CINTILLO","link":"http:\/\/www.grieta.org.mx\/index.php\/category\/cintillo\/"},"img":{"alt_text":"","src":"https:\/\/i0.wp.com\/www.grieta.org.mx\/wp-content\/uploads\/2018\/03\/14524434_1106112876131411_958039263622046936_o.jpg?resize=350%2C200","width":350,"height":200,"srcset":"https:\/\/i0.wp.com\/www.grieta.org.mx\/wp-content\/uploads\/2018\/03\/14524434_1106112876131411_958039263622046936_o.jpg?resize=350%2C200 1x, https:\/\/i0.wp.com\/www.grieta.org.mx\/wp-content\/uploads\/2018\/03\/14524434_1106112876131411_958039263622046936_o.jpg?resize=525%2C300 1.5x, https:\/\/i0.wp.com\/www.grieta.org.mx\/wp-content\/uploads\/2018\/03\/14524434_1106112876131411_958039263622046936_o.jpg?resize=700%2C400 2x"},"classes":[]},{"id":14474,"url":"http:\/\/www.grieta.org.mx\/index.php\/2016\/06\/17\/vecinos-se-oponen-a-contruccion-de-vaso-regulador-en-san-prdo-cholula-puebla\/","url_meta":{"origin":1777,"position":3},"title":"Vecinos contra contrucci\u00f3n de vaso regulador en San Pedro Cholula (Puebla)","author":"grieta","date":"17 junio, 2016","format":false,"excerpt":"17\/06\/16. Cholultecas marchan contra Jos\u00e9 Juan Espinosa; acusan \u201cun mal gobierno\u201d \u00c1ngulo 7 13\/06\/16. Impiden en Cocoyotla, Puebla, que comuna expropie terreno para vaso regulador Municipios Puebla 09\/06\/16. Familias de Cocoyotla denuncian acoso de edil de San Pedro para vender predios Municipios Puebla 07\/06\/16. Vecinos evitan expropiaci\u00f3n de predio para\u2026","rel":"","context":"En &quot;NOTICIAS NACIONALES&quot;","block_context":{"text":"NOTICIAS NACIONALES","link":"http:\/\/www.grieta.org.mx\/index.php\/category\/noticias-nacionales\/"},"img":{"alt_text":"","src":"https:\/\/i0.wp.com\/www.grieta.org.mx\/wp-content\/uploads\/2018\/03\/14524434_1106112876131411_958039263622046936_o.jpg?resize=350%2C200","width":350,"height":200,"srcset":"https:\/\/i0.wp.com\/www.grieta.org.mx\/wp-content\/uploads\/2018\/03\/14524434_1106112876131411_958039263622046936_o.jpg?resize=350%2C200 1x, https:\/\/i0.wp.com\/www.grieta.org.mx\/wp-content\/uploads\/2018\/03\/14524434_1106112876131411_958039263622046936_o.jpg?resize=525%2C300 1.5x, https:\/\/i0.wp.com\/www.grieta.org.mx\/wp-content\/uploads\/2018\/03\/14524434_1106112876131411_958039263622046936_o.jpg?resize=700%2C400 2x"},"classes":[]},{"id":1787,"url":"http:\/\/www.grieta.org.mx\/index.php\/2015\/06\/03\/detienen-a-tres-integrantes-de-cholula-viva-y-digna\/","url_meta":{"origin":1777,"position":4},"title":"Detienen a tres integrantes de Cholula Viva y Digna","author":"grieta","date":"3 junio, 2015","format":false,"excerpt":"junio 03, 2015 Yadira Llaven Anzures, Puebla Por repartir volantes en la colonia Zapata, esta tarde fueron detenidos tres integrantes del movimiento ciudadano \u201cPor una Cholula Viva y Digna\u201d. Se trata de Salustino Antonio Sol\u00eds, Carlos Formacio y su esposa, quienes fueron detenidos por la polic\u00eda municipal de San Andr\u00e9s\u2026","rel":"","context":"En &quot;CINTILLO&quot;","block_context":{"text":"CINTILLO","link":"http:\/\/www.grieta.org.mx\/index.php\/category\/cintillo\/"},"img":{"alt_text":"","src":"https:\/\/i0.wp.com\/www.grieta.org.mx\/wp-content\/uploads\/2018\/03\/14524434_1106112876131411_958039263622046936_o.jpg?resize=350%2C200","width":350,"height":200,"srcset":"https:\/\/i0.wp.com\/www.grieta.org.mx\/wp-content\/uploads\/2018\/03\/14524434_1106112876131411_958039263622046936_o.jpg?resize=350%2C200 1x, https:\/\/i0.wp.com\/www.grieta.org.mx\/wp-content\/uploads\/2018\/03\/14524434_1106112876131411_958039263622046936_o.jpg?resize=525%2C300 1.5x, https:\/\/i0.wp.com\/www.grieta.org.mx\/wp-content\/uploads\/2018\/03\/14524434_1106112876131411_958039263622046936_o.jpg?resize=700%2C400 2x"},"classes":[]},{"id":1784,"url":"http:\/\/www.grieta.org.mx\/index.php\/2015\/05\/19\/luz-bajo-la-tierra-la-destruccion-de-cholula-documental\/","url_meta":{"origin":1777,"position":5},"title":"Luz Bajo La Tierra, la Destrucci\u00f3n de Cholula (Documental)","author":"grieta","date":"19 mayo, 2015","format":false,"excerpt":"mayo 19, 2015 Puebla El Gobierno de Puebla realiza la construcci\u00f3n de un parque comercial sobre la zona arqueol\u00f3gica de Cholula. Este documental muestra la destrucci\u00f3n del patrimonio hist\u00f3rico producto de las obras irregulares, adem\u00e1s de la represi\u00f3n que han sufrido los habitantes de Cholula por oponerse el proyecto. Gui\u00f3n,\u2026","rel":"","context":"En &quot;CINTILLO&quot;","block_context":{"text":"CINTILLO","link":"http:\/\/www.grieta.org.mx\/index.php\/category\/cintillo\/"},"img":{"alt_text":"","src":"https:\/\/i0.wp.com\/www.grieta.org.mx\/wp-content\/uploads\/2018\/03\/14524434_1106112876131411_958039263622046936_o.jpg?resize=350%2C200","width":350,"height":200,"srcset":"https:\/\/i0.wp.com\/www.grieta.org.mx\/wp-content\/uploads\/2018\/03\/14524434_1106112876131411_958039263622046936_o.jpg?resize=350%2C200 1x, https:\/\/i0.wp.com\/www.grieta.org.mx\/wp-content\/uploads\/2018\/03\/14524434_1106112876131411_958039263622046936_o.jpg?resize=525%2C300 1.5x, https:\/\/i0.wp.com\/www.grieta.org.mx\/wp-content\/uploads\/2018\/03\/14524434_1106112876131411_958039263622046936_o.jpg?resize=700%2C400 2x"},"classes":[]}],"_links":{"self":[{"href":"http:\/\/www.grieta.org.mx\/index.php\/wp-json\/wp\/v2\/posts\/1777","targetHints":{"allow":["GET"]}}],"collection":[{"href":"http:\/\/www.grieta.org.mx\/index.php\/wp-json\/wp\/v2\/posts"}],"about":[{"href":"http:\/\/www.grieta.org.mx\/index.php\/wp-json\/wp\/v2\/types\/post"}],"author":[{"embeddable":true,"href":"http:\/\/www.grieta.org.mx\/index.php\/wp-json\/wp\/v2\/users\/2"}],"replies":[{"embeddable":true,"href":"http:\/\/www.grieta.org.mx\/index.php\/wp-json\/wp\/v2\/comments?post=1777"}],"version-history":[{"count":1,"href":"http:\/\/www.grieta.org.mx\/index.php\/wp-json\/wp\/v2\/posts\/1777\/revisions"}],"predecessor-version":[{"id":1778,"href":"http:\/\/www.grieta.org.mx\/index.php\/wp-json\/wp\/v2\/posts\/1777\/revisions\/1778"}],"wp:featuredmedia":[{"embeddable":true,"href":"http:\/\/www.grieta.org.mx\/index.php\/wp-json\/wp\/v2\/media\/21928"}],"wp:attachment":[{"href":"http:\/\/www.grieta.org.mx\/index.php\/wp-json\/wp\/v2\/media?parent=1777"}],"wp:term":[{"taxonomy":"category","embeddable":true,"href":"http:\/\/www.grieta.org.mx\/index.php\/wp-json\/wp\/v2\/categories?post=1777"},{"taxonomy":"post_tag","embeddable":true,"href":"http:\/\/www.grieta.org.mx\/index.php\/wp-json\/wp\/v2\/tags?post=1777"}],"curies":[{"name":"wp","href":"https:\/\/api.w.org\/{rel}","templated":true}]}}