{"id":1774,"date":"2015-04-02T19:40:27","date_gmt":"2015-04-02T19:40:27","guid":{"rendered":"http:\/\/50.22.11.12\/~grietaor\/?p=1774"},"modified":"2016-03-09T19:55:47","modified_gmt":"2016-03-09T19:55:47","slug":"dilacion-de-la-pgj-en-juzgado-de-cholula-para-prorrogar-encarcelamiento-de-los-xicale","status":"publish","type":"post","link":"http:\/\/www.grieta.org.mx\/index.php\/2015\/04\/02\/dilacion-de-la-pgj-en-juzgado-de-cholula-para-prorrogar-encarcelamiento-de-los-xicale\/","title":{"rendered":"Dilaci\u00f3n de la PGJ en juzgado de Cholula, para prorrogar encarcelamiento de los Xicale"},"content":{"rendered":"<p>abril 02, 2015<br \/>\nYadira Llaven Anzures, Puebla<\/p>\n<p>Este mi\u00e9rcoles fue aplazada la audiencia de los presos pol\u00edticos Ad\u00e1n y Paul Xicale, porque no estuvo presente el perito que ten\u00eda la \u00fanica funci\u00f3n de meter el disco compacto a una computadora para la revisi\u00f3n de una videograbaci\u00f3n.<\/p>\n<p>La audiencia estaba programada a las 10:45 horas en el juzgado penal de Cholula y se pospuso para nuevo aviso.<\/p>\n<p>La defensa legal explic\u00f3 que esto se debi\u00f3 a que de \u00faltima hora el agente del Ministerio P\u00fablico present\u00f3 el escrito para la participaci\u00f3n de un perito, difiriendo finalmente la audiencia.<\/p>\n<p>Josu\u00e9 Xicale argument\u00f3 que el perito es de poca relevancia, pues su \u00fanica labor es meter el disco que contiene la videograbaci\u00f3n a la computadora.<\/p>\n<p>El hijo de Ad\u00e1n y hermano de Paul se\u00f1al\u00f3 que tal acci\u00f3n fue tomada como una pr\u00e1ctica dilatoria de las autoridades judiciales.<\/p>\n<p>Incluso al mediod\u00eda de este mi\u00e9rcoles, la nueva juez no hab\u00eda dado fecha a la defensa legal de Ad\u00e1n y Paul para poder reponer la audiencia.<\/p>\n<p>\u201cCon la presentaci\u00f3n del video se iban a desahogar pruebas en las que se da de manifiesto que el movimiento en Cholula es pac\u00edfico, en defensa de la pir\u00e1mide y la reinstalaci\u00f3n del registro civil en las juntas auxiliares como parte de nuestros derechos constitucionales\u201d, inform\u00f3 el hijo de Ad\u00e1n Xicale.<\/p>\n<p>El declarante expuso que se comunicar\u00e1 con representantes de la Procuradur\u00eda General de Justicia del estado (PGJ), pues el pasado lunes sostuvieron una reuni\u00f3n como parte de las mesas de di\u00e1logo con la Secretar\u00eda General de Gobierno, donde se comprometieron a no obstaculizar el proceso legal de los Xicale.<\/p>\n<p>Las mesas de negociaci\u00f3n se instalaron desde enero pasado para dar salida a un primer bloque de nueve presos pol\u00edticos, de los cuales tres ya est\u00e1n en libertad condicionada.<\/p>\n<p>Se trata de Juan Carlos Flores Sol\u00eds, opositor a la instalaci\u00f3n del gasoducto Morelos, y los hermanos Primo Manuel y Albino Tlachi Valencia, defensores de la pir\u00e1mide de Cholula.<\/p>\n<p>Josu\u00e9 Xicale inform\u00f3 que en la audiencia de este mi\u00e9rcoles se realizar\u00eda una inspecci\u00f3n a las 70 grabaciones que supuestamente inculparon a Ad\u00e1n y Paul Xicale, as\u00ed como a un documental llamado Las Voces de Cholula.<\/p>\n<p>Destac\u00f3 que los mismos 70 videos que el ayuntamiento de San Andr\u00e9s Cholula present\u00f3 para acusar a sus familiares sirven para demostrar que los hechos sucedidos el 6 de octubre de 2014 fueron en pleno ejercicio de sus derechos constitucionales.<\/p>\n<p>Record\u00f3 que en las videograbaciones aparecen manifestantes que exigieron al alcalde Leoncio Paisano Arias la inmediata cancelaci\u00f3n del parque de las siete culturas o intermunicipal, por poner en riesgo el patrimonio arqueol\u00f3gico, as\u00ed como el culto a la virgen de Guadalupe.<\/p>\n<p>Sin embargo, el Ministerio P\u00fablico interpuso un escrito horas antes de la audiencia, dilatando el procedimiento legal que pospone la liberaci\u00f3n de los Xicale.<\/p>\n<p>\u201cEl agente propone un perito para estar presente en la diligencia, y lo presenta de \u00faltima hora y por eso se difiere la audiencia\u201d, recalc\u00f3.<\/p>\n<p>Agreg\u00f3 que el Ministerio P\u00fablico propuso otro perito, aunque desconoce en qu\u00e9 sentido, pues la defensa de los Xicales tambi\u00e9n present\u00f3 a otro especialista.<\/p>\n<p>Finalmente, refiri\u00f3 que se desconoce para cu\u00e1ndo se reanudar\u00e1 la audiencia, pues todo depender\u00e1 de la agenda del juzgado, y para ello podr\u00edan pasar m\u00e1s de ocho d\u00edas.<\/p>\n<p>\u201cVamos a hablar con el subprocurador para ver qu\u00e9 est\u00e1 pasando, cu\u00e1l es la indicaci\u00f3n que giraron sobre el caso, pues manifestaron que no interpondr\u00edan ning\u00fan obst\u00e1culo y no fue as\u00ed\u201d, refut\u00f3.<\/p>\n<p>Se\u00f1al\u00f3 que el agente del Ministerio P\u00fablico depende de la Procuradur\u00eda, y present\u00f3 un oficio para dilatar la liberaci\u00f3n de Ad\u00e1n y Paul.<\/p>\n<p><a href=\"http:\/\/www.lajornadadeoriente.com.mx\/2015\/04\/02\/dilacion-de-la-pgj-en-juzgado-de-cholula-para-prorrogar-encarcelamiento-de-los-xicale\/\" target=\"_blank\">http:\/\/www.lajornadadeoriente.com.mx\/2015\/04\/02\/dilacion-de-la-pgj-en-juzgado-de-cholula-para-prorrogar-encarcelamiento-de-los-xicale\/<\/a><\/p>\n","protected":false},"excerpt":{"rendered":"<p>abril 02, 2015 Yadira Llaven Anzures, Puebla Este mi\u00e9rcoles fue aplazada la audiencia de los presos pol\u00edticos Ad\u00e1n y Paul Xicale, porque no estuvo presente el perito que ten\u00eda la &hellip; <a href=\"http:\/\/www.grieta.org.mx\/index.php\/2015\/04\/02\/dilacion-de-la-pgj-en-juzgado-de-cholula-para-prorrogar-encarcelamiento-de-los-xicale\/\" class=\"more-link\">Leer m\u00e1s<\/a><\/p>\n","protected":false},"author":2,"featured_media":21928,"comment_status":"closed","ping_status":"open","sticky":false,"template":"","format":"standard","meta":{"ngg_post_thumbnail":0,"_jetpack_newsletter_access":"","_jetpack_dont_email_post_to_subs":false,"_jetpack_newsletter_tier_id":0,"_jetpack_memberships_contains_paywalled_content":false,"_jetpack_memberships_contains_paid_content":false,"footnotes":""},"categories":[80],"tags":[213],"class_list":["post-1774","post","type-post","status-publish","format-standard","has-post-thumbnail","hentry","category-cintillo","tag-cholula","entry"],"jetpack_featured_media_url":"http:\/\/www.grieta.org.mx\/wp-content\/uploads\/2018\/03\/14524434_1106112876131411_958039263622046936_o.jpg","jetpack_sharing_enabled":true,"jetpack_shortlink":"https:\/\/wp.me\/p7ZJR4-sC","jetpack_likes_enabled":false,"jetpack-related-posts":[{"id":1830,"url":"http:\/\/www.grieta.org.mx\/index.php\/2015\/12\/01\/opositores-a-proyecto-en-cholula-libres\/","url_meta":{"origin":1774,"position":0},"title":"Opositores a proyecto en Cholula, libres","author":"grieta","date":"1 diciembre, 2015","format":false,"excerpt":"diciembre 01, 2015 Yadira Llaven, Puebla Con el pago de una fianza de 50 mil pesos, anoche fueron liberados los activistas poblanos Ad\u00e1n Xicale Huitle y Paul Xicale Coyopol \u2013opositores al proyecto tur\u00edstico que el gobierno del estado pretende construir sobre los vestigios arqueol\u00f3gicos de Cholula\u2013, quienes permanecieron en prisi\u00f3n\u2026","rel":"","context":"En &quot;CINTILLO&quot;","block_context":{"text":"CINTILLO","link":"http:\/\/www.grieta.org.mx\/index.php\/category\/cintillo\/"},"img":{"alt_text":"","src":"https:\/\/i0.wp.com\/www.grieta.org.mx\/wp-content\/uploads\/2018\/03\/14524434_1106112876131411_958039263622046936_o.jpg?resize=350%2C200","width":350,"height":200,"srcset":"https:\/\/i0.wp.com\/www.grieta.org.mx\/wp-content\/uploads\/2018\/03\/14524434_1106112876131411_958039263622046936_o.jpg?resize=350%2C200 1x, https:\/\/i0.wp.com\/www.grieta.org.mx\/wp-content\/uploads\/2018\/03\/14524434_1106112876131411_958039263622046936_o.jpg?resize=525%2C300 1.5x, https:\/\/i0.wp.com\/www.grieta.org.mx\/wp-content\/uploads\/2018\/03\/14524434_1106112876131411_958039263622046936_o.jpg?resize=700%2C400 2x"},"classes":[]},{"id":1809,"url":"http:\/\/www.grieta.org.mx\/index.php\/2015\/07\/27\/giran-14-nuevas-ordenes-de-aprehension-contra-defensores-del-patrimonio-en-cholula\/","url_meta":{"origin":1774,"position":1},"title":"Giran 14 nuevas ordenes de aprehensi\u00f3n contra defensores del patrimonio en Cholula","author":"grieta","date":"27 julio, 2015","format":false,"excerpt":"julio 27, 2015 Mart\u00edn Hern\u00e1ndez Alc\u00e1ntara, Puebla Por solicitud de la agente del ministerio publico adscrita al juzgado penal de Cholula, Rubicelia Perez, esta \u00faltima instancia emiti\u00f3 14 nuevas ordenes de aprehensi\u00f3n contras las mismas personas a las que en octubre del a\u00f1o pasado se les emitieron otras ordenes por\u2026","rel":"","context":"En &quot;CINTILLO&quot;","block_context":{"text":"CINTILLO","link":"http:\/\/www.grieta.org.mx\/index.php\/category\/cintillo\/"},"img":{"alt_text":"","src":"https:\/\/i0.wp.com\/www.grieta.org.mx\/wp-content\/uploads\/2018\/03\/14524434_1106112876131411_958039263622046936_o.jpg?resize=350%2C200","width":350,"height":200,"srcset":"https:\/\/i0.wp.com\/www.grieta.org.mx\/wp-content\/uploads\/2018\/03\/14524434_1106112876131411_958039263622046936_o.jpg?resize=350%2C200 1x, https:\/\/i0.wp.com\/www.grieta.org.mx\/wp-content\/uploads\/2018\/03\/14524434_1106112876131411_958039263622046936_o.jpg?resize=525%2C300 1.5x, https:\/\/i0.wp.com\/www.grieta.org.mx\/wp-content\/uploads\/2018\/03\/14524434_1106112876131411_958039263622046936_o.jpg?resize=700%2C400 2x"},"classes":[]},{"id":1806,"url":"http:\/\/www.grieta.org.mx\/index.php\/2015\/07\/22\/juzgado-incumple-amparo-para-liberar-a-defensores-de-cholula\/","url_meta":{"origin":1774,"position":2},"title":"Juzgado incumple amparo para liberar a defensores de Cholula","author":"grieta","date":"22 julio, 2015","format":false,"excerpt":"julio 22, 2015 Gabriela Hern\u00e1ndez SAN ANDR\u00c9S CHOLULA, Pue. (apro).- La organizaci\u00f3n Cholula Viva y Digna denunci\u00f3 que el juzgado penal de esta localidad incumpli\u00f3 con el amparo que otorg\u00f3 la justicia federal para la liberaci\u00f3n de Adan y Paul Xicale, considerados defensores del patrimonio hist\u00f3rico y cultural cholulteca. Aunque\u2026","rel":"","context":"En &quot;CINTILLO&quot;","block_context":{"text":"CINTILLO","link":"http:\/\/www.grieta.org.mx\/index.php\/category\/cintillo\/"},"img":{"alt_text":"","src":"https:\/\/i0.wp.com\/www.grieta.org.mx\/wp-content\/uploads\/2018\/03\/14524434_1106112876131411_958039263622046936_o.jpg?resize=350%2C200","width":350,"height":200,"srcset":"https:\/\/i0.wp.com\/www.grieta.org.mx\/wp-content\/uploads\/2018\/03\/14524434_1106112876131411_958039263622046936_o.jpg?resize=350%2C200 1x, https:\/\/i0.wp.com\/www.grieta.org.mx\/wp-content\/uploads\/2018\/03\/14524434_1106112876131411_958039263622046936_o.jpg?resize=525%2C300 1.5x, https:\/\/i0.wp.com\/www.grieta.org.mx\/wp-content\/uploads\/2018\/03\/14524434_1106112876131411_958039263622046936_o.jpg?resize=700%2C400 2x"},"classes":[]},{"id":1833,"url":"http:\/\/www.grieta.org.mx\/index.php\/2015\/12\/03\/los-xicale-confirman-que-mantendran-su-activismo-politico\/","url_meta":{"origin":1774,"position":3},"title":"Los Xicale confirman que mantendr\u00e1n su activismo pol\u00edtico","author":"grieta","date":"3 diciembre, 2015","format":false,"excerpt":"diciembre 03, 2015 Arturo Manzano San Pedro Cholula, Pue.- Tras haber salido de la c\u00e1rcel luego de m\u00e1s de un a\u00f1o de reclusi\u00f3n por oponerse a la construcci\u00f3n del Parque Intermunicipal de Cholula, Ad\u00e1n y Paul Xicale dejaron en claro que no buscan revanchismos y adelantan que seguir\u00e1n en su\u2026","rel":"","context":"En &quot;CINTILLO&quot;","block_context":{"text":"CINTILLO","link":"http:\/\/www.grieta.org.mx\/index.php\/category\/cintillo\/"},"img":{"alt_text":"","src":"https:\/\/i0.wp.com\/www.grieta.org.mx\/wp-content\/uploads\/2018\/03\/14524434_1106112876131411_958039263622046936_o.jpg?resize=350%2C200","width":350,"height":200,"srcset":"https:\/\/i0.wp.com\/www.grieta.org.mx\/wp-content\/uploads\/2018\/03\/14524434_1106112876131411_958039263622046936_o.jpg?resize=350%2C200 1x, https:\/\/i0.wp.com\/www.grieta.org.mx\/wp-content\/uploads\/2018\/03\/14524434_1106112876131411_958039263622046936_o.jpg?resize=525%2C300 1.5x, https:\/\/i0.wp.com\/www.grieta.org.mx\/wp-content\/uploads\/2018\/03\/14524434_1106112876131411_958039263622046936_o.jpg?resize=700%2C400 2x"},"classes":[]},{"id":1768,"url":"http:\/\/www.grieta.org.mx\/index.php\/2016\/09\/05\/oposicion-a-proyectos-turisticos-en-zona-arqueologica-de-cholula-puebla\/","url_meta":{"origin":1774,"position":4},"title":"Defensa de zonas arqueol\u00f3gicas y culturales en Puebla","author":"grieta","date":"5 septiembre, 2016","format":false,"excerpt":"05\/08\/16. Activistas temen m\u00e1s obras del CAPCEE en zona arqueol\u00f3gica de Cholula Municipios Puebla 29\/07\/16. Aseguran que obras en Cholula carecen de permisos del INAH El Sol de Puebla 12\/07\/16. Parque Cholula: gobierno de Puebla excava en zona arqueol\u00f3gica sin autorizaci\u00f3n del INAH Milenio 25\/06\/16. Denunciar\u00e1n obras en zona arqueol\u00f3gica\u2026","rel":"","context":"En &quot;NOTICIAS NACIONALES&quot;","block_context":{"text":"NOTICIAS NACIONALES","link":"http:\/\/www.grieta.org.mx\/index.php\/category\/noticias-nacionales\/"},"img":{"alt_text":"","src":"https:\/\/i0.wp.com\/www.grieta.org.mx\/wp-content\/uploads\/2018\/03\/14524434_1106112876131411_958039263622046936_o.jpg?resize=350%2C200","width":350,"height":200,"srcset":"https:\/\/i0.wp.com\/www.grieta.org.mx\/wp-content\/uploads\/2018\/03\/14524434_1106112876131411_958039263622046936_o.jpg?resize=350%2C200 1x, https:\/\/i0.wp.com\/www.grieta.org.mx\/wp-content\/uploads\/2018\/03\/14524434_1106112876131411_958039263622046936_o.jpg?resize=525%2C300 1.5x, https:\/\/i0.wp.com\/www.grieta.org.mx\/wp-content\/uploads\/2018\/03\/14524434_1106112876131411_958039263622046936_o.jpg?resize=700%2C400 2x"},"classes":[]},{"id":1770,"url":"http:\/\/www.grieta.org.mx\/index.php\/2015\/02\/19\/los-xicale-y-los-tlachi-ganan-primer-amparo-contra-el-gobierno-de-san-andres-cholula\/","url_meta":{"origin":1774,"position":5},"title":"Los Xicale y los Tlachi ganan primer amparo contra el gobierno de San Andr\u00e9s Cholula","author":"grieta","date":"19 febrero, 2015","format":false,"excerpt":"febrero, 19, 2015 Yadira Llaven Anzures, Puebla Los cuatro pobladores de San Andr\u00e9s Cholula encarcelados desde octubre pasado por defender las \u201ctierras sagradas\u201d del sitio arqueol\u00f3gico ganaron el primer amparo interpuesto bajo el n\u00famero de expediente 1725\/2014, radicado en el Juzgado Segundo de Distrito, por el delito de mot\u00edn. Se\u2026","rel":"","context":"En &quot;CINTILLO&quot;","block_context":{"text":"CINTILLO","link":"http:\/\/www.grieta.org.mx\/index.php\/category\/cintillo\/"},"img":{"alt_text":"","src":"https:\/\/i0.wp.com\/www.grieta.org.mx\/wp-content\/uploads\/2018\/03\/14524434_1106112876131411_958039263622046936_o.jpg?resize=350%2C200","width":350,"height":200,"srcset":"https:\/\/i0.wp.com\/www.grieta.org.mx\/wp-content\/uploads\/2018\/03\/14524434_1106112876131411_958039263622046936_o.jpg?resize=350%2C200 1x, https:\/\/i0.wp.com\/www.grieta.org.mx\/wp-content\/uploads\/2018\/03\/14524434_1106112876131411_958039263622046936_o.jpg?resize=525%2C300 1.5x, https:\/\/i0.wp.com\/www.grieta.org.mx\/wp-content\/uploads\/2018\/03\/14524434_1106112876131411_958039263622046936_o.jpg?resize=700%2C400 2x"},"classes":[]}],"_links":{"self":[{"href":"http:\/\/www.grieta.org.mx\/index.php\/wp-json\/wp\/v2\/posts\/1774","targetHints":{"allow":["GET"]}}],"collection":[{"href":"http:\/\/www.grieta.org.mx\/index.php\/wp-json\/wp\/v2\/posts"}],"about":[{"href":"http:\/\/www.grieta.org.mx\/index.php\/wp-json\/wp\/v2\/types\/post"}],"author":[{"embeddable":true,"href":"http:\/\/www.grieta.org.mx\/index.php\/wp-json\/wp\/v2\/users\/2"}],"replies":[{"embeddable":true,"href":"http:\/\/www.grieta.org.mx\/index.php\/wp-json\/wp\/v2\/comments?post=1774"}],"version-history":[{"count":1,"href":"http:\/\/www.grieta.org.mx\/index.php\/wp-json\/wp\/v2\/posts\/1774\/revisions"}],"predecessor-version":[{"id":1780,"href":"http:\/\/www.grieta.org.mx\/index.php\/wp-json\/wp\/v2\/posts\/1774\/revisions\/1780"}],"wp:featuredmedia":[{"embeddable":true,"href":"http:\/\/www.grieta.org.mx\/index.php\/wp-json\/wp\/v2\/media\/21928"}],"wp:attachment":[{"href":"http:\/\/www.grieta.org.mx\/index.php\/wp-json\/wp\/v2\/media?parent=1774"}],"wp:term":[{"taxonomy":"category","embeddable":true,"href":"http:\/\/www.grieta.org.mx\/index.php\/wp-json\/wp\/v2\/categories?post=1774"},{"taxonomy":"post_tag","embeddable":true,"href":"http:\/\/www.grieta.org.mx\/index.php\/wp-json\/wp\/v2\/tags?post=1774"}],"curies":[{"name":"wp","href":"https:\/\/api.w.org\/{rel}","templated":true}]}}