{"id":17712,"date":"2016-07-23T11:18:28","date_gmt":"2016-07-23T16:18:28","guid":{"rendered":"http:\/\/www.grieta.org.mx\/?p=17712"},"modified":"2018-07-03T14:29:33","modified_gmt":"2018-07-03T19:29:33","slug":"cdi-y-cibiogem-violan-acuerdos-con-comunidades-mayas-campeche","status":"publish","type":"post","link":"http:\/\/www.grieta.org.mx\/index.php\/2016\/07\/23\/cdi-y-cibiogem-violan-acuerdos-con-comunidades-mayas-campeche\/","title":{"rendered":"CDI y Cibiogem violan acuerdos con comunidades mayas (Campeche)"},"content":{"rendered":"<p><img loading=\"lazy\" decoding=\"async\" data-attachment-id=\"17761\" data-permalink=\"http:\/\/www.grieta.org.mx\/index.php\/2016\/07\/23\/cdi-y-cibiogem-violan-acuerdos-con-comunidades-mayas-campeche\/4soy-1-768x431\/\" data-orig-file=\"http:\/\/www.grieta.org.mx\/wp-content\/uploads\/2016\/07\/4soy-1-768x431.jpg\" data-orig-size=\"768,431\" data-comments-opened=\"0\" data-image-meta=\"{&quot;aperture&quot;:&quot;0&quot;,&quot;credit&quot;:&quot;&quot;,&quot;camera&quot;:&quot;&quot;,&quot;caption&quot;:&quot;&quot;,&quot;created_timestamp&quot;:&quot;0&quot;,&quot;copyright&quot;:&quot;&quot;,&quot;focal_length&quot;:&quot;0&quot;,&quot;iso&quot;:&quot;0&quot;,&quot;shutter_speed&quot;:&quot;0&quot;,&quot;title&quot;:&quot;&quot;,&quot;orientation&quot;:&quot;0&quot;}\" data-image-title=\"4soy-1-768&amp;#215;431\" data-image-description=\"\" data-image-caption=\"\" data-medium-file=\"http:\/\/www.grieta.org.mx\/wp-content\/uploads\/2016\/07\/4soy-1-768x431-300x168.jpg\" data-large-file=\"http:\/\/www.grieta.org.mx\/wp-content\/uploads\/2016\/07\/4soy-1-768x431.jpg\" class=\"aligncenter size-full wp-image-17761\" src=\"http:\/\/www.grieta.org.mx\/wp-content\/uploads\/2016\/07\/4soy-1-768x431.jpg\" alt=\"4soy-1-768x431\" width=\"768\" height=\"431\" srcset=\"http:\/\/www.grieta.org.mx\/wp-content\/uploads\/2016\/07\/4soy-1-768x431.jpg 768w, http:\/\/www.grieta.org.mx\/wp-content\/uploads\/2016\/07\/4soy-1-768x431-300x168.jpg 300w\" sizes=\"auto, (max-width: 768px) 100vw, 768px\" \/><br \/>\nLa Misi\u00f3n de Observaci\u00f3n denuncia que 2 funcionarios pretenden adelantar la consulta en las comunidades de Xcupil y Dzibalch\u00e9n, cuando hab\u00edan acordado reiniciar reuniones el 15 de octubre.<\/p>\n<p>CAMPECHE, Cam. 23 de julio del 2016.- La Misi\u00f3n de Observaci\u00f3n de la consulta al pueblo maya sobre la siembra de soya transg\u00e9nica denunci\u00f3 que tanto la Comisi\u00f3n Nacional para el Desarrollo de los Pueblos Ind\u00edgenas (CDI), como la Comisi\u00f3n Intersecretarial de Bioseguridad de los Organismos Gen\u00e9ticamente Modificados (Cibiogem) incumplen los acuerdos para el proceso de Consulta Previa.<\/p>\n<p>\u201cLuego de los acuerdos generales tomados con las 31 comunidades, las autoridades visitan una por una, para intentar adelantar el proceso de Consulta, generando ambiente de desconfianza y desconociendo usos y costumbres\u201d, puntualiz\u00f3.<\/p>\n<p>La Misi\u00f3n de Observaci\u00f3n envi\u00f3 una carta a las autoridades responsables de la consulta: CDI, Cibiogem y a la Comisi\u00f3n Nacional de los Derechos Humanos (CNDH), como instituci\u00f3n garante, que debe velar por el cumplimiento de la recomendaci\u00f3n hecha el a\u00f1o pasado.<\/p>\n<p>En la carta, se llama su atenci\u00f3n sobre irregularidades en el proceso de convocatoria de reuniones de informaci\u00f3n en las comunidades de Xcupil y Dzibalch\u00e9n que violenta varios de los principios internacionales de la Consulta Ind\u00edgena y no respeta los acuerdos tomados por 31 comunidades mayas, en la sesi\u00f3n del 30 de junio realizada en la teleaula del Centro Cultural \u201cLos Chenes\u201d, como parte de la fase de Acuerdos Previos.<\/p>\n<p>El organismo vigilante record\u00f3 que en la reuni\u00f3n, los representantes de las 31 comunidades presentes firmaron la recepci\u00f3n de la propuesta del Plan de Trabajo y acordaron volver a reunirse el 15 de octubre del 2016, con el objetivo de seguir con los trabajos correspondientes a la fase de acuerdos previos, como consta en el acta circunstanciada y minuta de acuerdos de esta sesi\u00f3n.<\/p>\n<p>\u201cDebido a problemas con los horarios de transportaci\u00f3n, los representantes de las comunidades de Dzibalch\u00e9n, San Francisco Suc-Tuc e Xcupil tuvieron la necesidad de retirarse, raz\u00f3n por la cual fue imposible firmar el acta circunstanciada y minuto de acuerdos. Cabe aclara que, seg\u00fan sus usos y costumbre, los acuerdos orales que se toman en reuniones o asambleas no requieren de la firma de los participantes para ser v\u00e1lidos para todos los presentes y son respetados, incluso por ausentes. Adem\u00e1s, los representantes de las tres comunidades ya hab\u00edan firmado y recibido el documento \u201cPlan de Trabajo\u201d, expres\u00f3.<\/p>\n<p>\u201cCon posterioridad a la sesi\u00f3n (los d\u00edas 9 y 10 de julio), los funcionarios Marco Antonio Ram\u00edrez V\u00e1zquez, subdirector de Pol\u00edticas y Normatividad Internacional de la Cibiogem, y Gabriel Canul C., responsable de consulta adscrito a la delegaci\u00f3n de Campeche de la CDI, visitaron a los comisarios ejidales de las tres comunidades, para ofrecerles establecer una fecha anticipada para adelantar la consulta a la fase informativa, pasando por alto el acuerdo un\u00e1nime de la reuni\u00f3n del 30 de junio, en la que estuvieron los representantes de dichas comunidades, de continuar en la fase de acuerdos previos para el 15 de octubre\u201d, revel\u00f3.<\/p>\n<p>Manifest\u00f3 que en los casos de San Francisco Suc-Tuc y de Xcupil, que cuentan con un comit\u00e9 comunitario elegido para representarlos espec\u00edficamente en esta consulta, los funcionarios mencionados no acudieron a estos comit\u00e9s para establecer acuerdos sobre fechas para la fase informativa de la consulta, sino a los comisarios ejidales, sin considerar que dichos representantes ejidales no son los representantes comunitarios elegidos para la consulta, lo cual, como nos ha sido informado, no ocurri\u00f3.<\/p>\n<p>Afirm\u00f3 que el comportamiento de Marco Antonio Vel\u00e1zquez y Gabriel Canul \u201cviola los principios de buena fe, consulta informada y procedimientos culturalmente adecuados establecidos por la sentencia de la SCJN (Suprema Corte de Justicia de la Naci\u00f3n), la recomendaci\u00f3n de la CNDH y los est\u00e1ndares internacionales sobre derechos de pueblos ind\u00edgenas, que deben acatar las dependencias responsable de este proceso\u201d.<\/p>\n<p>La Misi\u00f3n de Observaci\u00f3n extern\u00f3 su preocupaci\u00f3n \u201cde que estas acciones propicien la divisi\u00f3n de las comunidades mayas, toda vez que la b\u00fasqueda de acuerdos espec\u00edficos, comunidad por comunidad, generan ritmos diferenciados fuera del marco de los acuerdos conjuntos tomados con las autoridades, pueden desvirtuar los consensos internos alcanzados por las comunidades, mermar su inter\u00e9s en este proceso y contribuir a perder su confianza en las autoridades encargadas de esta consulta. Asimismo, esta conducta se sumar\u00eda al conjunto de irregularidades se\u00f1aladas por la Misi\u00f3n en diversos reportes\u201d.<\/p>\n<p>La Misi\u00f3n de Observaci\u00f3n hizo un llamado urgente \u201cpara que los acuerdos tomados en la sesi\u00f3n del 30 de junio sean respetados y en consecuencia, se cumpla con el calendario acordado para el 15 de octubre y no se lleven a cabo las reuniones informativas, convocadas para el 23 y el 24 de julio en Xcupil y Dzibalch\u00e9n, que vulneran los tiempos y procedimientos de decisi\u00f3n del pueblo maya\u201d.<\/p>\n<p>La carta completa est\u00e1 en:<\/p>\n<p>https:\/\/drive.google.com\/file\/d\/0B7UfSprQmfuTUnBic1lhRWtva2M\/view<\/p>\n<p><a href=\"http:\/\/paginabierta.mx\/sitio\/cdi-y-cibiogem-violan-acuerdos-con-comunidades-mayas\/\" target=\"_blank\" rel=\"noopener\">http:\/\/paginabierta.mx\/sitio\/cdi-y-cibiogem-violan-acuerdos-con-comunidades-mayas\/<\/a><\/p>\n","protected":false},"excerpt":{"rendered":"<p>La Misi\u00f3n de Observaci\u00f3n denuncia que 2 funcionarios pretenden adelantar la consulta en las comunidades de Xcupil y Dzibalch\u00e9n, cuando hab\u00edan acordado reiniciar reuniones el 15 de octubre. CAMPECHE, Cam. &hellip; <a href=\"http:\/\/www.grieta.org.mx\/index.php\/2016\/07\/23\/cdi-y-cibiogem-violan-acuerdos-con-comunidades-mayas-campeche\/\" class=\"more-link\">Leer m\u00e1s<\/a><\/p>\n","protected":false},"author":2,"featured_media":21928,"comment_status":"closed","ping_status":"closed","sticky":false,"template":"","format":"standard","meta":{"ngg_post_thumbnail":0,"_jetpack_newsletter_access":"","_jetpack_dont_email_post_to_subs":false,"_jetpack_newsletter_tier_id":0,"_jetpack_memberships_contains_paywalled_content":false,"_jetpack_memberships_contains_paid_content":false,"footnotes":""},"categories":[60,123,11,80,958,976,984,1,2,28,1151,1152,1153,36],"tags":[275,161,159],"class_list":{"0":"post-17712","1":"post","2":"type-post","3":"status-publish","4":"format-standard","5":"has-post-thumbnail","6":"hentry","7":"category-16-pueblo-maya","8":"category-campeche","10":"category-cintillo","11":"category-esp-campeche","12":"category-esp-quintana-roo","13":"category-esp-yucatan","14":"category-espejos-de-la-resistencia","15":"category-noticias-nacionales","16":"category-quintana-roo","17":"category-se-organizan-para-frenar-avance-de-transgenicos-en-yucatan-campeche-y-quintana-roo","18":"category-se-organizan-para-frenar-avance-de-transgenicos-en-yucatan-campeche-y-quintana-roo-yucatan","19":"category-se-organizan-para-frenar-avance-de-transgenicos-en-yucatan-campeche-y-quintana-roo-quintana-roo","20":"category-yucatan","21":"tag-consulta-publica-previa-libre-e-informada","22":"tag-monsanto","23":"tag-transgenicos","24":"entry"},"jetpack_featured_media_url":"http:\/\/www.grieta.org.mx\/wp-content\/uploads\/2018\/03\/14524434_1106112876131411_958039263622046936_o.jpg","jetpack_sharing_enabled":true,"jetpack_shortlink":"https:\/\/wp.me\/p7ZJR4-4BG","jetpack_likes_enabled":false,"jetpack-related-posts":[{"id":912,"url":"http:\/\/www.grieta.org.mx\/index.php\/2016\/09\/13\/se-organizan-para-frenar-avance-de-transgenicos-en-yucatan-campeche-y-quintana-roo\/","url_meta":{"origin":17712,"position":0},"title":"Se organizan para frenar avance de transg\u00e9nicos en Yucat\u00e1n, Campeche y Quintana Roo","author":"grieta","date":"13 septiembre, 2016","format":false,"excerpt":"13\/04\/16. Conformaci\u00f3n de la Misi\u00f3n de Observaci\u00f3n de la Consulta al pueblo Maya sobre la siembra de soya gen\u00e9ticamente modificada de la empresa Monsanto Cayacyucatan 01\/04\/16. Irregularidades en Consulta Ind\u00edgena sobre la siembra de soya gen\u00e9ticamente en Campeche Infolliteras 22\/02\/16. Campeche, en mapa global sobre Riesgos Ambientales. Lo catalogan por\u2026","rel":"","context":"En &quot;16. Pueblo Maya&quot;","block_context":{"text":"16. Pueblo Maya","link":"http:\/\/www.grieta.org.mx\/index.php\/category\/espejos-de-la-resistencia\/16-pueblo-maya\/"},"img":{"alt_text":"","src":"https:\/\/i0.wp.com\/www.grieta.org.mx\/wp-content\/uploads\/2018\/03\/14524434_1106112876131411_958039263622046936_o.jpg?resize=350%2C200","width":350,"height":200,"srcset":"https:\/\/i0.wp.com\/www.grieta.org.mx\/wp-content\/uploads\/2018\/03\/14524434_1106112876131411_958039263622046936_o.jpg?resize=350%2C200 1x, https:\/\/i0.wp.com\/www.grieta.org.mx\/wp-content\/uploads\/2018\/03\/14524434_1106112876131411_958039263622046936_o.jpg?resize=525%2C300 1.5x, https:\/\/i0.wp.com\/www.grieta.org.mx\/wp-content\/uploads\/2018\/03\/14524434_1106112876131411_958039263622046936_o.jpg?resize=700%2C400 2x"},"classes":[]},{"id":17044,"url":"http:\/\/www.grieta.org.mx\/index.php\/2016\/07\/05\/dicen-no-a-transgenicos-campeche\/","url_meta":{"origin":17712,"position":1},"title":"Dicen no a transg\u00e9nicos (Campeche)","author":"grieta","date":"5 julio, 2016","format":false,"excerpt":"Hopelch\u00e9n: En Iturbide no se sembrar\u00e1 ning\u00fan cent\u00edmetro de soya transg\u00e9nica, advirti\u00f3 el comisario ejidal Abelardo Brice\u00f1o Montoy, quien dijo que en asamblea, los ejidatarios acordaron que no se d\u00e9 lugar a cultivos con semillas gen\u00e9ticamente modificadas, pues ponen en riesgo al sector ap\u00edcola. En entrevista con TRIBUNA la autoridad\u2026","rel":"","context":"En &quot;16. Pueblo Maya&quot;","block_context":{"text":"16. Pueblo Maya","link":"http:\/\/www.grieta.org.mx\/index.php\/category\/espejos-de-la-resistencia\/16-pueblo-maya\/"},"img":{"alt_text":"","src":"https:\/\/i0.wp.com\/www.grieta.org.mx\/wp-content\/uploads\/2018\/03\/14524434_1106112876131411_958039263622046936_o.jpg?resize=350%2C200","width":350,"height":200,"srcset":"https:\/\/i0.wp.com\/www.grieta.org.mx\/wp-content\/uploads\/2018\/03\/14524434_1106112876131411_958039263622046936_o.jpg?resize=350%2C200 1x, https:\/\/i0.wp.com\/www.grieta.org.mx\/wp-content\/uploads\/2018\/03\/14524434_1106112876131411_958039263622046936_o.jpg?resize=525%2C300 1.5x, https:\/\/i0.wp.com\/www.grieta.org.mx\/wp-content\/uploads\/2018\/03\/14524434_1106112876131411_958039263622046936_o.jpg?resize=700%2C400 2x"},"classes":[]},{"id":11490,"url":"http:\/\/www.grieta.org.mx\/index.php\/2016\/04\/26\/continua-la-siembra-de-soya-transgenica-en-q-roo\/","url_meta":{"origin":17712,"position":2},"title":"Contin\u00faa la siembra de soya transg\u00e9nica en Q. Roo","author":"grieta","date":"26 abril, 2016","format":false,"excerpt":"Sentencia de amparo no responde la anulaci\u00f3n del permiso que le otorgaron a Monsanto. Javier Ortiz\/SIPSE BACALAR, Q. Roo.- Tras a\u00f1o y medio de esperar resoluci\u00f3n del juez sexto de distrito, productores de ma\u00edz y apicultores de varias comunidades del municipio de Bacalar, se dijeron decepcionados, pues s\u00f3lo recibieron resoluci\u00f3n\u2026","rel":"","context":"En &quot;16. Pueblo Maya&quot;","block_context":{"text":"16. Pueblo Maya","link":"http:\/\/www.grieta.org.mx\/index.php\/category\/espejos-de-la-resistencia\/16-pueblo-maya\/"},"img":{"alt_text":"","src":"https:\/\/i0.wp.com\/www.grieta.org.mx\/wp-content\/uploads\/2018\/03\/14524434_1106112876131411_958039263622046936_o.jpg?resize=350%2C200","width":350,"height":200,"srcset":"https:\/\/i0.wp.com\/www.grieta.org.mx\/wp-content\/uploads\/2018\/03\/14524434_1106112876131411_958039263622046936_o.jpg?resize=350%2C200 1x, https:\/\/i0.wp.com\/www.grieta.org.mx\/wp-content\/uploads\/2018\/03\/14524434_1106112876131411_958039263622046936_o.jpg?resize=525%2C300 1.5x, https:\/\/i0.wp.com\/www.grieta.org.mx\/wp-content\/uploads\/2018\/03\/14524434_1106112876131411_958039263622046936_o.jpg?resize=700%2C400 2x"},"classes":[]},{"id":17435,"url":"http:\/\/www.grieta.org.mx\/index.php\/2016\/07\/20\/firmas-contra-transgenicos-campeche\/","url_meta":{"origin":17712,"position":3},"title":"Firmas contra transg\u00e9nicos (Campeche)","author":"grieta","date":"20 julio, 2016","format":false,"excerpt":"Ejidatarios de Iturbide, Hopelch\u00e9n, entregaron ayer documento con 540 firmas a la Comisi\u00f3n de Derechos Humanos del Estado de Campeche (Codhecam), en que rechazan la siembra de soya transg\u00e9nica, ya que la consideran da\u00f1ina para la salud y de inter\u00e9s exclusivo de menonitas. Los comisarios ejidal y municipal Abelardo Brice\u00f1o\u2026","rel":"","context":"En &quot;16. Pueblo Maya&quot;","block_context":{"text":"16. Pueblo Maya","link":"http:\/\/www.grieta.org.mx\/index.php\/category\/espejos-de-la-resistencia\/16-pueblo-maya\/"},"img":{"alt_text":"","src":"https:\/\/i0.wp.com\/www.grieta.org.mx\/wp-content\/uploads\/2018\/03\/14524434_1106112876131411_958039263622046936_o.jpg?resize=350%2C200","width":350,"height":200,"srcset":"https:\/\/i0.wp.com\/www.grieta.org.mx\/wp-content\/uploads\/2018\/03\/14524434_1106112876131411_958039263622046936_o.jpg?resize=350%2C200 1x, https:\/\/i0.wp.com\/www.grieta.org.mx\/wp-content\/uploads\/2018\/03\/14524434_1106112876131411_958039263622046936_o.jpg?resize=525%2C300 1.5x, https:\/\/i0.wp.com\/www.grieta.org.mx\/wp-content\/uploads\/2018\/03\/14524434_1106112876131411_958039263622046936_o.jpg?resize=700%2C400 2x"},"classes":[]},{"id":19369,"url":"http:\/\/www.grieta.org.mx\/index.php\/2016\/07\/30\/sagarpa-y-la-cdi-alientan-conflictos-campeche\/","url_meta":{"origin":17712,"position":4},"title":"Sagarpa y la CDI alientan conflictos (Campeche)","author":"grieta","date":"30 julio, 2016","format":false,"excerpt":"Habitantes de 27 comunidades mayas del municipio de Hopelch\u00e9n presentar\u00e1n pruebas documentales ante el Juzgado Segundo de Distrito, de las irregularidades que se est\u00e1n cometiendo en el proceso de consulta popular, en donde la Comisi\u00f3n Nacional para el Desarrollo de los Pueblos Ind\u00edgenas (CDI) y la Secretar\u00eda de Agricultura, Ganader\u00eda,\u2026","rel":"","context":"En &quot;16. Pueblo Maya&quot;","block_context":{"text":"16. Pueblo Maya","link":"http:\/\/www.grieta.org.mx\/index.php\/category\/espejos-de-la-resistencia\/16-pueblo-maya\/"},"img":{"alt_text":"","src":"https:\/\/i0.wp.com\/www.grieta.org.mx\/wp-content\/uploads\/2018\/03\/14524434_1106112876131411_958039263622046936_o.jpg?resize=350%2C200","width":350,"height":200,"srcset":"https:\/\/i0.wp.com\/www.grieta.org.mx\/wp-content\/uploads\/2018\/03\/14524434_1106112876131411_958039263622046936_o.jpg?resize=350%2C200 1x, https:\/\/i0.wp.com\/www.grieta.org.mx\/wp-content\/uploads\/2018\/03\/14524434_1106112876131411_958039263622046936_o.jpg?resize=525%2C300 1.5x, https:\/\/i0.wp.com\/www.grieta.org.mx\/wp-content\/uploads\/2018\/03\/14524434_1106112876131411_958039263622046936_o.jpg?resize=700%2C400 2x"},"classes":[]},{"id":15367,"url":"http:\/\/www.grieta.org.mx\/index.php\/2016\/06\/19\/suspenden-a-monsanto-permiso-de-siembra-de-soya-modificada-en-yucatan\/","url_meta":{"origin":17712,"position":5},"title":"Suspenden a Monsanto permiso de siembra de soya modificada en Yucat\u00e1n","author":"grieta","date":"19 junio, 2016","format":false,"excerpt":"La trasnacional recibi\u00f3 el aviso de parte del sector agropecuario el pasado martes 14 de junio, luego de una resoluci\u00f3n de un juzgado con sede en Yucat\u00e1n; estim\u00f3 que habr\u00eda alrededor de 6 mil agricultores afectados. La empresa productora de semillas Monsanto inform\u00f3 que el pasado martes recibi\u00f3 una notificaci\u00f3n\u2026","rel":"","context":"En &quot;16. Pueblo Maya&quot;","block_context":{"text":"16. Pueblo Maya","link":"http:\/\/www.grieta.org.mx\/index.php\/category\/espejos-de-la-resistencia\/16-pueblo-maya\/"},"img":{"alt_text":"","src":"https:\/\/i0.wp.com\/www.grieta.org.mx\/wp-content\/uploads\/2018\/03\/14524434_1106112876131411_958039263622046936_o.jpg?resize=350%2C200","width":350,"height":200,"srcset":"https:\/\/i0.wp.com\/www.grieta.org.mx\/wp-content\/uploads\/2018\/03\/14524434_1106112876131411_958039263622046936_o.jpg?resize=350%2C200 1x, https:\/\/i0.wp.com\/www.grieta.org.mx\/wp-content\/uploads\/2018\/03\/14524434_1106112876131411_958039263622046936_o.jpg?resize=525%2C300 1.5x, https:\/\/i0.wp.com\/www.grieta.org.mx\/wp-content\/uploads\/2018\/03\/14524434_1106112876131411_958039263622046936_o.jpg?resize=700%2C400 2x"},"classes":[]}],"_links":{"self":[{"href":"http:\/\/www.grieta.org.mx\/index.php\/wp-json\/wp\/v2\/posts\/17712","targetHints":{"allow":["GET"]}}],"collection":[{"href":"http:\/\/www.grieta.org.mx\/index.php\/wp-json\/wp\/v2\/posts"}],"about":[{"href":"http:\/\/www.grieta.org.mx\/index.php\/wp-json\/wp\/v2\/types\/post"}],"author":[{"embeddable":true,"href":"http:\/\/www.grieta.org.mx\/index.php\/wp-json\/wp\/v2\/users\/2"}],"replies":[{"embeddable":true,"href":"http:\/\/www.grieta.org.mx\/index.php\/wp-json\/wp\/v2\/comments?post=17712"}],"version-history":[{"count":1,"href":"http:\/\/www.grieta.org.mx\/index.php\/wp-json\/wp\/v2\/posts\/17712\/revisions"}],"predecessor-version":[{"id":24132,"href":"http:\/\/www.grieta.org.mx\/index.php\/wp-json\/wp\/v2\/posts\/17712\/revisions\/24132"}],"wp:featuredmedia":[{"embeddable":true,"href":"http:\/\/www.grieta.org.mx\/index.php\/wp-json\/wp\/v2\/media\/21928"}],"wp:attachment":[{"href":"http:\/\/www.grieta.org.mx\/index.php\/wp-json\/wp\/v2\/media?parent=17712"}],"wp:term":[{"taxonomy":"category","embeddable":true,"href":"http:\/\/www.grieta.org.mx\/index.php\/wp-json\/wp\/v2\/categories?post=17712"},{"taxonomy":"post_tag","embeddable":true,"href":"http:\/\/www.grieta.org.mx\/index.php\/wp-json\/wp\/v2\/tags?post=17712"}],"curies":[{"name":"wp","href":"https:\/\/api.w.org\/{rel}","templated":true}]}}