{"id":1770,"date":"2015-02-19T19:21:10","date_gmt":"2015-02-19T19:21:10","guid":{"rendered":"http:\/\/50.22.11.12\/~grietaor\/?p=1770"},"modified":"2018-07-06T23:19:49","modified_gmt":"2018-07-07T04:19:49","slug":"los-xicale-y-los-tlachi-ganan-primer-amparo-contra-el-gobierno-de-san-andres-cholula","status":"publish","type":"post","link":"http:\/\/www.grieta.org.mx\/index.php\/2015\/02\/19\/los-xicale-y-los-tlachi-ganan-primer-amparo-contra-el-gobierno-de-san-andres-cholula\/","title":{"rendered":"Los Xicale y los Tlachi ganan primer amparo contra el gobierno de San Andr\u00e9s Cholula"},"content":{"rendered":"<p>febrero, 19, 2015<br \/>\nYadira Llaven Anzures, Puebla<\/p>\n<p>Los cuatro pobladores de San Andr\u00e9s Cholula encarcelados desde octubre pasado por defender las \u201ctierras sagradas\u201d del sitio arqueol\u00f3gico ganaron el primer amparo interpuesto bajo el n\u00famero de expediente 1725\/2014, radicado en el Juzgado Segundo de Distrito, por el delito de mot\u00edn.<\/p>\n<p>Se trata de Ad\u00e1n Xicale Huitle y su hijo Paul Xicale Coyopotl, y los hermanos Albino y Manuel Tlachi Valencia.<\/p>\n<p>La informaci\u00f3n fue dada a conocer en rueda de prensa por el abogado Josu\u00e9 Xicale Coy\u00f3pol, hijo de Ad\u00e1n y hermano de Paul, donde hicieron un llamado al gobierno del estado para que reconsidere su posici\u00f3n y reabra el di\u00e1logo.<\/p>\n<p>Inform\u00f3 que el primer proceso penal en contra de los cuatro pobladores qued\u00f3 sin efecto, pues explic\u00f3 que ninguna persona puede ser juzgada por el mismo delito.<\/p>\n<p>\u201cEl d\u00eda de lunes nos notificaron que el primer amparo 1725\/2014 radicado en el Juzgado Segundo de Distrito, nos concede el amparo de la justicia federal, dejando sin efecto el primer auto de formal prisi\u00f3n en contra de Ad\u00e1n, Paul, Primo y Albino por el delito de mot\u00edn\u201d, precis\u00f3.<\/p>\n<p>Dijo que los defendidos no han recuperado su libertad bajo cauci\u00f3n, pues se les acusa de despojo, delito grave interpuesto por trabajadores del ayuntamiento de San Andr\u00e9s Cholula, entre ellos el secretario general y ex diputado local Jes\u00fas Zald\u00edvar Benavidez, y el s\u00edndico Pedro Lozada Cuaya.<\/p>\n<p>Sin embargo, refiri\u00f3 que est\u00e1 por resolverse el amparo n\u00famero 1803\/2014, que se encuentra en el Juzgado Sexto de Distrito, por los delitos de mot\u00edn, da\u00f1o en propiedad ajena, ataques a las v\u00edas de comunicaci\u00f3n y despojo del ayuntamiento sanandrese\u00f1o.<\/p>\n<p>\u201cEl procedimiento est\u00e1 en curso, se ofrecieron las pruebas necesarias y esperaremos a que se dicte una sentencia\u201d, inform\u00f3 sobre la situaci\u00f3n jur\u00eddica.<\/p>\n<p>Asimismo, dijo que la defensa plante\u00f3 la posibilidad de denunciar penalmente a los funcionarios de primer nivel de San Andr\u00e9s Cholula por falsedad de declaraciones, pues hasta el momento la autoridad local no ha podido demostrar, ni con la presentaci\u00f3n de varios videos, que se les despojo.<\/p>\n<p>\u201cNo hay ning\u00fan video donde se demuestre que incurren en el delito de despojo, son declaraciones falsas de los empleados del ayuntamiento\u201d, sostuvo.<\/p>\n<p>Josu\u00e9 Xicale aprovech\u00f3 para invitar a la ciudadan\u00eda a una misa que se llevar\u00e1 a cabo el pr\u00f3ximo 28 de febrero a las 12:30 horas, en el Santuario de la virgen de los Remedios, por la liberaci\u00f3n de los presos pol\u00edticos.<\/p>\n<p>En el acto religioso estar\u00e1n presentes las autoridades tradicionales de San Andr\u00e9s y San Pedro Cholula, como mayordomos, principales y tiachcas.<\/p>\n<p>En su intervenci\u00f3n, Mois\u00e9s Toxqui dio lectura a un comunicado en el que el Frente de Organizaciones Sociales y Pol\u00edticas del Estado de Puebla solicit\u00f3 p\u00fablicamente al gobierno estatal a que reconsidere su actitud y se reanude el di\u00e1logo para que por esta v\u00eda se puedan dar salida a sus demandas sociales.<\/p>\n<p>En la rueda de prensa, donde tambi\u00e9n estuvieron presentes integrantes de otras organizaciones como el Movimiento Ciudadano por una Cholula Viva y Digna, dejaron en claro que desconocen el motivo por qu\u00e9 se suspendieron las \u00faltimas dos reuniones programadas con el gobierno estatal.<\/p>\n<p>\u201cDesconocemos cu\u00e1l es el tema, pues el delegado de Gobernaci\u00f3n, No\u00e9 Rodr\u00edguez Rold\u00e1n s\u00f3lo nos dijo el lunes 9 de febrero que se suspendieron las mesas de di\u00e1logo porque no hab\u00edan las condiciones\u201d, declararon.<\/p>\n<p>Sobre el tema, insistieron en desconocer en qu\u00e9 situaci\u00f3n incurrieron para generar la molestia de las autoridades estatales, pues aclararon que nunca hubo condicionantes durante las reuniones que sostuvieron en Casa Aguayo.<\/p>\n<p>\u201cEs la primera vez que salimos a declarar a los medios de comunicaci\u00f3n para manifestar lo ocurrido, tenemos la confianza de que pueda haber una respuesta a ra\u00edz de esta solicitud p\u00fablica\u201d, refirieron.<\/p>\n<p>Este jueves el Frente de Organizaciones ofrecer\u00e1 una rueda de prensa en la capital del pa\u00eds para solicitar la reinstalaci\u00f3n de las mesas de trabajo, para que esta misma semana tengan una respuesta del gobierno estatal.<\/p>\n<p><a href=\"http:\/\/www.lajornadadeoriente.com.mx\/2015\/02\/19\/los-xicale-y-los-tlachi-ganan-primer-amparo-contra-el-gobierno-de-san-andres-cholula\/\" target=\"_blank\">http:\/\/www.lajornadadeoriente.com.mx\/2015\/02\/19\/los-xicale-y-los-tlachi-ganan-primer-amparo-contra-el-gobierno-de-san-andres-cholula\/<\/a><\/p>\n","protected":false},"excerpt":{"rendered":"<p>febrero, 19, 2015 Yadira Llaven Anzures, Puebla Los cuatro pobladores de San Andr\u00e9s Cholula encarcelados desde octubre pasado por defender las \u201ctierras sagradas\u201d del sitio arqueol\u00f3gico ganaron el primer amparo &hellip; <a href=\"http:\/\/www.grieta.org.mx\/index.php\/2015\/02\/19\/los-xicale-y-los-tlachi-ganan-primer-amparo-contra-el-gobierno-de-san-andres-cholula\/\" class=\"more-link\">Leer m\u00e1s<\/a><\/p>\n","protected":false},"author":2,"featured_media":21928,"comment_status":"closed","ping_status":"open","sticky":false,"template":"","format":"standard","meta":{"ngg_post_thumbnail":0,"_jetpack_newsletter_access":"","_jetpack_dont_email_post_to_subs":false,"_jetpack_newsletter_tier_id":0,"_jetpack_memberships_contains_paywalled_content":false,"_jetpack_memberships_contains_paid_content":false,"footnotes":""},"categories":[80,1264,2,26],"tags":[213],"class_list":["post-1770","post","type-post","status-publish","format-standard","has-post-thumbnail","hentry","category-cintillo","category-defensa-de-zonas-arqueologicas-en-puebla","category-noticias-nacionales","category-puebla","tag-cholula","entry"],"jetpack_featured_media_url":"http:\/\/www.grieta.org.mx\/wp-content\/uploads\/2018\/03\/14524434_1106112876131411_958039263622046936_o.jpg","jetpack_sharing_enabled":true,"jetpack_shortlink":"https:\/\/wp.me\/p7ZJR4-sy","jetpack_likes_enabled":false,"jetpack-related-posts":[{"id":1830,"url":"http:\/\/www.grieta.org.mx\/index.php\/2015\/12\/01\/opositores-a-proyecto-en-cholula-libres\/","url_meta":{"origin":1770,"position":0},"title":"Opositores a proyecto en Cholula, libres","author":"grieta","date":"1 diciembre, 2015","format":false,"excerpt":"diciembre 01, 2015 Yadira Llaven, Puebla Con el pago de una fianza de 50 mil pesos, anoche fueron liberados los activistas poblanos Ad\u00e1n Xicale Huitle y Paul Xicale Coyopol \u2013opositores al proyecto tur\u00edstico que el gobierno del estado pretende construir sobre los vestigios arqueol\u00f3gicos de Cholula\u2013, quienes permanecieron en prisi\u00f3n\u2026","rel":"","context":"En &quot;CINTILLO&quot;","block_context":{"text":"CINTILLO","link":"http:\/\/www.grieta.org.mx\/index.php\/category\/cintillo\/"},"img":{"alt_text":"","src":"https:\/\/i0.wp.com\/www.grieta.org.mx\/wp-content\/uploads\/2018\/03\/14524434_1106112876131411_958039263622046936_o.jpg?resize=350%2C200","width":350,"height":200,"srcset":"https:\/\/i0.wp.com\/www.grieta.org.mx\/wp-content\/uploads\/2018\/03\/14524434_1106112876131411_958039263622046936_o.jpg?resize=350%2C200 1x, https:\/\/i0.wp.com\/www.grieta.org.mx\/wp-content\/uploads\/2018\/03\/14524434_1106112876131411_958039263622046936_o.jpg?resize=525%2C300 1.5x, https:\/\/i0.wp.com\/www.grieta.org.mx\/wp-content\/uploads\/2018\/03\/14524434_1106112876131411_958039263622046936_o.jpg?resize=700%2C400 2x"},"classes":[]},{"id":1809,"url":"http:\/\/www.grieta.org.mx\/index.php\/2015\/07\/27\/giran-14-nuevas-ordenes-de-aprehension-contra-defensores-del-patrimonio-en-cholula\/","url_meta":{"origin":1770,"position":1},"title":"Giran 14 nuevas ordenes de aprehensi\u00f3n contra defensores del patrimonio en Cholula","author":"grieta","date":"27 julio, 2015","format":false,"excerpt":"julio 27, 2015 Mart\u00edn Hern\u00e1ndez Alc\u00e1ntara, Puebla Por solicitud de la agente del ministerio publico adscrita al juzgado penal de Cholula, Rubicelia Perez, esta \u00faltima instancia emiti\u00f3 14 nuevas ordenes de aprehensi\u00f3n contras las mismas personas a las que en octubre del a\u00f1o pasado se les emitieron otras ordenes por\u2026","rel":"","context":"En &quot;CINTILLO&quot;","block_context":{"text":"CINTILLO","link":"http:\/\/www.grieta.org.mx\/index.php\/category\/cintillo\/"},"img":{"alt_text":"","src":"https:\/\/i0.wp.com\/www.grieta.org.mx\/wp-content\/uploads\/2018\/03\/14524434_1106112876131411_958039263622046936_o.jpg?resize=350%2C200","width":350,"height":200,"srcset":"https:\/\/i0.wp.com\/www.grieta.org.mx\/wp-content\/uploads\/2018\/03\/14524434_1106112876131411_958039263622046936_o.jpg?resize=350%2C200 1x, https:\/\/i0.wp.com\/www.grieta.org.mx\/wp-content\/uploads\/2018\/03\/14524434_1106112876131411_958039263622046936_o.jpg?resize=525%2C300 1.5x, https:\/\/i0.wp.com\/www.grieta.org.mx\/wp-content\/uploads\/2018\/03\/14524434_1106112876131411_958039263622046936_o.jpg?resize=700%2C400 2x"},"classes":[]},{"id":1768,"url":"http:\/\/www.grieta.org.mx\/index.php\/2016\/09\/05\/oposicion-a-proyectos-turisticos-en-zona-arqueologica-de-cholula-puebla\/","url_meta":{"origin":1770,"position":2},"title":"Defensa de zonas arqueol\u00f3gicas y culturales en Puebla","author":"grieta","date":"5 septiembre, 2016","format":false,"excerpt":"05\/08\/16. Activistas temen m\u00e1s obras del CAPCEE en zona arqueol\u00f3gica de Cholula Municipios Puebla 29\/07\/16. Aseguran que obras en Cholula carecen de permisos del INAH El Sol de Puebla 12\/07\/16. Parque Cholula: gobierno de Puebla excava en zona arqueol\u00f3gica sin autorizaci\u00f3n del INAH Milenio 25\/06\/16. Denunciar\u00e1n obras en zona arqueol\u00f3gica\u2026","rel":"","context":"En &quot;NOTICIAS NACIONALES&quot;","block_context":{"text":"NOTICIAS NACIONALES","link":"http:\/\/www.grieta.org.mx\/index.php\/category\/noticias-nacionales\/"},"img":{"alt_text":"","src":"https:\/\/i0.wp.com\/www.grieta.org.mx\/wp-content\/uploads\/2018\/03\/14524434_1106112876131411_958039263622046936_o.jpg?resize=350%2C200","width":350,"height":200,"srcset":"https:\/\/i0.wp.com\/www.grieta.org.mx\/wp-content\/uploads\/2018\/03\/14524434_1106112876131411_958039263622046936_o.jpg?resize=350%2C200 1x, https:\/\/i0.wp.com\/www.grieta.org.mx\/wp-content\/uploads\/2018\/03\/14524434_1106112876131411_958039263622046936_o.jpg?resize=525%2C300 1.5x, https:\/\/i0.wp.com\/www.grieta.org.mx\/wp-content\/uploads\/2018\/03\/14524434_1106112876131411_958039263622046936_o.jpg?resize=700%2C400 2x"},"classes":[]},{"id":1821,"url":"http:\/\/www.grieta.org.mx\/index.php\/2015\/10\/06\/detienen-en-puebla-a-opositor-al-proyecto-de-parque-cholula\/","url_meta":{"origin":1770,"position":3},"title":"Detienen en Puebla a opositor al proyecto de Parque Cholula","author":"grieta","date":"6 octubre, 2015","format":false,"excerpt":"octubre 06, 2015 Gabriela Hern\u00e1ndez PUEBLA, Pue. (apro).- Al cumplirse un a\u00f1o de que la organizaci\u00f3n Cholula Viva y Digna tom\u00f3 la presidencia de San Andr\u00e9s para manifestar su rechazo a la construcci\u00f3n de un parque en las inmediaciones de la Gran Pir\u00e1mide, polic\u00edas ministeriales detuvieron a T\u00e9odulo Cuaya Teutle,\u2026","rel":"","context":"En &quot;CINTILLO&quot;","block_context":{"text":"CINTILLO","link":"http:\/\/www.grieta.org.mx\/index.php\/category\/cintillo\/"},"img":{"alt_text":"","src":"https:\/\/i0.wp.com\/www.grieta.org.mx\/wp-content\/uploads\/2018\/03\/14524434_1106112876131411_958039263622046936_o.jpg?resize=350%2C200","width":350,"height":200,"srcset":"https:\/\/i0.wp.com\/www.grieta.org.mx\/wp-content\/uploads\/2018\/03\/14524434_1106112876131411_958039263622046936_o.jpg?resize=350%2C200 1x, https:\/\/i0.wp.com\/www.grieta.org.mx\/wp-content\/uploads\/2018\/03\/14524434_1106112876131411_958039263622046936_o.jpg?resize=525%2C300 1.5x, https:\/\/i0.wp.com\/www.grieta.org.mx\/wp-content\/uploads\/2018\/03\/14524434_1106112876131411_958039263622046936_o.jpg?resize=700%2C400 2x"},"classes":[]},{"id":1827,"url":"http:\/\/www.grieta.org.mx\/index.php\/2015\/10\/08\/liberan-a-teodulo-cuaya-teutle-tras-liquidar-la-fianza-por-el-delito-de-motin\/","url_meta":{"origin":1770,"position":4},"title":"Liberan a Te\u00f3dulo Cuaya Teutle tras liquidar la fianza por el delito de mot\u00edn","author":"grieta","date":"8 octubre, 2015","format":false,"excerpt":"octubre 08, 2015 Yadira Llaven Anzures, Puebla La ma\u00f1ana de este mi\u00e9rcoles fue liberado Te\u00f3dulo Cuaya Teutle, vecino de San Bernardino Tlaxcalancingo y opositor al parque de las siete culturas, que se construye por la fuerza en la pir\u00e1mide de Cholula, tras pagar una fianza de 25 mil pesos por\u2026","rel":"","context":"En &quot;CINTILLO&quot;","block_context":{"text":"CINTILLO","link":"http:\/\/www.grieta.org.mx\/index.php\/category\/cintillo\/"},"img":{"alt_text":"","src":"https:\/\/i0.wp.com\/www.grieta.org.mx\/wp-content\/uploads\/2018\/03\/14524434_1106112876131411_958039263622046936_o.jpg?resize=350%2C200","width":350,"height":200,"srcset":"https:\/\/i0.wp.com\/www.grieta.org.mx\/wp-content\/uploads\/2018\/03\/14524434_1106112876131411_958039263622046936_o.jpg?resize=350%2C200 1x, https:\/\/i0.wp.com\/www.grieta.org.mx\/wp-content\/uploads\/2018\/03\/14524434_1106112876131411_958039263622046936_o.jpg?resize=525%2C300 1.5x, https:\/\/i0.wp.com\/www.grieta.org.mx\/wp-content\/uploads\/2018\/03\/14524434_1106112876131411_958039263622046936_o.jpg?resize=700%2C400 2x"},"classes":[]},{"id":1806,"url":"http:\/\/www.grieta.org.mx\/index.php\/2015\/07\/22\/juzgado-incumple-amparo-para-liberar-a-defensores-de-cholula\/","url_meta":{"origin":1770,"position":5},"title":"Juzgado incumple amparo para liberar a defensores de Cholula","author":"grieta","date":"22 julio, 2015","format":false,"excerpt":"julio 22, 2015 Gabriela Hern\u00e1ndez SAN ANDR\u00c9S CHOLULA, Pue. (apro).- La organizaci\u00f3n Cholula Viva y Digna denunci\u00f3 que el juzgado penal de esta localidad incumpli\u00f3 con el amparo que otorg\u00f3 la justicia federal para la liberaci\u00f3n de Adan y Paul Xicale, considerados defensores del patrimonio hist\u00f3rico y cultural cholulteca. Aunque\u2026","rel":"","context":"En &quot;CINTILLO&quot;","block_context":{"text":"CINTILLO","link":"http:\/\/www.grieta.org.mx\/index.php\/category\/cintillo\/"},"img":{"alt_text":"","src":"https:\/\/i0.wp.com\/www.grieta.org.mx\/wp-content\/uploads\/2018\/03\/14524434_1106112876131411_958039263622046936_o.jpg?resize=350%2C200","width":350,"height":200,"srcset":"https:\/\/i0.wp.com\/www.grieta.org.mx\/wp-content\/uploads\/2018\/03\/14524434_1106112876131411_958039263622046936_o.jpg?resize=350%2C200 1x, https:\/\/i0.wp.com\/www.grieta.org.mx\/wp-content\/uploads\/2018\/03\/14524434_1106112876131411_958039263622046936_o.jpg?resize=525%2C300 1.5x, https:\/\/i0.wp.com\/www.grieta.org.mx\/wp-content\/uploads\/2018\/03\/14524434_1106112876131411_958039263622046936_o.jpg?resize=700%2C400 2x"},"classes":[]}],"_links":{"self":[{"href":"http:\/\/www.grieta.org.mx\/index.php\/wp-json\/wp\/v2\/posts\/1770","targetHints":{"allow":["GET"]}}],"collection":[{"href":"http:\/\/www.grieta.org.mx\/index.php\/wp-json\/wp\/v2\/posts"}],"about":[{"href":"http:\/\/www.grieta.org.mx\/index.php\/wp-json\/wp\/v2\/types\/post"}],"author":[{"embeddable":true,"href":"http:\/\/www.grieta.org.mx\/index.php\/wp-json\/wp\/v2\/users\/2"}],"replies":[{"embeddable":true,"href":"http:\/\/www.grieta.org.mx\/index.php\/wp-json\/wp\/v2\/comments?post=1770"}],"version-history":[{"count":1,"href":"http:\/\/www.grieta.org.mx\/index.php\/wp-json\/wp\/v2\/posts\/1770\/revisions"}],"predecessor-version":[{"id":1781,"href":"http:\/\/www.grieta.org.mx\/index.php\/wp-json\/wp\/v2\/posts\/1770\/revisions\/1781"}],"wp:featuredmedia":[{"embeddable":true,"href":"http:\/\/www.grieta.org.mx\/index.php\/wp-json\/wp\/v2\/media\/21928"}],"wp:attachment":[{"href":"http:\/\/www.grieta.org.mx\/index.php\/wp-json\/wp\/v2\/media?parent=1770"}],"wp:term":[{"taxonomy":"category","embeddable":true,"href":"http:\/\/www.grieta.org.mx\/index.php\/wp-json\/wp\/v2\/categories?post=1770"},{"taxonomy":"post_tag","embeddable":true,"href":"http:\/\/www.grieta.org.mx\/index.php\/wp-json\/wp\/v2\/tags?post=1770"}],"curies":[{"name":"wp","href":"https:\/\/api.w.org\/{rel}","templated":true}]}}