{"id":17673,"date":"2016-07-17T18:43:17","date_gmt":"2016-07-17T23:43:17","guid":{"rendered":"http:\/\/www.grieta.org.mx\/?p=17673"},"modified":"2016-07-25T18:47:31","modified_gmt":"2016-07-25T23:47:31","slug":"ciudadanos-y-ongs-dicen-no-la-ciclopista-del-bulevar-hermanos-serdan-por-ecocidio-puebla","status":"publish","type":"post","link":"http:\/\/www.grieta.org.mx\/index.php\/2016\/07\/17\/ciudadanos-y-ongs-dicen-no-la-ciclopista-del-bulevar-hermanos-serdan-por-ecocidio-puebla\/","title":{"rendered":"Ciudadanos y ONG\u2019s dicen NO la ciclopista del bulevar Hermanos Serd\u00e1n por ecocidio (Puebla)"},"content":{"rendered":"<p>Por Esteban de Jes\u00fas L\u00f3pez<\/p>\n<p><img loading=\"lazy\" decoding=\"async\" data-attachment-id=\"17674\" data-permalink=\"http:\/\/www.grieta.org.mx\/index.php\/2016\/07\/17\/ciudadanos-y-ongs-dicen-no-la-ciclopista-del-bulevar-hermanos-serdan-por-ecocidio-puebla\/68c305935e375399fcc8aae5771614fc_xl\/\" data-orig-file=\"http:\/\/www.grieta.org.mx\/wp-content\/uploads\/2016\/07\/68c305935e375399fcc8aae5771614fc_XL.jpg\" data-orig-size=\"900,600\" data-comments-opened=\"0\" data-image-meta=\"{&quot;aperture&quot;:&quot;0&quot;,&quot;credit&quot;:&quot;&quot;,&quot;camera&quot;:&quot;&quot;,&quot;caption&quot;:&quot;&quot;,&quot;created_timestamp&quot;:&quot;0&quot;,&quot;copyright&quot;:&quot;&quot;,&quot;focal_length&quot;:&quot;0&quot;,&quot;iso&quot;:&quot;0&quot;,&quot;shutter_speed&quot;:&quot;0&quot;,&quot;title&quot;:&quot;&quot;,&quot;orientation&quot;:&quot;0&quot;}\" data-image-title=\"68c305935e375399fcc8aae5771614fc_XL\" data-image-description=\"\" data-image-caption=\"\" data-medium-file=\"http:\/\/www.grieta.org.mx\/wp-content\/uploads\/2016\/07\/68c305935e375399fcc8aae5771614fc_XL-300x200.jpg\" data-large-file=\"http:\/\/www.grieta.org.mx\/wp-content\/uploads\/2016\/07\/68c305935e375399fcc8aae5771614fc_XL.jpg\" src=\"http:\/\/www.grieta.org.mx\/wp-content\/uploads\/2016\/07\/68c305935e375399fcc8aae5771614fc_XL.jpg\" alt=\"68c305935e375399fcc8aae5771614fc_XL\" width=\"900\" height=\"600\" class=\"aligncenter size-full wp-image-17674\" srcset=\"http:\/\/www.grieta.org.mx\/wp-content\/uploads\/2016\/07\/68c305935e375399fcc8aae5771614fc_XL.jpg 900w, http:\/\/www.grieta.org.mx\/wp-content\/uploads\/2016\/07\/68c305935e375399fcc8aae5771614fc_XL-300x200.jpg 300w, http:\/\/www.grieta.org.mx\/wp-content\/uploads\/2016\/07\/68c305935e375399fcc8aae5771614fc_XL-768x512.jpg 768w\" sizes=\"auto, (max-width: 900px) 100vw, 900px\" \/><\/p>\n<p>Este fin de semana organizaciones civiles y vecinos de la zona, se manifestaron contra del proyecto de la ciclopista del bulevar Hermanos Serd\u00e1n de 271.3 millones de pesos, pues contempla la tala de 323 \u00e1rboles.<\/p>\n<p>Organizaciones como la internacional Greenpeace, Cholula en Bici y Colectivo a Pata, se congregaron para conformar la \u201cCaminata \u00c1rbol Urbano\u201d que inici\u00f3 en el acceso principal del Benem\u00e9rito Instituto Normal del Estado (BINE) hacia el Centro Comercial Galer\u00edas Serd\u00e1n, en donde exigieron al gobierno del estado a que detengan el proyecto o de lo contrario advirtieron que interpondr\u00e1n un amparo para detener las obra.<\/p>\n<p>Los integrantes de dichas organizaciones denunciaron que se cometer\u00e1 un ecocidio con la tala de m\u00e1s de 300 \u00e1rboles, lo que representar\u00e1 un da\u00f1o para el medioambiente.<\/p>\n<p>Sin embargo, el regidor priista Iv\u00e1n Galindo anunci\u00f3 que el proyecto ser\u00e1 modificado para proteger los \u00e1rboles y que en los pr\u00f3ximos d\u00edas dar\u00e1n a conocer cu\u00e1les son las adecuaciones.<\/p>\n<p>La bi\u00f3loga Citlali Solano Lara, explic\u00f3 la importancia de los \u00e1rboles pues ayudan a mantener un equilibrio en el entorno, ya que reduce los niveles de contaminaci\u00f3n y en esa zona donde el bulevar est\u00e1 hecho de concreto hidr\u00e1ulico que ocasiona que aumente la temperatura.<\/p>\n<p>Por su parte los ciclistas se\u00f1alaron que aunque la administraci\u00f3n estatal pretenda replantar los \u00e1rboles, dudan que tenga \u00e9xito esta medida, adem\u00e1s de que el costo de cada \u00e1rbol oscila entre los 7 mil y 10 mil pesos, dinero que no se contempl\u00f3 para el proyecto.<\/p>\n<p>Para la construcci\u00f3n de la cicopista ser\u00e1n derribados pinos, fresnos y palmeras que se encuentran en el bulevar.<\/p>\n<p>Al respecto el titular de la Secretar\u00eda de Desarrollo Rural, Sustentabilidad y Ordenamiento Territorial (Sdrsot), Rodrigo Riestra Pi\u00f1a, asegur\u00f3 que por cada \u00e1rbol derribado a empresa encargada plantar\u00e1 tres mil 230 \u00e1rboles.<\/p>\n<p>Esta nueva ciclopista tendr\u00e1 rotondas, internet, puentes y un segundo nivel cuyo valor er\u00e1 de 271 millones 382 mil 218 pesos y que conectar\u00e1 la exf\u00e1brica de La Constancia con el nodo vial Ju\u00e1rez-Serd\u00e1n.<\/p>\n<p>La longitud del circuito ser\u00e1 de 14.5 kil\u00f3metros, lo que representa que cada kil\u00f3metro cuesta 18 millones 716 mil 15 pesos, es decir la m\u00e1s cara del pa\u00eds, pues CENTRAL public\u00f3 una lista de otros circuitos a nivel nacional y result\u00f3 que esta nueva ciclopista est\u00e1 por encima de otras construidas en la Ciudad de M\u00e9xico, Estado de M\u00e9xico, Jalisco, Quintana Roo e Hidalgo.<br \/>\n<a href=\"http:\/\/www.periodicocentral.mx\/2015\/gobierno\/ciudadanos-y-ong-s-dicen-no-la-ciclopista-del-bulevar-hermanos-serdan-por-ecocidio\">http:\/\/www.periodicocentral.mx\/2015\/gobierno\/ciudadanos-y-ong-s-dicen-no-la-ciclopista-del-bulevar-hermanos-serdan-por-ecocidio<\/a><\/p>\n","protected":false},"excerpt":{"rendered":"<p>Por Esteban de Jes\u00fas L\u00f3pez Este fin de semana organizaciones civiles y vecinos de la zona, se manifestaron contra del proyecto de la ciclopista del bulevar Hermanos Serd\u00e1n de 271.3 &hellip; <a href=\"http:\/\/www.grieta.org.mx\/index.php\/2016\/07\/17\/ciudadanos-y-ongs-dicen-no-la-ciclopista-del-bulevar-hermanos-serdan-por-ecocidio-puebla\/\" class=\"more-link\">Leer m\u00e1s<\/a><\/p>\n","protected":false},"author":2,"featured_media":21928,"comment_status":"closed","ping_status":"closed","sticky":false,"template":"","format":"standard","meta":{"ngg_post_thumbnail":0,"_jetpack_newsletter_access":"","_jetpack_dont_email_post_to_subs":false,"_jetpack_newsletter_tier_id":0,"_jetpack_memberships_contains_paywalled_content":false,"_jetpack_memberships_contains_paid_content":false,"footnotes":""},"categories":[80],"tags":[223],"class_list":["post-17673","post","type-post","status-publish","format-standard","has-post-thumbnail","hentry","category-cintillo","tag-ecocidio","entry"],"jetpack_featured_media_url":"http:\/\/www.grieta.org.mx\/wp-content\/uploads\/2018\/03\/14524434_1106112876131411_958039263622046936_o.jpg","jetpack_sharing_enabled":true,"jetpack_shortlink":"https:\/\/wp.me\/p7ZJR4-4B3","jetpack_likes_enabled":false,"jetpack-related-posts":[{"id":17717,"url":"http:\/\/www.grieta.org.mx\/index.php\/2016\/07\/24\/por-segunda-vez-protestan-contra-ciclovia-hermanos-serdan-interponen-amparos-puebla\/","url_meta":{"origin":17673,"position":0},"title":"Por segunda vez, protestan contra ciclov\u00eda Hermanos Serd\u00e1n; interponen amparos (Puebla)","author":"grieta","date":"24 julio, 2016","format":false,"excerpt":"Una semana despu\u00e9s de la primera manifestaci\u00f3n pac\u00edfica contra la construcci\u00f3n de la ciclopista Hermanos Serd\u00e1n, en una rodada exigieron a las autoridades estatales detener la construcci\u00f3n del proyecto que requerir\u00e1 derribar 601 \u00e1rboles. A la rodada convocada este s\u00e1bado por el colectivo Subterr\u00e1neos, se le sumaron vecinos y ciudadanos,\u2026","rel":"","context":"En &quot;CINTILLO&quot;","block_context":{"text":"CINTILLO","link":"http:\/\/www.grieta.org.mx\/index.php\/category\/cintillo\/"},"img":{"alt_text":"","src":"https:\/\/i0.wp.com\/www.grieta.org.mx\/wp-content\/uploads\/2018\/03\/14524434_1106112876131411_958039263622046936_o.jpg?resize=350%2C200","width":350,"height":200,"srcset":"https:\/\/i0.wp.com\/www.grieta.org.mx\/wp-content\/uploads\/2018\/03\/14524434_1106112876131411_958039263622046936_o.jpg?resize=350%2C200 1x, https:\/\/i0.wp.com\/www.grieta.org.mx\/wp-content\/uploads\/2018\/03\/14524434_1106112876131411_958039263622046936_o.jpg?resize=525%2C300 1.5x, https:\/\/i0.wp.com\/www.grieta.org.mx\/wp-content\/uploads\/2018\/03\/14524434_1106112876131411_958039263622046936_o.jpg?resize=700%2C400 2x"},"classes":[]},{"id":19041,"url":"http:\/\/www.grieta.org.mx\/index.php\/2016\/08\/08\/presenta-amparo-frente-puebla-con-arboles\/","url_meta":{"origin":17673,"position":1},"title":"Presenta amparo ante ciclopista &#8220;Frente Puebla con \u00c1rboles&#8221;","author":"grieta","date":"8 agosto, 2016","format":false,"excerpt":"Se constituy\u00f3 el Frente Puebla con \u00c1rboles, sobre todo para iniciar protestas contra el derribo de \u00e1rboles por la construcci\u00f3n de la ciclov\u00eda en el boulevard Hermanos Serd\u00e1n, uno de los principales accesos en Puebla. En rueda de prensa, se inform\u00f3 que esta nueva agrupaci\u00f3n conformada por organizaciones civiles sociales\u2026","rel":"","context":"En &quot;CINTILLO&quot;","block_context":{"text":"CINTILLO","link":"http:\/\/www.grieta.org.mx\/index.php\/category\/cintillo\/"},"img":{"alt_text":"","src":"https:\/\/i0.wp.com\/www.grieta.org.mx\/wp-content\/uploads\/2018\/03\/14524434_1106112876131411_958039263622046936_o.jpg?resize=350%2C200","width":350,"height":200,"srcset":"https:\/\/i0.wp.com\/www.grieta.org.mx\/wp-content\/uploads\/2018\/03\/14524434_1106112876131411_958039263622046936_o.jpg?resize=350%2C200 1x, https:\/\/i0.wp.com\/www.grieta.org.mx\/wp-content\/uploads\/2018\/03\/14524434_1106112876131411_958039263622046936_o.jpg?resize=525%2C300 1.5x, https:\/\/i0.wp.com\/www.grieta.org.mx\/wp-content\/uploads\/2018\/03\/14524434_1106112876131411_958039263622046936_o.jpg?resize=700%2C400 2x"},"classes":[]},{"id":17672,"url":"http:\/\/www.grieta.org.mx\/index.php\/2016\/08\/26\/ciudadanos-contra-la-ciclopista-en-puebla\/","url_meta":{"origin":17673,"position":2},"title":"Ciudadanos contra la ciclopista en Puebla","author":"grieta","date":"26 agosto, 2016","format":false,"excerpt":"26\/08\/16. Exigen revertir privatizaci\u00f3n del agua y modificar ciclov\u00eda en Puebla El Sol de Puebla 08\/08\/16. Presenta amparo ante ciclopista \"Frente Puebla con \u00c1rboles\" Intolerancia Diario 02\/08\/16. Puebla tiene 4 veces menos \u00e1reas verdes de lo recomendado por la OMS Lado B 31\/07\/16. Vuelven a manifestarse contra la ciclov\u00eda en\u2026","rel":"","context":"En &quot;NOTICIAS NACIONALES&quot;","block_context":{"text":"NOTICIAS NACIONALES","link":"http:\/\/www.grieta.org.mx\/index.php\/category\/noticias-nacionales\/"},"img":{"alt_text":"","src":"https:\/\/i0.wp.com\/www.grieta.org.mx\/wp-content\/uploads\/2018\/03\/14524434_1106112876131411_958039263622046936_o.jpg?resize=350%2C200","width":350,"height":200,"srcset":"https:\/\/i0.wp.com\/www.grieta.org.mx\/wp-content\/uploads\/2018\/03\/14524434_1106112876131411_958039263622046936_o.jpg?resize=350%2C200 1x, https:\/\/i0.wp.com\/www.grieta.org.mx\/wp-content\/uploads\/2018\/03\/14524434_1106112876131411_958039263622046936_o.jpg?resize=525%2C300 1.5x, https:\/\/i0.wp.com\/www.grieta.org.mx\/wp-content\/uploads\/2018\/03\/14524434_1106112876131411_958039263622046936_o.jpg?resize=700%2C400 2x"},"classes":[]},{"id":18644,"url":"http:\/\/www.grieta.org.mx\/index.php\/2016\/07\/31\/vuelven-a-manifestarse-contra-la-ciclovia-en-el-hermanos-serdan-puebla\/","url_meta":{"origin":17673,"position":3},"title":"Vuelven a manifestarse contra la ciclov\u00eda en el Hermanos Serd\u00e1n (Puebla)","author":"grieta","date":"31 julio, 2016","format":false,"excerpt":"Por Bel\u00e9n Cancino Por tercer fin de semana consecutivo, decenas de poblanos a pie y a bordo de sus bicicletas insistieron en solicitar al Gobierno del Estado que modifique el proyecto de construcci\u00f3n de la ciclov\u00eda elevada en el Bulevar Hermanos Serd\u00e1n, a nivel de piso. Adem\u00e1s, un grupo de\u2026","rel":"","context":"En &quot;CINTILLO&quot;","block_context":{"text":"CINTILLO","link":"http:\/\/www.grieta.org.mx\/index.php\/category\/cintillo\/"},"img":{"alt_text":"","src":"https:\/\/i0.wp.com\/www.grieta.org.mx\/wp-content\/uploads\/2018\/03\/14524434_1106112876131411_958039263622046936_o.jpg?resize=350%2C200","width":350,"height":200,"srcset":"https:\/\/i0.wp.com\/www.grieta.org.mx\/wp-content\/uploads\/2018\/03\/14524434_1106112876131411_958039263622046936_o.jpg?resize=350%2C200 1x, https:\/\/i0.wp.com\/www.grieta.org.mx\/wp-content\/uploads\/2018\/03\/14524434_1106112876131411_958039263622046936_o.jpg?resize=525%2C300 1.5x, https:\/\/i0.wp.com\/www.grieta.org.mx\/wp-content\/uploads\/2018\/03\/14524434_1106112876131411_958039263622046936_o.jpg?resize=700%2C400 2x"},"classes":[]},{"id":20937,"url":"http:\/\/www.grieta.org.mx\/index.php\/2016\/08\/26\/exigen-revertir-privatizacion-del-agua-y-modificar-ciclovia-en-puebla\/","url_meta":{"origin":17673,"position":4},"title":"Exigen revertir privatizaci\u00f3n del agua y modificar ciclov\u00eda en Puebla","author":"grieta","date":"26 agosto, 2016","format":false,"excerpt":"Por V\u00edctor Hugo Ju\u00e1rez Distintas organizaciones de la sociedad civil se manifestaron en las instalaciones del Congreso del Estado para entregar mil 122 firmas m\u00e1s que buscan revertir la privatizaci\u00f3n del servicio de agua potable, as\u00ed como pedir nuevas modificaciones al proyecto de la ciclov\u00eda en el Bulevar Hermanos Serd\u00e1n\u2026","rel":"","context":"En &quot;CINTILLO&quot;","block_context":{"text":"CINTILLO","link":"http:\/\/www.grieta.org.mx\/index.php\/category\/cintillo\/"},"img":{"alt_text":"","src":"https:\/\/i0.wp.com\/www.grieta.org.mx\/wp-content\/uploads\/2018\/03\/14524434_1106112876131411_958039263622046936_o.jpg?resize=350%2C200","width":350,"height":200,"srcset":"https:\/\/i0.wp.com\/www.grieta.org.mx\/wp-content\/uploads\/2018\/03\/14524434_1106112876131411_958039263622046936_o.jpg?resize=350%2C200 1x, https:\/\/i0.wp.com\/www.grieta.org.mx\/wp-content\/uploads\/2018\/03\/14524434_1106112876131411_958039263622046936_o.jpg?resize=525%2C300 1.5x, https:\/\/i0.wp.com\/www.grieta.org.mx\/wp-content\/uploads\/2018\/03\/14524434_1106112876131411_958039263622046936_o.jpg?resize=700%2C400 2x"},"classes":[]},{"id":17677,"url":"http:\/\/www.grieta.org.mx\/index.php\/2016\/07\/20\/hacen-costumbre-arrancar-obras-sin-permisos-en-puebla\/","url_meta":{"origin":17673,"position":5},"title":"Hacen costumbre arrancar obras sin permisos en Puebla","author":"grieta","date":"20 julio, 2016","format":false,"excerpt":"Por Patricia M\u00e9ndez Obras como el segundo piso de la autopista M\u00e9xico-Puebla, el camino de acceso a la Academia de Polic\u00eda, la ciclopista del bulevar Hermanos Serd\u00e1n e incluso el Museo Internacional Barroco (MIB), que est\u00e1n a cargo del gobierno del estado, se iniciaron sin que contaran con los permisos\u2026","rel":"","context":"En &quot;CINTILLO&quot;","block_context":{"text":"CINTILLO","link":"http:\/\/www.grieta.org.mx\/index.php\/category\/cintillo\/"},"img":{"alt_text":"","src":"https:\/\/i0.wp.com\/www.grieta.org.mx\/wp-content\/uploads\/2018\/03\/14524434_1106112876131411_958039263622046936_o.jpg?resize=350%2C200","width":350,"height":200,"srcset":"https:\/\/i0.wp.com\/www.grieta.org.mx\/wp-content\/uploads\/2018\/03\/14524434_1106112876131411_958039263622046936_o.jpg?resize=350%2C200 1x, https:\/\/i0.wp.com\/www.grieta.org.mx\/wp-content\/uploads\/2018\/03\/14524434_1106112876131411_958039263622046936_o.jpg?resize=525%2C300 1.5x, https:\/\/i0.wp.com\/www.grieta.org.mx\/wp-content\/uploads\/2018\/03\/14524434_1106112876131411_958039263622046936_o.jpg?resize=700%2C400 2x"},"classes":[]}],"_links":{"self":[{"href":"http:\/\/www.grieta.org.mx\/index.php\/wp-json\/wp\/v2\/posts\/17673","targetHints":{"allow":["GET"]}}],"collection":[{"href":"http:\/\/www.grieta.org.mx\/index.php\/wp-json\/wp\/v2\/posts"}],"about":[{"href":"http:\/\/www.grieta.org.mx\/index.php\/wp-json\/wp\/v2\/types\/post"}],"author":[{"embeddable":true,"href":"http:\/\/www.grieta.org.mx\/index.php\/wp-json\/wp\/v2\/users\/2"}],"replies":[{"embeddable":true,"href":"http:\/\/www.grieta.org.mx\/index.php\/wp-json\/wp\/v2\/comments?post=17673"}],"version-history":[{"count":1,"href":"http:\/\/www.grieta.org.mx\/index.php\/wp-json\/wp\/v2\/posts\/17673\/revisions"}],"predecessor-version":[{"id":17675,"href":"http:\/\/www.grieta.org.mx\/index.php\/wp-json\/wp\/v2\/posts\/17673\/revisions\/17675"}],"wp:featuredmedia":[{"embeddable":true,"href":"http:\/\/www.grieta.org.mx\/index.php\/wp-json\/wp\/v2\/media\/21928"}],"wp:attachment":[{"href":"http:\/\/www.grieta.org.mx\/index.php\/wp-json\/wp\/v2\/media?parent=17673"}],"wp:term":[{"taxonomy":"category","embeddable":true,"href":"http:\/\/www.grieta.org.mx\/index.php\/wp-json\/wp\/v2\/categories?post=17673"},{"taxonomy":"post_tag","embeddable":true,"href":"http:\/\/www.grieta.org.mx\/index.php\/wp-json\/wp\/v2\/tags?post=17673"}],"curies":[{"name":"wp","href":"https:\/\/api.w.org\/{rel}","templated":true}]}}