{"id":1761,"date":"2016-02-07T18:20:03","date_gmt":"2016-02-07T18:20:03","guid":{"rendered":"http:\/\/50.22.11.12\/~grietaor\/?p=1761"},"modified":"2016-03-09T18:32:57","modified_gmt":"2016-03-09T18:32:57","slug":"incendio-en-plataforma-de-pemex-de-abkatun-deja-tres-muertos","status":"publish","type":"post","link":"http:\/\/www.grieta.org.mx\/index.php\/2016\/02\/07\/incendio-en-plataforma-de-pemex-de-abkatun-deja-tres-muertos\/","title":{"rendered":"Incendio en plataforma de Pemex de Abkat\u00fan deja tres muertos"},"content":{"rendered":"<p>Un incendio registrado en el \u00e1rea de comprensi\u00f3n de la plataforma de Petr\u00f3leos Mexicanos de Abkat\u00fan A, en el Golfo de M\u00e9xico, cobr\u00f3 la vida de tres trabajadores.<\/p>\n<p>CIUDAD DE M\u00c9XICO.- Petr\u00f3leos Mexicanos dio a conocer que tres trabajadores fallecieron y al menos siete m\u00e1s resultaron heridos en un incendio que ya fue controlado en la plataforma Abkat\u00fan A, asentada en el Golfo de M\u00e9xico.<\/p>\n<p>Pemex dijo que el incendio ocurri\u00f3 en el \u00e1rea de compresi\u00f3n de la instalaci\u00f3n, la cual qued\u00f3 aislada y no fue necesario evacuar la plataforma mar\u00edtima.<\/p>\n<p>&#8220;Lamentablemente son tres los fallecidos por el accidente en Abkat\u00fan&#8221;, dijo la petrolera en su cuenta de Twitter.<\/p>\n<p>Precis\u00f3 que de los trabajadores fallecidos, dos eran de Pemex y otro de la empresa Cotemar, proveedora de servicios de mantenimiento y rehabilitaci\u00f3n a instalaciones costa afuera.<\/p>\n<p>Un portavoz de Pemex dijo que el \u00e1rea de bombeo en la instalaci\u00f3n continuaba operando y que la empresa a\u00fan evaluaba las afectaciones por el incendio.<\/p>\n<p>En abril del 2015, siete trabajadores fallecieron y varios m\u00e1s resultaron heridos a causa de un incendio en Abkat\u00fan A.<\/p>\n<p>La plataforma es parte del complejo Abkat\u00fan-Pol-Chuc en la Sonda de Campeche, entre Campeche y Tabasco, a unos 130 kil\u00f3metros al noreste de la terminal mar\u00edtima de Dos Bocas, e inici\u00f3 su producci\u00f3n en la d\u00e9cada de 1980. <\/p>\n<p><a href=\"http:\/\/www.elfinanciero.com.mx\/empresas\/mexicana-pemex-controla-incendio-en-plataforma-abkatun-tres-muertos.html\" target=\"_blank\">http:\/\/www.elfinanciero.com.mx\/empresas\/mexicana-pemex-controla-incendio-en-plataforma-abkatun-tres-muertos.html<\/a><\/p>\n","protected":false},"excerpt":{"rendered":"<p>Un incendio registrado en el \u00e1rea de comprensi\u00f3n de la plataforma de Petr\u00f3leos Mexicanos de Abkat\u00fan A, en el Golfo de M\u00e9xico, cobr\u00f3 la vida de tres trabajadores. CIUDAD DE &hellip; <a href=\"http:\/\/www.grieta.org.mx\/index.php\/2016\/02\/07\/incendio-en-plataforma-de-pemex-de-abkatun-deja-tres-muertos\/\" class=\"more-link\">Leer m\u00e1s<\/a><\/p>\n","protected":false},"author":2,"featured_media":21928,"comment_status":"closed","ping_status":"open","sticky":false,"template":"","format":"standard","meta":{"ngg_post_thumbnail":0,"_jetpack_newsletter_access":"","_jetpack_dont_email_post_to_subs":false,"_jetpack_newsletter_tier_id":0,"_jetpack_memberships_contains_paywalled_content":false,"_jetpack_memberships_contains_paid_content":false,"footnotes":""},"categories":[123,80],"tags":[186,125],"class_list":["post-1761","post","type-post","status-publish","format-standard","has-post-thumbnail","hentry","category-campeche","category-cintillo","tag-accidente","tag-pemex","entry"],"jetpack_featured_media_url":"http:\/\/www.grieta.org.mx\/wp-content\/uploads\/2018\/03\/14524434_1106112876131411_958039263622046936_o.jpg","jetpack_sharing_enabled":true,"jetpack_shortlink":"https:\/\/wp.me\/p7ZJR4-sp","jetpack_likes_enabled":false,"jetpack-related-posts":[{"id":1746,"url":"http:\/\/www.grieta.org.mx\/index.php\/2015\/04\/01\/arde-plataforma-en-la-sonda-de-campeche\/","url_meta":{"origin":1761,"position":0},"title":"Arde plataforma en la Sonda de Campeche","author":"grieta","date":"1 abril, 2015","format":false,"excerpt":"Petr\u00f3leos Mexicanos (Pemex) inform\u00f3 que cuatro trabajadores murieron al estallar un incendio en la madrugada del mi\u00e9rcoles en la plataforma Abkatun Permanente, en la Sonda de Campeche. Previamente, hab\u00eda confirmado solo un fallecimiento \u2013empleado de la compa\u00f1\u00eda Cotemar\u2013 y 16 heridos. Luego la cifra de heridos subi\u00f3 a 39. Dos\u2026","rel":"","context":"En &quot;campeche&quot;","block_context":{"text":"campeche","link":"http:\/\/www.grieta.org.mx\/index.php\/category\/campeche\/"},"img":{"alt_text":"","src":"https:\/\/i0.wp.com\/www.grieta.org.mx\/wp-content\/uploads\/2018\/03\/14524434_1106112876131411_958039263622046936_o.jpg?resize=350%2C200","width":350,"height":200,"srcset":"https:\/\/i0.wp.com\/www.grieta.org.mx\/wp-content\/uploads\/2018\/03\/14524434_1106112876131411_958039263622046936_o.jpg?resize=350%2C200 1x, https:\/\/i0.wp.com\/www.grieta.org.mx\/wp-content\/uploads\/2018\/03\/14524434_1106112876131411_958039263622046936_o.jpg?resize=525%2C300 1.5x, https:\/\/i0.wp.com\/www.grieta.org.mx\/wp-content\/uploads\/2018\/03\/14524434_1106112876131411_958039263622046936_o.jpg?resize=700%2C400 2x"},"classes":[]},{"id":1734,"url":"http:\/\/www.grieta.org.mx\/index.php\/2015\/05\/05\/mueren-dos-trabajadores-por-accidente-en-plataforma-pemex\/","url_meta":{"origin":1761,"position":1},"title":"Mueren dos trabajadores por accidente en plataforma: Pemex","author":"grieta","date":"5 mayo, 2015","format":false,"excerpt":"La plataforma Troll Solution, propiedad de la empresa Typhoon, se lade\u00f3 cuando se estaba posicionando para dar servicio de mantenimiento a pozos por lo que 101 trabajadores tuvieron que ser desalojados, inform\u00f3 Petr\u00f3leos Mexicanos. CIUDAD DE M\u00c9XICO.- Dos trabajadores murieron este martes luego de que una plataforma en la Sonda\u2026","rel":"","context":"En &quot;campeche&quot;","block_context":{"text":"campeche","link":"http:\/\/www.grieta.org.mx\/index.php\/category\/campeche\/"},"img":{"alt_text":"","src":"https:\/\/i0.wp.com\/www.grieta.org.mx\/wp-content\/uploads\/2018\/03\/14524434_1106112876131411_958039263622046936_o.jpg?resize=350%2C200","width":350,"height":200,"srcset":"https:\/\/i0.wp.com\/www.grieta.org.mx\/wp-content\/uploads\/2018\/03\/14524434_1106112876131411_958039263622046936_o.jpg?resize=350%2C200 1x, https:\/\/i0.wp.com\/www.grieta.org.mx\/wp-content\/uploads\/2018\/03\/14524434_1106112876131411_958039263622046936_o.jpg?resize=525%2C300 1.5x, https:\/\/i0.wp.com\/www.grieta.org.mx\/wp-content\/uploads\/2018\/03\/14524434_1106112876131411_958039263622046936_o.jpg?resize=700%2C400 2x"},"classes":[]},{"id":1728,"url":"http:\/\/www.grieta.org.mx\/index.php\/2015\/06\/22\/pemex-suma-ya-tres-accidentes-en-la-sonda-de-campeche\/","url_meta":{"origin":1761,"position":2},"title":"Pemex suma ya tres accidentes en la Sonda de Campeche","author":"grieta","date":"22 junio, 2015","format":false,"excerpt":"CIUDAD DEL CARMEN.- Con la fuga de gas registrada hoy en la plataforma Akal-H, ubicada en la Sonda de Campeche, Petr\u00f3leos Mexicanos suma ya tres incidentes en sus instalaciones. Abkat\u00fan El primer incidente en el a\u00f1o fue en abril, cuando se registr\u00f3 una mega explosi\u00f3n en la plataforma Abkat\u00fan-Alfa, que\u2026","rel":"","context":"En &quot;campeche&quot;","block_context":{"text":"campeche","link":"http:\/\/www.grieta.org.mx\/index.php\/category\/campeche\/"},"img":{"alt_text":"","src":"https:\/\/i0.wp.com\/www.grieta.org.mx\/wp-content\/uploads\/2018\/03\/14524434_1106112876131411_958039263622046936_o.jpg?resize=350%2C200","width":350,"height":200,"srcset":"https:\/\/i0.wp.com\/www.grieta.org.mx\/wp-content\/uploads\/2018\/03\/14524434_1106112876131411_958039263622046936_o.jpg?resize=350%2C200 1x, https:\/\/i0.wp.com\/www.grieta.org.mx\/wp-content\/uploads\/2018\/03\/14524434_1106112876131411_958039263622046936_o.jpg?resize=525%2C300 1.5x, https:\/\/i0.wp.com\/www.grieta.org.mx\/wp-content\/uploads\/2018\/03\/14524434_1106112876131411_958039263622046936_o.jpg?resize=700%2C400 2x"},"classes":[]},{"id":1726,"url":"http:\/\/www.grieta.org.mx\/index.php\/2016\/02\/07\/planean-cadenas-productivas-petroleras-en-la-sonda-campeche-donde-la-explosiones-y-los-accidentes-no-cesan\/","url_meta":{"origin":1761,"position":3},"title":"Planean cadenas productivas petroleras en La Sonda, Campeche, donde la explosiones y los accidentes no cesan","author":"grieta","date":"7 febrero, 2016","format":false,"excerpt":"07\/02\/16. Incendio en plataforma de Pemex de Abkat\u00fan deja tres muertos El Financiero 25\/01\/16. Temen tragedias en plataformas petroleras de Pemex por reducci\u00f3n presupuestal Jorge Castro Comunicaci\u00f3n Digital 24\/01\/16. Nueva explosi\u00f3n de Pemex en la Sonda de Campeche P\u00e1gin@bierta 20\/10\/15. Campeche tendr\u00e1 cadenas productivas para industria petrolera El Financiero 28\/08\/15.\u2026","rel":"","context":"En &quot;Campeche&quot;","block_context":{"text":"Campeche","link":"http:\/\/www.grieta.org.mx\/index.php\/category\/noticias-nacionales\/campeche\/"},"img":{"alt_text":"","src":"https:\/\/i0.wp.com\/www.grieta.org.mx\/wp-content\/uploads\/2018\/03\/14524434_1106112876131411_958039263622046936_o.jpg?resize=350%2C200","width":350,"height":200,"srcset":"https:\/\/i0.wp.com\/www.grieta.org.mx\/wp-content\/uploads\/2018\/03\/14524434_1106112876131411_958039263622046936_o.jpg?resize=350%2C200 1x, https:\/\/i0.wp.com\/www.grieta.org.mx\/wp-content\/uploads\/2018\/03\/14524434_1106112876131411_958039263622046936_o.jpg?resize=525%2C300 1.5x, https:\/\/i0.wp.com\/www.grieta.org.mx\/wp-content\/uploads\/2018\/03\/14524434_1106112876131411_958039263622046936_o.jpg?resize=700%2C400 2x"},"classes":[]},{"id":1750,"url":"http:\/\/www.grieta.org.mx\/index.php\/2015\/04\/01\/explota-plataforma-abkatun-a-en-campeche\/","url_meta":{"origin":1761,"position":4},"title":"Explota plataforma Abkatun-A en Campeche","author":"grieta","date":"1 abril, 2015","format":false,"excerpt":"Aproximadamente a las 2:30 de la ma\u00f1ana de este mi\u00e9rcoles, se suscit\u00f3 una explosi\u00f3n en la plataforma ABKATUN-ALFA ubicada en el \u00e1rea de los ABKATUNES, en la sonda de Campeche, a 80 kil\u00f3metros de Ciudad del Carmen, cuyo saldo hasta el momento es de una persona fallecida, un desaparecido y\u2026","rel":"","context":"En &quot;campeche&quot;","block_context":{"text":"campeche","link":"http:\/\/www.grieta.org.mx\/index.php\/category\/campeche\/"},"img":{"alt_text":"","src":"https:\/\/i0.wp.com\/www.grieta.org.mx\/wp-content\/uploads\/2018\/03\/14524434_1106112876131411_958039263622046936_o.jpg?resize=350%2C200","width":350,"height":200,"srcset":"https:\/\/i0.wp.com\/www.grieta.org.mx\/wp-content\/uploads\/2018\/03\/14524434_1106112876131411_958039263622046936_o.jpg?resize=350%2C200 1x, https:\/\/i0.wp.com\/www.grieta.org.mx\/wp-content\/uploads\/2018\/03\/14524434_1106112876131411_958039263622046936_o.jpg?resize=525%2C300 1.5x, https:\/\/i0.wp.com\/www.grieta.org.mx\/wp-content\/uploads\/2018\/03\/14524434_1106112876131411_958039263622046936_o.jpg?resize=700%2C400 2x"},"classes":[]},{"id":47751,"url":"http:\/\/www.grieta.org.mx\/index.php\/2020\/04\/10\/trasladan-a-trabajadores-petroleros-de-abkatun-por-sospecha-de-covid-19-campeche\/","url_meta":{"origin":1761,"position":5},"title":"Trasladan a trabajadores petroleros de Abkat\u00fan por sospecha de COVID-19 (Campeche)","author":"grieta","date":"10 abril, 2020","format":false,"excerpt":"Gabriel Graniel Herrera \/ Foto: Notimex \/ La Jornada Maya Ciudad del Carmen, Campeche S\u00e1bado 10 de abril, 2020 Por presentar cuadro febriles y s\u00edntomas de COVID-19, cuatro trabajadores petroleros fueron trasladados a tierra, de la plataforma Abkat\u00fan Alfa de Petr\u00f3leos Mexicanos (Pemex) en la Sonda de Campeche; mientras que\u2026","rel":"","context":"En &quot;Campeche&quot;","block_context":{"text":"Campeche","link":"http:\/\/www.grieta.org.mx\/index.php\/category\/noticias-nacionales\/campeche\/"},"img":{"alt_text":"","src":"https:\/\/i0.wp.com\/www.grieta.org.mx\/wp-content\/uploads\/2020\/04\/PemexCampeche.png?resize=350%2C200","width":350,"height":200,"srcset":"https:\/\/i0.wp.com\/www.grieta.org.mx\/wp-content\/uploads\/2020\/04\/PemexCampeche.png?resize=350%2C200 1x, https:\/\/i0.wp.com\/www.grieta.org.mx\/wp-content\/uploads\/2020\/04\/PemexCampeche.png?resize=525%2C300 1.5x"},"classes":[]}],"_links":{"self":[{"href":"http:\/\/www.grieta.org.mx\/index.php\/wp-json\/wp\/v2\/posts\/1761","targetHints":{"allow":["GET"]}}],"collection":[{"href":"http:\/\/www.grieta.org.mx\/index.php\/wp-json\/wp\/v2\/posts"}],"about":[{"href":"http:\/\/www.grieta.org.mx\/index.php\/wp-json\/wp\/v2\/types\/post"}],"author":[{"embeddable":true,"href":"http:\/\/www.grieta.org.mx\/index.php\/wp-json\/wp\/v2\/users\/2"}],"replies":[{"embeddable":true,"href":"http:\/\/www.grieta.org.mx\/index.php\/wp-json\/wp\/v2\/comments?post=1761"}],"version-history":[{"count":1,"href":"http:\/\/www.grieta.org.mx\/index.php\/wp-json\/wp\/v2\/posts\/1761\/revisions"}],"predecessor-version":[{"id":1762,"href":"http:\/\/www.grieta.org.mx\/index.php\/wp-json\/wp\/v2\/posts\/1761\/revisions\/1762"}],"wp:featuredmedia":[{"embeddable":true,"href":"http:\/\/www.grieta.org.mx\/index.php\/wp-json\/wp\/v2\/media\/21928"}],"wp:attachment":[{"href":"http:\/\/www.grieta.org.mx\/index.php\/wp-json\/wp\/v2\/media?parent=1761"}],"wp:term":[{"taxonomy":"category","embeddable":true,"href":"http:\/\/www.grieta.org.mx\/index.php\/wp-json\/wp\/v2\/categories?post=1761"},{"taxonomy":"post_tag","embeddable":true,"href":"http:\/\/www.grieta.org.mx\/index.php\/wp-json\/wp\/v2\/tags?post=1761"}],"curies":[{"name":"wp","href":"https:\/\/api.w.org\/{rel}","templated":true}]}}