{"id":176,"date":"2015-03-02T00:22:16","date_gmt":"2015-03-02T00:22:16","guid":{"rendered":"http:\/\/50.22.11.12\/~grietaor\/?p=176"},"modified":"2016-03-01T17:59:43","modified_gmt":"2016-03-01T17:59:43","slug":"peligro-bajo-ecatepec-cronica-de-una-serie-de-agravios","status":"publish","type":"post","link":"http:\/\/www.grieta.org.mx\/index.php\/2015\/03\/02\/peligro-bajo-ecatepec-cronica-de-una-serie-de-agravios\/","title":{"rendered":"Peligro bajo Ecatepec: cr\u00f3nica de una serie de agravios"},"content":{"rendered":"<p>Texto: Juan Manuel Garc\u00eda y Emilio Anguiano \/ Mapas: Colectivo Geocomunes \/ Video: Elis Monroy y Heriberto Paredes<\/p>\n<p><img loading=\"lazy\" decoding=\"async\" class=\"alignnone\" src=\"http:\/\/i1.wp.com\/subversiones.org\/wp-content\/uploads\/2015\/02\/lumbrera-Ecatepec-1.jpg?resize=1070%2C713\" alt=\"\" width=\"449\" height=\"299\" \/><\/p>\n<p>El temor de perder la vivienda impera en una calle del municipio de Ecatepec. Y no es a causa de un sismo o por deudas hipotecarias, es por la construcci\u00f3n de un colector de drenaje profundo al cual lxs colonxs y vecinxs se han opuesto desde hace dos a\u00f1os.<\/p>\n<p>Ese colector es una obra hidr\u00e1ulica que est\u00e1 sobre la Avenida Santa Teresa, ubicada en la colonia San Agust\u00edn en el municipio de Ecatepec. La construcci\u00f3n es llevada a cabo por la Comisi\u00f3n del Agua del Estado de M\u00e9xico (CAEM) y la empresa COVASA S.A de C.V. Seg\u00fan la versi\u00f3n del gobierno municipal, la obra es un colector de aguas pluviales que consta de 3 kil\u00f3metros de tuber\u00eda de 1 metro de di\u00e1metro colocada a 18 metros de profundidad, el cual descargar\u00e1 en el T\u00fanel Emisor Oriente (TEO) y reducir\u00e1 el \u00edndice de inundaci\u00f3n en el municipio.<\/p>\n<p>Un informe detallado generado por geof\u00edsicos del Instituto Polit\u00e9cnico Nacional contrasta con la descripci\u00f3n anterior. A partir de la visita que realizaron a la zona, en mayo de 2014, mencionan que no se trata de una obra com\u00fan de drenaje profundo. La tuber\u00eda es de 2.44 metros de di\u00e1metro, un poco m\u00e1s del doble de lo declarado por el municipio. Para su instalaci\u00f3n se emplea un m\u00e9todo poco habitual en el que se cavan enormes hoyos, denominados lumbreras por donde se introduce la tuber\u00eda y los cuales posteriormente servir\u00e1n como puntos de control. Esas lumbreras abarcan el ancho de la avenida (14 metros aproximadamente) y no se encuentran especificadas en los documentos oficiales de la planeaci\u00f3n de la obra. Debido a estas excavaciones se han creado socavones por el agua que penetra en el suelo y lo desgasta poco a poco, y tambi\u00e9n se presentan hundimientos en las zonas donde se encuentran las lumbreras. Pero aqu\u00ed no acaban las afectaciones por la obra del colector. Hortencia Rodr\u00edguez, el m\u00e9dico Raciel S\u00e1nchez Jacinto y varias vecinas de la zona afectada nos compartieron los testimonios de las afectaciones que han sufrido en sus casas y en la calle.<\/p>\n<div class=\"jetpack-video-wrapper\"><iframe loading=\"lazy\" title=\"Peligro bajo Ecatepec\" width=\"1170\" height=\"658\" src=\"https:\/\/www.youtube.com\/embed\/Zp5ZNpmuhmk?feature=oembed\" frameborder=\"0\" allow=\"accelerometer; autoplay; clipboard-write; encrypted-media; gyroscope; picture-in-picture\" allowfullscreen><\/iframe><\/div>\n<p>Los da\u00f1os m\u00e1s peligrosos por la construcci\u00f3n est\u00e1n en las casas de la avenida Santa Teresa. Fracturas estructurales, desprendimiento de juntas constructivas (separaci\u00f3n entre las casas habitaci\u00f3n) y de banquetas, cuarteaduras en las paredes, escasez en el suministro de agua, y desniveles del terreno son s\u00f3lo algunas consecuencias que se han generado en m\u00e1s de 400 viviendas durante los meses que ha estado en operaci\u00f3n la obra hidr\u00e1ulica. Una de las afectaciones que es muy notoria es la inclinaci\u00f3n de las viviendas hacia la avenida. Como s\u00ed se tratase de un efecto domin\u00f3, las construcciones son jaladas tanto por los efectos de la excavaci\u00f3n, como por el peso de las tuber\u00edas y eso genera una separaci\u00f3n entre ellas que crece con el paso del tiempo. Esto ocurri\u00f3 dram\u00e1ticamente en la cl\u00ednica Santa M\u00f3nica que se encuentra frente a la lumbrera siete. Despu\u00e9s de una gran fuga de agua que dur\u00f3 d\u00edas sin ser atendida, la cl\u00ednica se inclin\u00f3 hacia la lumbrera ocasionando tal da\u00f1o en la estructura del edificio, que tuvieron que dejar de dar servicio. Por causas similares, tambi\u00e9n han sido afectados entre 15 y 20 negocios de la avenida, los cuales tuvieron que cerrar o dejar de pagar la renta del local.<\/p>\n<p>Por otra parte, a pesar de que las autoridades hab\u00edan prometido el suministro de agua en las zonas afectadas por la obra, la SAPASE, encargada de la tarea, lucra con la necesidad de lxs vecinxs, quienes tambi\u00e9n se quejan de que los repartidores son desconsiderados, sobre todo con la gente mayor, pues exigen que saquen a la calle los tambos que rellenar\u00e1 la pipa, sin importarles el peso que tendr\u00e1n al estar llenos. Lxs vecinxs constatan que la escasez del suministro de agua en varias colonias, que lleva m\u00e1s de un a\u00f1o, es provocada intencionalmente por CAEM, ya que en cuanto permiten el paso de agua, se revelan grandes fugas de agua a consecuencia de la obra.<\/p>\n<p>Mapa de la Avenida Santa Teresa, Ecatepec<br \/>\n<img loading=\"lazy\" decoding=\"async\" class=\"alignnone\" src=\"http:\/\/i2.wp.com\/subversiones.org\/wp-content\/uploads\/2015\/02\/Mapas-Ecatepec-Santa-Teresa.jpg\" alt=\"\" width=\"535\" height=\"306\" \/><\/p>\n<p>En el mapa se observa el trazo de la obra del drenaje profundo sobre la Avenida Sta. Teresa. Se indican las viviendas en las se han registrado afectaciones, as\u00ed como la zona de impacto directo de la obra.<br \/>\nAnte dichos acontecimientos, la respuesta de lxs colonxs de San Agust\u00edn es de total inconformidad y han mantenido una organizaci\u00f3n vecinal desde el inicio de la construcci\u00f3n con la principal demanda de que el municipio se haga responsable por los da\u00f1os ocasionados por la obra y lo \u00fanico que han obtenido es el hostigamiento, represi\u00f3n y caso omiso de las autoridades estatales. Esta situaci\u00f3n se replica en otras calles aleda\u00f1a a la colonia. En la avenida Suterm, en la colonia R\u00edo de luz, se construye un colector con las mismas caracter\u00edsticas que en Santa Teresa y tambi\u00e9n con el mismo grado de afectaci\u00f3n. La obra en R\u00edo de Luz comenz\u00f3 en septiembre de 2013, meses despu\u00e9s que en Santa Teresa, esto gener\u00f3 la cohesi\u00f3n entre vecinxs de las dos colonias para oponerse a la construcci\u00f3n de los colectores. Lxs habitantes de R\u00edo de la Luz, intentando defender sus casas y su patrimonio, han tenido que enfrentar varias veces a la polic\u00eda quienes los hostigan no s\u00f3lo cuerpo a cuerpo, sino impidiendo las asambleas vecinales y tom\u00e1ndoles fotograf\u00edas.<\/p>\n<p>La preocupaci\u00f3n de lxs ecatepequenses no termina en los da\u00f1os que sufren sus casas mientras se lleva a cabo la obra. Temen mucho m\u00e1s a lo que va a pasar cuando el agua corra por las tuber\u00edas y los autos transiten por encima de ellas, multiplicando el peso que est\u00e1 causando el da\u00f1o en sus casas, y dej\u00e1ndolxs desamparadas, pues ya ni siquiera estar\u00e1n alrededor lxs responsables de la obra.<\/p>\n<p>Ampliando el panorama<\/p>\n<p>El abastecimiento de agua en el Valle de M\u00e9xico se obtiene a grandes rasgos en un 30% por la extracci\u00f3n de agua del Sistema Cutzamala. El 70% restante se obtiene mediante la extracci\u00f3n de agua de los mantos acu\u00edferos. Los hundimientos y la escasez del vital l\u00edquido se producen por causa de la sobreexplotaci\u00f3n y la falta de planificaci\u00f3n hidr\u00edca integral.<\/p>\n<p>Actualmente se desalojan las aguas negras de la ciudad por medio del drenaje profundo (Emisor Central) y canales a cielo abierto (Gran Canal de desag\u00fce). Estas obras fueron hechas por las continuas inundaciones durante la \u00e9poca de lluvia y la ineficiencia del sistema de alcantarillado. Seg\u00fan datos de la Comisi\u00f3n Nacional del Agua, la capacidad actual del drenaje profundo es de 195 mil litros de aguas negras por segundo desalojados en la presa Requena en el valle del Mezquital. El sistema hidr\u00edco de la cuenca del valle de M\u00e9xico, requiere desalojar 315 mil litros por segundo. Por lo tanto existe un d\u00e9ficit hidr\u00edco de 120 mil litros por segundo.<\/p>\n<p>Con el pretexto de atender esta situaci\u00f3n, se proyect\u00f3 el Tunel Emisor Oriente, o TEO del cual actualmente se construye la primera etapa en la zona adyacente al Gran Canal y el municipio de Ecatepec. Sin embargo, cerca de la regi\u00f3n se construir\u00e1 el proyecto del Nuevo Aeropuerto Internacional de la Ciudad de M\u00e9xico (NAICM), que tambi\u00e9n requiere de una enorme infraestructura. Aunque solo se han perforado las lumbreras que conectar\u00edan los ramales del TEO con el proyecto del aeropuerto los impactos negativos ya se perciben en algunas colonias de Ecatepec.<\/p>\n<p>Por otra parte, Ecatepec es parte del programa de obras de drenaje y saneamiento del gobierno del Estado de M\u00e9xico, una proyecci\u00f3n creada para el a\u00f1o 2030. El gobierno estatal tiene planeada la construcci\u00f3n de otros dos colectores y tres t\u00faneles de drenaje en la parte noreste del estado. El argumento para la realizaci\u00f3n de dichas obras es darle cobertura a una de las zonas con mayores inundaciones, pero este programa de infraestructura hidr\u00e1ulica no tiene consideraci\u00f3n de ning\u00fan tipo sobre el espacio en donde se tiene la intensi\u00f3n de construirlas. El municipio es una zona de alta intensidad s\u00edsmica, aunado a esto, el subsuelo en Ecatepec est\u00e1 conformado por sedimentaci\u00f3n del antiguo lago de Texcoco, es decir, al secarse el lago se crearon sedimentos y sobre ellos se crearon los asentamientos humanos en la zona. Los geof\u00edsicos destacan \u00e9sta propiedad del subsuelo como la causa de que se generen los hundimientos y dem\u00e1s da\u00f1os por las obras en las viviendas, adem\u00e1s de la urbanizaci\u00f3n sin medida que tiene el municipio. (Una explicaci\u00f3n m\u00e1s detallada de este fen\u00f3meno se encuentra en la entrevista a Elena Burns respecto a la problem\u00e1tica del agua en Iztapalapa)<\/p>\n<p>La infraestructura h\u00eddrica y el nuevo aeropuerto<br \/>\n<img loading=\"lazy\" decoding=\"async\" class=\"alignnone\" src=\"http:\/\/i1.wp.com\/subversiones.org\/wp-content\/uploads\/2015\/02\/mapa2Ecatepec.jpeg\" alt=\"\" width=\"633\" height=\"350\" \/><\/p>\n<p>La infraestructura h\u00eddrica y el nuevo aeropuerto<br \/>\nAqu\u00ed se aprecian los colectores pluviales de Santa Teresa, R\u00edo de Luz y Lourdes (en proyecto) que se conectar\u00e1n al T\u00fanel Emisor Oriente, que tendr\u00e1 25 lumbreras, un di\u00e1metro de 7.5m y una profundidad oscilando entre 55 y 150m. Sin esta infraestructura el proyecto del nuevo aeropuerto \u2013que implica la desecaci\u00f3n de lagunas y expulsi\u00f3n masiva de aguas pluviales\u2013 ser\u00eda imposible. En raz\u00f3n de la intensidad s\u00edsmica de la zona y de la permeabilidad del suelo, estas obras tendr\u00e1n un impacto sobre las viviendas y la red de drenaje.<\/p>\n<p>Esta serie de obras hidr\u00e1ulicas tiene una conexi\u00f3n con los dem\u00e1s megaproyectos del \u00e1rea metropolitana. La construcci\u00f3n de v\u00edas terrestres de gran extensi\u00f3n, proyectos inmobiliarios y la creaci\u00f3n de redes de drenaje describen una tendencia: preparar el terreno para el nuevo aeropuerto internacional de la Ciudad de M\u00e9xico, el cual ser\u00e1 cuatro veces m\u00e1s grande que el aeropuerto actual, y tiene asociada la edificaci\u00f3n de una enorme zona urbana a su alrededor. Es decir, se est\u00e1n creando las condiciones para que el proyecto del aeropuerto aparte de que se consolide, pueda ser un punto nodal en la l\u00f3gica de acumulaci\u00f3n de capital en la zona centro del pa\u00eds, con todo lo que eso implica. En el caso de la construcci\u00f3n del TEO, de los conectores en Ecapetec y en general de toda la red de drenaje, m\u00e1s all\u00e1 de que permitir\u00e1 la descarga de las aguas pluviales (y no su almacenamiento), este tendr\u00e1 la capacidad de dejar en condiciones la zona en donde se pretende la construcci\u00f3n del aeropuerto.<\/p>\n<p>La red de drenaje de la Zona Metropolitana del Valle de M\u00e9xico<br \/>\n<img loading=\"lazy\" decoding=\"async\" class=\"alignnone\" src=\"http:\/\/i2.wp.com\/subversiones.org\/wp-content\/uploads\/2015\/02\/mapa3bis.jpg\" alt=\"\" width=\"625\" height=\"712\" \/><\/p>\n<p>La red est\u00e1 compuesta por canales, t\u00faneles, interceptores, presas de retenci\u00f3n y plantas de tratamiento. Las aguas negras se expulsan al norte de la zona metropolitana, hacia el R\u00edo Tula en el estado de Hidalgo, y se concentran en las presas Requema y Endho (de las m\u00e1s contaminadas de Am\u00e9rica Latina). Esas aguas negras se utilizan para regar las zonas agr\u00edcolas del valle de Mezquital.<\/p>\n<p>Para tratar esas cantidades enormes de aguas negras (actualmente 195 mil litros por segundo) y contemplando el crecimiento urbano acelerado, se requiere desalojar 315 mil litros por segundo. Para atender esta cantidad, se encuentra en construcci\u00f3n la planta de tratamiento de Atotonilco \u2014a cargo del grupo CARSO\u2013 que ser\u00e1 la mas grande de Am\u00e9rica Latina.<\/p>\n<p>As\u00ed, lo que parece ser una situaci\u00f3n local en una avenida en Ecatepec, se convierte en un eslab\u00f3n en la enorme cadena de implicaciones de la construcci\u00f3n de megaproyectos. Un conflicto m\u00e1s a los cientos generados por la corta visi\u00f3n del Estado que no propone m\u00e1s que construir cosas m\u00e1s grandes, tuber\u00edas m\u00e1s grandes, aeropuertos m\u00e1s grandes, problemas m\u00e1s grandes. El reporte del IPN termina con una recomendaci\u00f3n a las autoridades gubernamentales para que reparen los da\u00f1os, cosa que no ha ocurrido. Por el contrario, contin\u00faan las obras y tambi\u00e9n los agravios, siguen con lo planeado a toda costa, dejando el espacio en disputa y la valorizaci\u00f3n de la vida misma.<\/p>\n<p><a href=\"http:\/\/subversiones.org\/archivos\/113953\" target=\"_blank\">http:\/\/subversiones.org\/archivos\/113953<\/a><\/p>\n","protected":false},"excerpt":{"rendered":"<p>Texto: Juan Manuel Garc\u00eda y Emilio Anguiano \/ Mapas: Colectivo Geocomunes \/ Video: Elis Monroy y Heriberto Paredes El temor de perder la vivienda impera en una calle del municipio &hellip; <a href=\"http:\/\/www.grieta.org.mx\/index.php\/2015\/03\/02\/peligro-bajo-ecatepec-cronica-de-una-serie-de-agravios\/\" class=\"more-link\">Leer m\u00e1s<\/a><\/p>\n","protected":false},"author":2,"featured_media":21928,"comment_status":"closed","ping_status":"open","sticky":false,"template":"","format":"standard","meta":{"ngg_post_thumbnail":0,"_jetpack_newsletter_access":"","_jetpack_dont_email_post_to_subs":false,"_jetpack_newsletter_tier_id":0,"_jetpack_memberships_contains_paywalled_content":false,"_jetpack_memberships_contains_paid_content":false,"footnotes":""},"categories":[80],"tags":[92],"class_list":["post-176","post","type-post","status-publish","format-standard","has-post-thumbnail","hentry","category-cintillo","tag-estado-de-mexico","entry"],"jetpack_featured_media_url":"http:\/\/www.grieta.org.mx\/wp-content\/uploads\/2018\/03\/14524434_1106112876131411_958039263622046936_o.jpg","jetpack_sharing_enabled":true,"jetpack_shortlink":"https:\/\/wp.me\/p7ZJR4-2Q","jetpack_likes_enabled":false,"jetpack-related-posts":[{"id":175,"url":"http:\/\/www.grieta.org.mx\/index.php\/2015\/03\/02\/colector-pluvial-en-ecatepec-provoca-socavones-y-hundimientos-denuncian-vecinos\/","url_meta":{"origin":176,"position":0},"title":"Colector pluvial en Ecatepec provoca socavones y hundimientos, denuncian vecinos","author":"grieta","date":"2 marzo, 2015","format":false,"excerpt":"02\/03\/15. Peligro bajo Ecatepec: cr\u00f3nica de una serie de agraviosSubversiones","rel":"","context":"En &quot;Estado de M\u00e9xico&quot;","block_context":{"text":"Estado de M\u00e9xico","link":"http:\/\/www.grieta.org.mx\/index.php\/category\/noticias-nacionales\/estado-de-mexico\/"},"img":{"alt_text":"","src":"https:\/\/i0.wp.com\/www.grieta.org.mx\/wp-content\/uploads\/2018\/03\/14524434_1106112876131411_958039263622046936_o.jpg?resize=350%2C200","width":350,"height":200,"srcset":"https:\/\/i0.wp.com\/www.grieta.org.mx\/wp-content\/uploads\/2018\/03\/14524434_1106112876131411_958039263622046936_o.jpg?resize=350%2C200 1x, https:\/\/i0.wp.com\/www.grieta.org.mx\/wp-content\/uploads\/2018\/03\/14524434_1106112876131411_958039263622046936_o.jpg?resize=525%2C300 1.5x, https:\/\/i0.wp.com\/www.grieta.org.mx\/wp-content\/uploads\/2018\/03\/14524434_1106112876131411_958039263622046936_o.jpg?resize=700%2C400 2x"},"classes":[]},{"id":124,"url":"http:\/\/www.grieta.org.mx\/index.php\/2015\/01\/14\/el-estado-de-mexico-construye-un-teleferico-de-5-kilometros-en-ecatepec\/","url_meta":{"origin":176,"position":1},"title":"El Estado de M\u00e9xico construye un telef\u00e9rico de 5 kil\u00f3metros en Ecatepec","author":"grieta","date":"14 enero, 2015","format":false,"excerpt":"El gobierno estatal puso en marcha la construcci\u00f3n del transporte elevado que podr\u00e1 transportar a 6,000 personas por hora (CNNM\u00e9xico) \u2014 Un nuevo telef\u00e9rico transportar\u00e1 hasta a 300,000 personas que viven en la zona urbana elevada de la Sierra de Guadalupe, al norte de la Ciudad de M\u00e9xico, ahorr\u00e1ndoles 45\u2026","rel":"","context":"En &quot;CINTILLO&quot;","block_context":{"text":"CINTILLO","link":"http:\/\/www.grieta.org.mx\/index.php\/category\/cintillo\/"},"img":{"alt_text":"","src":"https:\/\/i0.wp.com\/www.grieta.org.mx\/wp-content\/uploads\/2018\/03\/14524434_1106112876131411_958039263622046936_o.jpg?resize=350%2C200","width":350,"height":200,"srcset":"https:\/\/i0.wp.com\/www.grieta.org.mx\/wp-content\/uploads\/2018\/03\/14524434_1106112876131411_958039263622046936_o.jpg?resize=350%2C200 1x, https:\/\/i0.wp.com\/www.grieta.org.mx\/wp-content\/uploads\/2018\/03\/14524434_1106112876131411_958039263622046936_o.jpg?resize=525%2C300 1.5x, https:\/\/i0.wp.com\/www.grieta.org.mx\/wp-content\/uploads\/2018\/03\/14524434_1106112876131411_958039263622046936_o.jpg?resize=700%2C400 2x"},"classes":[]},{"id":38016,"url":"http:\/\/www.grieta.org.mx\/index.php\/2019\/08\/14\/rechazan-construccion-de-colector-en-juan-c-bonilla-puebla\/","url_meta":{"origin":176,"position":2},"title":"Rechazan construcci\u00f3n de colector en Juan C. Bonilla (Puebla)","author":"Admin","date":"14 agosto, 2019","format":false,"excerpt":"Cecilia Espinoza Galindo \/ Municipios Puebla Juan C. Bonilla, Pue.- Habitantes del municipio de Juan C Bonilla, contin\u00faan las protestas para evitar que la construcci\u00f3n de un colector pluvial de la zona industrial de Huejotzingo, modifique el cauce del r\u00edo Metlalpalapan. En una asamblea realizada este mi\u00e9rcoles en la comunidad\u2026","rel":"","context":"En &quot;CINTILLO&quot;","block_context":{"text":"CINTILLO","link":"http:\/\/www.grieta.org.mx\/index.php\/category\/cintillo\/"},"img":{"alt_text":"","src":"https:\/\/i0.wp.com\/www.grieta.org.mx\/wp-content\/uploads\/2019\/08\/img-20190814-wa0047.jpg?resize=350%2C200","width":350,"height":200,"srcset":"https:\/\/i0.wp.com\/www.grieta.org.mx\/wp-content\/uploads\/2019\/08\/img-20190814-wa0047.jpg?resize=350%2C200 1x, https:\/\/i0.wp.com\/www.grieta.org.mx\/wp-content\/uploads\/2019\/08\/img-20190814-wa0047.jpg?resize=525%2C300 1.5x, https:\/\/i0.wp.com\/www.grieta.org.mx\/wp-content\/uploads\/2019\/08\/img-20190814-wa0047.jpg?resize=700%2C400 2x, https:\/\/i0.wp.com\/www.grieta.org.mx\/wp-content\/uploads\/2019\/08\/img-20190814-wa0047.jpg?resize=1050%2C600 3x"},"classes":[]},{"id":134,"url":"http:\/\/www.grieta.org.mx\/index.php\/2015\/05\/05\/despojo-en-ecatepec-por-teleferico\/","url_meta":{"origin":176,"position":3},"title":"Despojo en Ecatepec por telef\u00e9rico","author":"grieta","date":"5 mayo, 2015","format":false,"excerpt":"05\/05\/15. Despojo en Ecatepec por el \"Mexicable\"Regeneraci\u00f3n Radio 21\/02\/15. Expropiados en total 5 predios en Ecatepec para telef\u00e9ricoLa Jornada 14\/01\/15. El Estado de M\u00e9xico construye un telef\u00e9rico de 5 kil\u00f3metros en EcatepecCNN M\u00e9xico","rel":"","context":"En &quot;Estado de M\u00e9xico&quot;","block_context":{"text":"Estado de M\u00e9xico","link":"http:\/\/www.grieta.org.mx\/index.php\/category\/noticias-nacionales\/estado-de-mexico\/"},"img":{"alt_text":"","src":"https:\/\/i0.wp.com\/www.grieta.org.mx\/wp-content\/uploads\/2018\/03\/14524434_1106112876131411_958039263622046936_o.jpg?resize=350%2C200","width":350,"height":200,"srcset":"https:\/\/i0.wp.com\/www.grieta.org.mx\/wp-content\/uploads\/2018\/03\/14524434_1106112876131411_958039263622046936_o.jpg?resize=350%2C200 1x, https:\/\/i0.wp.com\/www.grieta.org.mx\/wp-content\/uploads\/2018\/03\/14524434_1106112876131411_958039263622046936_o.jpg?resize=525%2C300 1.5x, https:\/\/i0.wp.com\/www.grieta.org.mx\/wp-content\/uploads\/2018\/03\/14524434_1106112876131411_958039263622046936_o.jpg?resize=700%2C400 2x"},"classes":[]},{"id":49012,"url":"http:\/\/www.grieta.org.mx\/index.php\/2020\/05\/12\/vecinos-de-ecatepec-piden-agua-afuera-de-palacio-nacional-estado-de-mexico\/","url_meta":{"origin":176,"position":4},"title":"Vecinos de Ecatepec piden agua afuera de Palacio Nacional (Estado de M\u00e9xico)","author":"grieta","date":"12 mayo, 2020","format":false,"excerpt":"Foto: Jos\u00e9 Antonio Garc\u00eda Jos\u00e9 Antonio Garc\u00eda \/ Excelsior Piden les sea reinstalado el suministro de agua potable a trav\u00e9s de la red hidr\u00e1ulica ya que desde hace 30 d\u00edas no hay servicio Vecinos de las colonias Florida, Alborada de Arag\u00f3n, Parques de Arag\u00f3n, Villas Cosmos y Fuentes, todas del\u2026","rel":"","context":"En &quot;CINTILLO&quot;","block_context":{"text":"CINTILLO","link":"http:\/\/www.grieta.org.mx\/index.php\/category\/cintillo\/"},"img":{"alt_text":"","src":"https:\/\/i0.wp.com\/www.grieta.org.mx\/wp-content\/uploads\/2020\/05\/Vecinos-de-Ecatepec-piden-agua-afuera-de-Palacio-Nacional-edomex-may.jpg?resize=350%2C200","width":350,"height":200,"srcset":"https:\/\/i0.wp.com\/www.grieta.org.mx\/wp-content\/uploads\/2020\/05\/Vecinos-de-Ecatepec-piden-agua-afuera-de-Palacio-Nacional-edomex-may.jpg?resize=350%2C200 1x, https:\/\/i0.wp.com\/www.grieta.org.mx\/wp-content\/uploads\/2020\/05\/Vecinos-de-Ecatepec-piden-agua-afuera-de-Palacio-Nacional-edomex-may.jpg?resize=525%2C300 1.5x"},"classes":[]},{"id":41423,"url":"http:\/\/www.grieta.org.mx\/index.php\/2019\/11\/07\/ecatepec-la-ciudad-menos-habitable-de-mexico-en-2019-segun-estudio-estado-de-mexico\/","url_meta":{"origin":176,"position":5},"title":"Ecatepec, la ciudad menos habitable de M\u00e9xico en 2019, seg\u00fan estudio (Estado de M\u00e9xico)","author":"grieta","date":"7 noviembre, 2019","format":false,"excerpt":"El Financiero El municipio mexiquense ocup\u00f3 el \u00faltimo lugar en el estudio 'Ciudades m\u00e1s Habitables 2019', del Gabinete de Comunicaci\u00f3n Estrat\u00e9gica, que analiza variables como calidad de vida y servicios p\u00fablicos. El municipio de Ecatepec, en el Estado de M\u00e9xico, es la ciudad menos habitable del pa\u00eds, de acuerdo con\u2026","rel":"","context":"En &quot;CINTILLO&quot;","block_context":{"text":"CINTILLO","link":"http:\/\/www.grieta.org.mx\/index.php\/category\/cintillo\/"},"img":{"alt_text":"","src":"https:\/\/i0.wp.com\/www.grieta.org.mx\/wp-content\/uploads\/2019\/11\/Ecatepec-la-ciudad-menos-habitable-de-M%C3%A9xico-en-2019-seg%C3%BAn-estudio-edomex-nov.jpeg?resize=350%2C200","width":350,"height":200,"srcset":"https:\/\/i0.wp.com\/www.grieta.org.mx\/wp-content\/uploads\/2019\/11\/Ecatepec-la-ciudad-menos-habitable-de-M%C3%A9xico-en-2019-seg%C3%BAn-estudio-edomex-nov.jpeg?resize=350%2C200 1x, https:\/\/i0.wp.com\/www.grieta.org.mx\/wp-content\/uploads\/2019\/11\/Ecatepec-la-ciudad-menos-habitable-de-M%C3%A9xico-en-2019-seg%C3%BAn-estudio-edomex-nov.jpeg?resize=525%2C300 1.5x, https:\/\/i0.wp.com\/www.grieta.org.mx\/wp-content\/uploads\/2019\/11\/Ecatepec-la-ciudad-menos-habitable-de-M%C3%A9xico-en-2019-seg%C3%BAn-estudio-edomex-nov.jpeg?resize=700%2C400 2x, https:\/\/i0.wp.com\/www.grieta.org.mx\/wp-content\/uploads\/2019\/11\/Ecatepec-la-ciudad-menos-habitable-de-M%C3%A9xico-en-2019-seg%C3%BAn-estudio-edomex-nov.jpeg?resize=1050%2C600 3x"},"classes":[]}],"_links":{"self":[{"href":"http:\/\/www.grieta.org.mx\/index.php\/wp-json\/wp\/v2\/posts\/176","targetHints":{"allow":["GET"]}}],"collection":[{"href":"http:\/\/www.grieta.org.mx\/index.php\/wp-json\/wp\/v2\/posts"}],"about":[{"href":"http:\/\/www.grieta.org.mx\/index.php\/wp-json\/wp\/v2\/types\/post"}],"author":[{"embeddable":true,"href":"http:\/\/www.grieta.org.mx\/index.php\/wp-json\/wp\/v2\/users\/2"}],"replies":[{"embeddable":true,"href":"http:\/\/www.grieta.org.mx\/index.php\/wp-json\/wp\/v2\/comments?post=176"}],"version-history":[{"count":1,"href":"http:\/\/www.grieta.org.mx\/index.php\/wp-json\/wp\/v2\/posts\/176\/revisions"}],"predecessor-version":[{"id":185,"href":"http:\/\/www.grieta.org.mx\/index.php\/wp-json\/wp\/v2\/posts\/176\/revisions\/185"}],"wp:featuredmedia":[{"embeddable":true,"href":"http:\/\/www.grieta.org.mx\/index.php\/wp-json\/wp\/v2\/media\/21928"}],"wp:attachment":[{"href":"http:\/\/www.grieta.org.mx\/index.php\/wp-json\/wp\/v2\/media?parent=176"}],"wp:term":[{"taxonomy":"category","embeddable":true,"href":"http:\/\/www.grieta.org.mx\/index.php\/wp-json\/wp\/v2\/categories?post=176"},{"taxonomy":"post_tag","embeddable":true,"href":"http:\/\/www.grieta.org.mx\/index.php\/wp-json\/wp\/v2\/tags?post=176"}],"curies":[{"name":"wp","href":"https:\/\/api.w.org\/{rel}","templated":true}]}}