{"id":1758,"date":"2016-01-25T17:59:39","date_gmt":"2016-01-25T17:59:39","guid":{"rendered":"http:\/\/50.22.11.12\/~grietaor\/?p=1758"},"modified":"2016-03-09T18:14:38","modified_gmt":"2016-03-09T18:14:38","slug":"temen-tragedias-en-plataformas-petroleras-de-pemex-por-reduccion-presupuestal","status":"publish","type":"post","link":"http:\/\/www.grieta.org.mx\/index.php\/2016\/01\/25\/temen-tragedias-en-plataformas-petroleras-de-pemex-por-reduccion-presupuestal\/","title":{"rendered":"Temen tragedias en plataformas petroleras de Pemex por reducci\u00f3n presupuestal"},"content":{"rendered":"<p>CAMPECHE.- La Uni\u00f3n Nacional de T\u00e9cnicos y Profesionistas Petroleros (UNTyPP) de nueva cuenta lanz\u00f3 un llamado de alerta, ya que debido a las reducciones presupuestales a las que ha sido sometida la empresa productiva del Estado, se est\u00e1 dejando de gastar en el rubro de mantenimiento.<\/p>\n<p>El secretario de organizaci\u00f3n de la UNTyPP, Pablo L\u00f3pez Figueroa, declar\u00f3 que ante la falta de mantenimiento, no se descarta que se registren nuevos accidentes en las plataformas petroleras de la Sonda de Campeche, sobre todo en las de producci\u00f3n, con las consecuentes p\u00e9rdidas humanas y afectaciones econ\u00f3micas para la empresa productiva.<\/p>\n<p>Asimismo, al no darse el debido mantenimiento a las instalaciones costa afuera, se incrementa el riesgo de accidentes graves o fatales, explic\u00f3 el ingeniero del ramo petrolero quien adem\u00e1s agreg\u00f3 que otro aspecto importante a tomarse en cuenta es que el programa de recorte de personal de Petr\u00f3leos Mexicanos sigue enfocado a procurar la jubilaci\u00f3n o el retiro de su personal con mayor experiencia.<\/p>\n<p>De esta forma, el incumplimiento de los programas de mantenimiento, ya sea por falta de presupuesto o por corrupci\u00f3n, est\u00e1 colocando en un punto de colapso muchas de las instalaciones costa afuera, por lo que no se descarta que ocurran m\u00e1s accidentes en plataformas petroleras.<\/p>\n<p>L\u00f3pez Figueroa record\u00f3 que los accidentes como el de la Abkat\u00fan Permanente, d\u00f3nde tuvo lugar una explosi\u00f3n e incendio que acab\u00f3 con la vida de siete petroleros, est\u00e1n teniendo lugar gracias a la negligencia de PEMEX.<\/p>\n<p>OBREROS, LOS M\u00c1S VULNERABLES<\/p>\n<p>El petrolero agreg\u00f3 que debido a los recortes en el presupuesto de PEMEX, se han incrementado substancialmente las condiciones de riesgo, ya que existen complejos de la Sonda de Campeche en donde las labores de mantenimiento son m\u00ednimas o nulas.<\/p>\n<p>Asegur\u00f3 que lo que est\u00e1 ocurriendo en las instalaciones de PEMEX no tiene sentido, pues la UNTyPP en repetidas ocasiones le ha propuesto al Gobierno Federal la ejecuci\u00f3n de un plan para mantener e incluso modernizar las instalaciones petroleras del pa\u00eds, pero que dicha propuesta no est\u00e1 para nada considerada dentro del proyecto privatizador de los recursos energ\u00e9ticos de M\u00e9xico.<\/p>\n<p>L\u00f3pez Figueroa agreg\u00f3 que mientras tanto la negligencia del Gobierno Federal y de los directivos de PEMEX seguir\u00e1 reflej\u00e1ndose en la p\u00e9rdida de vidas humanas y bajas en la producci\u00f3n de crudo.<\/p>\n<p>MUCHOS ACCIDENTES<\/p>\n<p>Adem\u00e1s del accidente del Abkat\u00fan Permanente, el 5 de mayo del 2015, se produjo otro accidente en la plataforma m\u00f3vil Troll Solution, propiedad de la empresa Typhoon Offshore, perteneciente al empresario Ricardo Salinas Pliego. En ese accidente fueron dos los decesos. Troll Solution es una plataforma m\u00f3vil que brinda servicio de mantenimiento a las instalaciones que extraen crudo del subsuelo. Al tratar de colocarse en posici\u00f3n de servicio, la plataforma se lade\u00f3. Los 101 trabajadores sobrevivientes tuvieron que ser evacuados. La empresa Typhoon Offshore, del Grupo Salinas, comenz\u00f3 a ser contratista de PEMEX reci\u00e9n en octubre del 2014, benefici\u00e1ndose de la apertura a empresas privadas que permiti\u00f3 la Reforma Energ\u00e9tica de Pe\u00f1a Nieto. Su primer contrato fue con PEMEX Exploraci\u00f3n y Producci\u00f3n, sin licitaci\u00f3n y por la cantidad de mil 365 millones de pesos.<\/p>\n<p>Cabe hacer menci\u00f3n que apenas el pasado 23 de enero, corto circuito en el cuarto de m\u00e1quinas de la plataforma Zaap E, caus\u00f3 la evacuaci\u00f3n de las citadas instalaciones consta afuera, en donde laboraban 97 trabajadores.<\/p>\n<p>De acuerdo a la informaci\u00f3n generada por el Centro Regional de Atenci\u00f3n a Emergencias (CRAE) de Petr\u00f3leos Mexicanos, a las 16:06 horas de este s\u00e1bado, realizaban trabajos de mantenimiento, que no fueron detallados, y un corto circuito provoc\u00f3 el incendio, por el cual se activ\u00f3 el plan interno de a emergencia ya que a bordo de la plataforma se encontraban 97 trabajadores de los cuales 37 son de PEMEX, pertenecientes al sindicato petrolero de la secci\u00f3n 47 con sede en Ciudad del Carmen, y 60 trabajadores m\u00e1s de otras compa\u00f1\u00edas.<\/p>\n<p>La petrolera detall\u00f3 por medio de su cuenta oficial de Twitter, que el fuego fue combatido con apoyo de la Secretaria de Marina y con embarcaciones que acudieron al lugar. (AGENCIAS\/PorEsto)<\/p>\n<p><a href=\"http:\/\/www.jorgecastronoriega.com\/nacional\/temen-tragedias-en-platoformas-petroleras-de-pemex-por-reduccion-presupuestal\/\" target=\"_blank\">http:\/\/www.jorgecastronoriega.com\/nacional\/temen-tragedias-en-platoformas-petroleras-de-pemex-por-reduccion-presupuestal\/<\/a><\/p>\n","protected":false},"excerpt":{"rendered":"<p>CAMPECHE.- La Uni\u00f3n Nacional de T\u00e9cnicos y Profesionistas Petroleros (UNTyPP) de nueva cuenta lanz\u00f3 un llamado de alerta, ya que debido a las reducciones presupuestales a las que ha sido &hellip; <a href=\"http:\/\/www.grieta.org.mx\/index.php\/2016\/01\/25\/temen-tragedias-en-plataformas-petroleras-de-pemex-por-reduccion-presupuestal\/\" class=\"more-link\">Leer m\u00e1s<\/a><\/p>\n","protected":false},"author":2,"featured_media":21928,"comment_status":"closed","ping_status":"open","sticky":false,"template":"","format":"standard","meta":{"ngg_post_thumbnail":0,"_jetpack_newsletter_access":"","_jetpack_dont_email_post_to_subs":false,"_jetpack_newsletter_tier_id":0,"_jetpack_memberships_contains_paywalled_content":false,"_jetpack_memberships_contains_paid_content":false,"footnotes":""},"categories":[123,80],"tags":[186,125],"class_list":["post-1758","post","type-post","status-publish","format-standard","has-post-thumbnail","hentry","category-campeche","category-cintillo","tag-accidente","tag-pemex","entry"],"jetpack_featured_media_url":"http:\/\/www.grieta.org.mx\/wp-content\/uploads\/2018\/03\/14524434_1106112876131411_958039263622046936_o.jpg","jetpack_sharing_enabled":true,"jetpack_shortlink":"https:\/\/wp.me\/p7ZJR4-sm","jetpack_likes_enabled":false,"jetpack-related-posts":[{"id":67387,"url":"http:\/\/www.grieta.org.mx\/index.php\/2023\/08\/02\/fugas-de-gas-y-aceite-resultado-del-desconocimiento-de-los-directivos-de-pemex-untypp-campeche\/","url_meta":{"origin":1758,"position":0},"title":"Fugas de gas y aceite, resultado del desconocimiento de los directivos de Pemex: UNTyPP (Campeche)","author":"grieta","date":"2 agosto, 2023","format":false,"excerpt":"Gabriel Graniel Herrera \/ La Jornada Maya Ciudad del Carmen, Campeche El cierre de operaciones del barco Yuum K\u2019ak\u2019 N\u00e1ab en la Sonda de Campeche, por una fuga de aceite en uno de sus ductos, es el resultado del desconocimiento de los directivos de Petr\u00f3leos Mexicanos (Pemex) sobre las condiciones\u2026","rel":"","context":"En &quot;Campeche&quot;","block_context":{"text":"Campeche","link":"http:\/\/www.grieta.org.mx\/index.php\/category\/noticias-nacionales\/campeche\/"},"img":{"alt_text":"","src":"https:\/\/i0.wp.com\/www.grieta.org.mx\/wp-content\/uploads\/2023\/08\/Pemex-e1691376953499.jpg?resize=350%2C200","width":350,"height":200,"srcset":"https:\/\/i0.wp.com\/www.grieta.org.mx\/wp-content\/uploads\/2023\/08\/Pemex-e1691376953499.jpg?resize=350%2C200 1x, https:\/\/i0.wp.com\/www.grieta.org.mx\/wp-content\/uploads\/2023\/08\/Pemex-e1691376953499.jpg?resize=525%2C300 1.5x, https:\/\/i0.wp.com\/www.grieta.org.mx\/wp-content\/uploads\/2023\/08\/Pemex-e1691376953499.jpg?resize=700%2C400 2x"},"classes":[]},{"id":66631,"url":"http:\/\/www.grieta.org.mx\/index.php\/2023\/03\/02\/sobrecarga-labora-causa-de-accidentes-en-instalaciones-petroleras-en-campeche\/","url_meta":{"origin":1758,"position":1},"title":"Sobrecarga labora, causa de accidentes en instalaciones petroleras en Campeche","author":"grieta","date":"2 marzo, 2023","format":false,"excerpt":"Por Esto! Una de las principales causas de los accidentes que se han registrado en las instalaciones de Petr\u00f3leos Mexicanos (Pemex), tanto en la zona terrestre como marina, son las largas jornadas laborales de 12, 16 y hasta de 24 horas que les cargan a los especialistas consecuencia del congelamiento\u2026","rel":"","context":"En &quot;Campeche&quot;","block_context":{"text":"Campeche","link":"http:\/\/www.grieta.org.mx\/index.php\/category\/noticias-nacionales\/campeche\/"},"img":{"alt_text":"","src":"https:\/\/i0.wp.com\/www.grieta.org.mx\/wp-content\/uploads\/2023\/03\/SobrecargaLaboral-e1679833697657.jpg?resize=350%2C200","width":350,"height":200,"srcset":"https:\/\/i0.wp.com\/www.grieta.org.mx\/wp-content\/uploads\/2023\/03\/SobrecargaLaboral-e1679833697657.jpg?resize=350%2C200 1x, https:\/\/i0.wp.com\/www.grieta.org.mx\/wp-content\/uploads\/2023\/03\/SobrecargaLaboral-e1679833697657.jpg?resize=525%2C300 1.5x, https:\/\/i0.wp.com\/www.grieta.org.mx\/wp-content\/uploads\/2023\/03\/SobrecargaLaboral-e1679833697657.jpg?resize=700%2C400 2x"},"classes":[]},{"id":66421,"url":"http:\/\/www.grieta.org.mx\/index.php\/2023\/03\/03\/petroleros-de-campeche-son-explotados-por-falta-de-personal-en-pemex\/","url_meta":{"origin":1758,"position":2},"title":"Petroleros de Campeche son explotados por falta de personal en Pemex","author":"grieta","date":"3 marzo, 2023","format":false,"excerpt":"Gerardo Can \/ Por Esto! Una de las principales causas de los accidentes que se han registrado en las instalaciones de Petr\u00f3leos Mexicanos (PEMEX) en tierra y mar son las jornadas laborales de 12, 16 y hasta 24 horas que le cargan a los especialistas por el \u201ccongelamiento\u201d de plazas.\u2026","rel":"","context":"En &quot;Campeche&quot;","block_context":{"text":"Campeche","link":"http:\/\/www.grieta.org.mx\/index.php\/category\/noticias-nacionales\/campeche\/"},"img":{"alt_text":"","src":"https:\/\/i0.wp.com\/www.grieta.org.mx\/wp-content\/uploads\/2023\/03\/Pemex-e1678064156252.jpg?resize=350%2C200","width":350,"height":200,"srcset":"https:\/\/i0.wp.com\/www.grieta.org.mx\/wp-content\/uploads\/2023\/03\/Pemex-e1678064156252.jpg?resize=350%2C200 1x, https:\/\/i0.wp.com\/www.grieta.org.mx\/wp-content\/uploads\/2023\/03\/Pemex-e1678064156252.jpg?resize=525%2C300 1.5x, https:\/\/i0.wp.com\/www.grieta.org.mx\/wp-content\/uploads\/2023\/03\/Pemex-e1678064156252.jpg?resize=700%2C400 2x"},"classes":[]},{"id":1726,"url":"http:\/\/www.grieta.org.mx\/index.php\/2016\/02\/07\/planean-cadenas-productivas-petroleras-en-la-sonda-campeche-donde-la-explosiones-y-los-accidentes-no-cesan\/","url_meta":{"origin":1758,"position":3},"title":"Planean cadenas productivas petroleras en La Sonda, Campeche, donde la explosiones y los accidentes no cesan","author":"grieta","date":"7 febrero, 2016","format":false,"excerpt":"07\/02\/16. Incendio en plataforma de Pemex de Abkat\u00fan deja tres muertos El Financiero 25\/01\/16. Temen tragedias en plataformas petroleras de Pemex por reducci\u00f3n presupuestal Jorge Castro Comunicaci\u00f3n Digital 24\/01\/16. Nueva explosi\u00f3n de Pemex en la Sonda de Campeche P\u00e1gin@bierta 20\/10\/15. Campeche tendr\u00e1 cadenas productivas para industria petrolera El Financiero 28\/08\/15.\u2026","rel":"","context":"En &quot;Campeche&quot;","block_context":{"text":"Campeche","link":"http:\/\/www.grieta.org.mx\/index.php\/category\/noticias-nacionales\/campeche\/"},"img":{"alt_text":"","src":"https:\/\/i0.wp.com\/www.grieta.org.mx\/wp-content\/uploads\/2018\/03\/14524434_1106112876131411_958039263622046936_o.jpg?resize=350%2C200","width":350,"height":200,"srcset":"https:\/\/i0.wp.com\/www.grieta.org.mx\/wp-content\/uploads\/2018\/03\/14524434_1106112876131411_958039263622046936_o.jpg?resize=350%2C200 1x, https:\/\/i0.wp.com\/www.grieta.org.mx\/wp-content\/uploads\/2018\/03\/14524434_1106112876131411_958039263622046936_o.jpg?resize=525%2C300 1.5x, https:\/\/i0.wp.com\/www.grieta.org.mx\/wp-content\/uploads\/2018\/03\/14524434_1106112876131411_958039263622046936_o.jpg?resize=700%2C400 2x"},"classes":[]},{"id":1737,"url":"http:\/\/www.grieta.org.mx\/index.php\/2015\/05\/05\/typhoon-investiga-accidente-en-plataforma-de-campeche\/","url_meta":{"origin":1758,"position":4},"title":"Typhoon investiga accidente en plataforma de Campeche","author":"grieta","date":"5 mayo, 2015","format":false,"excerpt":"La empresa confirm\u00f3 la muerte de dos de sus trabajadores, mientras que 10 m\u00e1s resultaron heridos cuando la plataforma se posicionaba para dar servicio de mantenimiento a pozos en el Golfo de M\u00e9xico. 05.05.2015 CIUDAD DE M\u00c9XICO.- La empresa Typhoon Offshore -en asociaci\u00f3n con Harren & Partner- inform\u00f3 que en\u2026","rel":"","context":"En &quot;campeche&quot;","block_context":{"text":"campeche","link":"http:\/\/www.grieta.org.mx\/index.php\/category\/campeche\/"},"img":{"alt_text":"","src":"https:\/\/i0.wp.com\/www.grieta.org.mx\/wp-content\/uploads\/2018\/03\/14524434_1106112876131411_958039263622046936_o.jpg?resize=350%2C200","width":350,"height":200,"srcset":"https:\/\/i0.wp.com\/www.grieta.org.mx\/wp-content\/uploads\/2018\/03\/14524434_1106112876131411_958039263622046936_o.jpg?resize=350%2C200 1x, https:\/\/i0.wp.com\/www.grieta.org.mx\/wp-content\/uploads\/2018\/03\/14524434_1106112876131411_958039263622046936_o.jpg?resize=525%2C300 1.5x, https:\/\/i0.wp.com\/www.grieta.org.mx\/wp-content\/uploads\/2018\/03\/14524434_1106112876131411_958039263622046936_o.jpg?resize=700%2C400 2x"},"classes":[]},{"id":2232,"url":"http:\/\/www.grieta.org.mx\/index.php\/2016\/02\/06\/pescadores-aseguran-que-pemex-ha-iniciado-perforacion-de-pozos-en-campeche\/","url_meta":{"origin":1758,"position":5},"title":"Pescadores aseguran que PEMEX ha iniciado perforaci\u00f3n de pozos en Campeche","author":"grieta","date":"6 febrero, 2016","format":false,"excerpt":"Redacci\u00f3n Desde el balc\u00f3n Desde hace m\u00e1s de seis meses dos plataformas petroleras realizan diversos trabajos a unos 15 kil\u00f3metros de la costa de Seybaplaya y Champot\u00f3n. Campeche, 06 de febrero de 2016.\u2013 Pescadores de Seybaplaya y Champot\u00f3n exigieron a Petr\u00f3leos Mexicanos (PEMEX) y al Gobierno del Estado de Campeche\u2026","rel":"","context":"En &quot;campeche&quot;","block_context":{"text":"campeche","link":"http:\/\/www.grieta.org.mx\/index.php\/category\/campeche\/"},"img":{"alt_text":"","src":"https:\/\/i0.wp.com\/www.grieta.org.mx\/wp-content\/uploads\/2018\/03\/14524434_1106112876131411_958039263622046936_o.jpg?resize=350%2C200","width":350,"height":200,"srcset":"https:\/\/i0.wp.com\/www.grieta.org.mx\/wp-content\/uploads\/2018\/03\/14524434_1106112876131411_958039263622046936_o.jpg?resize=350%2C200 1x, https:\/\/i0.wp.com\/www.grieta.org.mx\/wp-content\/uploads\/2018\/03\/14524434_1106112876131411_958039263622046936_o.jpg?resize=525%2C300 1.5x, https:\/\/i0.wp.com\/www.grieta.org.mx\/wp-content\/uploads\/2018\/03\/14524434_1106112876131411_958039263622046936_o.jpg?resize=700%2C400 2x"},"classes":[]}],"_links":{"self":[{"href":"http:\/\/www.grieta.org.mx\/index.php\/wp-json\/wp\/v2\/posts\/1758","targetHints":{"allow":["GET"]}}],"collection":[{"href":"http:\/\/www.grieta.org.mx\/index.php\/wp-json\/wp\/v2\/posts"}],"about":[{"href":"http:\/\/www.grieta.org.mx\/index.php\/wp-json\/wp\/v2\/types\/post"}],"author":[{"embeddable":true,"href":"http:\/\/www.grieta.org.mx\/index.php\/wp-json\/wp\/v2\/users\/2"}],"replies":[{"embeddable":true,"href":"http:\/\/www.grieta.org.mx\/index.php\/wp-json\/wp\/v2\/comments?post=1758"}],"version-history":[{"count":1,"href":"http:\/\/www.grieta.org.mx\/index.php\/wp-json\/wp\/v2\/posts\/1758\/revisions"}],"predecessor-version":[{"id":1759,"href":"http:\/\/www.grieta.org.mx\/index.php\/wp-json\/wp\/v2\/posts\/1758\/revisions\/1759"}],"wp:featuredmedia":[{"embeddable":true,"href":"http:\/\/www.grieta.org.mx\/index.php\/wp-json\/wp\/v2\/media\/21928"}],"wp:attachment":[{"href":"http:\/\/www.grieta.org.mx\/index.php\/wp-json\/wp\/v2\/media?parent=1758"}],"wp:term":[{"taxonomy":"category","embeddable":true,"href":"http:\/\/www.grieta.org.mx\/index.php\/wp-json\/wp\/v2\/categories?post=1758"},{"taxonomy":"post_tag","embeddable":true,"href":"http:\/\/www.grieta.org.mx\/index.php\/wp-json\/wp\/v2\/tags?post=1758"}],"curies":[{"name":"wp","href":"https:\/\/api.w.org\/{rel}","templated":true}]}}