{"id":1754,"date":"2016-01-24T17:39:47","date_gmt":"2016-01-24T17:39:47","guid":{"rendered":"http:\/\/50.22.11.12\/~grietaor\/?p=1754"},"modified":"2016-03-09T17:52:24","modified_gmt":"2016-03-09T17:52:24","slug":"nueva-explosion-de-pemex-en-la-sonda-de-campeche","status":"publish","type":"post","link":"http:\/\/www.grieta.org.mx\/index.php\/2016\/01\/24\/nueva-explosion-de-pemex-en-la-sonda-de-campeche\/","title":{"rendered":"Nueva explosi\u00f3n de Pemex en la Sonda de Campeche"},"content":{"rendered":"<p>Ahora fue en el cuarto de m\u00e1quinas de la plataforma Zaap-E, en el principal complejo de producci\u00f3n de petr\u00f3leo, el Ku-Maloob-Zaap, y Pemex da a conocer que no hubo lesionados, ni muertos.<\/p>\n<p>Por Daniel S\u00e1nchez<\/p>\n<p>CIUDAD DEL CARMEN, Cam. 23 de enero del 2016.- Un nuevo accidente se registr\u00f3 en la Sonda de Campeche. Ahora fue una explosi\u00f3n en el cuarto de m\u00e1quinas de la plataforma Zaap-E, en el principal complejo de producci\u00f3n de petr\u00f3leo, el Ku-Maloob-Zaap.<\/p>\n<p>La empresa Petr\u00f3leos Mexicanos report\u00f3 el incendio como sofocado, pero no dio a conocer la hora en que se presentaron los hechos, y mencion\u00f3 que ninguno de los 97 trabajadores de la estructura result\u00f3 lesionado o muerto, ya que se logr\u00f3 evacuarlos con oportunidad.<\/p>\n<p>La compa\u00f1\u00eda petrolera mexicana s\u00f3lo inform\u00f3 del accidente a trav\u00e9s de las redes sociales y manifest\u00f3 que hasta la noche del s\u00e1bado, \u201cno se reportan lesionados por el incendio en la plataforma Zaap-E, el cual qued\u00f3 ya sofocado\u201d.<\/p>\n<p>Manifest\u00f3 que con el apoyo de tres embarcaciones, fueron desalojados 97 trabajadores que se encontraban en la Zaap-E.<\/p>\n<p>Pemex se\u00f1al\u00f3 que \u201cde inmediato, se activ\u00f3 el plan interno de respuesta a emergencias y llev\u00f3 a cabo la evacuaci\u00f3n de la plataforma\u201d.<\/p>\n<p>Aclar\u00f3 que \u201cla Zaap-E estaba en proceso de instalaci\u00f3n, fuera de operaci\u00f3n. No existe derrame ni fuga de hidrocarburos\u201d.<\/p>\n<p>El fuego, puntualiz\u00f3, \u201cse suscit\u00f3 en cuarto de m\u00e1quinas de la plataforma Zaap-E en la Sonda de Campeche\u201d.<\/p>\n<p><a href=\"http:\/\/paginabierta.mx\/sitio\/nueva-explosion-de-pemex-en-la-sonda-de-campeche\/\" target=\"_blank\">http:\/\/paginabierta.mx\/sitio\/nueva-explosion-de-pemex-en-la-sonda-de-campeche\/<\/a><\/p>\n","protected":false},"excerpt":{"rendered":"<p>Ahora fue en el cuarto de m\u00e1quinas de la plataforma Zaap-E, en el principal complejo de producci\u00f3n de petr\u00f3leo, el Ku-Maloob-Zaap, y Pemex da a conocer que no hubo lesionados, &hellip; <a href=\"http:\/\/www.grieta.org.mx\/index.php\/2016\/01\/24\/nueva-explosion-de-pemex-en-la-sonda-de-campeche\/\" class=\"more-link\">Leer m\u00e1s<\/a><\/p>\n","protected":false},"author":2,"featured_media":21928,"comment_status":"closed","ping_status":"open","sticky":false,"template":"","format":"standard","meta":{"ngg_post_thumbnail":0,"_jetpack_newsletter_access":"","_jetpack_dont_email_post_to_subs":false,"_jetpack_newsletter_tier_id":0,"_jetpack_memberships_contains_paywalled_content":false,"_jetpack_memberships_contains_paid_content":false,"footnotes":""},"categories":[123,80],"tags":[186,125],"class_list":["post-1754","post","type-post","status-publish","format-standard","has-post-thumbnail","hentry","category-campeche","category-cintillo","tag-accidente","tag-pemex","entry"],"jetpack_featured_media_url":"http:\/\/www.grieta.org.mx\/wp-content\/uploads\/2018\/03\/14524434_1106112876131411_958039263622046936_o.jpg","jetpack_sharing_enabled":true,"jetpack_shortlink":"https:\/\/wp.me\/p7ZJR4-si","jetpack_likes_enabled":false,"jetpack-related-posts":[{"id":68798,"url":"http:\/\/www.grieta.org.mx\/index.php\/2024\/04\/07\/un-trabajador-muerto-y-13-heridos-en-un-incendio-en-una-plataforma-de-pemex-campeche\/","url_meta":{"origin":1754,"position":0},"title":"Un trabajador muerto y 13 heridos en un incendio en una plataforma de Pemex (Campeche)","author":"grieta","date":"7 abril, 2024","format":false,"excerpt":"Pablo Ferri \/ El Pa\u00eds Un incendio en una plataforma de Pemex en Campeche, en el sur de M\u00e9xico, ha dejado un muerto y 13 heridos, seg\u00fan ha confirmado la empresa paraestatal, en un comunicado divulgado este domingo. Pemex no ha dado detalles del origen y los motivos del siniestro.\u2026","rel":"","context":"En &quot;Campeche&quot;","block_context":{"text":"Campeche","link":"http:\/\/www.grieta.org.mx\/index.php\/category\/noticias-nacionales\/campeche\/"},"img":{"alt_text":"","src":"https:\/\/i0.wp.com\/www.grieta.org.mx\/wp-content\/uploads\/2024\/04\/Incendio-e1712951433295.jpg?resize=350%2C200","width":350,"height":200,"srcset":"https:\/\/i0.wp.com\/www.grieta.org.mx\/wp-content\/uploads\/2024\/04\/Incendio-e1712951433295.jpg?resize=350%2C200 1x, https:\/\/i0.wp.com\/www.grieta.org.mx\/wp-content\/uploads\/2024\/04\/Incendio-e1712951433295.jpg?resize=525%2C300 1.5x, https:\/\/i0.wp.com\/www.grieta.org.mx\/wp-content\/uploads\/2024\/04\/Incendio-e1712951433295.jpg?resize=700%2C400 2x"},"classes":[]},{"id":1726,"url":"http:\/\/www.grieta.org.mx\/index.php\/2016\/02\/07\/planean-cadenas-productivas-petroleras-en-la-sonda-campeche-donde-la-explosiones-y-los-accidentes-no-cesan\/","url_meta":{"origin":1754,"position":1},"title":"Planean cadenas productivas petroleras en La Sonda, Campeche, donde la explosiones y los accidentes no cesan","author":"grieta","date":"7 febrero, 2016","format":false,"excerpt":"07\/02\/16. Incendio en plataforma de Pemex de Abkat\u00fan deja tres muertos El Financiero 25\/01\/16. Temen tragedias en plataformas petroleras de Pemex por reducci\u00f3n presupuestal Jorge Castro Comunicaci\u00f3n Digital 24\/01\/16. Nueva explosi\u00f3n de Pemex en la Sonda de Campeche P\u00e1gin@bierta 20\/10\/15. Campeche tendr\u00e1 cadenas productivas para industria petrolera El Financiero 28\/08\/15.\u2026","rel":"","context":"En &quot;Campeche&quot;","block_context":{"text":"Campeche","link":"http:\/\/www.grieta.org.mx\/index.php\/category\/noticias-nacionales\/campeche\/"},"img":{"alt_text":"","src":"https:\/\/i0.wp.com\/www.grieta.org.mx\/wp-content\/uploads\/2018\/03\/14524434_1106112876131411_958039263622046936_o.jpg?resize=350%2C200","width":350,"height":200,"srcset":"https:\/\/i0.wp.com\/www.grieta.org.mx\/wp-content\/uploads\/2018\/03\/14524434_1106112876131411_958039263622046936_o.jpg?resize=350%2C200 1x, https:\/\/i0.wp.com\/www.grieta.org.mx\/wp-content\/uploads\/2018\/03\/14524434_1106112876131411_958039263622046936_o.jpg?resize=525%2C300 1.5x, https:\/\/i0.wp.com\/www.grieta.org.mx\/wp-content\/uploads\/2018\/03\/14524434_1106112876131411_958039263622046936_o.jpg?resize=700%2C400 2x"},"classes":[]},{"id":1758,"url":"http:\/\/www.grieta.org.mx\/index.php\/2016\/01\/25\/temen-tragedias-en-plataformas-petroleras-de-pemex-por-reduccion-presupuestal\/","url_meta":{"origin":1754,"position":2},"title":"Temen tragedias en plataformas petroleras de Pemex por reducci\u00f3n presupuestal","author":"grieta","date":"25 enero, 2016","format":false,"excerpt":"CAMPECHE.- La Uni\u00f3n Nacional de T\u00e9cnicos y Profesionistas Petroleros (UNTyPP) de nueva cuenta lanz\u00f3 un llamado de alerta, ya que debido a las reducciones presupuestales a las que ha sido sometida la empresa productiva del Estado, se est\u00e1 dejando de gastar en el rubro de mantenimiento. El secretario de organizaci\u00f3n\u2026","rel":"","context":"En &quot;campeche&quot;","block_context":{"text":"campeche","link":"http:\/\/www.grieta.org.mx\/index.php\/category\/campeche\/"},"img":{"alt_text":"","src":"https:\/\/i0.wp.com\/www.grieta.org.mx\/wp-content\/uploads\/2018\/03\/14524434_1106112876131411_958039263622046936_o.jpg?resize=350%2C200","width":350,"height":200,"srcset":"https:\/\/i0.wp.com\/www.grieta.org.mx\/wp-content\/uploads\/2018\/03\/14524434_1106112876131411_958039263622046936_o.jpg?resize=350%2C200 1x, https:\/\/i0.wp.com\/www.grieta.org.mx\/wp-content\/uploads\/2018\/03\/14524434_1106112876131411_958039263622046936_o.jpg?resize=525%2C300 1.5x, https:\/\/i0.wp.com\/www.grieta.org.mx\/wp-content\/uploads\/2018\/03\/14524434_1106112876131411_958039263622046936_o.jpg?resize=700%2C400 2x"},"classes":[]},{"id":1728,"url":"http:\/\/www.grieta.org.mx\/index.php\/2015\/06\/22\/pemex-suma-ya-tres-accidentes-en-la-sonda-de-campeche\/","url_meta":{"origin":1754,"position":3},"title":"Pemex suma ya tres accidentes en la Sonda de Campeche","author":"grieta","date":"22 junio, 2015","format":false,"excerpt":"CIUDAD DEL CARMEN.- Con la fuga de gas registrada hoy en la plataforma Akal-H, ubicada en la Sonda de Campeche, Petr\u00f3leos Mexicanos suma ya tres incidentes en sus instalaciones. Abkat\u00fan El primer incidente en el a\u00f1o fue en abril, cuando se registr\u00f3 una mega explosi\u00f3n en la plataforma Abkat\u00fan-Alfa, que\u2026","rel":"","context":"En &quot;campeche&quot;","block_context":{"text":"campeche","link":"http:\/\/www.grieta.org.mx\/index.php\/category\/campeche\/"},"img":{"alt_text":"","src":"https:\/\/i0.wp.com\/www.grieta.org.mx\/wp-content\/uploads\/2018\/03\/14524434_1106112876131411_958039263622046936_o.jpg?resize=350%2C200","width":350,"height":200,"srcset":"https:\/\/i0.wp.com\/www.grieta.org.mx\/wp-content\/uploads\/2018\/03\/14524434_1106112876131411_958039263622046936_o.jpg?resize=350%2C200 1x, https:\/\/i0.wp.com\/www.grieta.org.mx\/wp-content\/uploads\/2018\/03\/14524434_1106112876131411_958039263622046936_o.jpg?resize=525%2C300 1.5x, https:\/\/i0.wp.com\/www.grieta.org.mx\/wp-content\/uploads\/2018\/03\/14524434_1106112876131411_958039263622046936_o.jpg?resize=700%2C400 2x"},"classes":[]},{"id":1737,"url":"http:\/\/www.grieta.org.mx\/index.php\/2015\/05\/05\/typhoon-investiga-accidente-en-plataforma-de-campeche\/","url_meta":{"origin":1754,"position":4},"title":"Typhoon investiga accidente en plataforma de Campeche","author":"grieta","date":"5 mayo, 2015","format":false,"excerpt":"La empresa confirm\u00f3 la muerte de dos de sus trabajadores, mientras que 10 m\u00e1s resultaron heridos cuando la plataforma se posicionaba para dar servicio de mantenimiento a pozos en el Golfo de M\u00e9xico. 05.05.2015 CIUDAD DE M\u00c9XICO.- La empresa Typhoon Offshore -en asociaci\u00f3n con Harren & Partner- inform\u00f3 que en\u2026","rel":"","context":"En &quot;campeche&quot;","block_context":{"text":"campeche","link":"http:\/\/www.grieta.org.mx\/index.php\/category\/campeche\/"},"img":{"alt_text":"","src":"https:\/\/i0.wp.com\/www.grieta.org.mx\/wp-content\/uploads\/2018\/03\/14524434_1106112876131411_958039263622046936_o.jpg?resize=350%2C200","width":350,"height":200,"srcset":"https:\/\/i0.wp.com\/www.grieta.org.mx\/wp-content\/uploads\/2018\/03\/14524434_1106112876131411_958039263622046936_o.jpg?resize=350%2C200 1x, https:\/\/i0.wp.com\/www.grieta.org.mx\/wp-content\/uploads\/2018\/03\/14524434_1106112876131411_958039263622046936_o.jpg?resize=525%2C300 1.5x, https:\/\/i0.wp.com\/www.grieta.org.mx\/wp-content\/uploads\/2018\/03\/14524434_1106112876131411_958039263622046936_o.jpg?resize=700%2C400 2x"},"classes":[]},{"id":1742,"url":"http:\/\/www.grieta.org.mx\/index.php\/2015\/05\/05\/otro-accidente-en-la-sonda-de-campeche-confirma-pemex-2-muertos-y-mas-de-100-evacuados-por-percance-en-plataforma-troll-solution\/","url_meta":{"origin":1754,"position":5},"title":"Otro Accidente en la Sonda de Campeche: Confirma Pemex 2 muertos y m\u00e1s de 100 evacuados por percance en plataforma \u2018Troll Solution\u2019","author":"grieta","date":"5 mayo, 2015","format":false,"excerpt":"La plataforma Troll Solution, instalada frente a costas de Campeche en el Golfo de M\u00e9xico, habr\u00eda sufrido un accidente este martes por el que se lade\u00f3, inform\u00f3 Petr\u00f3leos Mexicanos (Pemex). Dos personas murieron tras el incidente, confirm\u00f3 la paraestatal en su cuenta de Twitter. En su cuenta de Twitter, la\u2026","rel":"","context":"En &quot;campeche&quot;","block_context":{"text":"campeche","link":"http:\/\/www.grieta.org.mx\/index.php\/category\/campeche\/"},"img":{"alt_text":"","src":"https:\/\/i0.wp.com\/www.grieta.org.mx\/wp-content\/uploads\/2018\/03\/14524434_1106112876131411_958039263622046936_o.jpg?resize=350%2C200","width":350,"height":200,"srcset":"https:\/\/i0.wp.com\/www.grieta.org.mx\/wp-content\/uploads\/2018\/03\/14524434_1106112876131411_958039263622046936_o.jpg?resize=350%2C200 1x, https:\/\/i0.wp.com\/www.grieta.org.mx\/wp-content\/uploads\/2018\/03\/14524434_1106112876131411_958039263622046936_o.jpg?resize=525%2C300 1.5x, https:\/\/i0.wp.com\/www.grieta.org.mx\/wp-content\/uploads\/2018\/03\/14524434_1106112876131411_958039263622046936_o.jpg?resize=700%2C400 2x"},"classes":[]}],"_links":{"self":[{"href":"http:\/\/www.grieta.org.mx\/index.php\/wp-json\/wp\/v2\/posts\/1754","targetHints":{"allow":["GET"]}}],"collection":[{"href":"http:\/\/www.grieta.org.mx\/index.php\/wp-json\/wp\/v2\/posts"}],"about":[{"href":"http:\/\/www.grieta.org.mx\/index.php\/wp-json\/wp\/v2\/types\/post"}],"author":[{"embeddable":true,"href":"http:\/\/www.grieta.org.mx\/index.php\/wp-json\/wp\/v2\/users\/2"}],"replies":[{"embeddable":true,"href":"http:\/\/www.grieta.org.mx\/index.php\/wp-json\/wp\/v2\/comments?post=1754"}],"version-history":[{"count":1,"href":"http:\/\/www.grieta.org.mx\/index.php\/wp-json\/wp\/v2\/posts\/1754\/revisions"}],"predecessor-version":[{"id":1755,"href":"http:\/\/www.grieta.org.mx\/index.php\/wp-json\/wp\/v2\/posts\/1754\/revisions\/1755"}],"wp:featuredmedia":[{"embeddable":true,"href":"http:\/\/www.grieta.org.mx\/index.php\/wp-json\/wp\/v2\/media\/21928"}],"wp:attachment":[{"href":"http:\/\/www.grieta.org.mx\/index.php\/wp-json\/wp\/v2\/media?parent=1754"}],"wp:term":[{"taxonomy":"category","embeddable":true,"href":"http:\/\/www.grieta.org.mx\/index.php\/wp-json\/wp\/v2\/categories?post=1754"},{"taxonomy":"post_tag","embeddable":true,"href":"http:\/\/www.grieta.org.mx\/index.php\/wp-json\/wp\/v2\/tags?post=1754"}],"curies":[{"name":"wp","href":"https:\/\/api.w.org\/{rel}","templated":true}]}}