{"id":17485,"date":"2016-07-21T23:19:03","date_gmt":"2016-07-22T04:19:03","guid":{"rendered":"http:\/\/www.grieta.org.mx\/?p=17485"},"modified":"2016-07-22T23:21:11","modified_gmt":"2016-07-23T04:21:11","slug":"estudiantes-de-la-uam-anuncian-movilizacion-tras-cerrazon-al-dialogo","status":"publish","type":"post","link":"http:\/\/www.grieta.org.mx\/index.php\/2016\/07\/21\/estudiantes-de-la-uam-anuncian-movilizacion-tras-cerrazon-al-dialogo\/","title":{"rendered":"Estudiantes de la UAM anuncian movilizaci\u00f3n tras cerraz\u00f3n al di\u00e1logo"},"content":{"rendered":"<p>Ricardo Ortiz<\/p>\n<p><img decoding=\"async\" data-attachment-id=\"17486\" data-permalink=\"http:\/\/www.grieta.org.mx\/index.php\/2016\/07\/21\/estudiantes-de-la-uam-anuncian-movilizacion-tras-cerrazon-al-dialogo\/uam-2-somoselmedio\/\" data-orig-file=\"http:\/\/www.grieta.org.mx\/wp-content\/uploads\/2016\/07\/UAM-2-Somoselmedio.jpg\" data-orig-size=\"700,380\" data-comments-opened=\"0\" data-image-meta=\"{&quot;aperture&quot;:&quot;0&quot;,&quot;credit&quot;:&quot;&quot;,&quot;camera&quot;:&quot;&quot;,&quot;caption&quot;:&quot;&quot;,&quot;created_timestamp&quot;:&quot;0&quot;,&quot;copyright&quot;:&quot;&quot;,&quot;focal_length&quot;:&quot;0&quot;,&quot;iso&quot;:&quot;0&quot;,&quot;shutter_speed&quot;:&quot;0&quot;,&quot;title&quot;:&quot;&quot;,&quot;orientation&quot;:&quot;0&quot;}\" data-image-title=\"UAM 2 Somoselmedio\" data-image-description=\"\" data-image-caption=\"\" data-medium-file=\"http:\/\/www.grieta.org.mx\/wp-content\/uploads\/2016\/07\/UAM-2-Somoselmedio-300x163.jpg\" data-large-file=\"http:\/\/www.grieta.org.mx\/wp-content\/uploads\/2016\/07\/UAM-2-Somoselmedio.jpg\" src=\"http:\/\/www.grieta.org.mx\/wp-content\/uploads\/2016\/07\/UAM-2-Somoselmedio.jpg\" alt=\"UAM 2 Somoselmedio\" width=\"100%\" class=\"aligncenter size-full wp-image-17486\" srcset=\"http:\/\/www.grieta.org.mx\/wp-content\/uploads\/2016\/07\/UAM-2-Somoselmedio.jpg 700w, http:\/\/www.grieta.org.mx\/wp-content\/uploads\/2016\/07\/UAM-2-Somoselmedio-300x163.jpg 300w\" sizes=\"(max-width: 700px) 100vw, 700px\" \/><\/p>\n<p>Foto: Ricardo Ortiz\/Somoselmedio.org<\/p>\n<p>Contin\u00faa el paro en dos unidades y rector\u00eda de Iztapalapa<br \/>\nRicardo Ortiz<\/p>\n<p>CDMX, 21 de julio. Este jueves, estudiantes de la Universidad Aut\u00f3noma Metropolitana, hicieron acto de presencia durante una sesi\u00f3n del Colegio Acad\u00e9mico en la unidad Cuajimalpa, donde se encontraban los rectores de las distintas unidades de dicha casa de estudios, en el que exigieron al rector general Salvador Vega y Le\u00f3n, retome el di\u00e1logo con la Asamblea General de la UAM (AG UAM).<\/p>\n<p>Los estudiantes, anunciaron que son ya m\u00e1s de 15 d\u00edas de paro de las unidades Azcapotzalco, Xochimilco y la rector\u00eda de unidad en Iztapalapa, esto, por el esclarecimiento de la administraci\u00f3n de los recursos de la universidad, sin embargo, puntualizaron que los funcionarios se han mantenido en una actitud de cerraz\u00f3n al no acceder al seguimiento con una mesa de di\u00e1logo.<\/p>\n<p>Asimismo, denunciaron que el Colegio Acad\u00e9mico de la UAM desconoce el pliego petitorio emanado por la AG UAM, as\u00ed como los pliegos petitorios por unidad, lo que representa un retroceso en el di\u00e1logo y apuestan por un desgaste del movimiento estudiantil, enfatizaron.<\/p>\n<p>Tras varias horas de discusi\u00f3n, los voceros de cada unidad, exhortaron a Vega y Le\u00f3n, a que estableciera una fecha de apertura al di\u00e1logo, donde propusieron este viernes 22 a las 16:00 horas en Rector\u00eda General de la UAM, sin embargo, miembros del Colegio mencionaron que se har\u00e1n propuestas para responder a las exigencias de los estudiantes y resolver el conflicto.<\/p>\n<p>Por \u00faltimo, los estudiantes anunciaron que se llevar\u00e1n a cabo una serie de movilizaciones para este viernes 22, desde las diferentes unidades congreg\u00e1ndose en la UAM Xochimilco para partir en punto de las 13:00 horas rumbo a rector\u00eda general.<\/p>\n<p><a href=\"http:\/\/www.somoselmedio.org\/article\/estudiantes-de-la-uam-anuncian-movilizaci%C3%B3n-tras-cerraz%C3%B3n-al-di%C3%A1logo-0\" target=\"_blank\">http:\/\/www.somoselmedio.org\/article\/estudiantes-de-la-uam-anuncian-movilizaci%C3%B3n-tras-cerraz%C3%B3n-al-di%C3%A1logo-0<\/a><\/p>\n","protected":false},"excerpt":{"rendered":"<p>Ricardo Ortiz Foto: Ricardo Ortiz\/Somoselmedio.org Contin\u00faa el paro en dos unidades y rector\u00eda de Iztapalapa Ricardo Ortiz CDMX, 21 de julio. Este jueves, estudiantes de la Universidad Aut\u00f3noma Metropolitana, hicieron &hellip; <a href=\"http:\/\/www.grieta.org.mx\/index.php\/2016\/07\/21\/estudiantes-de-la-uam-anuncian-movilizacion-tras-cerrazon-al-dialogo\/\" class=\"more-link\">Leer m\u00e1s<\/a><\/p>\n","protected":false},"author":2,"featured_media":21928,"comment_status":"closed","ping_status":"closed","sticky":false,"template":"","format":"standard","meta":{"ngg_post_thumbnail":0,"_jetpack_newsletter_access":"","_jetpack_dont_email_post_to_subs":false,"_jetpack_newsletter_tier_id":0,"_jetpack_memberships_contains_paywalled_content":false,"_jetpack_memberships_contains_paid_content":false,"footnotes":""},"categories":[598,80],"tags":[241,619],"class_list":["post-17485","post","type-post","status-publish","format-standard","has-post-thumbnail","hentry","category-cdmx","category-cintillo","tag-paro","tag-uam","entry"],"jetpack_featured_media_url":"http:\/\/www.grieta.org.mx\/wp-content\/uploads\/2018\/03\/14524434_1106112876131411_958039263622046936_o.jpg","jetpack_sharing_enabled":true,"jetpack_shortlink":"https:\/\/wp.me\/p7ZJR4-4y1","jetpack_likes_enabled":false,"jetpack-related-posts":[{"id":16847,"url":"http:\/\/www.grieta.org.mx\/index.php\/2016\/07\/10\/estudiantes-de-la-uam-entran-a-paro-indefinido\/","url_meta":{"origin":17485,"position":0},"title":"Estudiantes de la UAM entran a paro indefinido","author":"grieta","date":"10 julio, 2016","format":false,"excerpt":"RICARDO ORTIZ Fotograf\u00eda: Ricardo Ortiz Exigen trasparencia y piden aumento al Congreso de la Uni\u00f3n Desde el pasado lunes 4 de julio, estudiantes de la Universidad Aut\u00f3noma Metropolitana, anunciaron la toma de la Rector\u00eda General, esto con motivo a la problem\u00e1tica con el otorgamiento de becas para estudiar en el\u2026","rel":"","context":"En &quot;CINTILLO&quot;","block_context":{"text":"CINTILLO","link":"http:\/\/www.grieta.org.mx\/index.php\/category\/cintillo\/"},"img":{"alt_text":"","src":"https:\/\/i0.wp.com\/www.grieta.org.mx\/wp-content\/uploads\/2018\/03\/14524434_1106112876131411_958039263622046936_o.jpg?resize=350%2C200","width":350,"height":200,"srcset":"https:\/\/i0.wp.com\/www.grieta.org.mx\/wp-content\/uploads\/2018\/03\/14524434_1106112876131411_958039263622046936_o.jpg?resize=350%2C200 1x, https:\/\/i0.wp.com\/www.grieta.org.mx\/wp-content\/uploads\/2018\/03\/14524434_1106112876131411_958039263622046936_o.jpg?resize=525%2C300 1.5x, https:\/\/i0.wp.com\/www.grieta.org.mx\/wp-content\/uploads\/2018\/03\/14524434_1106112876131411_958039263622046936_o.jpg?resize=700%2C400 2x"},"classes":[]},{"id":17053,"url":"http:\/\/www.grieta.org.mx\/index.php\/2016\/07\/16\/estudiantes-de-la-uam-reiteran-propuesta-de-dialogo\/","url_meta":{"origin":17485,"position":1},"title":"Estudiantes de la UAM reiteran propuesta de di\u00e1logo","author":"grieta","date":"16 julio, 2016","format":false,"excerpt":"Por Arturo S\u00e1nchez Jim\u00e9nez Representantes de la Asamblea General de la UAM acuden a la Rector\u00eda General de esta instituci\u00f3n para buscar dialogar con el titular de la rector\u00eda. Foto Mar\u00eda Luisa Severiano Ciudad de M\u00e9xico. Para los estudiantes de la Universidad Aut\u00f3noma Metropolitana (UAM) el conflicto que se vive\u2026","rel":"","context":"En &quot;CINTILLO&quot;","block_context":{"text":"CINTILLO","link":"http:\/\/www.grieta.org.mx\/index.php\/category\/cintillo\/"},"img":{"alt_text":"","src":"https:\/\/i0.wp.com\/www.grieta.org.mx\/wp-content\/uploads\/2018\/03\/14524434_1106112876131411_958039263622046936_o.jpg?resize=350%2C200","width":350,"height":200,"srcset":"https:\/\/i0.wp.com\/www.grieta.org.mx\/wp-content\/uploads\/2018\/03\/14524434_1106112876131411_958039263622046936_o.jpg?resize=350%2C200 1x, https:\/\/i0.wp.com\/www.grieta.org.mx\/wp-content\/uploads\/2018\/03\/14524434_1106112876131411_958039263622046936_o.jpg?resize=525%2C300 1.5x, https:\/\/i0.wp.com\/www.grieta.org.mx\/wp-content\/uploads\/2018\/03\/14524434_1106112876131411_958039263622046936_o.jpg?resize=700%2C400 2x"},"classes":[]},{"id":17281,"url":"http:\/\/www.grieta.org.mx\/index.php\/2016\/07\/18\/a-que-le-temen-los-rectores-estudiantes-de-la-uam\/","url_meta":{"origin":17485,"position":2},"title":"\u201c\u00bfA qu\u00e9 le temen los rectores?\u201d: estudiantes de la UAM","author":"grieta","date":"18 julio, 2016","format":false,"excerpt":"Ricardo Ortiz Fotograf\u00eda: Comunicaci\u00f3n UAM \"Esta lucha es por la UAM, pero tambi\u00e9n por la defensa de la Universidad P\u00fablica\" Ciudad de m\u00e9xico, 18 de julio de 2016.- Desde el pasado lunes 4 de julio, estudiantes de la Universidad Aut\u00f3noma Metropolitana (UAM), anunciaron la toma de la Rector\u00eda General, esto\u2026","rel":"","context":"En &quot;CINTILLO&quot;","block_context":{"text":"CINTILLO","link":"http:\/\/www.grieta.org.mx\/index.php\/category\/cintillo\/"},"img":{"alt_text":"","src":"https:\/\/i0.wp.com\/www.grieta.org.mx\/wp-content\/uploads\/2018\/03\/14524434_1106112876131411_958039263622046936_o.jpg?resize=350%2C200","width":350,"height":200,"srcset":"https:\/\/i0.wp.com\/www.grieta.org.mx\/wp-content\/uploads\/2018\/03\/14524434_1106112876131411_958039263622046936_o.jpg?resize=350%2C200 1x, https:\/\/i0.wp.com\/www.grieta.org.mx\/wp-content\/uploads\/2018\/03\/14524434_1106112876131411_958039263622046936_o.jpg?resize=525%2C300 1.5x, https:\/\/i0.wp.com\/www.grieta.org.mx\/wp-content\/uploads\/2018\/03\/14524434_1106112876131411_958039263622046936_o.jpg?resize=700%2C400 2x"},"classes":[]},{"id":16851,"url":"http:\/\/www.grieta.org.mx\/index.php\/2016\/07\/10\/primer-paro-de-actividades-en-la-rectoria-general-de-uam\/","url_meta":{"origin":17485,"position":3},"title":"Primer Paro de actividades en la Rector\u00eda General de\u00a0UAM","author":"grieta","date":"10 julio, 2016","format":false,"excerpt":"Por Casta\u00f1eda Ba\u00f1os Jorge Eduardo y Ariadna Jim\u00e9nez Mart\u00ednez Foto: Asamblea Rector\u00eda UAM \u00a0 CDMX \u00a0Balance hasta el 09 de Julio 2016. El 4 de julio alumnos de las tres unidades m\u00e1s grandes de la Universidad Aut\u00f3noma Metropolitana toman en paro de actividades la rector\u00eda general de la universidad debido\u2026","rel":"","context":"En &quot;CINTILLO&quot;","block_context":{"text":"CINTILLO","link":"http:\/\/www.grieta.org.mx\/index.php\/category\/cintillo\/"},"img":{"alt_text":"","src":"https:\/\/i0.wp.com\/www.grieta.org.mx\/wp-content\/uploads\/2018\/03\/14524434_1106112876131411_958039263622046936_o.jpg?resize=350%2C200","width":350,"height":200,"srcset":"https:\/\/i0.wp.com\/www.grieta.org.mx\/wp-content\/uploads\/2018\/03\/14524434_1106112876131411_958039263622046936_o.jpg?resize=350%2C200 1x, https:\/\/i0.wp.com\/www.grieta.org.mx\/wp-content\/uploads\/2018\/03\/14524434_1106112876131411_958039263622046936_o.jpg?resize=525%2C300 1.5x, https:\/\/i0.wp.com\/www.grieta.org.mx\/wp-content\/uploads\/2018\/03\/14524434_1106112876131411_958039263622046936_o.jpg?resize=700%2C400 2x"},"classes":[]},{"id":16864,"url":"http:\/\/www.grieta.org.mx\/index.php\/2016\/07\/14\/sin-respuesta-la-mitad-de-demandas-dicen-estudiantes-de-la-uam\/","url_meta":{"origin":17485,"position":4},"title":"Sin respuesta la mitad de demandas, dicen estudiantes de la UAM","author":"grieta","date":"14 julio, 2016","format":false,"excerpt":"Por Arturo S\u00e1nchez Jim\u00e9nez Di\u00e1logo entre alumnos y el rector de la UAM, el 13 de julio. Foto Roberto Garc\u00eda Ortiz Ciudad de M\u00e9xico. Mientras que los funcionarios de la UAM (Universidad Aut\u00f3noma Metropolitana) dan por atendidas las demandas de sus estudiantes en paro, representantes de la Asamblea General de\u2026","rel":"","context":"En &quot;CINTILLO&quot;","block_context":{"text":"CINTILLO","link":"http:\/\/www.grieta.org.mx\/index.php\/category\/cintillo\/"},"img":{"alt_text":"","src":"https:\/\/i0.wp.com\/www.grieta.org.mx\/wp-content\/uploads\/2018\/03\/14524434_1106112876131411_958039263622046936_o.jpg?resize=350%2C200","width":350,"height":200,"srcset":"https:\/\/i0.wp.com\/www.grieta.org.mx\/wp-content\/uploads\/2018\/03\/14524434_1106112876131411_958039263622046936_o.jpg?resize=350%2C200 1x, https:\/\/i0.wp.com\/www.grieta.org.mx\/wp-content\/uploads\/2018\/03\/14524434_1106112876131411_958039263622046936_o.jpg?resize=525%2C300 1.5x, https:\/\/i0.wp.com\/www.grieta.org.mx\/wp-content\/uploads\/2018\/03\/14524434_1106112876131411_958039263622046936_o.jpg?resize=700%2C400 2x"},"classes":[]},{"id":16858,"url":"http:\/\/www.grieta.org.mx\/index.php\/2016\/07\/15\/solo-el-dialogo-resolvera-los-paros-en-la-uam-estudiantes-inconformes\/","url_meta":{"origin":17485,"position":5},"title":"Solo el di\u00e1logo resolver\u00e1 los paros en la UAM: estudiantes inconformes","author":"grieta","date":"15 julio, 2016","format":false,"excerpt":"Roc\u00edo M\u00e9ndez Robles Autoridades de la UAM expresaron que han atendido \"suficientemente\" las demandas de los paristas, por lo que piden que se \"levanten los paros de labores\" que mantienen desde la semana pasada en las unidades Azcapotzalco y Xochimilco, y que liberen la rector\u00eda de la UAM Iztapalapa, que\u2026","rel":"","context":"En &quot;CINTILLO&quot;","block_context":{"text":"CINTILLO","link":"http:\/\/www.grieta.org.mx\/index.php\/category\/cintillo\/"},"img":{"alt_text":"","src":"https:\/\/i0.wp.com\/www.grieta.org.mx\/wp-content\/uploads\/2018\/03\/14524434_1106112876131411_958039263622046936_o.jpg?resize=350%2C200","width":350,"height":200,"srcset":"https:\/\/i0.wp.com\/www.grieta.org.mx\/wp-content\/uploads\/2018\/03\/14524434_1106112876131411_958039263622046936_o.jpg?resize=350%2C200 1x, https:\/\/i0.wp.com\/www.grieta.org.mx\/wp-content\/uploads\/2018\/03\/14524434_1106112876131411_958039263622046936_o.jpg?resize=525%2C300 1.5x, https:\/\/i0.wp.com\/www.grieta.org.mx\/wp-content\/uploads\/2018\/03\/14524434_1106112876131411_958039263622046936_o.jpg?resize=700%2C400 2x"},"classes":[]}],"_links":{"self":[{"href":"http:\/\/www.grieta.org.mx\/index.php\/wp-json\/wp\/v2\/posts\/17485","targetHints":{"allow":["GET"]}}],"collection":[{"href":"http:\/\/www.grieta.org.mx\/index.php\/wp-json\/wp\/v2\/posts"}],"about":[{"href":"http:\/\/www.grieta.org.mx\/index.php\/wp-json\/wp\/v2\/types\/post"}],"author":[{"embeddable":true,"href":"http:\/\/www.grieta.org.mx\/index.php\/wp-json\/wp\/v2\/users\/2"}],"replies":[{"embeddable":true,"href":"http:\/\/www.grieta.org.mx\/index.php\/wp-json\/wp\/v2\/comments?post=17485"}],"version-history":[{"count":1,"href":"http:\/\/www.grieta.org.mx\/index.php\/wp-json\/wp\/v2\/posts\/17485\/revisions"}],"predecessor-version":[{"id":17487,"href":"http:\/\/www.grieta.org.mx\/index.php\/wp-json\/wp\/v2\/posts\/17485\/revisions\/17487"}],"wp:featuredmedia":[{"embeddable":true,"href":"http:\/\/www.grieta.org.mx\/index.php\/wp-json\/wp\/v2\/media\/21928"}],"wp:attachment":[{"href":"http:\/\/www.grieta.org.mx\/index.php\/wp-json\/wp\/v2\/media?parent=17485"}],"wp:term":[{"taxonomy":"category","embeddable":true,"href":"http:\/\/www.grieta.org.mx\/index.php\/wp-json\/wp\/v2\/categories?post=17485"},{"taxonomy":"post_tag","embeddable":true,"href":"http:\/\/www.grieta.org.mx\/index.php\/wp-json\/wp\/v2\/tags?post=17485"}],"curies":[{"name":"wp","href":"https:\/\/api.w.org\/{rel}","templated":true}]}}