{"id":17438,"date":"2016-07-19T20:01:44","date_gmt":"2016-07-20T01:01:44","guid":{"rendered":"http:\/\/www.grieta.org.mx\/?p=17438"},"modified":"2018-04-11T12:16:31","modified_gmt":"2018-04-11T17:16:31","slug":"arman-protesta-para-exigir-sus-liquidaciones-campeche","status":"publish","type":"post","link":"http:\/\/www.grieta.org.mx\/index.php\/2016\/07\/19\/arman-protesta-para-exigir-sus-liquidaciones-campeche\/","title":{"rendered":"Arman protesta para exigir sus liquidaciones (Campeche)"},"content":{"rendered":"<p>Trabajadores despedidos del Ayuntamiento de Tenabo volvieron a manifestarse ayer en los bajos del Palacio de Gobierno para exigir apoyo estatal para su liquidaci\u00f3n.<\/p>\n<p>Alrededor de 64 ex trabajadores despedidos por el ex edil Daniel Edilberto Cal\u00e1n Canul acudieron a protestar encabezados por la lideresa sindical del Ayuntamiento de Tenabo, Nelly Elizabeth Orozco de la Cruz, y el abogado Carlos Manuel Chab Ruiz, a fin de que les atiendan su reclamo de 13 millones de pesos por concepto de liquidaci\u00f3n, sueldos ca\u00eddos e incremento salarial que se han generado durante los cuatro a\u00f1os que llevan de despedidos.<\/p>\n<p>Cuando entr\u00f3 Cal\u00e1n Canul como alcalde fueron despedidos y, seg\u00fan su reclamo, nunca les pagaron su liquidaci\u00f3n. En los dos \u00faltimos meses el ex edil ha protagonizado esc\u00e1ndalos como chocar ebrio y golpear a su ex pareja en ese municipio.<\/p>\n<p>Los inconformes comentaron que ellos laboraban desde la administraci\u00f3n del ex alcalde Manuel Coll\u00ed, pero sin raz\u00f3n alguna fueron despedidos en el trienio de Cal\u00e1n Canul y recordaron que su caso sigue archivado en el tribunal de Conciliaci\u00f3n y Arbitraje.<\/p>\n<p>Los manifestantes fueron citados el pr\u00f3ximo viernes para atender sus quejas ante la autoridad.<\/p>\n<p><a href=\"http:\/\/expresocampeche.com\/notas\/estado\/2016\/07\/19\/arman-protesta-exigir-sus-liquidaciones\/\" target=\"_blank\">http:\/\/expresocampeche.com\/notas\/estado\/2016\/07\/19\/arman-protesta-exigir-sus-liquidaciones\/<\/a><\/p>\n","protected":false},"excerpt":{"rendered":"<p>Trabajadores despedidos del Ayuntamiento de Tenabo volvieron a manifestarse ayer en los bajos del Palacio de Gobierno para exigir apoyo estatal para su liquidaci\u00f3n. Alrededor de 64 ex trabajadores despedidos &hellip; <a href=\"http:\/\/www.grieta.org.mx\/index.php\/2016\/07\/19\/arman-protesta-para-exigir-sus-liquidaciones-campeche\/\" class=\"more-link\">Leer m\u00e1s<\/a><\/p>\n","protected":false},"author":2,"featured_media":21928,"comment_status":"closed","ping_status":"closed","sticky":false,"template":"","format":"standard","meta":{"ngg_post_thumbnail":0,"_jetpack_newsletter_access":"","_jetpack_dont_email_post_to_subs":false,"_jetpack_newsletter_tier_id":0,"_jetpack_memberships_contains_paywalled_content":false,"_jetpack_memberships_contains_paid_content":false,"footnotes":""},"categories":[123,11,80,1040],"tags":[105,163],"class_list":{"0":"post-17438","1":"post","2":"type-post","3":"status-publish","4":"format-standard","5":"has-post-thumbnail","6":"hentry","7":"category-campeche","9":"category-cintillo","10":"category-conflictos-laborales-en-campeche","11":"tag-derechos-laborales","12":"tag-despidos","13":"entry"},"jetpack_featured_media_url":"http:\/\/www.grieta.org.mx\/wp-content\/uploads\/2018\/03\/14524434_1106112876131411_958039263622046936_o.jpg","jetpack_sharing_enabled":true,"jetpack_shortlink":"https:\/\/wp.me\/p7ZJR4-4xg","jetpack_likes_enabled":false,"jetpack-related-posts":[{"id":40478,"url":"http:\/\/www.grieta.org.mx\/index.php\/2019\/10\/25\/protestan-trabajadores-despedidos-de-farmacias-similares-en-campeche\/","url_meta":{"origin":17438,"position":0},"title":"Protestan trabajadores despedidos de Farmacias Similares en Campeche","author":"grieta","date":"25 octubre, 2019","format":false,"excerpt":"Rosa Santana \/ Proceso CAMPECHE, Cam., (apro).- Trabajadores de las Farmacias Similares despedidos por el cambio de raz\u00f3n social de la empresa, propiedad del magnate V\u00edctor Gonz\u00e1lez Torres, protestaron hoy a las puertas de una de las sucursales donde fueron citados para darles a conocer las condiciones de su liquidaci\u00f3n.\u2026","rel":"","context":"En &quot;Campeche&quot;","block_context":{"text":"Campeche","link":"http:\/\/www.grieta.org.mx\/index.php\/category\/noticias-nacionales\/campeche\/"},"img":{"alt_text":"","src":"https:\/\/i0.wp.com\/www.grieta.org.mx\/wp-content\/uploads\/2018\/03\/14524434_1106112876131411_958039263622046936_o.jpg?resize=350%2C200","width":350,"height":200,"srcset":"https:\/\/i0.wp.com\/www.grieta.org.mx\/wp-content\/uploads\/2018\/03\/14524434_1106112876131411_958039263622046936_o.jpg?resize=350%2C200 1x, https:\/\/i0.wp.com\/www.grieta.org.mx\/wp-content\/uploads\/2018\/03\/14524434_1106112876131411_958039263622046936_o.jpg?resize=525%2C300 1.5x, https:\/\/i0.wp.com\/www.grieta.org.mx\/wp-content\/uploads\/2018\/03\/14524434_1106112876131411_958039263622046936_o.jpg?resize=700%2C400 2x"},"classes":[]},{"id":9598,"url":"http:\/\/www.grieta.org.mx\/index.php\/2016\/09\/10\/conflictos-laborales-en-campeche\/","url_meta":{"origin":17438,"position":1},"title":"Conflictos laborales en Campeche","author":"grieta","date":"10 septiembre, 2016","format":false,"excerpt":"10\/09\/16. Despiden a obreros de PASA por protestar (Campeche) Tribuna 09\/09\/16. Jubilados exigen pago de bonos (Campeche) Tribuna 06\/09\/16. Paran otra vez los polic\u00edas; sin bono (Campeche) Tribuna 30\/08\/16. Bloquean Planta de Nitr\u00f3geno Cantarell (Campeche) Tribuna 20\/08\/16. Paralizan labores en Cobacam (Campeche) Tribuna 12\/08\/16. Plantean demandas empleados del INAH (Campeche)\u2026","rel":"","context":"En &quot;Campeche&quot;","block_context":{"text":"Campeche","link":"http:\/\/www.grieta.org.mx\/index.php\/category\/noticias-nacionales\/campeche\/"},"img":{"alt_text":"","src":"https:\/\/i0.wp.com\/www.grieta.org.mx\/wp-content\/uploads\/2018\/03\/14524434_1106112876131411_958039263622046936_o.jpg?resize=350%2C200","width":350,"height":200,"srcset":"https:\/\/i0.wp.com\/www.grieta.org.mx\/wp-content\/uploads\/2018\/03\/14524434_1106112876131411_958039263622046936_o.jpg?resize=350%2C200 1x, https:\/\/i0.wp.com\/www.grieta.org.mx\/wp-content\/uploads\/2018\/03\/14524434_1106112876131411_958039263622046936_o.jpg?resize=525%2C300 1.5x, https:\/\/i0.wp.com\/www.grieta.org.mx\/wp-content\/uploads\/2018\/03\/14524434_1106112876131411_958039263622046936_o.jpg?resize=700%2C400 2x"},"classes":[]},{"id":29393,"url":"http:\/\/www.grieta.org.mx\/index.php\/2019\/02\/08\/dejan-sin-empleo-a-80-trabajadores-campeche\/","url_meta":{"origin":17438,"position":2},"title":"Dejan sin empleo a 80 trabajadores (Campeche)","author":"grieta","date":"8 febrero, 2019","format":false,"excerpt":"Rafael Can Santos \/ Novedades Campeche Poco m\u00e1s de 80 trabajadores de la maquiladora \u201cTekablank\u201d ubicada sobre la carretera Esc\u00e1rcega-Champot\u00f3n-Campeche fueron despedidos la semana pasada por razones desconocidas, y en el transcurso de \u00e9sta se liquidar\u00e1 a quienes alcancen finiquito, de acuerdo a la Ley Federal del Trabajo. Tras retirar\u2026","rel":"","context":"En &quot;Campeche&quot;","block_context":{"text":"Campeche","link":"http:\/\/www.grieta.org.mx\/index.php\/category\/noticias-nacionales\/campeche\/"},"img":{"alt_text":"","src":"https:\/\/i0.wp.com\/www.grieta.org.mx\/wp-content\/uploads\/2019\/02\/07maquiladora-696x392.jpg?resize=350%2C200","width":350,"height":200,"srcset":"https:\/\/i0.wp.com\/www.grieta.org.mx\/wp-content\/uploads\/2019\/02\/07maquiladora-696x392.jpg?resize=350%2C200 1x, https:\/\/i0.wp.com\/www.grieta.org.mx\/wp-content\/uploads\/2019\/02\/07maquiladora-696x392.jpg?resize=525%2C300 1.5x"},"classes":[]},{"id":34064,"url":"http:\/\/www.grieta.org.mx\/index.php\/2019\/05\/31\/empleados-de-profeco-en-campeche-protestan-por-el-cierre-de-oficinas\/","url_meta":{"origin":17438,"position":3},"title":"Empleados de Profeco en Campeche protestan por el cierre de oficinas","author":"grieta","date":"31 mayo, 2019","format":false,"excerpt":"Rosa Santana\/Proceso CAMPECHE, Camp. (apro).\u2013 Trabajadores de la delegaci\u00f3n en Campeche de la Procuradur\u00eda Federal del Consumidor (Profeco) marcharon este viernes para pedir al presidente, Andr\u00e9s Manuel L\u00f3pez Obrador, que reconsidere el cierre de sus oficinas. Las delegaciones estatales de la Profeco ser\u00e1n cerradas para dar paso a las Oficinas\u2026","rel":"","context":"En &quot;Campeche&quot;","block_context":{"text":"Campeche","link":"http:\/\/www.grieta.org.mx\/index.php\/category\/noticias-nacionales\/campeche\/"},"img":{"alt_text":"","src":"https:\/\/i0.wp.com\/www.grieta.org.mx\/wp-content\/uploads\/2019\/06\/Profeco-Campeche-OK-1078x800.jpg?resize=350%2C200","width":350,"height":200,"srcset":"https:\/\/i0.wp.com\/www.grieta.org.mx\/wp-content\/uploads\/2019\/06\/Profeco-Campeche-OK-1078x800.jpg?resize=350%2C200 1x, https:\/\/i0.wp.com\/www.grieta.org.mx\/wp-content\/uploads\/2019\/06\/Profeco-Campeche-OK-1078x800.jpg?resize=525%2C300 1.5x, https:\/\/i0.wp.com\/www.grieta.org.mx\/wp-content\/uploads\/2019\/06\/Profeco-Campeche-OK-1078x800.jpg?resize=700%2C400 2x, https:\/\/i0.wp.com\/www.grieta.org.mx\/wp-content\/uploads\/2019\/06\/Profeco-Campeche-OK-1078x800.jpg?resize=1050%2C600 3x"},"classes":[]},{"id":21418,"url":"http:\/\/www.grieta.org.mx\/index.php\/2016\/09\/10\/despiden-a-obreros-de-pasa-por-protestar-campeche\/","url_meta":{"origin":17438,"position":4},"title":"Despiden a obreros de PASA por protestar (Campeche)","author":"grieta","date":"10 septiembre, 2016","format":false,"excerpt":"En represalia por realizar una manifestaci\u00f3n por acoso laboral, los tres empleados de la empresa Promotora Ambiental de la Laguna S.A. de C.V. (PASA), fueron despedidos injustificadamente y sin recibir ninguna indemnizaci\u00f3n. Los obreros viajaron a la capital campechana para presentar su denuncia ante la Junta Local de Conciliaci\u00f3n y\u2026","rel":"","context":"En &quot;Campeche&quot;","block_context":{"text":"Campeche","link":"http:\/\/www.grieta.org.mx\/index.php\/category\/noticias-nacionales\/campeche\/"},"img":{"alt_text":"","src":"https:\/\/i0.wp.com\/www.grieta.org.mx\/wp-content\/uploads\/2018\/03\/14524434_1106112876131411_958039263622046936_o.jpg?resize=350%2C200","width":350,"height":200,"srcset":"https:\/\/i0.wp.com\/www.grieta.org.mx\/wp-content\/uploads\/2018\/03\/14524434_1106112876131411_958039263622046936_o.jpg?resize=350%2C200 1x, https:\/\/i0.wp.com\/www.grieta.org.mx\/wp-content\/uploads\/2018\/03\/14524434_1106112876131411_958039263622046936_o.jpg?resize=525%2C300 1.5x, https:\/\/i0.wp.com\/www.grieta.org.mx\/wp-content\/uploads\/2018\/03\/14524434_1106112876131411_958039263622046936_o.jpg?resize=700%2C400 2x"},"classes":[]},{"id":10390,"url":"http:\/\/www.grieta.org.mx\/index.php\/2016\/04\/13\/culpan-empresa-a-pemex-por-no-pagar-a-despedidos\/","url_meta":{"origin":17438,"position":5},"title":"Culpan empresa a Pemex, por no pagar a despedidos","author":"grieta","date":"13 abril, 2016","format":false,"excerpt":"Por Ronny Aguilar CAMPECHE, Cam. 13 de abril del 2016.- El abogado de la empresa Excel Consultores S.A. de C.V. outsourcing de la compa\u00f1\u00eda de la familia de Mario Avila Lizarraga, Comercializadora Petrolera del Golfo, quien d\u00edas pasados despidi\u00f3 a m\u00e1s de 100 trabajadores, se\u00f1al\u00f3 que no se le pudo\u2026","rel":"","context":"En &quot;campeche&quot;","block_context":{"text":"campeche","link":"http:\/\/www.grieta.org.mx\/index.php\/category\/campeche\/"},"img":{"alt_text":"","src":"https:\/\/i0.wp.com\/www.grieta.org.mx\/wp-content\/uploads\/2018\/03\/14524434_1106112876131411_958039263622046936_o.jpg?resize=350%2C200","width":350,"height":200,"srcset":"https:\/\/i0.wp.com\/www.grieta.org.mx\/wp-content\/uploads\/2018\/03\/14524434_1106112876131411_958039263622046936_o.jpg?resize=350%2C200 1x, https:\/\/i0.wp.com\/www.grieta.org.mx\/wp-content\/uploads\/2018\/03\/14524434_1106112876131411_958039263622046936_o.jpg?resize=525%2C300 1.5x, https:\/\/i0.wp.com\/www.grieta.org.mx\/wp-content\/uploads\/2018\/03\/14524434_1106112876131411_958039263622046936_o.jpg?resize=700%2C400 2x"},"classes":[]}],"_links":{"self":[{"href":"http:\/\/www.grieta.org.mx\/index.php\/wp-json\/wp\/v2\/posts\/17438","targetHints":{"allow":["GET"]}}],"collection":[{"href":"http:\/\/www.grieta.org.mx\/index.php\/wp-json\/wp\/v2\/posts"}],"about":[{"href":"http:\/\/www.grieta.org.mx\/index.php\/wp-json\/wp\/v2\/types\/post"}],"author":[{"embeddable":true,"href":"http:\/\/www.grieta.org.mx\/index.php\/wp-json\/wp\/v2\/users\/2"}],"replies":[{"embeddable":true,"href":"http:\/\/www.grieta.org.mx\/index.php\/wp-json\/wp\/v2\/comments?post=17438"}],"version-history":[{"count":1,"href":"http:\/\/www.grieta.org.mx\/index.php\/wp-json\/wp\/v2\/posts\/17438\/revisions"}],"predecessor-version":[{"id":17440,"href":"http:\/\/www.grieta.org.mx\/index.php\/wp-json\/wp\/v2\/posts\/17438\/revisions\/17440"}],"wp:featuredmedia":[{"embeddable":true,"href":"http:\/\/www.grieta.org.mx\/index.php\/wp-json\/wp\/v2\/media\/21928"}],"wp:attachment":[{"href":"http:\/\/www.grieta.org.mx\/index.php\/wp-json\/wp\/v2\/media?parent=17438"}],"wp:term":[{"taxonomy":"category","embeddable":true,"href":"http:\/\/www.grieta.org.mx\/index.php\/wp-json\/wp\/v2\/categories?post=17438"},{"taxonomy":"post_tag","embeddable":true,"href":"http:\/\/www.grieta.org.mx\/index.php\/wp-json\/wp\/v2\/tags?post=17438"}],"curies":[{"name":"wp","href":"https:\/\/api.w.org\/{rel}","templated":true}]}}