{"id":17426,"date":"2016-07-20T19:06:29","date_gmt":"2016-07-21T00:06:29","guid":{"rendered":"http:\/\/www.grieta.org.mx\/?p=17426"},"modified":"2018-07-03T14:36:58","modified_gmt":"2018-07-03T19:36:58","slug":"denuncian-irregularidades-en-proceso-de-convocatoria-de-reuniones-de-informacion-sobre-ogm-campeche","status":"publish","type":"post","link":"http:\/\/www.grieta.org.mx\/index.php\/2016\/07\/20\/denuncian-irregularidades-en-proceso-de-convocatoria-de-reuniones-de-informacion-sobre-ogm-campeche\/","title":{"rendered":"Denuncian irregularidades en proceso de convocatoria de reuniones de informaci\u00f3n sobre OGM (Campeche)"},"content":{"rendered":"<p>M\u00e9rida, Yucat\u00e1n y Ciudad de M\u00e9xico, 22 de julio del 2016<\/p>\n<p>La Misi\u00f3n de Observaci\u00f3n (MO) de la consulta al pueblo maya sobre la siembra de soya gen\u00e9ticamente modificada ha enviado el d\u00eda de hoy una carta a las autoridades responsables de la misma:<\/p>\n<p>Comisi\u00f3n Nacional para el Desarrollo de los Pueblos Ind\u00edgenas (CDI) y Comisi\u00f3n Intersecretarial de Bioseguridad de los Organismos Gen\u00e9ticamente Modificados y a la Comisi\u00f3n Nacional de los Derechos Humanos como instituci\u00f3n garante del y que debe velar por el cumplimiento de la recomendaci\u00f3n.<\/p>\n<p>Carta en la que se llama su atenci\u00f3n sobre irregularidades en el proceso de convocatoria de reuniones de informaci\u00f3n en las comunidades de Xcupil y Dzibalch\u00e9n que violenta varios de los principios internacionales de la Consulta Ind\u00edgena y no respeta los acuerdos tomados por 31 comunidades mayas, en la sesi\u00f3n del 30 de junio realizada en la tele aula del Centro Cultural \u201cLos Chenes\u201d, como parte de la fase de Acuerdos Previos.<\/p>\n<p>LA CARTA:<\/p>\n<p>M\u00e9rida, Yucat\u00e1n y Ciudad de M\u00e9xico, 20 de julio de 2016<\/p>\n<p>Nuvia Mayorga Delgado.-Directora General de la Comisi\u00f3n Nacional para el Desarrollo de los Pueblos Ind\u00edgenas, Dra. Sol Ortiz Garc\u00eda.- Secretaria Ejecutiva de Comisi\u00f3n Iintersecretarial de Bioseguridad de los Organismos Gen\u00e9ticamente Modificados y Lic. Luis Ra\u00fal Gonz\u00e1lez P\u00e9rez.- Presidente de la Comisi\u00f3n Nacional de los Derechos Humanos. At\u2019n Autoridades responsables de la consulta al Pueblo Maya sobre la siembra de soya gen\u00e9ticamente modificada Estimados servidores p\u00fablicos:<\/p>\n<p>Con el objetivo de contribuir al buen cumplimiento de la sentencia de la Suprema Corte de Justicia de la Naci\u00f3n (499\/15) y la Recomendaci\u00f3n de la CNDH (23\/2015), la Misi\u00f3n de Observaci\u00f3n (MO) de la consulta al pueblo maya sobre la siembra de soya gen\u00e9ticamente modificada, nos permitimos comunicar nuestra preocupaci\u00f3n por la conducta seguida por funcionarios p\u00fablicos responsables del proceso de consulta en el municipio de Hopelch\u00e9n, Campeche, que violenta varios de los principios internacionales de la Consulta Ind\u00edgena y no respeta los acuerdos tomados por 31 comunidades mayas, en la sesi\u00f3n del 30 de junio realizada en la tele aula del Centro Cultural \u201cLos Chenes\u201d, como parte de la fase de Acuerdos Previos. A continuaci\u00f3n hacemos una breve descripci\u00f3n de los hechos:<\/p>\n<p>1. En la citada reuni\u00f3n los representantes de las 31 comunidades presentes firmaron la recepci\u00f3n de la propuesta de Plan de Trabajo y acordaron volver a reunirse el 15 de octubre de 2016, con el objetivo de seguir con los trabajos correspondientes a la fase de acuerdos previos, como consta en el acta circunstanciada y minuta de acuerdos de esta sesi\u00f3n. Los funcionarios a cargo de esta reuni\u00f3n en la tele aula fueron la Dra. Sol Ortiz Garc\u00eda, Secretaria Ejecutiva de CIBIOGEM y el Lic. Pedro Arment\u00eda, Delegado estatal de la CDI en el Estado de Campeche.<\/p>\n<p>2. Debido a problemas con los horarios de transportaci\u00f3n, los representantes de las comunidades de Dzibalch\u00e9n, San Francisco Suctuc e Xcupil, tuvieron la necesidad de retirarse, raz\u00f3n por la cual les fue imposible firmar el acta circunstanciada y minuta de acuerdos antes mencionada. Cabe aclarar que, seg\u00fan sus usos y costumbres, los acuerdos orales que se toman en reuniones o asambleas no requieren de la firma de los participantes para ser v\u00e1lidos para todos los presentes y son respetados incluso por ausentes. Adem\u00e1s los representantes de las tres comunidades ya hab\u00edan firmado y recibido el documento \u201cPlan de trabajo\u201d.<\/p>\n<p>3. Los integrantes de la Misi\u00f3n de Observaci\u00f3n, presentes durante toda la sesi\u00f3n, confirman que el acta fue leida en su totalidad y llevada a imprimir para firma hasta que todos los representantes estuvieron de acuerdo con la misma y que en dicha acta destaca el acuerdo de todas las comunidades presentes de volver a reunirse el 15 de octubre, a fin de disponer de tiempo suficiente para analizar y discutir en sus respectivas comunidades el programa de trabajo y continuar con la fase de acuerdos previos, sin que ning\u00fan representante comunitario o servidor p\u00fablico presente manifestara desacuerdo alguno.<\/p>\n<p>4. Por los dos puntos anteriores, la MO considera que en concordancia con los usos y costumbres de las comunidades del municipio de Hopelch\u00e9n, estos acuerdos son v\u00e1lidos para las 31 comunidades presentes independientemente de que no hayan firmado el acta.<\/p>\n<p>5. Con posterioridad a la sesi\u00f3n (los d\u00edas 9 y 10 de julio) los funcionarios Marco Antonio Ram\u00edrez Vel\u00e1zquez, Subdirector de Pol\u00edticas y Normatividad Internacional de la CIBIOGEM y Gabriel Canul C., responsable de consulta adscrito a la delegaci\u00f3n de Campeche de la CDI, visitaron a los comisarios ejidales de las tres comunidades antes citadas, para ofrecerles establecer una fecha anticipada para adelantar la consulta a la fase informativa, pasando por alto el acuerdo un\u00e1nime de la reuni\u00f3n del 30 de junio, en la que estuvieron los representantes de dichas comunidades, de continuar en la fase de acuerdos previos para el 15 de octubre.<\/p>\n<p>6. En los casos de San Francisco Suctuc y de Xcupil, que cuentan con un comit\u00e9 comunitario elegido para representarlos espec\u00edficamente en esta consulta, los funcionarios mencionados no acudieron a estos comit\u00e9s para establecer acuerdos sobre fechas para la fase informativa de la consulta, sino a los comisarios ejidales, sin considerar que dichos representantes ejidales no son los representantes comunitarios elegidos para la consulta. por la m\u00e1xima autoridad comunitaria que es la asamblea. En su defecto, tomar esta decisi\u00f3n deber\u00eda haberse hecho en asamblea comunitaria, lo cual, como nos ha sido informado por parte de ambos comit\u00e9s, no ocurri\u00f3.<\/p>\n<p>Los hechos citados evidencian que la conducta en que incurrieron los funcionarios Marco Antonio Vel\u00e1zquez y Gabriel Canul, son contrarias a los acuerdos tomados con los representantes de las 31 comunidades en la sesi\u00f3n del 30 de junio.<\/p>\n<p>Este comportamiento viola los principios de buena fe, consulta informada y procedimientos culturalmente adecuados establecidos por la sentencia de la SCJN, la Recomendaci\u00f3n de la CNDH y los est\u00e1ndares internacionales sobre derechos de pueblos ind\u00edgenas, que deben acatar las dependencias responsables de este proceso.<\/p>\n<p>La MO externa su preocupaci\u00f3n de que estas acciones propicien la divisi\u00f3n de las comunidades mayas, toda vez que la b\u00fasqueda de acuerdos espec\u00edficos, comunidad por comunidad, generan ritmos diferenciados fuera del marco de los acuerdos conjuntos tomados con las autoridades; pueden desvirtuar los consensos internos alcanzados por las comunidades, mermar su inter\u00e9s en este proceso y contribuir a perder su confianza en las autoridades encargadas de esta consulta.<\/p>\n<p>Asimismo, esta conducta se sumar\u00eda al conjunto de irregularidades se\u00f1aladas por la MO en diversos reportes consultaindigenamaya.org Con miras a que las dependencias responsables cumplan cabalmente con el fallo de la SCJN y la Recomendaci\u00f3n de la CNDH, la MO hace un llamado urgente para que los acuerdos tomados en la sesi\u00f3n del 30 de junio en la tele aula del Centro Cultural \u201cLos Chenes\u201d, con los representantes de las 31 comunidades de Hopelch\u00e9n, sean respetados y en consecuencia se cumpla con el calendario acordado para el 15 de octubre y no se lleven a cabo las reuniones informativas convocada para el 23 y el 24 del presente en Xcupil y Dzibalch\u00e9n que vulneran los tiempos y procedimientos de decisi\u00f3n del pueblo maya.<\/p>\n<p>Atentamente<\/p>\n<p>Misi\u00f3n de Observaci\u00f3n de la consulta al pueblo maya conformada por las siguientes organizaciones:<\/p>\n<p>Colegio de Antrop\u00f3logos de Yucat\u00e1n, A. C. Investigador\/es del Centro de Investigaciones y Estudios Superiores en Antropolog\u00eda Social, Pen\u00ednsula de Yucat\u00e1n Investigador\/es del Instituto Nacional de Antropolog\u00eda e Historia-Centro INAH Yucat\u00e1n Investigador\/es de la Universidad Aut\u00f3noma de Campeche Investigador\/es de la Universidad Aut\u00f3noma de Yucat\u00e1n Fundar, Centro de An\u00e1lisis e Investigaci\u00f3n Centro de Derechos Humanos, Fray Francisco de Vitoria Red Nacional de Organismos Civiles de Derechos Humanos Todos los Derechos para Todas y Todos Comisi\u00f3n Mexicana de Defensa y Promoci\u00f3n de los Derechos Humanos Centro de Investigaci\u00f3n de la Efectividad de los Derechos Humanos Investigaci\u00f3n y Educaci\u00f3n Popular Autogestiva, A. C. Asociaci\u00f3n de Consumidores Org\u00e1nicos Oxfam M\u00e9xico Demanda Colectiva Ma\u00edz Campa\u00f1a Sin Ma\u00edz no hay pa\u00eds V\u00eda Org\u00e1nica, A. C. Greenpeace M\u00e9xico M\u00e9xico v\u00eda Berl\u00edn e. V. Educaci\u00f3n, Cultura y Ecolog\u00eda, A. C. Servicios y Asesor\u00eda para la Paz, A. C. Kookay Ciencia Social Alternativa, A. C. Proyecto Utop\u00eda de Yucat\u00e1n, A.C, Radio Yu\u2019Yuum Di\u00e1logo y Movimiento, A. C. C.C.P.- PEDRO ARMIENTA DELEGADO ESTATAL DE LA CDI EN CAMPECHE. C.C.P.- DAVID RICARDO CHAY VELA.-DIRECTOR DEL CCDI DE HOPELCHEN, CAMPECHE.<\/p>\n<p><a href=\"http:\/\/infolliteras.com\/articulo.php?id=33141\" target=\"_blank\" rel=\"noopener\">http:\/\/infolliteras.com\/articulo.php?id=33141<\/a><\/p>\n","protected":false},"excerpt":{"rendered":"<p>M\u00e9rida, Yucat\u00e1n y Ciudad de M\u00e9xico, 22 de julio del 2016 La Misi\u00f3n de Observaci\u00f3n (MO) de la consulta al pueblo maya sobre la siembra de soya gen\u00e9ticamente modificada ha &hellip; <a href=\"http:\/\/www.grieta.org.mx\/index.php\/2016\/07\/20\/denuncian-irregularidades-en-proceso-de-convocatoria-de-reuniones-de-informacion-sobre-ogm-campeche\/\" class=\"more-link\">Leer m\u00e1s<\/a><\/p>\n","protected":false},"author":2,"featured_media":21928,"comment_status":"closed","ping_status":"closed","sticky":false,"template":"","format":"standard","meta":{"ngg_post_thumbnail":0,"_jetpack_newsletter_access":"","_jetpack_dont_email_post_to_subs":false,"_jetpack_newsletter_tier_id":0,"_jetpack_memberships_contains_paywalled_content":false,"_jetpack_memberships_contains_paid_content":false,"footnotes":""},"categories":[60,123,11,80,958,976,984,1,2,28,1151,1152,1153,36],"tags":[161,159],"class_list":{"0":"post-17426","1":"post","2":"type-post","3":"status-publish","4":"format-standard","5":"has-post-thumbnail","6":"hentry","7":"category-16-pueblo-maya","8":"category-campeche","10":"category-cintillo","11":"category-esp-campeche","12":"category-esp-quintana-roo","13":"category-esp-yucatan","14":"category-espejos-de-la-resistencia","15":"category-noticias-nacionales","16":"category-quintana-roo","17":"category-se-organizan-para-frenar-avance-de-transgenicos-en-yucatan-campeche-y-quintana-roo","18":"category-se-organizan-para-frenar-avance-de-transgenicos-en-yucatan-campeche-y-quintana-roo-yucatan","19":"category-se-organizan-para-frenar-avance-de-transgenicos-en-yucatan-campeche-y-quintana-roo-quintana-roo","20":"category-yucatan","21":"tag-monsanto","22":"tag-transgenicos","23":"entry"},"jetpack_featured_media_url":"http:\/\/www.grieta.org.mx\/wp-content\/uploads\/2018\/03\/14524434_1106112876131411_958039263622046936_o.jpg","jetpack_sharing_enabled":true,"jetpack_shortlink":"https:\/\/wp.me\/p7ZJR4-4x4","jetpack_likes_enabled":false,"jetpack-related-posts":[{"id":17044,"url":"http:\/\/www.grieta.org.mx\/index.php\/2016\/07\/05\/dicen-no-a-transgenicos-campeche\/","url_meta":{"origin":17426,"position":0},"title":"Dicen no a transg\u00e9nicos (Campeche)","author":"grieta","date":"5 julio, 2016","format":false,"excerpt":"Hopelch\u00e9n: En Iturbide no se sembrar\u00e1 ning\u00fan cent\u00edmetro de soya transg\u00e9nica, advirti\u00f3 el comisario ejidal Abelardo Brice\u00f1o Montoy, quien dijo que en asamblea, los ejidatarios acordaron que no se d\u00e9 lugar a cultivos con semillas gen\u00e9ticamente modificadas, pues ponen en riesgo al sector ap\u00edcola. En entrevista con TRIBUNA la autoridad\u2026","rel":"","context":"En &quot;16. Pueblo Maya&quot;","block_context":{"text":"16. Pueblo Maya","link":"http:\/\/www.grieta.org.mx\/index.php\/category\/espejos-de-la-resistencia\/16-pueblo-maya\/"},"img":{"alt_text":"","src":"https:\/\/i0.wp.com\/www.grieta.org.mx\/wp-content\/uploads\/2018\/03\/14524434_1106112876131411_958039263622046936_o.jpg?resize=350%2C200","width":350,"height":200,"srcset":"https:\/\/i0.wp.com\/www.grieta.org.mx\/wp-content\/uploads\/2018\/03\/14524434_1106112876131411_958039263622046936_o.jpg?resize=350%2C200 1x, https:\/\/i0.wp.com\/www.grieta.org.mx\/wp-content\/uploads\/2018\/03\/14524434_1106112876131411_958039263622046936_o.jpg?resize=525%2C300 1.5x, https:\/\/i0.wp.com\/www.grieta.org.mx\/wp-content\/uploads\/2018\/03\/14524434_1106112876131411_958039263622046936_o.jpg?resize=700%2C400 2x"},"classes":[]},{"id":912,"url":"http:\/\/www.grieta.org.mx\/index.php\/2016\/09\/13\/se-organizan-para-frenar-avance-de-transgenicos-en-yucatan-campeche-y-quintana-roo\/","url_meta":{"origin":17426,"position":1},"title":"Se organizan para frenar avance de transg\u00e9nicos en Yucat\u00e1n, Campeche y Quintana Roo","author":"grieta","date":"13 septiembre, 2016","format":false,"excerpt":"13\/04\/16. Conformaci\u00f3n de la Misi\u00f3n de Observaci\u00f3n de la Consulta al pueblo Maya sobre la siembra de soya gen\u00e9ticamente modificada de la empresa Monsanto Cayacyucatan 01\/04\/16. Irregularidades en Consulta Ind\u00edgena sobre la siembra de soya gen\u00e9ticamente en Campeche Infolliteras 22\/02\/16. Campeche, en mapa global sobre Riesgos Ambientales. Lo catalogan por\u2026","rel":"","context":"En &quot;16. Pueblo Maya&quot;","block_context":{"text":"16. Pueblo Maya","link":"http:\/\/www.grieta.org.mx\/index.php\/category\/espejos-de-la-resistencia\/16-pueblo-maya\/"},"img":{"alt_text":"","src":"https:\/\/i0.wp.com\/www.grieta.org.mx\/wp-content\/uploads\/2018\/03\/14524434_1106112876131411_958039263622046936_o.jpg?resize=350%2C200","width":350,"height":200,"srcset":"https:\/\/i0.wp.com\/www.grieta.org.mx\/wp-content\/uploads\/2018\/03\/14524434_1106112876131411_958039263622046936_o.jpg?resize=350%2C200 1x, https:\/\/i0.wp.com\/www.grieta.org.mx\/wp-content\/uploads\/2018\/03\/14524434_1106112876131411_958039263622046936_o.jpg?resize=525%2C300 1.5x, https:\/\/i0.wp.com\/www.grieta.org.mx\/wp-content\/uploads\/2018\/03\/14524434_1106112876131411_958039263622046936_o.jpg?resize=700%2C400 2x"},"classes":[]},{"id":17435,"url":"http:\/\/www.grieta.org.mx\/index.php\/2016\/07\/20\/firmas-contra-transgenicos-campeche\/","url_meta":{"origin":17426,"position":2},"title":"Firmas contra transg\u00e9nicos (Campeche)","author":"grieta","date":"20 julio, 2016","format":false,"excerpt":"Ejidatarios de Iturbide, Hopelch\u00e9n, entregaron ayer documento con 540 firmas a la Comisi\u00f3n de Derechos Humanos del Estado de Campeche (Codhecam), en que rechazan la siembra de soya transg\u00e9nica, ya que la consideran da\u00f1ina para la salud y de inter\u00e9s exclusivo de menonitas. Los comisarios ejidal y municipal Abelardo Brice\u00f1o\u2026","rel":"","context":"En &quot;16. Pueblo Maya&quot;","block_context":{"text":"16. Pueblo Maya","link":"http:\/\/www.grieta.org.mx\/index.php\/category\/espejos-de-la-resistencia\/16-pueblo-maya\/"},"img":{"alt_text":"","src":"https:\/\/i0.wp.com\/www.grieta.org.mx\/wp-content\/uploads\/2018\/03\/14524434_1106112876131411_958039263622046936_o.jpg?resize=350%2C200","width":350,"height":200,"srcset":"https:\/\/i0.wp.com\/www.grieta.org.mx\/wp-content\/uploads\/2018\/03\/14524434_1106112876131411_958039263622046936_o.jpg?resize=350%2C200 1x, https:\/\/i0.wp.com\/www.grieta.org.mx\/wp-content\/uploads\/2018\/03\/14524434_1106112876131411_958039263622046936_o.jpg?resize=525%2C300 1.5x, https:\/\/i0.wp.com\/www.grieta.org.mx\/wp-content\/uploads\/2018\/03\/14524434_1106112876131411_958039263622046936_o.jpg?resize=700%2C400 2x"},"classes":[]},{"id":15367,"url":"http:\/\/www.grieta.org.mx\/index.php\/2016\/06\/19\/suspenden-a-monsanto-permiso-de-siembra-de-soya-modificada-en-yucatan\/","url_meta":{"origin":17426,"position":3},"title":"Suspenden a Monsanto permiso de siembra de soya modificada en Yucat\u00e1n","author":"grieta","date":"19 junio, 2016","format":false,"excerpt":"La trasnacional recibi\u00f3 el aviso de parte del sector agropecuario el pasado martes 14 de junio, luego de una resoluci\u00f3n de un juzgado con sede en Yucat\u00e1n; estim\u00f3 que habr\u00eda alrededor de 6 mil agricultores afectados. La empresa productora de semillas Monsanto inform\u00f3 que el pasado martes recibi\u00f3 una notificaci\u00f3n\u2026","rel":"","context":"En &quot;16. Pueblo Maya&quot;","block_context":{"text":"16. Pueblo Maya","link":"http:\/\/www.grieta.org.mx\/index.php\/category\/espejos-de-la-resistencia\/16-pueblo-maya\/"},"img":{"alt_text":"","src":"https:\/\/i0.wp.com\/www.grieta.org.mx\/wp-content\/uploads\/2018\/03\/14524434_1106112876131411_958039263622046936_o.jpg?resize=350%2C200","width":350,"height":200,"srcset":"https:\/\/i0.wp.com\/www.grieta.org.mx\/wp-content\/uploads\/2018\/03\/14524434_1106112876131411_958039263622046936_o.jpg?resize=350%2C200 1x, https:\/\/i0.wp.com\/www.grieta.org.mx\/wp-content\/uploads\/2018\/03\/14524434_1106112876131411_958039263622046936_o.jpg?resize=525%2C300 1.5x, https:\/\/i0.wp.com\/www.grieta.org.mx\/wp-content\/uploads\/2018\/03\/14524434_1106112876131411_958039263622046936_o.jpg?resize=700%2C400 2x"},"classes":[]},{"id":11490,"url":"http:\/\/www.grieta.org.mx\/index.php\/2016\/04\/26\/continua-la-siembra-de-soya-transgenica-en-q-roo\/","url_meta":{"origin":17426,"position":4},"title":"Contin\u00faa la siembra de soya transg\u00e9nica en Q. Roo","author":"grieta","date":"26 abril, 2016","format":false,"excerpt":"Sentencia de amparo no responde la anulaci\u00f3n del permiso que le otorgaron a Monsanto. Javier Ortiz\/SIPSE BACALAR, Q. Roo.- Tras a\u00f1o y medio de esperar resoluci\u00f3n del juez sexto de distrito, productores de ma\u00edz y apicultores de varias comunidades del municipio de Bacalar, se dijeron decepcionados, pues s\u00f3lo recibieron resoluci\u00f3n\u2026","rel":"","context":"En &quot;16. Pueblo Maya&quot;","block_context":{"text":"16. Pueblo Maya","link":"http:\/\/www.grieta.org.mx\/index.php\/category\/espejos-de-la-resistencia\/16-pueblo-maya\/"},"img":{"alt_text":"","src":"https:\/\/i0.wp.com\/www.grieta.org.mx\/wp-content\/uploads\/2018\/03\/14524434_1106112876131411_958039263622046936_o.jpg?resize=350%2C200","width":350,"height":200,"srcset":"https:\/\/i0.wp.com\/www.grieta.org.mx\/wp-content\/uploads\/2018\/03\/14524434_1106112876131411_958039263622046936_o.jpg?resize=350%2C200 1x, https:\/\/i0.wp.com\/www.grieta.org.mx\/wp-content\/uploads\/2018\/03\/14524434_1106112876131411_958039263622046936_o.jpg?resize=525%2C300 1.5x, https:\/\/i0.wp.com\/www.grieta.org.mx\/wp-content\/uploads\/2018\/03\/14524434_1106112876131411_958039263622046936_o.jpg?resize=700%2C400 2x"},"classes":[]},{"id":1459,"url":"http:\/\/www.grieta.org.mx\/index.php\/2015\/10\/08\/autoridades-mayas-de-yucatan-y-campeche-congelan-avance-de-soya-transgenica-de-monsanto\/","url_meta":{"origin":17426,"position":5},"title":"Autoridades mayas de Yucat\u00e1n y Campeche congelan avance de soya transg\u00e9nica de Monsanto","author":"grieta","date":"8 octubre, 2015","format":false,"excerpt":"(08 de octubre, 2015).- La Suprema Corte de Justicia de la Naci\u00f3n (SCJN) acord\u00f3 que el 28 de octubre discutir\u00e1 en paquete los siete recursos de amparo en revisi\u00f3n interpuestos por apicultores de Yucat\u00e1n y Campeche contra la siembra de soya transg\u00e9nica, inform\u00f3 Jorge Fern\u00e1ndez, abogado que apoya a los\u2026","rel":"","context":"En &quot;16. Pueblo Maya&quot;","block_context":{"text":"16. Pueblo Maya","link":"http:\/\/www.grieta.org.mx\/index.php\/category\/espejos-de-la-resistencia\/16-pueblo-maya\/"},"img":{"alt_text":"","src":"https:\/\/i0.wp.com\/www.grieta.org.mx\/wp-content\/uploads\/2018\/03\/14524434_1106112876131411_958039263622046936_o.jpg?resize=350%2C200","width":350,"height":200,"srcset":"https:\/\/i0.wp.com\/www.grieta.org.mx\/wp-content\/uploads\/2018\/03\/14524434_1106112876131411_958039263622046936_o.jpg?resize=350%2C200 1x, https:\/\/i0.wp.com\/www.grieta.org.mx\/wp-content\/uploads\/2018\/03\/14524434_1106112876131411_958039263622046936_o.jpg?resize=525%2C300 1.5x, https:\/\/i0.wp.com\/www.grieta.org.mx\/wp-content\/uploads\/2018\/03\/14524434_1106112876131411_958039263622046936_o.jpg?resize=700%2C400 2x"},"classes":[]}],"_links":{"self":[{"href":"http:\/\/www.grieta.org.mx\/index.php\/wp-json\/wp\/v2\/posts\/17426","targetHints":{"allow":["GET"]}}],"collection":[{"href":"http:\/\/www.grieta.org.mx\/index.php\/wp-json\/wp\/v2\/posts"}],"about":[{"href":"http:\/\/www.grieta.org.mx\/index.php\/wp-json\/wp\/v2\/types\/post"}],"author":[{"embeddable":true,"href":"http:\/\/www.grieta.org.mx\/index.php\/wp-json\/wp\/v2\/users\/2"}],"replies":[{"embeddable":true,"href":"http:\/\/www.grieta.org.mx\/index.php\/wp-json\/wp\/v2\/comments?post=17426"}],"version-history":[{"count":1,"href":"http:\/\/www.grieta.org.mx\/index.php\/wp-json\/wp\/v2\/posts\/17426\/revisions"}],"predecessor-version":[{"id":24135,"href":"http:\/\/www.grieta.org.mx\/index.php\/wp-json\/wp\/v2\/posts\/17426\/revisions\/24135"}],"wp:featuredmedia":[{"embeddable":true,"href":"http:\/\/www.grieta.org.mx\/index.php\/wp-json\/wp\/v2\/media\/21928"}],"wp:attachment":[{"href":"http:\/\/www.grieta.org.mx\/index.php\/wp-json\/wp\/v2\/media?parent=17426"}],"wp:term":[{"taxonomy":"category","embeddable":true,"href":"http:\/\/www.grieta.org.mx\/index.php\/wp-json\/wp\/v2\/categories?post=17426"},{"taxonomy":"post_tag","embeddable":true,"href":"http:\/\/www.grieta.org.mx\/index.php\/wp-json\/wp\/v2\/tags?post=17426"}],"curies":[{"name":"wp","href":"https:\/\/api.w.org\/{rel}","templated":true}]}}