{"id":17300,"date":"2015-09-19T22:39:16","date_gmt":"2015-09-20T03:39:16","guid":{"rendered":"http:\/\/www.grieta.org.mx\/?p=17300"},"modified":"2016-07-20T22:43:14","modified_gmt":"2016-07-21T03:43:14","slug":"atacan-a-balazos-reportero-de-guerrero-resulta-ileso","status":"publish","type":"post","link":"http:\/\/www.grieta.org.mx\/index.php\/2015\/09\/19\/atacan-a-balazos-reportero-de-guerrero-resulta-ileso\/","title":{"rendered":"Atacan a balazos reportero de Guerrero; resulta ileso"},"content":{"rendered":"<div class=\"entry-meta\"><span class=\"entry-byline\">Redacci\u00f3n 24 HORAS<\/span><\/div>\n<div class=\"entry-sharing\">\n<p>El reportero de nota policiaca, Cecilio Pineda Birto, fue a tacado a balazos anoche en su departamento, el cual est\u00e1 ubicado en el centro de la cabecera de Coyuca de Catal\u00e1n, Guerrero, y Sali\u00f3 ileso. \u00a0 El ataque se registr\u00f3 el vienes a las 23:00 horas, cuando un hombre desconocido<\/p>\n<p>El reportero de nota policiaca, Cecilio Pineda Birto, fue a tacado a balazos anoche en su departamento, el cual est\u00e1 ubicado en el centro de la cabecera de Coyuca de Catal\u00e1n, Guerrero, y Sali\u00f3 ileso.<\/p>\n<p>El ataque se registr\u00f3 el vienes a las 23:00 horas, <strong>cuando un hombre desconocido armado con una pistola ingres\u00f3 al departamento que Pineda Birto y su familia habitan<\/strong>. El\u00a0 sujeto amenaz\u00f3 a la familia y cuando el reportero entr\u00f3 al inmueble le dispar\u00f3 en dos ocasiones pero no logr\u00f3 herirlo.<\/p>\n<p>Momento despu\u00e9s el agresor escap\u00f3. Al domicilio acudieron elementos de la\u00a0 Fuerza Estatal, quienes implementaron un dispositivo de seguridad y rastreo, sin que lograran detenerlo.<\/p>\n<p>El reportero dio a conocer que se encontraba bien.<\/p>\n<p>\u201cLe doy gracias a Dios y a las personas que me dieron una segunda oportunidad para estar con ustedes en las redes sociales. Gracias\u201d, escribi\u00f3 a trav\u00e9s de su cuenta de Facebook.<\/p>\n<p>Pineda Birto es reportero del peri\u00f3dico <em>El Debate de los Calentanos<\/em> y en sus notas ha denunciado los v\u00ednculos de alcaldes de la regi\u00f3n de Tierra Caliente con grupos de la delincuencia organizada.<\/p>\n<p><a href=\"http:\/\/www.24-horas.mx\/atacan-a-balazos-reportero-de-guerrero-resulta-ileso\/\">http:\/\/www.24-horas.mx\/atacan-a-balazos-reportero-de-guerrero-resulta-ileso\/<\/a><\/p>\n<\/div>\n","protected":false},"excerpt":{"rendered":"<p>Redacci\u00f3n 24 HORAS El reportero de nota policiaca, Cecilio Pineda Birto, fue a tacado a balazos anoche en su departamento, el cual est\u00e1 ubicado en el centro de la cabecera &hellip; <a href=\"http:\/\/www.grieta.org.mx\/index.php\/2015\/09\/19\/atacan-a-balazos-reportero-de-guerrero-resulta-ileso\/\" class=\"more-link\">Leer m\u00e1s<\/a><\/p>\n","protected":false},"author":2,"featured_media":21928,"comment_status":"closed","ping_status":"closed","sticky":false,"template":"","format":"standard","meta":{"ngg_post_thumbnail":0,"_jetpack_newsletter_access":"","_jetpack_dont_email_post_to_subs":false,"_jetpack_newsletter_tier_id":0,"_jetpack_memberships_contains_paywalled_content":false,"_jetpack_memberships_contains_paid_content":false,"footnotes":""},"categories":[80,320],"tags":[120],"class_list":["post-17300","post","type-post","status-publish","format-standard","has-post-thumbnail","hentry","category-cintillo","category-guerrero","tag-violencia-contra-periodistas","entry"],"jetpack_featured_media_url":"http:\/\/www.grieta.org.mx\/wp-content\/uploads\/2018\/03\/14524434_1106112876131411_958039263622046936_o.jpg","jetpack_sharing_enabled":true,"jetpack_shortlink":"https:\/\/wp.me\/p7ZJR4-4v2","jetpack_likes_enabled":false,"jetpack-related-posts":[{"id":13595,"url":"http:\/\/www.grieta.org.mx\/index.php\/2016\/05\/30\/gasta-gobierno-de-guerrero-en-medios-incluso-inexistantes\/","url_meta":{"origin":17300,"position":0},"title":"Violencia contra periodistas y ataques a la libertad de expresi\u00f3n en Guerrero","author":"grieta","date":"30 mayo, 2016","format":false,"excerpt":"30\/05\/16. Gobierno de Guerrero gast\u00f3 discrecionalmente 18 mdp en 80 medios Proceso 25\/04\/16. Asesinan a periodista Francisco Pacheco en Taxco, Guerrero API 19\/09\/15. Atacan a balazos reportero de Guerrero; resulta ileso 24 Horas 10\/02\/16. Exdiputado perredista amenaza de muerte a corresponsal de Proceso en Guerrero Proceso 02\/16. Es responsabilidad del\u2026","rel":"","context":"En &quot;Guerrero&quot;","block_context":{"text":"Guerrero","link":"http:\/\/www.grieta.org.mx\/index.php\/category\/noticias-nacionales\/guerrero\/"},"img":{"alt_text":"","src":"https:\/\/i0.wp.com\/www.grieta.org.mx\/wp-content\/uploads\/2018\/03\/14524434_1106112876131411_958039263622046936_o.jpg?resize=350%2C200","width":350,"height":200,"srcset":"https:\/\/i0.wp.com\/www.grieta.org.mx\/wp-content\/uploads\/2018\/03\/14524434_1106112876131411_958039263622046936_o.jpg?resize=350%2C200 1x, https:\/\/i0.wp.com\/www.grieta.org.mx\/wp-content\/uploads\/2018\/03\/14524434_1106112876131411_958039263622046936_o.jpg?resize=525%2C300 1.5x, https:\/\/i0.wp.com\/www.grieta.org.mx\/wp-content\/uploads\/2018\/03\/14524434_1106112876131411_958039263622046936_o.jpg?resize=700%2C400 2x"},"classes":[]},{"id":40208,"url":"http:\/\/www.grieta.org.mx\/index.php\/2019\/10\/11\/del-balsas-a-la-sierra-cientos-lo-dejan-todo-en-coyuca-guerrero-acosados-por-grupos-violentos\/","url_meta":{"origin":17300,"position":1},"title":"Del Balsas a la sierra, cientos lo dejan todo en Coyuca, Guerrero, acosados por grupos violentos","author":"Admin","date":"11 octubre, 2019","format":false,"excerpt":"A pesar de que la Secretar\u00eda de Seguridad P\u00fablica de Guerrero no ha confirmado el \u00e9xodo de familias del municipio de Coyuca de Catal\u00e1n, la Secretar\u00eda de Educaci\u00f3n estatal report\u00f3 un disminuci\u00f3n en la matr\u00edcula de estas localidades, as\u00ed como en la ruta a Zihuatanejo, donde hay escuelas cerradas a\u2026","rel":"","context":"En &quot;CINTILLO&quot;","block_context":{"text":"CINTILLO","link":"http:\/\/www.grieta.org.mx\/index.php\/category\/cintillo\/"},"img":{"alt_text":"","src":"https:\/\/i0.wp.com\/www.grieta.org.mx\/wp-content\/uploads\/2019\/10\/captura-de-pantalla-2019-10-11-a-las-12-13-28.png?resize=350%2C200","width":350,"height":200,"srcset":"https:\/\/i0.wp.com\/www.grieta.org.mx\/wp-content\/uploads\/2019\/10\/captura-de-pantalla-2019-10-11-a-las-12-13-28.png?resize=350%2C200 1x, https:\/\/i0.wp.com\/www.grieta.org.mx\/wp-content\/uploads\/2019\/10\/captura-de-pantalla-2019-10-11-a-las-12-13-28.png?resize=525%2C300 1.5x, https:\/\/i0.wp.com\/www.grieta.org.mx\/wp-content\/uploads\/2019\/10\/captura-de-pantalla-2019-10-11-a-las-12-13-28.png?resize=700%2C400 2x, https:\/\/i0.wp.com\/www.grieta.org.mx\/wp-content\/uploads\/2019\/10\/captura-de-pantalla-2019-10-11-a-las-12-13-28.png?resize=1050%2C600 3x"},"classes":[]},{"id":67069,"url":"http:\/\/www.grieta.org.mx\/index.php\/2023\/01\/27\/periodista-ruben-dario-cruz-hernandez-sale-ileso-tras-un-ataque-en-cancun-quintana-roo\/","url_meta":{"origin":17300,"position":2},"title":"Periodista Rub\u00e9n Dar\u00edo Cruz Hern\u00e1ndez sale ileso tras un ataque en Canc\u00fan (Quintana Roo)","author":"grieta","date":"27 enero, 2023","format":false,"excerpt":"El Economista El periodista Rub\u00e9n Dar\u00edo Cruz Hern\u00e1ndez, del peri\u00f3dico \u201c\u00a1Por Esto!\u201d de Quintana Roo, fue atacado a balazos mientras viajaba a bordo de un veh\u00edculo en Canc\u00fan. Este jueves, el periodista Rub\u00e9n Dar\u00edo Cruz Hern\u00e1ndez, del peri\u00f3dico \u201c\u00a1Por Esto!\u201d de Quintana Roo, fue atacado a balazos mientras viajaba a\u2026","rel":"","context":"En &quot;CINTILLO&quot;","block_context":{"text":"CINTILLO","link":"http:\/\/www.grieta.org.mx\/index.php\/category\/cintillo\/"},"img":{"alt_text":"","src":"https:\/\/i0.wp.com\/www.grieta.org.mx\/wp-content\/uploads\/2023\/06\/Periodistas-e1687544648565.jpg?resize=350%2C200","width":350,"height":200,"srcset":"https:\/\/i0.wp.com\/www.grieta.org.mx\/wp-content\/uploads\/2023\/06\/Periodistas-e1687544648565.jpg?resize=350%2C200 1x, https:\/\/i0.wp.com\/www.grieta.org.mx\/wp-content\/uploads\/2023\/06\/Periodistas-e1687544648565.jpg?resize=525%2C300 1.5x, https:\/\/i0.wp.com\/www.grieta.org.mx\/wp-content\/uploads\/2023\/06\/Periodistas-e1687544648565.jpg?resize=700%2C400 2x"},"classes":[]},{"id":25063,"url":"http:\/\/www.grieta.org.mx\/index.php\/2018\/07\/16\/a-balazos-a-golpes-asfixiadas-en-fosas-131-mujeres-asesinadas-en-guerrero-en-lo-que-va-de-2018\/","url_meta":{"origin":17300,"position":3},"title":"A balazos, a golpes, asfixiadas, en fosas: 131 mujeres asesinadas en Guerrero en lo que va de 2018","author":"grieta","date":"16 julio, 2018","format":false,"excerpt":"Integrantes de la Alianza Feminista manifestaron que la violencia contra las mujeres va en aumento en la entidad, y se\u00f1alaron que en 2015 hubo 225 asesinatos; en 2016, 190; en 2017, 163. De acuerdo con un recuento de El Sur, en enero ocurrieron 29 asesinatos de mujeres; en febrero, 23;\u2026","rel":"","context":"En &quot;CINTILLO&quot;","block_context":{"text":"CINTILLO","link":"http:\/\/www.grieta.org.mx\/index.php\/category\/cintillo\/"},"img":{"alt_text":"","src":"https:\/\/i0.wp.com\/www.grieta.org.mx\/wp-content\/uploads\/2018\/07\/feminicidios-1.jpg?resize=350%2C200","width":350,"height":200,"srcset":"https:\/\/i0.wp.com\/www.grieta.org.mx\/wp-content\/uploads\/2018\/07\/feminicidios-1.jpg?resize=350%2C200 1x, https:\/\/i0.wp.com\/www.grieta.org.mx\/wp-content\/uploads\/2018\/07\/feminicidios-1.jpg?resize=525%2C300 1.5x, https:\/\/i0.wp.com\/www.grieta.org.mx\/wp-content\/uploads\/2018\/07\/feminicidios-1.jpg?resize=700%2C400 2x, https:\/\/i0.wp.com\/www.grieta.org.mx\/wp-content\/uploads\/2018\/07\/feminicidios-1.jpg?resize=1050%2C600 3x"},"classes":[]},{"id":38566,"url":"http:\/\/www.grieta.org.mx\/index.php\/2019\/08\/28\/la-violencia-lleva-a-maestros-a-decidir-suspender-clases-en-al-menos-42-escuelas-de-guerrero\/","url_meta":{"origin":17300,"position":4},"title":"La violencia lleva a maestros a decidir suspender clases en al menos 42 escuelas de Guerrero","author":"Admin","date":"28 agosto, 2019","format":false,"excerpt":"Maestros y padres de familia denuncian que las y los menores de edad est\u00e1n en riesgo si se registran hechos de violencia en horario escolar; adem\u00e1s, reclaman que no hay vigilancia de polic\u00edas ni militares. Profesores de comunidades de Guerrero se presentaron este lunes a clases, pero lo hicieron para\u2026","rel":"","context":"En &quot;CINTILLO&quot;","block_context":{"text":"CINTILLO","link":"http:\/\/www.grieta.org.mx\/index.php\/category\/cintillo\/"},"img":{"alt_text":"","src":"https:\/\/i0.wp.com\/www.grieta.org.mx\/wp-content\/uploads\/2019\/08\/pic-2808201905351.jpg?resize=350%2C200","width":350,"height":200,"srcset":"https:\/\/i0.wp.com\/www.grieta.org.mx\/wp-content\/uploads\/2019\/08\/pic-2808201905351.jpg?resize=350%2C200 1x, https:\/\/i0.wp.com\/www.grieta.org.mx\/wp-content\/uploads\/2019\/08\/pic-2808201905351.jpg?resize=525%2C300 1.5x, https:\/\/i0.wp.com\/www.grieta.org.mx\/wp-content\/uploads\/2019\/08\/pic-2808201905351.jpg?resize=700%2C400 2x, https:\/\/i0.wp.com\/www.grieta.org.mx\/wp-content\/uploads\/2019\/08\/pic-2808201905351.jpg?resize=1050%2C600 3x"},"classes":[]},{"id":24039,"url":"http:\/\/www.grieta.org.mx\/index.php\/2017\/10\/15\/guerrero-territorio-minado-para-periodistas\/","url_meta":{"origin":17300,"position":5},"title":"Guerrero, territorio minado para periodistas","author":"grieta","date":"15 octubre, 2017","format":false,"excerpt":"Por Arturo De Dios Palma y Margena de la O Bernardino Hern\u00e1ndez lleva en su auto a dos reporteros de The Washington Post a quienes les da un tour por Acapulco. En la colonia Zapata, dos camionetas los rebasan. El fotoperiodista se detiene a orilla del camino. Desde ah\u00ed ven\u2026","rel":"","context":"En &quot;CINTILLO&quot;","block_context":{"text":"CINTILLO","link":"http:\/\/www.grieta.org.mx\/index.php\/category\/cintillo\/"},"img":{"alt_text":"","src":"https:\/\/i0.wp.com\/www.grieta.org.mx\/wp-content\/uploads\/2018\/03\/14524434_1106112876131411_958039263622046936_o.jpg?resize=350%2C200","width":350,"height":200,"srcset":"https:\/\/i0.wp.com\/www.grieta.org.mx\/wp-content\/uploads\/2018\/03\/14524434_1106112876131411_958039263622046936_o.jpg?resize=350%2C200 1x, https:\/\/i0.wp.com\/www.grieta.org.mx\/wp-content\/uploads\/2018\/03\/14524434_1106112876131411_958039263622046936_o.jpg?resize=525%2C300 1.5x, https:\/\/i0.wp.com\/www.grieta.org.mx\/wp-content\/uploads\/2018\/03\/14524434_1106112876131411_958039263622046936_o.jpg?resize=700%2C400 2x"},"classes":[]}],"_links":{"self":[{"href":"http:\/\/www.grieta.org.mx\/index.php\/wp-json\/wp\/v2\/posts\/17300","targetHints":{"allow":["GET"]}}],"collection":[{"href":"http:\/\/www.grieta.org.mx\/index.php\/wp-json\/wp\/v2\/posts"}],"about":[{"href":"http:\/\/www.grieta.org.mx\/index.php\/wp-json\/wp\/v2\/types\/post"}],"author":[{"embeddable":true,"href":"http:\/\/www.grieta.org.mx\/index.php\/wp-json\/wp\/v2\/users\/2"}],"replies":[{"embeddable":true,"href":"http:\/\/www.grieta.org.mx\/index.php\/wp-json\/wp\/v2\/comments?post=17300"}],"version-history":[{"count":1,"href":"http:\/\/www.grieta.org.mx\/index.php\/wp-json\/wp\/v2\/posts\/17300\/revisions"}],"predecessor-version":[{"id":17301,"href":"http:\/\/www.grieta.org.mx\/index.php\/wp-json\/wp\/v2\/posts\/17300\/revisions\/17301"}],"wp:featuredmedia":[{"embeddable":true,"href":"http:\/\/www.grieta.org.mx\/index.php\/wp-json\/wp\/v2\/media\/21928"}],"wp:attachment":[{"href":"http:\/\/www.grieta.org.mx\/index.php\/wp-json\/wp\/v2\/media?parent=17300"}],"wp:term":[{"taxonomy":"category","embeddable":true,"href":"http:\/\/www.grieta.org.mx\/index.php\/wp-json\/wp\/v2\/categories?post=17300"},{"taxonomy":"post_tag","embeddable":true,"href":"http:\/\/www.grieta.org.mx\/index.php\/wp-json\/wp\/v2\/tags?post=17300"}],"curies":[{"name":"wp","href":"https:\/\/api.w.org\/{rel}","templated":true}]}}