{"id":17243,"date":"2016-07-12T23:23:49","date_gmt":"2016-07-13T04:23:49","guid":{"rendered":"http:\/\/www.grieta.org.mx\/?p=17243"},"modified":"2018-07-07T23:45:38","modified_gmt":"2018-07-08T04:45:38","slug":"nieto-de-zapata-pide-defender-agua-de-cuautla","status":"publish","type":"post","link":"http:\/\/www.grieta.org.mx\/index.php\/2016\/07\/12\/nieto-de-zapata-pide-defender-agua-de-cuautla\/","title":{"rendered":"Nieto de Zapata pide defender agua de Cuautla"},"content":{"rendered":"<p>Redacci\u00f3n Regeneraci\u00f3n<\/p>\n<p>Regeneraci\u00f3n 12 de julio de 2016.- Jorge Zapata, nieto del emblem\u00e1tico Emiliano Zapata emiti\u00f3 una alerta este martes a las organizaciones campesinas y sociales de Morelos con el fin de defender el r\u00edo Cuautla, ya que ayer lleg\u00f3 maquinaria pesada que pretende continuar con la construcci\u00f3n del acueducto de la Hidroe\u00e9ctrica de Huexca.<\/p>\n<p>Hace meses que se inici\u00f3 el pleito; entonces, un grupo de campesinos de Ayala, liderados por Zapata interpusieron un amparo en contra de CFE y la hidroel\u00e9ctrica de Huexca en Yecapixtla, Morelos, mismo que hab\u00eda sido respetado hasta que ayer, alrededor de las 14:00 horas, lleg\u00f3 maquinaria a Apatlaco, municipio de Ayala, argumentando que el amparo ya no era v\u00e1lido y comenzar\u00edan a construir el acueducto.<\/p>\n<p>\u201cPrimero dios vamos a estar pendientes a ver qu\u00e9 pasa y si los ejidos deciden defender su agua la vamos a defender\u2026 van a empezar los fregadazos porque no nos vamos a quedar sin agua\u201d, coment\u00f3 Jorge Zapata, hace dos meses, con respecto a que la Comisi\u00f3n Federal de Electricidad (CFE) contin\u00faa avanzando en la construcci\u00f3n del acueducto para abastecer del l\u00edquido a la termoel\u00e9ctrica construida en el poblado de Huexca.<\/p>\n<p>Zapata fue demandado por la CFE hace cuatro meses cuando lo acusaron de \u201cobstaculizar el progreso\u201d y le reclam\u00f3 el pago de 2 mil 920 millones de pesos por ello; por esta acusaci\u00f3n, el nieto del Caudillo del Sur est\u00e1 defendi\u00e9ndose en Tribunales.<\/p>\n<p>El acueducto, es parte del Proyecto Integral Morelos, que incluye un gasoducto; Jorge Zapata sostuvo que los campesinos de Ayala, se oponen a que se lleven el agua del r\u00edo Cuautla, con la cual riegan los sembrad\u00edos con que mantienen a sus familias, e indic\u00f3 que los ejidatarios tienen concesionadas las aguas y la planta tratadora de Cuautla desde hace a\u00f1os.<\/p>\n<p>Pese a que la maquinaria lleg\u00f3 ayer a Apatlaco, la construcci\u00f3n no se ha llevado a cabo debido a que los campesinos permanecen en el lugar.<\/p>\n<p><a href=\"http:\/\/regeneracion.mx\/nieto-de-zapata-pide-defender-agua-de-cuautla\/\" target=\"_blank\">http:\/\/regeneracion.mx\/nieto-de-zapata-pide-defender-agua-de-cuautla\/<\/a><\/p>\n","protected":false},"excerpt":{"rendered":"<p>Redacci\u00f3n Regeneraci\u00f3n Regeneraci\u00f3n 12 de julio de 2016.- Jorge Zapata, nieto del emblem\u00e1tico Emiliano Zapata emiti\u00f3 una alerta este martes a las organizaciones campesinas y sociales de Morelos con el &hellip; <a href=\"http:\/\/www.grieta.org.mx\/index.php\/2016\/07\/12\/nieto-de-zapata-pide-defender-agua-de-cuautla\/\" class=\"more-link\">Leer m\u00e1s<\/a><\/p>\n","protected":false},"author":2,"featured_media":21928,"comment_status":"closed","ping_status":"closed","sticky":false,"template":"","format":"standard","meta":{"ngg_post_thumbnail":0,"_jetpack_newsletter_access":"","_jetpack_dont_email_post_to_subs":false,"_jetpack_newsletter_tier_id":0,"_jetpack_memberships_contains_paywalled_content":false,"_jetpack_memberships_contains_paid_content":false,"footnotes":""},"categories":[80,22,482,2,1171],"tags":[463,184,96,510],"class_list":{"0":"post-17243","1":"post","2":"type-post","3":"status-publish","4":"format-standard","5":"has-post-thumbnail","6":"hentry","7":"category-cintillo","8":"category-morelos","10":"category-noticias-nacionales","11":"category-rechazo-al-proyecto-integral-morelos-pim-en-morelos","12":"tag-defensa-del-agua","13":"tag-despojo","14":"tag-megaproyectos","15":"tag-proyecto-integral-morelos","16":"entry"},"jetpack_featured_media_url":"http:\/\/www.grieta.org.mx\/wp-content\/uploads\/2018\/03\/14524434_1106112876131411_958039263622046936_o.jpg","jetpack_sharing_enabled":true,"jetpack_shortlink":"https:\/\/wp.me\/p7ZJR4-4u7","jetpack_likes_enabled":false,"jetpack-related-posts":[{"id":17007,"url":"http:\/\/www.grieta.org.mx\/index.php\/2016\/07\/14\/reactivan-planton-en-apatlaco-contra-el-proyecto-integral-morelos-pim\/","url_meta":{"origin":17243,"position":0},"title":"Reactivan plant\u00f3n en Apatlaco, contra el Proyecto Integral Morelos (PIM)","author":"grieta","date":"14 julio, 2016","format":false,"excerpt":"POR GABRIELA MART\u00cdNEZ Ejidatarios y vecinos de la comunidad de San Pedro Apatlaco, municipio de Ayala, reactivaron el plant\u00f3n en contra del acueducto, luego de que maquinaria pesada intent\u00f3 reiniciar los trabajos de introducci\u00f3n del ducto que trasladar\u00e1 agua a la Planta Termoel\u00e9ctrica de Huexca. El ingreso de la maquinaria\u2026","rel":"","context":"En &quot;Morelos&quot;","block_context":{"text":"Morelos","link":"http:\/\/www.grieta.org.mx\/index.php\/category\/noticias-nacionales\/morelos\/"},"img":{"alt_text":"","src":"https:\/\/i0.wp.com\/www.grieta.org.mx\/wp-content\/uploads\/2018\/03\/14524434_1106112876131411_958039263622046936_o.jpg?resize=350%2C200","width":350,"height":200,"srcset":"https:\/\/i0.wp.com\/www.grieta.org.mx\/wp-content\/uploads\/2018\/03\/14524434_1106112876131411_958039263622046936_o.jpg?resize=350%2C200 1x, https:\/\/i0.wp.com\/www.grieta.org.mx\/wp-content\/uploads\/2018\/03\/14524434_1106112876131411_958039263622046936_o.jpg?resize=525%2C300 1.5x, https:\/\/i0.wp.com\/www.grieta.org.mx\/wp-content\/uploads\/2018\/03\/14524434_1106112876131411_958039263622046936_o.jpg?resize=700%2C400 2x"},"classes":[]},{"id":8594,"url":"http:\/\/www.grieta.org.mx\/index.php\/2016\/09\/04\/organizacion-contra-proyecto-integral-morelos\/","url_meta":{"origin":17243,"position":1},"title":"Rechazo al Proyecto Integral Morelos (PIM) en Morelos","author":"grieta","date":"4 septiembre, 2016","format":false,"excerpt":"04\/09\/16. Estancado, el conflicto por el acueducto en San Pedro Apatlaco La Uni\u00f3n de Morelos 01\/09\/16. Cierran filas ejidatarios para impedir infiltraci\u00f3n de agitadores La Uni\u00f3n de Morelos 31\/08\/16. Ofrece el FAM rueda de prensa; Frente de Pueblos refiere que hay 20 detenidos por hechos ocurridos en Apatlaco La Uni\u00f3n\u2026","rel":"","context":"En &quot;Morelos&quot;","block_context":{"text":"Morelos","link":"http:\/\/www.grieta.org.mx\/index.php\/category\/noticias-nacionales\/morelos\/"},"img":{"alt_text":"","src":"https:\/\/i0.wp.com\/www.grieta.org.mx\/wp-content\/uploads\/2018\/03\/14524434_1106112876131411_958039263622046936_o.jpg?resize=350%2C200","width":350,"height":200,"srcset":"https:\/\/i0.wp.com\/www.grieta.org.mx\/wp-content\/uploads\/2018\/03\/14524434_1106112876131411_958039263622046936_o.jpg?resize=350%2C200 1x, https:\/\/i0.wp.com\/www.grieta.org.mx\/wp-content\/uploads\/2018\/03\/14524434_1106112876131411_958039263622046936_o.jpg?resize=525%2C300 1.5x, https:\/\/i0.wp.com\/www.grieta.org.mx\/wp-content\/uploads\/2018\/03\/14524434_1106112876131411_958039263622046936_o.jpg?resize=700%2C400 2x"},"classes":[]},{"id":55442,"url":"http:\/\/www.grieta.org.mx\/index.php\/2020\/11\/25\/pueblos-planean-tomar-carreteras-para-frenar-termoelectrica-de-huexca-morelos-puebla-tlaxcala\/","url_meta":{"origin":17243,"position":2},"title":"Pueblos planean tomar carreteras para frenar termoel\u00e9ctrica de Huexca (Morelos, Puebla, Tlaxcala)","author":"Admin","date":"25 noviembre, 2020","format":false,"excerpt":"Texto y Fotos: Estrella Pedroza \/ La Silla Rota CIUDAD AYALA.- Desde la cuna del agrarismo, los pueblos de Morelos emprendieron acciones de protesta por la irrupci\u00f3n de la Guardia Nacional al plant\u00f3n San Pedro Apatlaco, situado a las orillas del R\u00edo Cuautla en Ciudad Ayala, que se instal\u00f3 desde\u2026","rel":"","context":"En &quot;10. Huexca&quot;","block_context":{"text":"10. Huexca","link":"http:\/\/www.grieta.org.mx\/index.php\/category\/espejos-de-la-resistencia\/10-huexca\/"},"img":{"alt_text":"","src":"https:\/\/i0.wp.com\/www.grieta.org.mx\/wp-content\/uploads\/2020\/11\/Captura-de-Pantalla-2020-11-25-a-las-14.17.48.png?resize=350%2C200","width":350,"height":200,"srcset":"https:\/\/i0.wp.com\/www.grieta.org.mx\/wp-content\/uploads\/2020\/11\/Captura-de-Pantalla-2020-11-25-a-las-14.17.48.png?resize=350%2C200 1x, https:\/\/i0.wp.com\/www.grieta.org.mx\/wp-content\/uploads\/2020\/11\/Captura-de-Pantalla-2020-11-25-a-las-14.17.48.png?resize=525%2C300 1.5x, https:\/\/i0.wp.com\/www.grieta.org.mx\/wp-content\/uploads\/2020\/11\/Captura-de-Pantalla-2020-11-25-a-las-14.17.48.png?resize=700%2C400 2x, https:\/\/i0.wp.com\/www.grieta.org.mx\/wp-content\/uploads\/2020\/11\/Captura-de-Pantalla-2020-11-25-a-las-14.17.48.png?resize=1050%2C600 3x, https:\/\/i0.wp.com\/www.grieta.org.mx\/wp-content\/uploads\/2020\/11\/Captura-de-Pantalla-2020-11-25-a-las-14.17.48.png?resize=1400%2C800 4x"},"classes":[]},{"id":19736,"url":"http:\/\/www.grieta.org.mx\/index.php\/2016\/08\/16\/ejidatarios-exigen-a-conagua-aclarar-concesion-de-agua-a-la-termoelectrica\/","url_meta":{"origin":17243,"position":3},"title":"Ejidatarios exigen a Conagua aclarar concesi\u00f3n de agua a la termoel\u00e9ctrica (MORELOS)","author":"grieta","date":"16 agosto, 2016","format":false,"excerpt":"Mario Vega, Morelos. Ejidatarios y comisariados de los ejidos de Tenextepango, Anenecuilco, Moyotepec, San Vicente de Ju\u00e1rez, Tecomalco, El Salitre, Ahuehueyo, Apatlaco y Villa de Ayala, entre otros, se reunieron de emergencia en las instalaciones de la Asociaci\u00f3n de Usuarios del R\u00edo Cuautla (Asurco) donde acordaron emplazar a la Comisi\u00f3n\u2026","rel":"","context":"En &quot;CINTILLO&quot;","block_context":{"text":"CINTILLO","link":"http:\/\/www.grieta.org.mx\/index.php\/category\/cintillo\/"},"img":{"alt_text":"","src":"https:\/\/i0.wp.com\/www.grieta.org.mx\/wp-content\/uploads\/2018\/03\/14524434_1106112876131411_958039263622046936_o.jpg?resize=350%2C200","width":350,"height":200,"srcset":"https:\/\/i0.wp.com\/www.grieta.org.mx\/wp-content\/uploads\/2018\/03\/14524434_1106112876131411_958039263622046936_o.jpg?resize=350%2C200 1x, https:\/\/i0.wp.com\/www.grieta.org.mx\/wp-content\/uploads\/2018\/03\/14524434_1106112876131411_958039263622046936_o.jpg?resize=525%2C300 1.5x, https:\/\/i0.wp.com\/www.grieta.org.mx\/wp-content\/uploads\/2018\/03\/14524434_1106112876131411_958039263622046936_o.jpg?resize=700%2C400 2x"},"classes":[]},{"id":43123,"url":"http:\/\/www.grieta.org.mx\/index.php\/2019\/06\/27\/fortaleceran-el-planton-de-apatlaco-no-se-moveran-morelos\/","url_meta":{"origin":17243,"position":4},"title":"Fortalecer\u00e1n el plant\u00f3n de Apatlaco; no se mover\u00e1n (Morelos)","author":"grieta","date":"27 junio, 2019","format":false,"excerpt":"Emmanuel Ruiz \/ El Sol de Cuernavaca Luego de que el ayudante municipal de San Pedro Apatlaco, Gerardo Cardoso Vargas, les propusiera reubicar el plant\u00f3n que sostienen en la ribera del r\u00edo Cuautla, en oposici\u00f3n a la conclusi\u00f3n del acueducto del Proyecto Integral Morelos (PIM), los ejidatarios no s\u00f3lo no\u2026","rel":"","context":"En &quot;CINTILLO&quot;","block_context":{"text":"CINTILLO","link":"http:\/\/www.grieta.org.mx\/index.php\/category\/cintillo\/"},"img":{"alt_text":"","src":"https:\/\/i0.wp.com\/www.grieta.org.mx\/wp-content\/uploads\/2020\/01\/Plant%C3%B3n-Apatlaco.jpg?resize=350%2C200","width":350,"height":200,"srcset":"https:\/\/i0.wp.com\/www.grieta.org.mx\/wp-content\/uploads\/2020\/01\/Plant%C3%B3n-Apatlaco.jpg?resize=350%2C200 1x, https:\/\/i0.wp.com\/www.grieta.org.mx\/wp-content\/uploads\/2020\/01\/Plant%C3%B3n-Apatlaco.jpg?resize=525%2C300 1.5x, https:\/\/i0.wp.com\/www.grieta.org.mx\/wp-content\/uploads\/2020\/01\/Plant%C3%B3n-Apatlaco.jpg?resize=700%2C400 2x"},"classes":[]},{"id":39420,"url":"http:\/\/www.grieta.org.mx\/index.php\/2019\/08\/09\/activistas-reiteran-rechazo-a-la-termoelectrica-de-huexca-morelos\/","url_meta":{"origin":17243,"position":5},"title":"Activistas reiteran rechazo a la termoel\u00e9ctrica de Huexca (Morelos)","author":"grieta","date":"9 agosto, 2019","format":false,"excerpt":"Guadalupe \u00c1lvarez Rojas \/ La Uni\u00f3n de Morelos Durante evento por el 140 aniversario luctuoso de Zapata, en Ayala, solicitaron la intervenci\u00f3n de AMLO para echar abajo el proyecto. Ayala.- En el marco del CXL aniversario del natalicio del General Emiliano Zapata Salazar, integrantes de la Asamblea Permanente de los\u2026","rel":"","context":"En &quot;10. Huexca&quot;","block_context":{"text":"10. Huexca","link":"http:\/\/www.grieta.org.mx\/index.php\/category\/espejos-de-la-resistencia\/10-huexca\/"},"img":{"alt_text":"","src":"https:\/\/i0.wp.com\/www.grieta.org.mx\/wp-content\/uploads\/2019\/09\/2e321c5dc6cc6b910a4223f216f1c29c_L.jpg?resize=350%2C200","width":350,"height":200,"srcset":"https:\/\/i0.wp.com\/www.grieta.org.mx\/wp-content\/uploads\/2019\/09\/2e321c5dc6cc6b910a4223f216f1c29c_L.jpg?resize=350%2C200 1x, https:\/\/i0.wp.com\/www.grieta.org.mx\/wp-content\/uploads\/2019\/09\/2e321c5dc6cc6b910a4223f216f1c29c_L.jpg?resize=525%2C300 1.5x, https:\/\/i0.wp.com\/www.grieta.org.mx\/wp-content\/uploads\/2019\/09\/2e321c5dc6cc6b910a4223f216f1c29c_L.jpg?resize=700%2C400 2x, https:\/\/i0.wp.com\/www.grieta.org.mx\/wp-content\/uploads\/2019\/09\/2e321c5dc6cc6b910a4223f216f1c29c_L.jpg?resize=1050%2C600 3x"},"classes":[]}],"_links":{"self":[{"href":"http:\/\/www.grieta.org.mx\/index.php\/wp-json\/wp\/v2\/posts\/17243","targetHints":{"allow":["GET"]}}],"collection":[{"href":"http:\/\/www.grieta.org.mx\/index.php\/wp-json\/wp\/v2\/posts"}],"about":[{"href":"http:\/\/www.grieta.org.mx\/index.php\/wp-json\/wp\/v2\/types\/post"}],"author":[{"embeddable":true,"href":"http:\/\/www.grieta.org.mx\/index.php\/wp-json\/wp\/v2\/users\/2"}],"replies":[{"embeddable":true,"href":"http:\/\/www.grieta.org.mx\/index.php\/wp-json\/wp\/v2\/comments?post=17243"}],"version-history":[{"count":1,"href":"http:\/\/www.grieta.org.mx\/index.php\/wp-json\/wp\/v2\/posts\/17243\/revisions"}],"predecessor-version":[{"id":17253,"href":"http:\/\/www.grieta.org.mx\/index.php\/wp-json\/wp\/v2\/posts\/17243\/revisions\/17253"}],"wp:featuredmedia":[{"embeddable":true,"href":"http:\/\/www.grieta.org.mx\/index.php\/wp-json\/wp\/v2\/media\/21928"}],"wp:attachment":[{"href":"http:\/\/www.grieta.org.mx\/index.php\/wp-json\/wp\/v2\/media?parent=17243"}],"wp:term":[{"taxonomy":"category","embeddable":true,"href":"http:\/\/www.grieta.org.mx\/index.php\/wp-json\/wp\/v2\/categories?post=17243"},{"taxonomy":"post_tag","embeddable":true,"href":"http:\/\/www.grieta.org.mx\/index.php\/wp-json\/wp\/v2\/tags?post=17243"}],"curies":[{"name":"wp","href":"https:\/\/api.w.org\/{rel}","templated":true}]}}