{"id":17229,"date":"2016-07-19T07:43:04","date_gmt":"2016-07-19T12:43:04","guid":{"rendered":"http:\/\/www.grieta.org.mx\/?p=17229"},"modified":"2018-07-07T23:42:56","modified_gmt":"2018-07-08T04:42:56","slug":"exigen-cancelacion-de-convenio-con-cfe-morelos","status":"publish","type":"post","link":"http:\/\/www.grieta.org.mx\/index.php\/2016\/07\/19\/exigen-cancelacion-de-convenio-con-cfe-morelos\/","title":{"rendered":"Exigen cancelaci\u00f3n de convenio con CFE (Morelos)"},"content":{"rendered":"<p>Dulce Gavi\u00f1a y Gabriela Mart\u00ednez, Morelos<\/p>\n<p>Representantes de al menos 15 organizaciones ciudadanas, arribaron al mediod\u00eda de ayer al Ayuntamiento de Cuautla para manifestarse en contra del convenio que dar\u00e1 agua a la termoel\u00e9ctrica, ubicada en la comunidad de Huexca, Yecapixtla.<\/p>\n<p>Esto luego de que en d\u00edas pasados, durante la D\u00e9cima Octava Sesi\u00f3n Extraordinaria de Cabildo, se aprobar\u00e1 la iniciativa de Decreto por el que se autoriza al Ayuntamiento, a trav\u00e9s del Sistema Operador de Agua Potable y Saneamiento de Cuautla (SOAPSC), celebrar un convenio de colaboraci\u00f3n con la CFE y la Asociaci\u00f3n Civil &#8220;General Eufemio Zapata Salazar&#8221;, para dotar por 30 a\u00f1os de agua procedente de la Planta Tratadora de Agua Residuales (PTAR), ubicada en la colonia Pablo Torres Burgos.<\/p>\n<p>De acuerdo con los inconformes, no se permitir\u00e1n que se concesione el agua de la PTAR al se\u00f1alar que esa agua s\u00f3lo se mud\u00f3 de lugar al abrirse el pozo del Calvario, permiti\u00e9ndosele a Cuautla darle uso dom\u00e9stico, pero con el compromiso de que se descargara el agua de la planta tratadora al r\u00edo, &#8220;por lo cual esa agua sigue siendo de los campesinos&#8221;.<\/p>\n<p>A pesar de que en primera instancia fue el secretario municipal, Miguel \u00c1ngel Rodr\u00edguez Ortiz, quien recibi\u00f3 al grupo, posteriormente arrib\u00f3 el edil Ra\u00fal Tadeo Nava, quien escuch\u00f3 las demandas ciudadanos.<\/p>\n<p>Durante la reuni\u00f3n se dijo que ni campesinos ni ciudadanos van a permitir que el agua sea llevada a la termoel\u00e9ctrica, al se\u00f1alar que mandarla de la PTAR a la termoel\u00e9ctrica va a reducir el volumen de agua del caudal.<\/p>\n<p>El presidente municipal, Ra\u00fal Tadeo Nava, se\u00f1al\u00f3 no saber &#8220;si tienen argumentos t\u00e9cnicos, cient\u00edficos o ecol\u00f3gicos, lo que s\u00ed s\u00e9, es que nosotros s\u00ed los tenemos, y no se trata de que me quiera lavar las manos o alguien ejerza presi\u00f3n. Simplemente necesitamos dotar de agua a las comunidades de Cuautla, que por m\u00e1s de 50 a\u00f1os han carecido del servicio&#8221;.<\/p>\n<p>Se\u00f1al\u00f3 que a trav\u00e9s de la Comisi\u00f3n Nacional del Agua se est\u00e1 dando la posibilidad de generar pozos profundos, lo cual es una t\u00e9cnica aprobada por la Conagua, aunque, dijo, si existiese otro tipo de tecnolog\u00eda que permitiera almacenar y dotar de agua a las comunidades, se ver\u00e1 la forma de hacerlo. &#8220;No estamos cerrados a otras alternativas&#8221;.<\/p>\n<p>El edil reiter\u00f3 su postura de que el agua que se dar\u00e1 a la termoel\u00e9ctrica ser\u00e1 tratada, procedente de la PTAR, no del r\u00edo Cuautla, y record\u00f3 que lo aprobado en Cabildo fue s\u00f3lo la autorizaci\u00f3n para suscribir un convenio. No se ha firmado, como tampoco ha sido aprobado por el Congreso del Estado. &#8220;Nuestro \u00fanico compromiso, es dotar de agua a los cuautlenses&#8221;.<\/p>\n<p>En entrevista, Jorge Zapata rechaz\u00f3 la determinaci\u00f3n del Cabildo para autorizar al SOAPSC celebrar un convenio con la CFE y Asurco, que garantice el suministro de agua a la paraestatal, para el funcionamiento de la termoel\u00e9ctrica instalada en el municipio de Yecapixtla.<\/p>\n<p>Asegur\u00f3 que el agua del r\u00edo Cuautla pertenece a los ejidatarios y productores, y el env\u00edo desde la Planta Tratadora de Aguas Residuales de Cuautla a la infraestructura, reduce los vol\u00famenes de agua que es vertida al r\u00edo, desde donde se abastecen diferentes cultivos de la regi\u00f3n.<\/p>\n<p>&#8220;Esa agua, cuando se abri\u00f3 el pozo del Calvario, se mud\u00f3 simplemente de lugar y se le permiti\u00f3 a Cuautla darle uso dom\u00e9stico&#8221;, asever\u00f3 quien se identific\u00f3 como nieto del general Emiliano Zapata.<\/p>\n<p>Acus\u00f3 una presunta contaminaci\u00f3n generada en el canal Tenango -donde ejidatarios de Ayala mantienen un plant\u00f3n en contra del acueducto-, tras las pruebas que la CFE realiz\u00f3 con agua que se obtuvo del ejido Gabriel Tepepa.<\/p>\n<p><a href=\"http:\/\/www.oem.com.mx\/elsoldecuautla\/notas\/n4231731.htm\" target=\"_blank\">http:\/\/www.oem.com.mx\/elsoldecuautla\/notas\/n4231731.htm<\/a><\/p>\n","protected":false},"excerpt":{"rendered":"<p>Dulce Gavi\u00f1a y Gabriela Mart\u00ednez, Morelos Representantes de al menos 15 organizaciones ciudadanas, arribaron al mediod\u00eda de ayer al Ayuntamiento de Cuautla para manifestarse en contra del convenio que dar\u00e1 &hellip; <a href=\"http:\/\/www.grieta.org.mx\/index.php\/2016\/07\/19\/exigen-cancelacion-de-convenio-con-cfe-morelos\/\" class=\"more-link\">Leer m\u00e1s<\/a><\/p>\n","protected":false},"author":2,"featured_media":21928,"comment_status":"closed","ping_status":"closed","sticky":false,"template":"","format":"standard","meta":{"ngg_post_thumbnail":0,"_jetpack_newsletter_access":"","_jetpack_dont_email_post_to_subs":false,"_jetpack_newsletter_tier_id":0,"_jetpack_memberships_contains_paywalled_content":false,"_jetpack_memberships_contains_paid_content":false,"footnotes":""},"categories":[80,22,482,2,1171],"tags":[463,96,510,428],"class_list":{"0":"post-17229","1":"post","2":"type-post","3":"status-publish","4":"format-standard","5":"has-post-thumbnail","6":"hentry","7":"category-cintillo","8":"category-morelos","10":"category-noticias-nacionales","11":"category-rechazo-al-proyecto-integral-morelos-pim-en-morelos","12":"tag-defensa-del-agua","13":"tag-megaproyectos","14":"tag-proyecto-integral-morelos","15":"tag-termoelectrica","16":"entry"},"jetpack_featured_media_url":"http:\/\/www.grieta.org.mx\/wp-content\/uploads\/2018\/03\/14524434_1106112876131411_958039263622046936_o.jpg","jetpack_sharing_enabled":true,"jetpack_shortlink":"https:\/\/wp.me\/p7ZJR4-4tT","jetpack_likes_enabled":false,"jetpack-related-posts":[{"id":8594,"url":"http:\/\/www.grieta.org.mx\/index.php\/2016\/09\/04\/organizacion-contra-proyecto-integral-morelos\/","url_meta":{"origin":17229,"position":0},"title":"Rechazo al Proyecto Integral Morelos (PIM) en Morelos","author":"grieta","date":"4 septiembre, 2016","format":false,"excerpt":"04\/09\/16. Estancado, el conflicto por el acueducto en San Pedro Apatlaco La Uni\u00f3n de Morelos 01\/09\/16. Cierran filas ejidatarios para impedir infiltraci\u00f3n de agitadores La Uni\u00f3n de Morelos 31\/08\/16. Ofrece el FAM rueda de prensa; Frente de Pueblos refiere que hay 20 detenidos por hechos ocurridos en Apatlaco La Uni\u00f3n\u2026","rel":"","context":"En &quot;Morelos&quot;","block_context":{"text":"Morelos","link":"http:\/\/www.grieta.org.mx\/index.php\/category\/noticias-nacionales\/morelos\/"},"img":{"alt_text":"","src":"https:\/\/i0.wp.com\/www.grieta.org.mx\/wp-content\/uploads\/2018\/03\/14524434_1106112876131411_958039263622046936_o.jpg?resize=350%2C200","width":350,"height":200,"srcset":"https:\/\/i0.wp.com\/www.grieta.org.mx\/wp-content\/uploads\/2018\/03\/14524434_1106112876131411_958039263622046936_o.jpg?resize=350%2C200 1x, https:\/\/i0.wp.com\/www.grieta.org.mx\/wp-content\/uploads\/2018\/03\/14524434_1106112876131411_958039263622046936_o.jpg?resize=525%2C300 1.5x, https:\/\/i0.wp.com\/www.grieta.org.mx\/wp-content\/uploads\/2018\/03\/14524434_1106112876131411_958039263622046936_o.jpg?resize=700%2C400 2x"},"classes":[]},{"id":20842,"url":"http:\/\/www.grieta.org.mx\/index.php\/2016\/09\/04\/estancado-el-conflicto-por-el-acueducto-en-san-pedro-apatlaco-morelos\/","url_meta":{"origin":17229,"position":1},"title":"Estancado, el conflicto por el acueducto en San Pedro Apatlaco (MORELOS)","author":"grieta","date":"4 septiembre, 2016","format":false,"excerpt":"Mario Vega, Morelos. Despu\u00e9s de reunirse con funcionarios del Organismo de Cuenca Balsas (OCB) de la Comisi\u00f3n Nacional del Agua (Conagua), integrantes de la comisi\u00f3n de comisariados ejidales de la Asociaci\u00f3n de Usuarios del R\u00edo Cuautla (Asurco), se\u00f1alaron que sigue sin haber una soluci\u00f3n al conflicto que mantiene un plant\u00f3n\u2026","rel":"","context":"En &quot;CINTILLO&quot;","block_context":{"text":"CINTILLO","link":"http:\/\/www.grieta.org.mx\/index.php\/category\/cintillo\/"},"img":{"alt_text":"","src":"https:\/\/i0.wp.com\/www.grieta.org.mx\/wp-content\/uploads\/2018\/03\/14524434_1106112876131411_958039263622046936_o.jpg?resize=350%2C200","width":350,"height":200,"srcset":"https:\/\/i0.wp.com\/www.grieta.org.mx\/wp-content\/uploads\/2018\/03\/14524434_1106112876131411_958039263622046936_o.jpg?resize=350%2C200 1x, https:\/\/i0.wp.com\/www.grieta.org.mx\/wp-content\/uploads\/2018\/03\/14524434_1106112876131411_958039263622046936_o.jpg?resize=525%2C300 1.5x, https:\/\/i0.wp.com\/www.grieta.org.mx\/wp-content\/uploads\/2018\/03\/14524434_1106112876131411_958039263622046936_o.jpg?resize=700%2C400 2x"},"classes":[]},{"id":19736,"url":"http:\/\/www.grieta.org.mx\/index.php\/2016\/08\/16\/ejidatarios-exigen-a-conagua-aclarar-concesion-de-agua-a-la-termoelectrica\/","url_meta":{"origin":17229,"position":2},"title":"Ejidatarios exigen a Conagua aclarar concesi\u00f3n de agua a la termoel\u00e9ctrica (MORELOS)","author":"grieta","date":"16 agosto, 2016","format":false,"excerpt":"Mario Vega, Morelos. Ejidatarios y comisariados de los ejidos de Tenextepango, Anenecuilco, Moyotepec, San Vicente de Ju\u00e1rez, Tecomalco, El Salitre, Ahuehueyo, Apatlaco y Villa de Ayala, entre otros, se reunieron de emergencia en las instalaciones de la Asociaci\u00f3n de Usuarios del R\u00edo Cuautla (Asurco) donde acordaron emplazar a la Comisi\u00f3n\u2026","rel":"","context":"En &quot;CINTILLO&quot;","block_context":{"text":"CINTILLO","link":"http:\/\/www.grieta.org.mx\/index.php\/category\/cintillo\/"},"img":{"alt_text":"","src":"https:\/\/i0.wp.com\/www.grieta.org.mx\/wp-content\/uploads\/2018\/03\/14524434_1106112876131411_958039263622046936_o.jpg?resize=350%2C200","width":350,"height":200,"srcset":"https:\/\/i0.wp.com\/www.grieta.org.mx\/wp-content\/uploads\/2018\/03\/14524434_1106112876131411_958039263622046936_o.jpg?resize=350%2C200 1x, https:\/\/i0.wp.com\/www.grieta.org.mx\/wp-content\/uploads\/2018\/03\/14524434_1106112876131411_958039263622046936_o.jpg?resize=525%2C300 1.5x, https:\/\/i0.wp.com\/www.grieta.org.mx\/wp-content\/uploads\/2018\/03\/14524434_1106112876131411_958039263622046936_o.jpg?resize=700%2C400 2x"},"classes":[]},{"id":17243,"url":"http:\/\/www.grieta.org.mx\/index.php\/2016\/07\/12\/nieto-de-zapata-pide-defender-agua-de-cuautla\/","url_meta":{"origin":17229,"position":3},"title":"Nieto de Zapata pide defender agua de Cuautla","author":"grieta","date":"12 julio, 2016","format":false,"excerpt":"Redacci\u00f3n Regeneraci\u00f3n Regeneraci\u00f3n 12 de julio de 2016.- Jorge Zapata, nieto del emblem\u00e1tico Emiliano Zapata emiti\u00f3 una alerta este martes a las organizaciones campesinas y sociales de Morelos con el fin de defender el r\u00edo Cuautla, ya que ayer lleg\u00f3 maquinaria pesada que pretende continuar con la construcci\u00f3n del acueducto\u2026","rel":"","context":"En &quot;CINTILLO&quot;","block_context":{"text":"CINTILLO","link":"http:\/\/www.grieta.org.mx\/index.php\/category\/cintillo\/"},"img":{"alt_text":"","src":"https:\/\/i0.wp.com\/www.grieta.org.mx\/wp-content\/uploads\/2018\/03\/14524434_1106112876131411_958039263622046936_o.jpg?resize=350%2C200","width":350,"height":200,"srcset":"https:\/\/i0.wp.com\/www.grieta.org.mx\/wp-content\/uploads\/2018\/03\/14524434_1106112876131411_958039263622046936_o.jpg?resize=350%2C200 1x, https:\/\/i0.wp.com\/www.grieta.org.mx\/wp-content\/uploads\/2018\/03\/14524434_1106112876131411_958039263622046936_o.jpg?resize=525%2C300 1.5x, https:\/\/i0.wp.com\/www.grieta.org.mx\/wp-content\/uploads\/2018\/03\/14524434_1106112876131411_958039263622046936_o.jpg?resize=700%2C400 2x"},"classes":[]},{"id":55442,"url":"http:\/\/www.grieta.org.mx\/index.php\/2020\/11\/25\/pueblos-planean-tomar-carreteras-para-frenar-termoelectrica-de-huexca-morelos-puebla-tlaxcala\/","url_meta":{"origin":17229,"position":4},"title":"Pueblos planean tomar carreteras para frenar termoel\u00e9ctrica de Huexca (Morelos, Puebla, Tlaxcala)","author":"Admin","date":"25 noviembre, 2020","format":false,"excerpt":"Texto y Fotos: Estrella Pedroza \/ La Silla Rota CIUDAD AYALA.- Desde la cuna del agrarismo, los pueblos de Morelos emprendieron acciones de protesta por la irrupci\u00f3n de la Guardia Nacional al plant\u00f3n San Pedro Apatlaco, situado a las orillas del R\u00edo Cuautla en Ciudad Ayala, que se instal\u00f3 desde\u2026","rel":"","context":"En &quot;10. Huexca&quot;","block_context":{"text":"10. Huexca","link":"http:\/\/www.grieta.org.mx\/index.php\/category\/espejos-de-la-resistencia\/10-huexca\/"},"img":{"alt_text":"","src":"https:\/\/i0.wp.com\/www.grieta.org.mx\/wp-content\/uploads\/2020\/11\/Captura-de-Pantalla-2020-11-25-a-las-14.17.48.png?resize=350%2C200","width":350,"height":200,"srcset":"https:\/\/i0.wp.com\/www.grieta.org.mx\/wp-content\/uploads\/2020\/11\/Captura-de-Pantalla-2020-11-25-a-las-14.17.48.png?resize=350%2C200 1x, https:\/\/i0.wp.com\/www.grieta.org.mx\/wp-content\/uploads\/2020\/11\/Captura-de-Pantalla-2020-11-25-a-las-14.17.48.png?resize=525%2C300 1.5x, https:\/\/i0.wp.com\/www.grieta.org.mx\/wp-content\/uploads\/2020\/11\/Captura-de-Pantalla-2020-11-25-a-las-14.17.48.png?resize=700%2C400 2x, https:\/\/i0.wp.com\/www.grieta.org.mx\/wp-content\/uploads\/2020\/11\/Captura-de-Pantalla-2020-11-25-a-las-14.17.48.png?resize=1050%2C600 3x, https:\/\/i0.wp.com\/www.grieta.org.mx\/wp-content\/uploads\/2020\/11\/Captura-de-Pantalla-2020-11-25-a-las-14.17.48.png?resize=1400%2C800 4x"},"classes":[]},{"id":31096,"url":"http:\/\/www.grieta.org.mx\/index.php\/2019\/03\/15\/ejidatarios-mantienen-cinco-amparos-contra-operacion-de-la-termoelectrica-de-huexca\/","url_meta":{"origin":17229,"position":5},"title":"Ejidatarios mantienen cinco amparos contra operaci\u00f3n de la termoel\u00e9ctrica de Huexca","author":"grieta","date":"15 marzo, 2019","format":false,"excerpt":"Jaime Luis Brito \/ Proceso CUERNAVACA, Mor. (apro).- Los ejidos de San Juan Ahuehueyo, Moyotepec y Abelardo Rodr\u00edguez, en el municipio de Ayala, han sido protagonistas en la lucha legal contra la termoel\u00e9ctrica de Huexca y el Proyecto Integral Morelos (PIM), pues han presentado una serie de recursos legales para\u2026","rel":"","context":"En &quot;10. Huexca&quot;","block_context":{"text":"10. Huexca","link":"http:\/\/www.grieta.org.mx\/index.php\/category\/espejos-de-la-resistencia\/10-huexca\/"},"img":{"alt_text":"","src":"https:\/\/i0.wp.com\/www.grieta.org.mx\/wp-content\/uploads\/2019\/03\/La-Huexca-Foto-Margarito-Perez-Retana.jpeg?resize=350%2C200","width":350,"height":200,"srcset":"https:\/\/i0.wp.com\/www.grieta.org.mx\/wp-content\/uploads\/2019\/03\/La-Huexca-Foto-Margarito-Perez-Retana.jpeg?resize=350%2C200 1x, https:\/\/i0.wp.com\/www.grieta.org.mx\/wp-content\/uploads\/2019\/03\/La-Huexca-Foto-Margarito-Perez-Retana.jpeg?resize=525%2C300 1.5x, https:\/\/i0.wp.com\/www.grieta.org.mx\/wp-content\/uploads\/2019\/03\/La-Huexca-Foto-Margarito-Perez-Retana.jpeg?resize=700%2C400 2x"},"classes":[]}],"_links":{"self":[{"href":"http:\/\/www.grieta.org.mx\/index.php\/wp-json\/wp\/v2\/posts\/17229","targetHints":{"allow":["GET"]}}],"collection":[{"href":"http:\/\/www.grieta.org.mx\/index.php\/wp-json\/wp\/v2\/posts"}],"about":[{"href":"http:\/\/www.grieta.org.mx\/index.php\/wp-json\/wp\/v2\/types\/post"}],"author":[{"embeddable":true,"href":"http:\/\/www.grieta.org.mx\/index.php\/wp-json\/wp\/v2\/users\/2"}],"replies":[{"embeddable":true,"href":"http:\/\/www.grieta.org.mx\/index.php\/wp-json\/wp\/v2\/comments?post=17229"}],"version-history":[{"count":1,"href":"http:\/\/www.grieta.org.mx\/index.php\/wp-json\/wp\/v2\/posts\/17229\/revisions"}],"predecessor-version":[{"id":17230,"href":"http:\/\/www.grieta.org.mx\/index.php\/wp-json\/wp\/v2\/posts\/17229\/revisions\/17230"}],"wp:featuredmedia":[{"embeddable":true,"href":"http:\/\/www.grieta.org.mx\/index.php\/wp-json\/wp\/v2\/media\/21928"}],"wp:attachment":[{"href":"http:\/\/www.grieta.org.mx\/index.php\/wp-json\/wp\/v2\/media?parent=17229"}],"wp:term":[{"taxonomy":"category","embeddable":true,"href":"http:\/\/www.grieta.org.mx\/index.php\/wp-json\/wp\/v2\/categories?post=17229"},{"taxonomy":"post_tag","embeddable":true,"href":"http:\/\/www.grieta.org.mx\/index.php\/wp-json\/wp\/v2\/tags?post=17229"}],"curies":[{"name":"wp","href":"https:\/\/api.w.org\/{rel}","templated":true}]}}