{"id":17170,"date":"2016-07-12T00:54:51","date_gmt":"2016-07-12T05:54:51","guid":{"rendered":"http:\/\/www.grieta.org.mx\/?p=17170"},"modified":"2018-07-06T23:35:11","modified_gmt":"2018-07-07T04:35:11","slug":"parque-cholula-gobierno-de-puebla-excava-en-zona-arqueologica-sin-autorizacion-del-inah","status":"publish","type":"post","link":"http:\/\/www.grieta.org.mx\/index.php\/2016\/07\/12\/parque-cholula-gobierno-de-puebla-excava-en-zona-arqueologica-sin-autorizacion-del-inah\/","title":{"rendered":"Parque Cholula: gobierno de Puebla excava en zona arqueol\u00f3gica sin autorizaci\u00f3n del INAH"},"content":{"rendered":"<figure id=\"attachment_17171\" aria-describedby=\"caption-attachment-17171\" style=\"width: 704px\" class=\"wp-caption aligncenter\"><img loading=\"lazy\" decoding=\"async\" data-attachment-id=\"17171\" data-permalink=\"http:\/\/www.grieta.org.mx\/index.php\/2016\/07\/12\/parque-cholula-gobierno-de-puebla-excava-en-zona-arqueologica-sin-autorizacion-del-inah\/w704-30\/\" data-orig-file=\"http:\/\/www.grieta.org.mx\/wp-content\/uploads\/2016\/07\/w704-4.jpg\" data-orig-size=\"704,700\" data-comments-opened=\"0\" data-image-meta=\"{&quot;aperture&quot;:&quot;0&quot;,&quot;credit&quot;:&quot;AP&quot;,&quot;camera&quot;:&quot;&quot;,&quot;caption&quot;:&quot;CHOLULA, PUEBLA. 28 JUNIO 2016. EL PROYECTO DE CONSTRUCCI\\u00d3N SOBRE LA ZONA ARQUEOLOGICA DE CHOLULA PUEBLA CONTINUA  AUN SIN CONTAR CON PERMISOS PERTINENTES. FOTO:ARIANA P\\u00c9REZ\/MILENIO DIARIO.&quot;,&quot;created_timestamp&quot;:&quot;0&quot;,&quot;copyright&quot;:&quot;Ariana Perez\/Milenio Diario&quot;,&quot;focal_length&quot;:&quot;0&quot;,&quot;iso&quot;:&quot;0&quot;,&quot;shutter_speed&quot;:&quot;0&quot;,&quot;title&quot;:&quot;&quot;,&quot;orientation&quot;:&quot;1&quot;}\" data-image-title=\"w704\" data-image-description=\"\" data-image-caption=\"&lt;p&gt;CHOLULA, PUEBLA. 28 JUNIO 2016. EL PROYECTO DE CONSTRUCCI\u00d3N SOBRE LA ZONA ARQUEOLOGICA DE CHOLULA PUEBLA CONTINUA  AUN SIN CONTAR CON PERMISOS PERTINENTES. FOTO:ARIANA P\u00c9REZ\/MILENIO DIARIO.&lt;\/p&gt;\n\" data-medium-file=\"http:\/\/www.grieta.org.mx\/wp-content\/uploads\/2016\/07\/w704-4-300x298.jpg\" data-large-file=\"http:\/\/www.grieta.org.mx\/wp-content\/uploads\/2016\/07\/w704-4.jpg\" src=\"http:\/\/www.grieta.org.mx\/wp-content\/uploads\/2016\/07\/w704-4.jpg\" alt=\"CHOLULA, PUEBLA. 28 JUNIO 2016. EL PROYECTO DE CONSTRUCCI\u00d3N SOBRE LA ZONA ARQUEOLOGICA DE CHOLULA PUEBLA CONTINUA  AUN SIN CONTAR CON PERMISOS PERTINENTES. FOTO:ARIANA P\u00c9REZ\/MILENIO DIARIO.\" width=\"704\" height=\"700\" class=\"size-full wp-image-17171\" srcset=\"http:\/\/www.grieta.org.mx\/wp-content\/uploads\/2016\/07\/w704-4.jpg 704w, http:\/\/www.grieta.org.mx\/wp-content\/uploads\/2016\/07\/w704-4-150x150.jpg 150w, http:\/\/www.grieta.org.mx\/wp-content\/uploads\/2016\/07\/w704-4-300x298.jpg 300w\" sizes=\"auto, (max-width: 704px) 100vw, 704px\" \/><figcaption id=\"caption-attachment-17171\" class=\"wp-caption-text\">CHOLULA, PUEBLA. 28 JUNIO 2016. EL PROYECTO DE CONSTRUCCI\u00d3N SOBRE LA ZONA ARQUEOLOGICA DE CHOLULA PUEBLA CONTINUA  AUN SIN CONTAR CON PERMISOS PERTINENTES. FOTO:ARIANA P\u00c9REZ\/MILENIO DIARIO.<\/figcaption><\/figure>\n<p>Por Javier Vega<\/p>\n<p>Una retroexcavadora levanta tierra sobre una zona arqueol\u00f3gica. Muy cerca se escuchan los sonidos de los picos y taladros neum\u00e1ticos. Para el gobierno estatal, es el sonido del progreso. Mientras tanto, una arque\u00f3loga al servicio del INAH va recogiendo los fragmentos de cer\u00e1mica que los trabajos dejan a su paso. Muestra su mano: sobre ella se amontonan los pedazos de vestigios, algunos con dise\u00f1os coloridos que no ocultan su valor hist\u00f3rico.<\/p>\n<p>&#8220;\u00a1Nos escandaliza! Especialmente a los que hemos estudiado Cholula y conocemos este lugar. Todo esto que hicieron fue destruyendo subsuelo arqueol\u00f3gico&#8221;, declara la antrop\u00f3loga Anamar\u00eda Ashwell, autora del libro Cholula: la ciudad sagrada en la modernidad. Pero su preocupaci\u00f3n no es compartida por el coordinador nacional de Arqueolog\u00eda, Pedro S\u00e1nchez Nava, quien sobre la misma escena opina: &#8220;En todas las zonas arqueol\u00f3gicas hay cer\u00e1mica donde usted pise. No es que haya estado bien, pero no hubo da\u00f1o&#8221;.<\/p>\n<p>Es la zona arqueol\u00f3gica de Cholula, Puebla, ubicada a 130 kil\u00f3metros de la Ciudad de M\u00e9xico. La postal es conocida por muchos: con los volcanes de fondo, un cerro se levanta imponente, coronado por una iglesia color naranja. En realidad, debajo se encuentra la &#8220;Gran Pir\u00e1mide&#8221;: la estructura ceremonial m\u00e1s grande de Mesoam\u00e9rica.<\/p>\n<p>Sobre su importancia hist\u00f3rica, la antrop\u00f3loga Ashwell enfatiza: &#8220;No hay otra pir\u00e1mide con ese volumen en el mundo&#8221;.<\/p>\n<p>Pol\u00edgono de protecci\u00f3n<\/p>\n<p>En 1993, mediante un decreto presidencial, se cre\u00f3 un pol\u00edgono de protecci\u00f3n alrededor de la pir\u00e1mide. La intenci\u00f3n era preservar el legado arqueol\u00f3gico de un \u00e1rea donde las primeras poblaciones se remontan al a\u00f1o 650 a.C. En la poligonal conocida como &#8220;Zona 1&#8221;, las reglas fijadas por el decreto, una ley federal y su reglamento son muy claras.<\/p>\n<p>El coordinador de Arqueolog\u00eda del INAH las sintetiza de la siguiente manera: &#8220;Dentro de esa poligonal tiene que mediar una autorizaci\u00f3n del INAH para que se lleve a cabo alguna obra. Es permisible siempre y cuando no haya afectaci\u00f3n del patrimonio arqueol\u00f3gico subyacente&#8221;.<\/p>\n<p>En la misma zona, el gobierno del estado de Puebla construye desde finales de 2014 el megaproyecto Parque Cholula. \u00c9ste incluye una estaci\u00f3n de tren, explanadas y canchas deportivas, obras viales y un museo regional. &#8220;Es un proyecto de rescate integral de la zona aleda\u00f1a a la pir\u00e1mide. Estamos hablando de una inversi\u00f3n, en varias obras, superior a los 500 millones de pesos&#8221;, explica en entrevista el secretario de Infraestructura y Transportes de Puebla, Diego Corona Cremean.<\/p>\n<p>Antes de cuestionarlo sobre posibles da\u00f1os al patrimonio, el funcionario se adelanta: &#8220;Los trabajos se han venido llevando en coordinaci\u00f3n completa con los arque\u00f3logos y con el INAH, plenamente. Se proh\u00edben hacer todo tipo de excavaciones&#8221;.<\/p>\n<p>El nuevo museo se construye en un antiguo hospital psiqui\u00e1trico ubicado en la base de la pir\u00e1mide. En un mapa mostrado por el funcionario, el museo contempla un \u00e1rea de &#8220;servicios tur\u00edsticos&#8221;. Los opositores a la obra advierten la posibilidad de un hotel, el gobierno de Puebla lo niega tajantemente.<\/p>\n<p>En contraste con los &#8220;servicios tur\u00edsticos&#8221;, el nombre oficial del proyecto es &#8220;Protecci\u00f3n, conservaci\u00f3n y restauraci\u00f3n de la zona t\u00edpica monumental de San Pedro y San Andr\u00e9s Cholula&#8221;. Sin embargo, en respuesta a una solicitud de informaci\u00f3n, el INAH revel\u00f3 que &#8220;no ha emitido ning\u00fan visto bueno de obra&#8221; en el caso particular del museo.<\/p>\n<p>El secretario de Infraestructura y Transportes responde: &#8220;Este edificio es de 1900 por lo que no requiere un permiso por parte del Instituto Nacional de Antropolog\u00eda para la rehabilitaci\u00f3n del edificio. M\u00e1s bien, entra dentro del \u00e1mbito de influencia del INBA&#8221;.<\/p>\n<p>\u2014Entonces, \u00bfusted reconoce que no hay un permiso del INAH en este caso?<\/p>\n<p>\u2014En particular, no.<\/p>\n<p>Es la primera vez que alg\u00fan funcionario estatal lo admite. Por su parte, la direcci\u00f3n de Comunicaci\u00f3n Social del Instituto Nacional de Bellas Artes aclar\u00f3 a MILENIO que &#8220;el INBA no tiene facultades para autorizar nuevas construcciones sobre una zona arqueol\u00f3gica&#8221;. Y es que, m\u00e1s all\u00e1 de la remodelaci\u00f3n del inmueble, se construyen nuevas \u00e1reas que albergar\u00e1n eventos y reuniones en la zona protegida.<\/p>\n<p>El parque<\/p>\n<p>Ad\u00e1n Xicale es uno de los opositores m\u00e1s visibles al megaproyecto. Forma parte del movimiento Cholula Viva y Digna, integrado por pobladores que rechazan la iniciativa del gobernador Rafael Moreno Valle. Xicale fue aprehendido durante una protesta en octubre de 2014 y encarcelado durante 14 meses. La Comisi\u00f3n de Derechos Humanos del Estado de Puebla (CDH) acredit\u00f3 violaciones a su integridad y derechos humanos durante la detenci\u00f3n.<\/p>\n<p>A petici\u00f3n del reportero, recorre el parque que se construy\u00f3 sobre la zona arqueol\u00f3gica. A lo lejos, una cuadrilla de trabajadores retira pasto natural y lo reemplaza por sint\u00e9tico.<\/p>\n<p>&#8220;Esto estaba anteriormente sembrado por particulares con flores y con milpas&#8221;, dice mientras se\u00f1ala con su dedo. Sobre los campos de cultivo hoy reposan lajas de cemento y macetas. Xicale describe el panorama: &#8220;Las bancas est\u00e1n totalmente vac\u00edas, ni en las ma\u00f1anas ni en los fines de semana vienen a ocuparlas. Los ni\u00f1os no usan los juegos infantiles, los oriundos de aqu\u00ed no sentimos esta obra como nuestra&#8221;.<\/p>\n<p>El nuevo parque tambi\u00e9n genera oposici\u00f3n en la academia. Julio Glockner, investigador de la Benem\u00e9rita Universidad Aut\u00f3noma de Puebla (BUAP), lo explica as\u00ed: &#8220;Est\u00e1n bloqueando con parquecitos, juegos y canchas deportivas una zona de vital importancia para la cultura de nuestro pa\u00eds. Es como si vieras las pir\u00e1mides de Egipto a trav\u00e9s de canchas de tenis, \u00a1ser\u00eda un absurdo!&#8221;.<\/p>\n<p>Las obras del parque fueron autorizadas por el INAH en marzo de este a\u00f1o. Sin embargo, una bit\u00e1cora de supervisi\u00f3n de obra con sello del Instituto, revela que los trabajos y excavaciones iniciaron un a\u00f1o y dos meses antes, en enero de 2015.<\/p>\n<p>Ante la inconsistencia en las fechas, el secretario de Infraestructura y Transportes de Puebla responde con un documento fechado el 25 de septiembre de 2014. Es un permiso preliminar emitido por la Coordinaci\u00f3n Nacional de Monumentos Hist\u00f3ricos del INAH. En \u00e9l se proh\u00edbe expl\u00edcitamente cualquier excavaci\u00f3n.<\/p>\n<p>Sin embargo, la constructora tom\u00f3 el permiso como un cheque en blanco. As\u00ed lo report\u00f3 en su bit\u00e1cora el pasante de arqueolog\u00eda Arnulfo Allende, contratado por el Centro INAH-Puebla para supervisar las obras. Ante la presencia de maquinaria y &#8220;una zanja de aproximadamente 540 metros&#8221;, decidi\u00f3 actuar.<\/p>\n<p>En un informe de m\u00e1s de 300 p\u00e1ginas, Allende denuncia que la constructora no atend\u00eda las recomendaciones de su equipo. &#8220;Nos vimos en la necesidad de realizar sondeos arqueol\u00f3gicos, pues las obras civiles ya estaban en curso y hab\u00eda elementos y contextos arqueol\u00f3gicos ya expuestos&#8221;, escribi\u00f3.<\/p>\n<p>Meses despu\u00e9s, el informe fue rechazado por el INAH: la excavaci\u00f3n no estaba autorizada.<\/p>\n<p>\u2014\u00bfQuiere decir que incluso personal del INAH hizo excavaciones sin autorizaci\u00f3n? \u2014se cuestiona al coordinador nacional de Arqueolog\u00eda.<\/p>\n<p>\u2014Bueno, no es personal del INAH, es personal contratado por el INAH (&#8230;) obr\u00f3 mal en tanto no hab\u00eda autorizaci\u00f3n para hacer excavaciones, por esta raz\u00f3n no se le recibi\u00f3 su informe \u2014responde S\u00e1nchez Nava.<\/p>\n<p>\u2014\u00bfNo hay sanci\u00f3n para el arque\u00f3logo ni para su equipo por haber hecho excavaciones que nadie le pidi\u00f3?<\/p>\n<p>\u2014La sanci\u00f3n es que no puede excavar.<\/p>\n<p>Ante las irregularidades, el INAH suspendi\u00f3 las obras en abril de 2015, pero solo temporalmente.<\/p>\n<p>Vuelven las excavadoras<\/p>\n<p>Mientras se acerca la inauguraci\u00f3n, han vuelto las m\u00e1quinas y excavaciones, y con ellas, la pol\u00e9mica. Un video subido a las redes el 24 de junio muestra una retroexcavadora removiendo tierra en la zona cercana al Patio de los Altares, en la cara sur de la pir\u00e1mide. La imagen se repite: va dejando trozos de cer\u00e1mica pintada a su paso.<\/p>\n<p>&#8220;Entr\u00f3 pr\u00e1cticamente unas horas, estaba removiendo alg\u00fan material. Entonces veremos de qui\u00e9n era esa m\u00e1quina, no era de gobierno del estado, veremos a qui\u00e9n hay que responsabilizar al respecto&#8221;, dice el secretario Diego Corona Cremean.<\/p>\n<p>En un recorrido por las obras, el reportero se\u00f1ala al funcionario una zanja donde se construye la estaci\u00f3n de tren. En el hoyo cabe una persona. \u00c9l responde: &#8220;Es importante especificar que el nivel del basamento es mucho m\u00e1s bajo que esto. Para poder hacer esta excavaci\u00f3n, se hizo una cala arqueol\u00f3gica para verificar que fuera sobre terreno de relleno&#8221;.<\/p>\n<p>El sondeo en ese punto se realiz\u00f3 en diciembre pasado. La arque\u00f3loga Teresa Mel\u00e9ndez tuvo solamente tres d\u00edas para hacerlo. En su reporte inform\u00f3 que &#8220;por la premura del tiempo se excav\u00f3 con pico y pala&#8221;. Asegur\u00f3 tambi\u00e9n que &#8220;el corto tiempo de excavaci\u00f3n&#8221; no le permiti\u00f3 explorar el hallazgo de &#8220;una plataforma&#8221; en la zona.<\/p>\n<p>Pero nada de esto preocupa al coordinador nacional de Arqueolog\u00eda, quien se mantiene firme: el Instituto hizo su trabajo y ha cuidado el patrimonio. Sobre el tema, reflexiona: &#8220;\u00bfDe qu\u00e9 manera se puede salvaguardar \u00edntegro el patrimonio arqueol\u00f3gico? Pues la \u00fanica manera es hacerle un segundo piso al pa\u00eds (&#8230;) incluso es el caso de Cholula, es muy dif\u00edcil preservar ciertos vestigios, no tiene ning\u00fan sentido&#8221;.<\/p>\n<p>Mientras los opositores al proyecto adelantan que mantendr\u00e1n su resistencia y buscan reunirse con el secretario de Cultura, Rafael Tovar y de Teresa, para el gobierno de Puebla todo marcha en orden:<\/p>\n<p>&#8220;La gente de Cholula est\u00e1 contenta con lo que se est\u00e1 haciendo. La gente ya viene y disfruta el parque. Sabe lo que se est\u00e1 haciendo en el museo, sabe que no estamos da\u00f1ando ni quit\u00e1ndole su patrimonio hist\u00f3rico, por eso nos han permitido realizar la obra&#8221;, concluye el funcionario.<\/p>\n<p>Claves<br \/>\nLey y acuerdo<br \/>\n\u2022 El art\u00edculo 47 de la Ley Federal de Sobre Monumentos y Zonas Arqueol\u00f3gicos, Art\u00edsticos e Hist\u00f3ricos establece sanciones de hasta diez a\u00f1os de prisi\u00f3n y 3 mil d\u00edas de multa &#8220;al que ordene, induzca, dirija, organice o financie&#8221; excavaciones o exploraciones en zonas de monumentos hist\u00f3ricos sin la autorizaci\u00f3n del INAH.<\/p>\n<p>\u2022 En noviembre de 2015, mediante un acuerdo con el Gobierno del Estado de Puebla, la Secretar\u00eda de Turismo federal autoriz\u00f3, dentro del Programa de Pueblos M\u00e1gicos y Destinos Prioritarios, un subsidio de 70 millones de pesos para el proyecto Protecci\u00f3n, conservaci\u00f3n y restauraci\u00f3n de la zona t\u00edpica monumental de San Pedro y San Andr\u00e9s Cholula.<\/p>\n<p>\u2022 Con 400 metros por lado, la Gran Pir\u00e1mide de Cholula es la m\u00e1s grande del mundo en base. En 2015, esta zona arqueol\u00f3gica recibi\u00f3 753 mil 391 visitantes, seg\u00fan el gobierno estatal.<\/p>\n<p><a href=\"http:\/\/www.milenio.com\/cultura\/proyecto_turistico_en_Cholila_0_772722737.html\">http:\/\/www.milenio.com\/cultura\/proyecto_turistico_en_Cholila_0_772722737.html<\/a><\/p>\n","protected":false},"excerpt":{"rendered":"<p>Por Javier Vega Una retroexcavadora levanta tierra sobre una zona arqueol\u00f3gica. Muy cerca se escuchan los sonidos de los picos y taladros neum\u00e1ticos. Para el gobierno estatal, es el sonido &hellip; <a href=\"http:\/\/www.grieta.org.mx\/index.php\/2016\/07\/12\/parque-cholula-gobierno-de-puebla-excava-en-zona-arqueologica-sin-autorizacion-del-inah\/\" class=\"more-link\">Leer m\u00e1s<\/a><\/p>\n","protected":false},"author":2,"featured_media":17171,"comment_status":"closed","ping_status":"closed","sticky":false,"template":"","format":"standard","meta":{"ngg_post_thumbnail":0,"_jetpack_newsletter_access":"","_jetpack_dont_email_post_to_subs":false,"_jetpack_newsletter_tier_id":0,"_jetpack_memberships_contains_paywalled_content":false,"_jetpack_memberships_contains_paid_content":false,"footnotes":""},"categories":[80,1264,2,26],"tags":[285],"class_list":["post-17170","post","type-post","status-publish","format-standard","has-post-thumbnail","hentry","category-cintillo","category-defensa-de-zonas-arqueologicas-en-puebla","category-noticias-nacionales","category-puebla","tag-turismo","entry"],"jetpack_featured_media_url":"http:\/\/www.grieta.org.mx\/wp-content\/uploads\/2016\/07\/w704-4.jpg","jetpack_sharing_enabled":true,"jetpack_shortlink":"https:\/\/wp.me\/p7ZJR4-4sW","jetpack_likes_enabled":false,"jetpack-related-posts":[{"id":1768,"url":"http:\/\/www.grieta.org.mx\/index.php\/2016\/09\/05\/oposicion-a-proyectos-turisticos-en-zona-arqueologica-de-cholula-puebla\/","url_meta":{"origin":17170,"position":0},"title":"Defensa de zonas arqueol\u00f3gicas y culturales en Puebla","author":"grieta","date":"5 septiembre, 2016","format":false,"excerpt":"05\/08\/16. Activistas temen m\u00e1s obras del CAPCEE en zona arqueol\u00f3gica de Cholula Municipios Puebla 29\/07\/16. Aseguran que obras en Cholula carecen de permisos del INAH El Sol de Puebla 12\/07\/16. Parque Cholula: gobierno de Puebla excava en zona arqueol\u00f3gica sin autorizaci\u00f3n del INAH Milenio 25\/06\/16. Denunciar\u00e1n obras en zona arqueol\u00f3gica\u2026","rel":"","context":"En &quot;NOTICIAS NACIONALES&quot;","block_context":{"text":"NOTICIAS NACIONALES","link":"http:\/\/www.grieta.org.mx\/index.php\/category\/noticias-nacionales\/"},"img":{"alt_text":"","src":"https:\/\/i0.wp.com\/www.grieta.org.mx\/wp-content\/uploads\/2018\/03\/14524434_1106112876131411_958039263622046936_o.jpg?resize=350%2C200","width":350,"height":200,"srcset":"https:\/\/i0.wp.com\/www.grieta.org.mx\/wp-content\/uploads\/2018\/03\/14524434_1106112876131411_958039263622046936_o.jpg?resize=350%2C200 1x, https:\/\/i0.wp.com\/www.grieta.org.mx\/wp-content\/uploads\/2018\/03\/14524434_1106112876131411_958039263622046936_o.jpg?resize=525%2C300 1.5x, https:\/\/i0.wp.com\/www.grieta.org.mx\/wp-content\/uploads\/2018\/03\/14524434_1106112876131411_958039263622046936_o.jpg?resize=700%2C400 2x"},"classes":[]},{"id":16470,"url":"http:\/\/www.grieta.org.mx\/index.php\/2016\/06\/24\/gobierno-de-puebla-reanuda-obras-para-en-zona-arqueologica-de-cholula\/","url_meta":{"origin":17170,"position":1},"title":"Gobierno de Puebla reanuda obras para en zona arqueol\u00f3gica de Cholula","author":"grieta","date":"24 junio, 2016","format":false,"excerpt":"Por Gabriela Hern\u00e1ndez SAN ANDR\u00c9S CHOLULA, Pue. (apro).- Con una retroexcavadora y a s\u00f3lo unos metros del Patio de los Altares de la zona arqueol\u00f3gica de Cholula, el gobierno de Puebla reinici\u00f3 excavaciones para la construcci\u00f3n del parque de las Siete Culturas. Juan Manuel Ram\u00edrez, realizador del documental Luz bajo\u2026","rel":"","context":"En &quot;CINTILLO&quot;","block_context":{"text":"CINTILLO","link":"http:\/\/www.grieta.org.mx\/index.php\/category\/cintillo\/"},"img":{"alt_text":"","src":"https:\/\/i0.wp.com\/www.grieta.org.mx\/wp-content\/uploads\/2016\/07\/Gran-piramide-de-Cholula.jpg?resize=350%2C200","width":350,"height":200,"srcset":"https:\/\/i0.wp.com\/www.grieta.org.mx\/wp-content\/uploads\/2016\/07\/Gran-piramide-de-Cholula.jpg?resize=350%2C200 1x, https:\/\/i0.wp.com\/www.grieta.org.mx\/wp-content\/uploads\/2016\/07\/Gran-piramide-de-Cholula.jpg?resize=525%2C300 1.5x, https:\/\/i0.wp.com\/www.grieta.org.mx\/wp-content\/uploads\/2016\/07\/Gran-piramide-de-Cholula.jpg?resize=700%2C400 2x"},"classes":[]},{"id":18660,"url":"http:\/\/www.grieta.org.mx\/index.php\/2016\/07\/29\/aseguran-que-obras-en-cholula-carecen-de-permisos-del-inah\/","url_meta":{"origin":17170,"position":2},"title":"Aseguran que obras en Cholula carecen de permisos del INAH","author":"grieta","date":"29 julio, 2016","format":false,"excerpt":"Por Norma Marcial SAN ANDR\u00c9S CHOLULA, Pue. Por en\u00e9sima ocasi\u00f3n, integrantes del Colectivo Cholula Viva y Digna, exigieron la cancelaci\u00f3n inmediata de las obras de embellecimiento que autoridades estatales realizan en puntos colindantes a la zona arqueol\u00f3gica de Cholula, tras se\u00f1alar que carecen de los permisos correspondientes por parte del\u2026","rel":"","context":"En &quot;CINTILLO&quot;","block_context":{"text":"CINTILLO","link":"http:\/\/www.grieta.org.mx\/index.php\/category\/cintillo\/"},"img":{"alt_text":"","src":"https:\/\/i0.wp.com\/www.grieta.org.mx\/wp-content\/uploads\/2018\/03\/14524434_1106112876131411_958039263622046936_o.jpg?resize=350%2C200","width":350,"height":200,"srcset":"https:\/\/i0.wp.com\/www.grieta.org.mx\/wp-content\/uploads\/2018\/03\/14524434_1106112876131411_958039263622046936_o.jpg?resize=350%2C200 1x, https:\/\/i0.wp.com\/www.grieta.org.mx\/wp-content\/uploads\/2018\/03\/14524434_1106112876131411_958039263622046936_o.jpg?resize=525%2C300 1.5x, https:\/\/i0.wp.com\/www.grieta.org.mx\/wp-content\/uploads\/2018\/03\/14524434_1106112876131411_958039263622046936_o.jpg?resize=700%2C400 2x"},"classes":[]},{"id":1784,"url":"http:\/\/www.grieta.org.mx\/index.php\/2015\/05\/19\/luz-bajo-la-tierra-la-destruccion-de-cholula-documental\/","url_meta":{"origin":17170,"position":3},"title":"Luz Bajo La Tierra, la Destrucci\u00f3n de Cholula (Documental)","author":"grieta","date":"19 mayo, 2015","format":false,"excerpt":"mayo 19, 2015 Puebla El Gobierno de Puebla realiza la construcci\u00f3n de un parque comercial sobre la zona arqueol\u00f3gica de Cholula. Este documental muestra la destrucci\u00f3n del patrimonio hist\u00f3rico producto de las obras irregulares, adem\u00e1s de la represi\u00f3n que han sufrido los habitantes de Cholula por oponerse el proyecto. Gui\u00f3n,\u2026","rel":"","context":"En &quot;CINTILLO&quot;","block_context":{"text":"CINTILLO","link":"http:\/\/www.grieta.org.mx\/index.php\/category\/cintillo\/"},"img":{"alt_text":"","src":"https:\/\/i0.wp.com\/www.grieta.org.mx\/wp-content\/uploads\/2018\/03\/14524434_1106112876131411_958039263622046936_o.jpg?resize=350%2C200","width":350,"height":200,"srcset":"https:\/\/i0.wp.com\/www.grieta.org.mx\/wp-content\/uploads\/2018\/03\/14524434_1106112876131411_958039263622046936_o.jpg?resize=350%2C200 1x, https:\/\/i0.wp.com\/www.grieta.org.mx\/wp-content\/uploads\/2018\/03\/14524434_1106112876131411_958039263622046936_o.jpg?resize=525%2C300 1.5x, https:\/\/i0.wp.com\/www.grieta.org.mx\/wp-content\/uploads\/2018\/03\/14524434_1106112876131411_958039263622046936_o.jpg?resize=700%2C400 2x"},"classes":[]},{"id":16474,"url":"http:\/\/www.grieta.org.mx\/index.php\/2016\/06\/25\/denunciaran-obras-en-zona-arqueologica-de-cholula-ante-el-inah\/","url_meta":{"origin":17170,"position":4},"title":"Denunciar\u00e1n obras en zona arqueol\u00f3gica de Cholula ante el INAH","author":"grieta","date":"25 junio, 2016","format":false,"excerpt":"Por Jorge Castillo Luego de la intentona del gobierno estatal de continuar la obra aleda\u00f1a a la Gran Pir\u00e1mide, la organizaci\u00f3n Cholula Viva y Digna, prepara una denuncia ante el Instituto Nacional de Antropolog\u00eda e Historia (INAH). As\u00ed lo revel\u00f3 en entrevista Josu\u00e9 Xicale, vocero del organismo civil, al se\u00f1alar\u2026","rel":"","context":"En &quot;CINTILLO&quot;","block_context":{"text":"CINTILLO","link":"http:\/\/www.grieta.org.mx\/index.php\/category\/cintillo\/"},"img":{"alt_text":"","src":"https:\/\/i0.wp.com\/www.grieta.org.mx\/wp-content\/uploads\/2016\/07\/denunciaran-obras-en-cholula-ante-el-inah.jpg?resize=350%2C200","width":350,"height":200,"srcset":"https:\/\/i0.wp.com\/www.grieta.org.mx\/wp-content\/uploads\/2016\/07\/denunciaran-obras-en-cholula-ante-el-inah.jpg?resize=350%2C200 1x, https:\/\/i0.wp.com\/www.grieta.org.mx\/wp-content\/uploads\/2016\/07\/denunciaran-obras-en-cholula-ante-el-inah.jpg?resize=525%2C300 1.5x"},"classes":[]},{"id":21007,"url":"http:\/\/www.grieta.org.mx\/index.php\/2016\/09\/05\/activistas-temen-mas-obras-del-capcee-en-zona-arqueologica-de-cholula\/","url_meta":{"origin":17170,"position":5},"title":"Activistas temen m\u00e1s obras del CAPCEE en zona arqueol\u00f3gica de Cholula","author":"grieta","date":"5 septiembre, 2016","format":false,"excerpt":"Por Arturo Manzano San Andr\u00e9s Cholula, Pue.- El Movimiento colectivo Cholula Viva y Digna alert\u00f3 que recientemente han sido depositadas camionadas de grava en las inmediaciones del Patio de Los Altares, las cuales podr\u00edan ser utilizadas por el Comit\u00e9 Administrador Poblano para la Construcci\u00f3n de Espacios Educativos (CAPCEE) para continuar\u2026","rel":"","context":"En &quot;CINTILLO&quot;","block_context":{"text":"CINTILLO","link":"http:\/\/www.grieta.org.mx\/index.php\/category\/cintillo\/"},"img":{"alt_text":"","src":"https:\/\/i0.wp.com\/www.grieta.org.mx\/wp-content\/uploads\/2016\/09\/fototeca-141020141529imgpng14oct2014chol08_0.jpg?resize=350%2C200","width":350,"height":200,"srcset":"https:\/\/i0.wp.com\/www.grieta.org.mx\/wp-content\/uploads\/2016\/09\/fototeca-141020141529imgpng14oct2014chol08_0.jpg?resize=350%2C200 1x, https:\/\/i0.wp.com\/www.grieta.org.mx\/wp-content\/uploads\/2016\/09\/fototeca-141020141529imgpng14oct2014chol08_0.jpg?resize=525%2C300 1.5x"},"classes":[]}],"_links":{"self":[{"href":"http:\/\/www.grieta.org.mx\/index.php\/wp-json\/wp\/v2\/posts\/17170","targetHints":{"allow":["GET"]}}],"collection":[{"href":"http:\/\/www.grieta.org.mx\/index.php\/wp-json\/wp\/v2\/posts"}],"about":[{"href":"http:\/\/www.grieta.org.mx\/index.php\/wp-json\/wp\/v2\/types\/post"}],"author":[{"embeddable":true,"href":"http:\/\/www.grieta.org.mx\/index.php\/wp-json\/wp\/v2\/users\/2"}],"replies":[{"embeddable":true,"href":"http:\/\/www.grieta.org.mx\/index.php\/wp-json\/wp\/v2\/comments?post=17170"}],"version-history":[{"count":1,"href":"http:\/\/www.grieta.org.mx\/index.php\/wp-json\/wp\/v2\/posts\/17170\/revisions"}],"predecessor-version":[{"id":17175,"href":"http:\/\/www.grieta.org.mx\/index.php\/wp-json\/wp\/v2\/posts\/17170\/revisions\/17175"}],"wp:featuredmedia":[{"embeddable":true,"href":"http:\/\/www.grieta.org.mx\/index.php\/wp-json\/wp\/v2\/media\/17171"}],"wp:attachment":[{"href":"http:\/\/www.grieta.org.mx\/index.php\/wp-json\/wp\/v2\/media?parent=17170"}],"wp:term":[{"taxonomy":"category","embeddable":true,"href":"http:\/\/www.grieta.org.mx\/index.php\/wp-json\/wp\/v2\/categories?post=17170"},{"taxonomy":"post_tag","embeddable":true,"href":"http:\/\/www.grieta.org.mx\/index.php\/wp-json\/wp\/v2\/tags?post=17170"}],"curies":[{"name":"wp","href":"https:\/\/api.w.org\/{rel}","templated":true}]}}