{"id":17017,"date":"2016-07-13T11:57:57","date_gmt":"2016-07-13T16:57:57","guid":{"rendered":"http:\/\/www.grieta.org.mx\/?p=17017"},"modified":"2018-09-26T23:55:57","modified_gmt":"2018-09-27T04:55:57","slug":"asesinan-en-morelos-a-ex-lider-del-sme","status":"publish","type":"post","link":"http:\/\/www.grieta.org.mx\/index.php\/2016\/07\/13\/asesinan-en-morelos-a-ex-lider-del-sme\/","title":{"rendered":"Asesinan en Morelos a ex l\u00edder del SME"},"content":{"rendered":"<p>MORELOS. El ex l\u00edder del Sindicato Mexicano de Electricistas (SME) en Morelos y actual miembro de la asamblea local de la Asociaci\u00f3n Nacional de Usuarios de la Energ\u00eda El\u00e9ctrica (ANUEE), Marco Antonio Garc\u00eda Barrera, fue asesinado en el municipio de Emiliano Zapata, confirmaron organizaciones afines al activista desaparecidos.<\/p>\n<p>La Comisi\u00f3n Independiente de Derechos Humanos (CIDH) y la Organizaci\u00f3n Pol\u00edtica del Pueblo (OPT), confirmaron el homicidio de Garc\u00eda Barrera, quien ocup\u00f3 diversos cargos en el SME \u2013 a lo largo de doce a\u00f1os\u2014hasta que se convirti\u00f3 en su dirigente local; seg\u00fan un comunicado difundido, hasta el momento se desconoce el motivo de su asesinato, por lo que exigieron a las autoridades estatales el esclarecimiento del homicidio.<\/p>\n<p>\u201cExigimos a las autoridades del gobierno del Estado de Morelos llevar a cabo una investigaci\u00f3n a fondo para esclarecer los hechos que llevaron a la privaci\u00f3n de la vida de nuestro querido compa\u00f1ero, para que este crimen no quede en la impunidad y se localice a los autores de \u00e9ste terrible homicidio y haya justicia para los familiares del compa\u00f1ero To\u00f1o\u201d, se\u00f1ala la misiva, firmada por el Sindicato Mexicano de Electricistas, la ANUEE-Morelos, OPT-Morelos, as\u00ed como la Comisi\u00f3n Independiente de Derechos Humanos de Morelos, y el Pacto Morelos por la Soberan\u00eda Alimentaria y Energ\u00e9tica\u201d, indican en su comunicado.<\/p>\n<p>El cuerpo de Garc\u00eda Barrera fue localizado en un paraje cercano a la zona conocida como la Calera Chica, en el municipio de Emiliano Zapata, uno de las regiones de mayor criminalidad en el estado de Morelos; de acuerdo con las primeras versiones, su asesinato habr\u00eda sido perpetrado por la acci\u00f3n de un arma blanca, pero no hay mayores detalles.<\/p>\n<p>A Garc\u00eda Barrera se le recuerda en las luchas del SME y en la protecci\u00f3n de los derechos humanos, sin embargo, su etapa de mayor intensidad se protagoniz\u00f3 tras la desaparici\u00f3n de la Compa\u00f1\u00eda de Luz en 2010; en ese momento encabezaba la secretar\u00eda de Trabajo, luego alcanz\u00f3 la secretar\u00eda del Interior y hace poco dej\u00f3 el liderazgos del SME en el estado de Morelos.<\/p>\n<p>Enfrentaba acusaciones ante la Procuradur\u00eda General de la Rep\u00fablica (PGE) por encabezar la toma de las instalaciones de la CFE en un mitin, lo que gener\u00f3 que sus enfermedades se agudizaran, pero no dej\u00f3 la lucha sindical ni el activismo social.<\/p>\n<p><a href=\"http:\/\/morelosdiario.com\/asesinan-morelos-ex-lider-del-sme\/\">http:\/\/morelosdiario.com\/asesinan-morelos-ex-lider-del-sme\/<\/a><\/p>\n","protected":false},"excerpt":{"rendered":"<p>MORELOS. El ex l\u00edder del Sindicato Mexicano de Electricistas (SME) en Morelos y actual miembro de la asamblea local de la Asociaci\u00f3n Nacional de Usuarios de la Energ\u00eda El\u00e9ctrica (ANUEE), &hellip; <a href=\"http:\/\/www.grieta.org.mx\/index.php\/2016\/07\/13\/asesinan-en-morelos-a-ex-lider-del-sme\/\" class=\"more-link\">Leer m\u00e1s<\/a><\/p>\n","protected":false},"author":2,"featured_media":21928,"comment_status":"closed","ping_status":"closed","sticky":false,"template":"","format":"standard","meta":{"ngg_post_thumbnail":0,"_jetpack_newsletter_access":"","_jetpack_dont_email_post_to_subs":false,"_jetpack_newsletter_tier_id":0,"_jetpack_memberships_contains_paywalled_content":false,"_jetpack_memberships_contains_paid_content":false,"footnotes":""},"categories":[80,22,1767,2],"tags":[697,801,802],"class_list":["post-17017","post","type-post","status-publish","format-standard","has-post-thumbnail","hentry","category-cintillo","category-morelos","category-movilizaciones-contra-la-cfe-y-las-altas-tarifas-de-luz-en-morelos","category-noticias-nacionales","tag-altas-tarifas","tag-sindicato-mexicano-de-electricistas","tag-sme","entry"],"jetpack_featured_media_url":"http:\/\/www.grieta.org.mx\/wp-content\/uploads\/2018\/03\/14524434_1106112876131411_958039263622046936_o.jpg","jetpack_sharing_enabled":true,"jetpack_shortlink":"https:\/\/wp.me\/p7ZJR4-4qt","jetpack_likes_enabled":false,"jetpack-related-posts":[{"id":9148,"url":"http:\/\/www.grieta.org.mx\/index.php\/2016\/07\/13\/movilizaciones-contra-la-cfe-y-las-altas-tarifas-de-luz-en-morelos\/","url_meta":{"origin":17017,"position":0},"title":"Movilizaciones contra la CFE y las altas tarifas de luz en Morelos","author":"grieta","date":"13 julio, 2016","format":false,"excerpt":"13\/07\/16. Asesinan en Morelos a ex l\u00edder del SME Morelos Diario 04\/12\/15. Otra protesta contra la CFE; ahora, por el incremento en las tarifas La uni\u00f3n de Morelos 16\/07\/15. Protestan usuarios de CFE en Morelos contra altos cobros La Jornada","rel":"","context":"En &quot;Morelos&quot;","block_context":{"text":"Morelos","link":"http:\/\/www.grieta.org.mx\/index.php\/category\/noticias-nacionales\/morelos\/"},"img":{"alt_text":"","src":"https:\/\/i0.wp.com\/www.grieta.org.mx\/wp-content\/uploads\/2018\/03\/14524434_1106112876131411_958039263622046936_o.jpg?resize=350%2C200","width":350,"height":200,"srcset":"https:\/\/i0.wp.com\/www.grieta.org.mx\/wp-content\/uploads\/2018\/03\/14524434_1106112876131411_958039263622046936_o.jpg?resize=350%2C200 1x, https:\/\/i0.wp.com\/www.grieta.org.mx\/wp-content\/uploads\/2018\/03\/14524434_1106112876131411_958039263622046936_o.jpg?resize=525%2C300 1.5x, https:\/\/i0.wp.com\/www.grieta.org.mx\/wp-content\/uploads\/2018\/03\/14524434_1106112876131411_958039263622046936_o.jpg?resize=700%2C400 2x"},"classes":[]},{"id":9149,"url":"http:\/\/www.grieta.org.mx\/index.php\/2014\/03\/04\/otra-protesta-contra-la-cfe-ahora-por-el-incremento-en-las-tarifas\/","url_meta":{"origin":17017,"position":1},"title":"Otra protesta contra la CFE; ahora, por el incremento en las tarifas","author":"grieta","date":"4 marzo, 2014","format":false,"excerpt":"La Uni\u00f3n de Morelos Un grupo de al menos 50 personas bloquearon ayer la avenida Vicente Guerrero, justo frente a las instalaciones de la Comisi\u00f3n Federal de Electricidad (CFE), para exigir el cese a los aumentos a las tarifas de energ\u00eda el\u00e9ctrica. Los manifestantes forman parte de la Asamblea Nacional\u2026","rel":"","context":"En &quot;CINTILLO&quot;","block_context":{"text":"CINTILLO","link":"http:\/\/www.grieta.org.mx\/index.php\/category\/cintillo\/"},"img":{"alt_text":"","src":"https:\/\/i0.wp.com\/www.grieta.org.mx\/wp-content\/uploads\/2018\/03\/14524434_1106112876131411_958039263622046936_o.jpg?resize=350%2C200","width":350,"height":200,"srcset":"https:\/\/i0.wp.com\/www.grieta.org.mx\/wp-content\/uploads\/2018\/03\/14524434_1106112876131411_958039263622046936_o.jpg?resize=350%2C200 1x, https:\/\/i0.wp.com\/www.grieta.org.mx\/wp-content\/uploads\/2018\/03\/14524434_1106112876131411_958039263622046936_o.jpg?resize=525%2C300 1.5x, https:\/\/i0.wp.com\/www.grieta.org.mx\/wp-content\/uploads\/2018\/03\/14524434_1106112876131411_958039263622046936_o.jpg?resize=700%2C400 2x"},"classes":[]},{"id":18024,"url":"http:\/\/www.grieta.org.mx\/index.php\/2016\/07\/29\/liberara-la-cnte-tres-casetas-en-morelos\/","url_meta":{"origin":17017,"position":2},"title":"Liberar\u00e1 la CNTE tres casetas en Morelos","author":"grieta","date":"29 julio, 2016","format":false,"excerpt":"M\u00d3NICA GONZ\u00c1LEZ, Morelos En el marco de la lucha magisterial de la Coordinadora Nacional de Trabajadores de la Educaci\u00f3n (CNTE), maestros determinaron \"liberar\" hoy a las 15:00 horas, las casetas de Oacalco, Tepoztl\u00e1n y Alpuyeca, porque no han sido suficientes las medidas tomadas por la autoridad en el tema de\u2026","rel":"","context":"En &quot;CINTILLO&quot;","block_context":{"text":"CINTILLO","link":"http:\/\/www.grieta.org.mx\/index.php\/category\/cintillo\/"},"img":{"alt_text":"","src":"https:\/\/i0.wp.com\/www.grieta.org.mx\/wp-content\/uploads\/2018\/03\/14524434_1106112876131411_958039263622046936_o.jpg?resize=350%2C200","width":350,"height":200,"srcset":"https:\/\/i0.wp.com\/www.grieta.org.mx\/wp-content\/uploads\/2018\/03\/14524434_1106112876131411_958039263622046936_o.jpg?resize=350%2C200 1x, https:\/\/i0.wp.com\/www.grieta.org.mx\/wp-content\/uploads\/2018\/03\/14524434_1106112876131411_958039263622046936_o.jpg?resize=525%2C300 1.5x, https:\/\/i0.wp.com\/www.grieta.org.mx\/wp-content\/uploads\/2018\/03\/14524434_1106112876131411_958039263622046936_o.jpg?resize=700%2C400 2x"},"classes":[]},{"id":17205,"url":"http:\/\/www.grieta.org.mx\/index.php\/2016\/07\/14\/profesores-cerraron-la-autopista-en-protesta-contra-la-reforma-educativa-morelos\/","url_meta":{"origin":17017,"position":3},"title":"Profesores cerraron la autopista en protesta contra la reforma educativa (MORELOS)","author":"grieta","date":"14 julio, 2016","format":false,"excerpt":"Tlaulli Preciado, Morelos. Maestros de diferentes regiones de Morelos bloquearon la tarde de ayer mi\u00e9rcoles de manera intermitente el libramiento de la autopista M\u00e9xico-Acapulco en direcci\u00f3n de norte a sur, a la altura de la salida a Plan de Ayala, en protesta por la reforma educativa. El Movimiento Magisterial de\u2026","rel":"","context":"En &quot;CINTILLO&quot;","block_context":{"text":"CINTILLO","link":"http:\/\/www.grieta.org.mx\/index.php\/category\/cintillo\/"},"img":{"alt_text":"","src":"https:\/\/i0.wp.com\/www.grieta.org.mx\/wp-content\/uploads\/2018\/03\/14524434_1106112876131411_958039263622046936_o.jpg?resize=350%2C200","width":350,"height":200,"srcset":"https:\/\/i0.wp.com\/www.grieta.org.mx\/wp-content\/uploads\/2018\/03\/14524434_1106112876131411_958039263622046936_o.jpg?resize=350%2C200 1x, https:\/\/i0.wp.com\/www.grieta.org.mx\/wp-content\/uploads\/2018\/03\/14524434_1106112876131411_958039263622046936_o.jpg?resize=525%2C300 1.5x, https:\/\/i0.wp.com\/www.grieta.org.mx\/wp-content\/uploads\/2018\/03\/14524434_1106112876131411_958039263622046936_o.jpg?resize=700%2C400 2x"},"classes":[]},{"id":5518,"url":"http:\/\/www.grieta.org.mx\/index.php\/2014\/07\/09\/exigen-frenar-megaproyectos-de-cfe-y-liberar-a-opositores-presos\/","url_meta":{"origin":17017,"position":4},"title":"Exigen frenar megaproyectos de CFE y liberar a opositores presos","author":"grieta","date":"9 julio, 2014","format":false,"excerpt":"(M. Breach, R. Villalpando, R. Morelos y D. Manzo, corresponsales; Y. Llav\u00e9n \/ La Jornada de Oriente; F. Camacho y R. Rojas, reporteros) Cientos de integrantes de organizaciones se manifestaron ayer en Puebla, Morelos, Chihuahua y Oaxaca, as\u00ed como en el Distrito Federal, para exigir al presidente Enrique Pe\u00f1a Nieto\u2026","rel":"","context":"En &quot;CINTILLO&quot;","block_context":{"text":"CINTILLO","link":"http:\/\/www.grieta.org.mx\/index.php\/category\/cintillo\/"},"img":{"alt_text":"","src":"https:\/\/i0.wp.com\/www.grieta.org.mx\/wp-content\/uploads\/2018\/03\/14524434_1106112876131411_958039263622046936_o.jpg?resize=350%2C200","width":350,"height":200,"srcset":"https:\/\/i0.wp.com\/www.grieta.org.mx\/wp-content\/uploads\/2018\/03\/14524434_1106112876131411_958039263622046936_o.jpg?resize=350%2C200 1x, https:\/\/i0.wp.com\/www.grieta.org.mx\/wp-content\/uploads\/2018\/03\/14524434_1106112876131411_958039263622046936_o.jpg?resize=525%2C300 1.5x, https:\/\/i0.wp.com\/www.grieta.org.mx\/wp-content\/uploads\/2018\/03\/14524434_1106112876131411_958039263622046936_o.jpg?resize=700%2C400 2x"},"classes":[]},{"id":9152,"url":"http:\/\/www.grieta.org.mx\/index.php\/2015\/07\/16\/protestan-usuarios-de-cfe-en-morelos-contra-altos-cobros\/","url_meta":{"origin":17017,"position":5},"title":"Protestan usuarios de CFE en Morelos contra altos cobros","author":"grieta","date":"16 julio, 2015","format":false,"excerpt":"La Jornada Cuernavaca, Mor. Un centenar de usuarios de la Comisi\u00f3n Federal de Electricidad (CFE) protestaron durante cuatro horas frente a las instalaciones de esta paraestatal para rechazar los altos cobros de energ\u00eda, y para exigir que los usuarios que se han quejado ante la Profeco (por altas tarifas o\u2026","rel":"","context":"En &quot;CINTILLO&quot;","block_context":{"text":"CINTILLO","link":"http:\/\/www.grieta.org.mx\/index.php\/category\/cintillo\/"},"img":{"alt_text":"","src":"https:\/\/i0.wp.com\/www.grieta.org.mx\/wp-content\/uploads\/2018\/03\/14524434_1106112876131411_958039263622046936_o.jpg?resize=350%2C200","width":350,"height":200,"srcset":"https:\/\/i0.wp.com\/www.grieta.org.mx\/wp-content\/uploads\/2018\/03\/14524434_1106112876131411_958039263622046936_o.jpg?resize=350%2C200 1x, https:\/\/i0.wp.com\/www.grieta.org.mx\/wp-content\/uploads\/2018\/03\/14524434_1106112876131411_958039263622046936_o.jpg?resize=525%2C300 1.5x, https:\/\/i0.wp.com\/www.grieta.org.mx\/wp-content\/uploads\/2018\/03\/14524434_1106112876131411_958039263622046936_o.jpg?resize=700%2C400 2x"},"classes":[]}],"_links":{"self":[{"href":"http:\/\/www.grieta.org.mx\/index.php\/wp-json\/wp\/v2\/posts\/17017","targetHints":{"allow":["GET"]}}],"collection":[{"href":"http:\/\/www.grieta.org.mx\/index.php\/wp-json\/wp\/v2\/posts"}],"about":[{"href":"http:\/\/www.grieta.org.mx\/index.php\/wp-json\/wp\/v2\/types\/post"}],"author":[{"embeddable":true,"href":"http:\/\/www.grieta.org.mx\/index.php\/wp-json\/wp\/v2\/users\/2"}],"replies":[{"embeddable":true,"href":"http:\/\/www.grieta.org.mx\/index.php\/wp-json\/wp\/v2\/comments?post=17017"}],"version-history":[{"count":1,"href":"http:\/\/www.grieta.org.mx\/index.php\/wp-json\/wp\/v2\/posts\/17017\/revisions"}],"predecessor-version":[{"id":17020,"href":"http:\/\/www.grieta.org.mx\/index.php\/wp-json\/wp\/v2\/posts\/17017\/revisions\/17020"}],"wp:featuredmedia":[{"embeddable":true,"href":"http:\/\/www.grieta.org.mx\/index.php\/wp-json\/wp\/v2\/media\/21928"}],"wp:attachment":[{"href":"http:\/\/www.grieta.org.mx\/index.php\/wp-json\/wp\/v2\/media?parent=17017"}],"wp:term":[{"taxonomy":"category","embeddable":true,"href":"http:\/\/www.grieta.org.mx\/index.php\/wp-json\/wp\/v2\/categories?post=17017"},{"taxonomy":"post_tag","embeddable":true,"href":"http:\/\/www.grieta.org.mx\/index.php\/wp-json\/wp\/v2\/tags?post=17017"}],"curies":[{"name":"wp","href":"https:\/\/api.w.org\/{rel}","templated":true}]}}