{"id":169,"date":"2015-02-23T00:17:29","date_gmt":"2015-02-23T00:17:29","guid":{"rendered":"http:\/\/50.22.11.12\/~grietaor\/?p=169"},"modified":"2016-02-28T00:17:47","modified_gmt":"2016-02-28T00:17:47","slug":"represion-en-cch-naucalpan","status":"publish","type":"post","link":"http:\/\/www.grieta.org.mx\/index.php\/2015\/02\/23\/represion-en-cch-naucalpan\/","title":{"rendered":"Represi\u00f3n en CCH Naucalpan"},"content":{"rendered":"<p><strong>23\/02\/15. <\/strong><a href=\"http:\/\/grieta.org.mx\/index.php\/2015\/02\/23\/comunicado-sobre-los-hechos-violentos-del-miercoles-18-de-febrero-cch-naucalpan\/\">Comunicado sobre los hechos violentos del Mi\u00e9rcoles 18 de Febrero.\u00a0CCH-Naucalpan<\/a><br  \/><em>Trabajadores y revoluci\u00f3n<\/em><br  \/><br \/>\n<strong>23\/02\/15. <\/strong><a href=\"http:\/\/grieta.org.mx\/index.php\/2015\/02\/23\/de-quien-es-el-cch-naucalpan-estudiantes-del-cch-naucalpan\/\">\u00bfDe qui\u00e9n es el CCH Naucalpan? \/ Estudiantes del CCH\u00a0Naucalpan<\/a><br  \/><em>Trabajadores y revoluci\u00f3n<\/em><br  \/><br \/>\n<strong>20\/02\/15. <\/strong><a href=\"http:\/\/grieta.org.mx\/?p=166&#038;preview=true\">Agresi\u00f3n de autoridades y porros contra estudiantes y activistas en\u00a0CCH-Naucalpan<\/a><br  \/><em>Trabajadores y revoluci\u00f3n<\/em><br  \/><\/p>\n","protected":false},"excerpt":{"rendered":"<p>23\/02\/15. Comunicado sobre los hechos violentos del Mi\u00e9rcoles 18 de Febrero.\u00a0CCH-NaucalpanTrabajadores y revoluci\u00f3n 23\/02\/15. \u00bfDe qui\u00e9n es el CCH Naucalpan? \/ Estudiantes del CCH\u00a0NaucalpanTrabajadores y revoluci\u00f3n 20\/02\/15. Agresi\u00f3n de autoridades &hellip; <a href=\"http:\/\/www.grieta.org.mx\/index.php\/2015\/02\/23\/represion-en-cch-naucalpan\/\" class=\"more-link\">Leer m\u00e1s<\/a><\/p>\n","protected":false},"author":2,"featured_media":21928,"comment_status":"closed","ping_status":"open","sticky":false,"template":"","format":"standard","meta":{"ngg_post_thumbnail":0,"_jetpack_newsletter_access":"","_jetpack_dont_email_post_to_subs":false,"_jetpack_newsletter_tier_id":0,"_jetpack_memberships_contains_paywalled_content":false,"_jetpack_memberships_contains_paid_content":false,"footnotes":""},"categories":[16],"tags":[],"class_list":["post-169","post","type-post","status-publish","format-standard","has-post-thumbnail","hentry","category-estado-de-mexico","entry"],"jetpack_featured_media_url":"http:\/\/www.grieta.org.mx\/wp-content\/uploads\/2018\/03\/14524434_1106112876131411_958039263622046936_o.jpg","jetpack_sharing_enabled":true,"jetpack_shortlink":"https:\/\/wp.me\/p7ZJR4-2J","jetpack_likes_enabled":false,"jetpack-related-posts":[{"id":166,"url":"http:\/\/www.grieta.org.mx\/index.php\/2015\/02\/20\/agresion-de-autoridades-y-porros-contra-estudiantes-y-activistas-en-cch-naucalpan\/","url_meta":{"origin":169,"position":0},"title":"Agresi\u00f3n de autoridades y porros contra estudiantes y activistas en CCH-Naucalpan","author":"grieta","date":"20 febrero, 2015","format":false,"excerpt":"M\u00e9xico: Agresi\u00f3n de autoridades y porros contra estudiantes y activistas en CCH-Naucalpan Nos informan este momento que las \u201cAutoridades\u201d del CCH Naucalpan y Principalmente el Director del Plantel (Benjam\u00edn Barajas) est\u00e1 Reprimiendo (Golpeando y desalojando del plantel) a los Compa\u00f1eros activistas (Anarquistas) que el d\u00eda de ayer defendieron su integridad\u2026","rel":"","context":"En &quot;CINTILLO&quot;","block_context":{"text":"CINTILLO","link":"http:\/\/www.grieta.org.mx\/index.php\/category\/cintillo\/"},"img":{"alt_text":"","src":"https:\/\/i0.wp.com\/www.grieta.org.mx\/wp-content\/uploads\/2018\/03\/14524434_1106112876131411_958039263622046936_o.jpg?resize=350%2C200","width":350,"height":200,"srcset":"https:\/\/i0.wp.com\/www.grieta.org.mx\/wp-content\/uploads\/2018\/03\/14524434_1106112876131411_958039263622046936_o.jpg?resize=350%2C200 1x, https:\/\/i0.wp.com\/www.grieta.org.mx\/wp-content\/uploads\/2018\/03\/14524434_1106112876131411_958039263622046936_o.jpg?resize=525%2C300 1.5x, https:\/\/i0.wp.com\/www.grieta.org.mx\/wp-content\/uploads\/2018\/03\/14524434_1106112876131411_958039263622046936_o.jpg?resize=700%2C400 2x"},"classes":[]},{"id":41204,"url":"http:\/\/www.grieta.org.mx\/index.php\/2019\/11\/15\/autoridades-de-cch-naucalpan-hostigan-y-amenazan-a-estudiante-organizado-estado-de-mexico\/","url_meta":{"origin":169,"position":1},"title":"Autoridades de CCH Naucalpan hostigan y amenazan a estudiante organizado (Estado de M\u00e9xico)","author":"grieta","date":"15 noviembre, 2019","format":false,"excerpt":"Agrupaci\u00f3n Juvenil Anticapitalista \/ La Izquierda Diario \u00a0 Estudiantes organizados en la Agrupaci\u00f3n Juvenil Anticapitalista denuncian hostigamiento y represi\u00f3n por parte de las autoridades y grupos afines a ellas en contra de estudiantes cr\u00edticos. Luego de la asamblea general resolutiva del 11\/Nov en las canchas del CCH Naucalpan, donde un\u2026","rel":"","context":"En &quot;CINTILLO&quot;","block_context":{"text":"CINTILLO","link":"http:\/\/www.grieta.org.mx\/index.php\/category\/cintillo\/"},"img":{"alt_text":"","src":"https:\/\/i0.wp.com\/www.grieta.org.mx\/wp-content\/uploads\/2018\/03\/14524434_1106112876131411_958039263622046936_o.jpg?resize=350%2C200","width":350,"height":200,"srcset":"https:\/\/i0.wp.com\/www.grieta.org.mx\/wp-content\/uploads\/2018\/03\/14524434_1106112876131411_958039263622046936_o.jpg?resize=350%2C200 1x, https:\/\/i0.wp.com\/www.grieta.org.mx\/wp-content\/uploads\/2018\/03\/14524434_1106112876131411_958039263622046936_o.jpg?resize=525%2C300 1.5x, https:\/\/i0.wp.com\/www.grieta.org.mx\/wp-content\/uploads\/2018\/03\/14524434_1106112876131411_958039263622046936_o.jpg?resize=700%2C400 2x"},"classes":[]},{"id":165,"url":"http:\/\/www.grieta.org.mx\/index.php\/2015\/02\/23\/de-quien-es-el-cch-naucalpan-estudiantes-del-cch-naucalpan\/","url_meta":{"origin":169,"position":2},"title":"\u00bfDe qui\u00e9n es el CCH Naucalpan? \/ Estudiantes del CCH Naucalpan","author":"grieta","date":"23 febrero, 2015","format":false,"excerpt":"\u00bfDE QUI\u00c9N ES EL CCH NAUCALPAN? A las autoridades del CCH Naucalpan A l@s profesoras y trabajador@s del plantel. Presentes Salvo a algunas excepciones de profesor@s y trabajador@s conscientes, los estudiantes del CCH Naucalpan les recordamos que: sin nosotros no habr\u00eda escuela ni materia laboral para Ustedes. Les recordamos tambi\u00e9n\u2026","rel":"","context":"En &quot;CINTILLO&quot;","block_context":{"text":"CINTILLO","link":"http:\/\/www.grieta.org.mx\/index.php\/category\/cintillo\/"},"img":{"alt_text":"","src":"https:\/\/i0.wp.com\/www.grieta.org.mx\/wp-content\/uploads\/2018\/03\/14524434_1106112876131411_958039263622046936_o.jpg?resize=350%2C200","width":350,"height":200,"srcset":"https:\/\/i0.wp.com\/www.grieta.org.mx\/wp-content\/uploads\/2018\/03\/14524434_1106112876131411_958039263622046936_o.jpg?resize=350%2C200 1x, https:\/\/i0.wp.com\/www.grieta.org.mx\/wp-content\/uploads\/2018\/03\/14524434_1106112876131411_958039263622046936_o.jpg?resize=525%2C300 1.5x, https:\/\/i0.wp.com\/www.grieta.org.mx\/wp-content\/uploads\/2018\/03\/14524434_1106112876131411_958039263622046936_o.jpg?resize=700%2C400 2x"},"classes":[]},{"id":44852,"url":"http:\/\/www.grieta.org.mx\/index.php\/2020\/02\/21\/atacan-a-alumna-del-cch-azcapotzalco-en-un-bano-de-la-escuela-ciudad-de-mexico\/","url_meta":{"origin":169,"position":3},"title":"Atacan a alumna del CCH Azcapotzalco en un ba\u00f1o de la escuela (Ciudad de M\u00e9xico)","author":"grieta","date":"21 febrero, 2020","format":false,"excerpt":"Dos hombres con el rostro cubierto entraron al ba\u00f1o y atacaron a la estudiante, quien se reporta fuera de peligro. ANIMAL POL\u00cdTICO Una alumna del Colegio de Ciencias y Humanidades (CCH) Azcapotzalco fue atacada en uno de los ba\u00f1os del plantel por dos sujetos con el rostro cubierto. En un\u2026","rel":"","context":"En &quot;CINTILLO&quot;","block_context":{"text":"CINTILLO","link":"http:\/\/www.grieta.org.mx\/index.php\/category\/cintillo\/"},"img":{"alt_text":"","src":"https:\/\/i0.wp.com\/www.grieta.org.mx\/wp-content\/uploads\/2020\/02\/azcapo.png?resize=350%2C200","width":350,"height":200,"srcset":"https:\/\/i0.wp.com\/www.grieta.org.mx\/wp-content\/uploads\/2020\/02\/azcapo.png?resize=350%2C200 1x, https:\/\/i0.wp.com\/www.grieta.org.mx\/wp-content\/uploads\/2020\/02\/azcapo.png?resize=525%2C300 1.5x, https:\/\/i0.wp.com\/www.grieta.org.mx\/wp-content\/uploads\/2020\/02\/azcapo.png?resize=700%2C400 2x, https:\/\/i0.wp.com\/www.grieta.org.mx\/wp-content\/uploads\/2020\/02\/azcapo.png?resize=1050%2C600 3x"},"classes":[]},{"id":43272,"url":"http:\/\/www.grieta.org.mx\/index.php\/2020\/01\/21\/estudiantes-marchan-a-rectoria-por-muerte-de-alumno-de-cch-azcapotzalco-ciudad-de-mexico\/","url_meta":{"origin":169,"position":4},"title":"ESTUDIANTES MARCHAN A RECTOR\u00cdA POR MUERTE DE ALUMNO DE CCH AZCAPOTZALCO (Ciudad de M\u00e9xico)","author":"grieta","date":"21 enero, 2020","format":false,"excerpt":"Reporte \u00cdndigo Los estudiantes, conformados tambi\u00e9n por alumnos de la Preparatoria 7, entregar\u00e1n un pliego petitorio en el que exigen que haya atenci\u00f3n m\u00e9dica para todos Estudiantes se reunieron en el Parque La Bombilla para emprender una marcha que llegar\u00e1 hasta la Torre de Rector\u00eda como parte de las protestas\u2026","rel":"","context":"En &quot;CINTILLO&quot;","block_context":{"text":"CINTILLO","link":"http:\/\/www.grieta.org.mx\/index.php\/category\/cintillo\/"},"img":{"alt_text":"","src":"https:\/\/i0.wp.com\/www.grieta.org.mx\/wp-content\/uploads\/2020\/01\/ESTUDIANTES-MARCHAN-A-RECTOR%C3%8DA-POR-MUERTE-DE-ALUMNO-DE-CCH-AZCAPOTZALCO-cdmx-ene.jpg?resize=350%2C200","width":350,"height":200},"classes":[]},{"id":40292,"url":"http:\/\/www.grieta.org.mx\/index.php\/2019\/10\/16\/estudiantes-del-cch-sur-anuncian-paros-por-caso-de-violacion-ciudad-de-mexico\/","url_meta":{"origin":169,"position":5},"title":"Estudiantes del CCH Sur anuncian paros por caso de violaci\u00f3n (Ciudad de M\u00e9xico)","author":"grieta","date":"16 octubre, 2019","format":false,"excerpt":"LetraRoja M\u00e9xico. Estudiantes del Colegio de Ciencias y Humanidades (CCH) Sur anunciaron paro activo y una manifestaci\u00f3n para exigir justicia y seguridad por el caso de abuso sexual en contra de una sus estudiantes la semana pasada. En asamblea los estudiantes acordaron realizar un paro activo programado este viernes y\u2026","rel":"","context":"En &quot;CINTILLO&quot;","block_context":{"text":"CINTILLO","link":"http:\/\/www.grieta.org.mx\/index.php\/category\/cintillo\/"},"img":{"alt_text":"","src":"https:\/\/i0.wp.com\/www.grieta.org.mx\/wp-content\/uploads\/2019\/10\/Estudiantes-del-CCH-Sur-anuncian-paros-por-caso-de-violaci%C3%B3n-cdmx-oct.jpg?resize=350%2C200","width":350,"height":200},"classes":[]}],"_links":{"self":[{"href":"http:\/\/www.grieta.org.mx\/index.php\/wp-json\/wp\/v2\/posts\/169","targetHints":{"allow":["GET"]}}],"collection":[{"href":"http:\/\/www.grieta.org.mx\/index.php\/wp-json\/wp\/v2\/posts"}],"about":[{"href":"http:\/\/www.grieta.org.mx\/index.php\/wp-json\/wp\/v2\/types\/post"}],"author":[{"embeddable":true,"href":"http:\/\/www.grieta.org.mx\/index.php\/wp-json\/wp\/v2\/users\/2"}],"replies":[{"embeddable":true,"href":"http:\/\/www.grieta.org.mx\/index.php\/wp-json\/wp\/v2\/comments?post=169"}],"version-history":[{"count":1,"href":"http:\/\/www.grieta.org.mx\/index.php\/wp-json\/wp\/v2\/posts\/169\/revisions"}],"predecessor-version":[{"id":544,"href":"http:\/\/www.grieta.org.mx\/index.php\/wp-json\/wp\/v2\/posts\/169\/revisions\/544"}],"wp:featuredmedia":[{"embeddable":true,"href":"http:\/\/www.grieta.org.mx\/index.php\/wp-json\/wp\/v2\/media\/21928"}],"wp:attachment":[{"href":"http:\/\/www.grieta.org.mx\/index.php\/wp-json\/wp\/v2\/media?parent=169"}],"wp:term":[{"taxonomy":"category","embeddable":true,"href":"http:\/\/www.grieta.org.mx\/index.php\/wp-json\/wp\/v2\/categories?post=169"},{"taxonomy":"post_tag","embeddable":true,"href":"http:\/\/www.grieta.org.mx\/index.php\/wp-json\/wp\/v2\/tags?post=169"}],"curies":[{"name":"wp","href":"https:\/\/api.w.org\/{rel}","templated":true}]}}